{"id":99,"date":"2025-07-22T13:02:34","date_gmt":"2025-07-22T17:02:34","guid":{"rendered":"https:\/\/waracomunicaciones.com\/wp\/?p=99"},"modified":"2025-07-24T06:08:23","modified_gmt":"2025-07-24T10:08:23","slug":"kelly-velarde-candidata-uninominal-quiero-ser-la-diputada-de-las-mujeres-los-jovenes-y-los-emprendedores","status":"publish","type":"post","link":"https:\/\/waracomunicaciones.com\/?p=99","title":{"rendered":"Kelly Velarde, candidata uninominal: \u201cQuiero ser la diputada de las mujeres, los j\u00f3venes y los emprendedores\u201d"},"content":{"rendered":"\n<figure class=\"wp-block-image size-full\"><img loading=\"lazy\" decoding=\"async\" width=\"750\" height=\"500\" src=\"https:\/\/waracomunicaciones.com\/wp\/wp-content\/uploads\/2025\/07\/kelly-1.webp\" alt=\"\" class=\"wp-image-100\" srcset=\"https:\/\/waracomunicaciones.com\/wp-content\/uploads\/2025\/07\/kelly-1.webp 750w, https:\/\/waracomunicaciones.com\/wp-content\/uploads\/2025\/07\/kelly-1-300x200.webp 300w\" sizes=\"auto, (max-width: 750px) 100vw, 750px\" \/><\/figure>\n\n\n<div class=\"itemIntroText\">\n<p><em><i>Montero,<\/i><\/em>\u00a0\u2014 En una entrevista radial matutina, Kelly Velarde, candidata a diputada uninominal por la circunscripci\u00f3n 57, comparti\u00f3 sus propuestas legislativas y visi\u00f3n de pa\u00eds, centradas en el empoderamiento de la mujer, el empleo joven, el fortalecimiento de la salud, el impulso al turismo y el apoyo a los peque\u00f1os productores.<\/p>\n<\/div>\n<p><!--more--><\/p>\n<div class=\"itemFullText\">\n<p>Con tan solo 31 a\u00f1os, Velarde cuenta con una trayectoria significativa en la funci\u00f3n p\u00fablica. Ha ocupado cargos como directora de la Casa Municipal de Cultura, funcionaria en la subgobernaci\u00f3n, y m\u00e1s recientemente, secretaria de Desarrollo Econ\u00f3mico y Productivo. \u201cSiento que Dios me ha guiado hasta aqu\u00ed. Cada espacio que he ocupado ha sido parte de un prop\u00f3sito: el de servir\u201d, expres\u00f3.<\/p>\n<p><strong><b>Ley Mujer Valiente: una propuesta con rostro humano<\/b><\/strong><\/p>\n<p>Velarde anunci\u00f3 que su principal bandera ser\u00e1 la\u00a0<strong><b>Ley Mujer Valiente<\/b><\/strong>, que busca llenar los vac\u00edos de la actual Ley 348 de protecci\u00f3n a las mujeres en situaci\u00f3n de violencia. \u201c\u00bfQu\u00e9 pasa con la mujer despu\u00e9s de que denuncia? \u00bfDespu\u00e9s de salir de ese ambiente de violencia? Muchas quedan desamparadas, sin apoyo econ\u00f3mico, con la autoestima destruida. Nuestra propuesta es crear un fondo blando que facilite su reintegraci\u00f3n econ\u00f3mica a trav\u00e9s de emprendimientos y capacitaciones reales\u201d, explic\u00f3.<\/p>\n<p><strong><b>Empleo joven y oportunidades reales<\/b><\/strong><\/p>\n<p>Otra de sus propuestas centrales es el\u00a0<strong><b>programa \u00abMi Primer Empleo Joven\u00bb<\/b><\/strong>, que contempla incentivos tributarios para empresas que incluyan en sus planillas al menos un 5% de j\u00f3venes. \u201cMuchos j\u00f3venes egresan y no encuentran espacios para hacer pr\u00e1cticas profesionales. Yo viv\u00ed eso. Queremos romper ese c\u00edrculo con pol\u00edticas concretas\u201d, dijo.<\/p>\n<p><strong><b>Compromiso con la salud y el desarrollo productivo<\/b><\/strong><\/p>\n<p>Velarde tambi\u00e9n hizo \u00e9nfasis en la necesidad urgente de fortalecer el sistema de salud en las comunidades de la circunscripci\u00f3n. \u201cEn lugares como San Juan de Palometillo, la atenci\u00f3n m\u00e9dica es escasa. Queremos impulsar brigadas m\u00f3viles y exigir la llegada de \u00edtems que corresponden por derecho a la regi\u00f3n\u201d, afirm\u00f3.<\/p>\n<p>En cuanto a los\u00a0<strong><b>peque\u00f1os productores<\/b><\/strong>, la candidata destac\u00f3 la importancia de apoyo t\u00e9cnico y log\u00edstico, as\u00ed como pol\u00edticas que incentiven la producci\u00f3n local. Y en materia de\u00a0<strong><b>turismo<\/b><\/strong>, plante\u00f3 una visi\u00f3n renovada: \u201cTenemos un territorio bell\u00edsimo que puede atraer visitantes nacionales y extranjeros. Pero necesitamos abrir el pa\u00eds, simplificar tr\u00e1mites para los turistas, y mejorar nuestra imagen a nivel internacional\u201d.<\/p>\n<p><strong><b>Apoyo a Samuel Doria Medina<\/b><\/strong><\/p>\n<p>Velarde respald\u00f3 al candidato presidencial Samuel Doria Medina, resaltando su propuesta de un modelo 50-50, que descentraliza los recursos para que alcald\u00edas y gobernaciones puedan ejecutar obras con mayor autonom\u00eda. \u201cSamuel tiene un plan integral, serio, sabe lo que hace. En el debate de ayer qued\u00f3 claro que hay candidatos que solo tienen discurso, pero solo uno tiene visi\u00f3n\u201d, asegur\u00f3.<\/p>\n<p><strong><b>Cierre con compromiso y esperanza<\/b><\/strong><\/p>\n<p>Finalmente, Kelly Velarde reafirm\u00f3 su compromiso con la regi\u00f3n y pidi\u00f3 a la ciudadan\u00eda un voto consciente. \u201cNo podemos seguir viviendo en la incertidumbre. Cada d\u00eda que recorro las comunidades me convenzo m\u00e1s de que merecemos algo mejor. Este 17 de agosto, que la democracia triunfe. Les pido una oportunidad para ser su voz en el Parlamento\u201d, concluy\u00f3.<\/p>\n<\/div><div style=\"margin-top: 0px; margin-bottom: 0px;\" class=\"sharethis-inline-reaction-buttons\" ><\/div>","protected":false},"excerpt":{"rendered":"<p>Montero,\u00a0\u2014 En una entrevista radial matutina, Kelly Velarde, candidata a diputada uninominal por la circunscripci\u00f3n 57, comparti\u00f3 sus propuestas legislativas y visi\u00f3n de pa\u00eds, centradas en el empoderamiento de la mujer, el empleo joven, el fortalecimiento de la salud, el impulso al turismo y el apoyo a los peque\u00f1os productores.<\/p>\n","protected":false},"author":1,"featured_media":100,"comment_status":"open","ping_status":"open","sticky":false,"template":"","format":"standard","meta":{"footnotes":""},"categories":[42],"tags":[11,32],"class_list":["post-99","post","type-post","status-publish","format-standard","has-post-thumbnail","hentry","category-politica","tag-elecciones-nacionales-2025","tag-kelly-velarde"],"yoast_head":"<!-- This site is optimized with the Yoast SEO Premium plugin v25.5 (Yoast SEO v27.1.1) - https:\/\/yoast.com\/product\/yoast-seo-premium-wordpress\/ -->\n<title>Kelly Velarde, candidata uninominal: \u201cQuiero ser la diputada de las mujeres, los j\u00f3venes y los emprendedores\u201d - Wara Comunicaciones<\/title>\n<meta name=\"robots\" content=\"index, follow, max-snippet:-1, max-image-preview:large, max-video-preview:-1\" \/>\n<link rel=\"canonical\" href=\"https:\/\/waracomunicaciones.com\/?p=99\" \/>\n<meta property=\"og:locale\" content=\"es_ES\" \/>\n<meta property=\"og:type\" content=\"article\" \/>\n<meta property=\"og:title\" content=\"Kelly Velarde, candidata uninominal: \u201cQuiero ser la diputada de las mujeres, los j\u00f3venes y los emprendedores\u201d\" \/>\n<meta property=\"og:description\" content=\"Montero,\u00a0\u2014 En una entrevista radial matutina, Kelly Velarde, candidata a diputada uninominal por la circunscripci\u00f3n 57, comparti\u00f3 sus propuestas legislativas y visi\u00f3n de pa\u00eds, centradas en el empoderamiento de la mujer, el empleo joven, el fortalecimiento de la salud, el impulso al turismo y el apoyo a los peque\u00f1os productores.\" \/>\n<meta property=\"og:url\" content=\"https:\/\/waracomunicaciones.com\/?p=99\" \/>\n<meta property=\"og:site_name\" content=\"Wara Comunicaciones\" \/>\n<meta property=\"article:publisher\" content=\"https:\/\/www.facebook.com\/waracomunicaciones2017\" \/>\n<meta property=\"article:published_time\" content=\"2025-07-22T17:02:34+00:00\" \/>\n<meta property=\"article:modified_time\" content=\"2025-07-24T10:08:23+00:00\" \/>\n<meta property=\"og:image\" content=\"https:\/\/waracomunicaciones.com\/wp-content\/uploads\/2025\/07\/kelly-1.webp\" \/>\n\t<meta property=\"og:image:width\" content=\"750\" \/>\n\t<meta property=\"og:image:height\" content=\"500\" \/>\n\t<meta property=\"og:image:type\" content=\"image\/webp\" \/>\n<meta name=\"author\" content=\"admin\" \/>\n<meta name=\"twitter:card\" content=\"summary_large_image\" \/>\n<meta name=\"twitter:label1\" content=\"Escrito por\" \/>\n\t<meta name=\"twitter:data1\" content=\"admin\" \/>\n\t<meta name=\"twitter:label2\" content=\"Tiempo de lectura\" \/>\n\t<meta name=\"twitter:data2\" content=\"3 minutos\" \/>\n<script type=\"application\/ld+json\" class=\"yoast-schema-graph\">{\"@context\":\"https:\/\/schema.org\",\"@graph\":[{\"@type\":\"Article\",\"@id\":\"https:\/\/waracomunicaciones.com\/?p=99#article\",\"isPartOf\":{\"@id\":\"https:\/\/waracomunicaciones.com\/?p=99\"},\"author\":{\"name\":\"admin\",\"@id\":\"https:\/\/waracomunicaciones.com\/#\/schema\/person\/e9db934bc91575cc71fe584c5973244a\"},\"headline\":\"Kelly Velarde, candidata uninominal: \u201cQuiero ser la diputada de las mujeres, los j\u00f3venes y los emprendedores\u201d\",\"datePublished\":\"2025-07-22T17:02:34+00:00\",\"dateModified\":\"2025-07-24T10:08:23+00:00\",\"mainEntityOfPage\":{\"@id\":\"https:\/\/waracomunicaciones.com\/?p=99\"},\"wordCount\":559,\"commentCount\":0,\"publisher\":{\"@id\":\"https:\/\/waracomunicaciones.com\/#organization\"},\"image\":{\"@id\":\"https:\/\/waracomunicaciones.com\/?p=99#primaryimage\"},\"thumbnailUrl\":\"https:\/\/waracomunicaciones.com\/wp-content\/uploads\/2025\/07\/kelly-1.webp\",\"keywords\":[\"Elecciones Nacionales 2025\",\"Kelly Velarde\"],\"articleSection\":[\"Pol\u00edtica\"],\"inLanguage\":\"es\",\"potentialAction\":[{\"@type\":\"CommentAction\",\"name\":\"Comment\",\"target\":[\"https:\/\/waracomunicaciones.com\/?p=99#respond\"]}]},{\"@type\":\"WebPage\",\"@id\":\"https:\/\/waracomunicaciones.com\/?p=99\",\"url\":\"https:\/\/waracomunicaciones.com\/?p=99\",\"name\":\"Kelly Velarde, candidata uninominal: \u201cQuiero ser la diputada de las mujeres, los j\u00f3venes y los emprendedores\u201d - Wara Comunicaciones\",\"isPartOf\":{\"@id\":\"https:\/\/waracomunicaciones.com\/#website\"},\"primaryImageOfPage\":{\"@id\":\"https:\/\/waracomunicaciones.com\/?p=99#primaryimage\"},\"image\":{\"@id\":\"https:\/\/waracomunicaciones.com\/?p=99#primaryimage\"},\"thumbnailUrl\":\"https:\/\/waracomunicaciones.com\/wp-content\/uploads\/2025\/07\/kelly-1.webp\",\"datePublished\":\"2025-07-22T17:02:34+00:00\",\"dateModified\":\"2025-07-24T10:08:23+00:00\",\"breadcrumb\":{\"@id\":\"https:\/\/waracomunicaciones.com\/?p=99#breadcrumb\"},\"inLanguage\":\"es\",\"potentialAction\":[{\"@type\":\"ReadAction\",\"target\":[\"https:\/\/waracomunicaciones.com\/?p=99\"]}]},{\"@type\":\"ImageObject\",\"inLanguage\":\"es\",\"@id\":\"https:\/\/waracomunicaciones.com\/?p=99#primaryimage\",\"url\":\"https:\/\/waracomunicaciones.com\/wp-content\/uploads\/2025\/07\/kelly-1.webp\",\"contentUrl\":\"https:\/\/waracomunicaciones.com\/wp-content\/uploads\/2025\/07\/kelly-1.webp\",\"width\":750,\"height\":500},{\"@type\":\"BreadcrumbList\",\"@id\":\"https:\/\/waracomunicaciones.com\/?p=99#breadcrumb\",\"itemListElement\":[{\"@type\":\"ListItem\",\"position\":1,\"name\":\"Portada\",\"item\":\"https:\/\/waracomunicaciones.com\/\"},{\"@type\":\"ListItem\",\"position\":2,\"name\":\"Kelly Velarde, candidata uninominal: \u201cQuiero ser la diputada de las mujeres, los j\u00f3venes y los emprendedores\u201d\"}]},{\"@type\":\"WebSite\",\"@id\":\"https:\/\/waracomunicaciones.com\/#website\",\"url\":\"https:\/\/waracomunicaciones.com\/\",\"name\":\"Wara Comunicaciones\",\"description\":\"\",\"publisher\":{\"@id\":\"https:\/\/waracomunicaciones.com\/#organization\"},\"potentialAction\":[{\"@type\":\"SearchAction\",\"target\":{\"@type\":\"EntryPoint\",\"urlTemplate\":\"https:\/\/waracomunicaciones.com\/?s={search_term_string}\"},\"query-input\":{\"@type\":\"PropertyValueSpecification\",\"valueRequired\":true,\"valueName\":\"search_term_string\"}}],\"inLanguage\":\"es\"},{\"@type\":\"Organization\",\"@id\":\"https:\/\/waracomunicaciones.com\/#organization\",\"name\":\"Wara Comunicaciones\",\"url\":\"https:\/\/waracomunicaciones.com\/\",\"logo\":{\"@type\":\"ImageObject\",\"inLanguage\":\"es\",\"@id\":\"https:\/\/waracomunicaciones.com\/#\/schema\/logo\/image\/\",\"url\":\"https:\/\/waracomunicaciones.com\/wp-content\/uploads\/2025\/07\/logo.png\",\"contentUrl\":\"https:\/\/waracomunicaciones.com\/wp-content\/uploads\/2025\/07\/logo.png\",\"width\":400,\"height\":164,\"caption\":\"Wara Comunicaciones\"},\"image\":{\"@id\":\"https:\/\/waracomunicaciones.com\/#\/schema\/logo\/image\/\"},\"sameAs\":[\"https:\/\/www.facebook.com\/waracomunicaciones2017\"]},{\"@type\":\"Person\",\"@id\":\"https:\/\/waracomunicaciones.com\/#\/schema\/person\/e9db934bc91575cc71fe584c5973244a\",\"name\":\"admin\",\"image\":{\"@type\":\"ImageObject\",\"inLanguage\":\"es\",\"@id\":\"https:\/\/waracomunicaciones.com\/#\/schema\/person\/image\/\",\"url\":\"https:\/\/secure.gravatar.com\/avatar\/bf27e9186df568254093afa216f887fece17605302c6ff12f3980422fffa52e6?s=96&d=mm&r=g\",\"contentUrl\":\"https:\/\/secure.gravatar.com\/avatar\/bf27e9186df568254093afa216f887fece17605302c6ff12f3980422fffa52e6?s=96&d=mm&r=g\",\"caption\":\"admin\"},\"sameAs\":[\"https:\/\/waracomunicaciones.com\/wp\"],\"url\":\"https:\/\/waracomunicaciones.com\/?author=1\"}]}<\/script>\n<!-- \/ Yoast SEO Premium plugin. -->","yoast_head_json":{"title":"Kelly Velarde, candidata uninominal: \u201cQuiero ser la diputada de las mujeres, los j\u00f3venes y los emprendedores\u201d - Wara Comunicaciones","robots":{"index":"index","follow":"follow","max-snippet":"max-snippet:-1","max-image-preview":"max-image-preview:large","max-video-preview":"max-video-preview:-1"},"canonical":"https:\/\/waracomunicaciones.com\/?p=99","og_locale":"es_ES","og_type":"article","og_title":"Kelly Velarde, candidata uninominal: \u201cQuiero ser la diputada de las mujeres, los j\u00f3venes y los emprendedores\u201d","og_description":"Montero,\u00a0\u2014 En una entrevista radial matutina, Kelly Velarde, candidata a diputada uninominal por la circunscripci\u00f3n 57, comparti\u00f3 sus propuestas legislativas y visi\u00f3n de pa\u00eds, centradas en el empoderamiento de la mujer, el empleo joven, el fortalecimiento de la salud, el impulso al turismo y el apoyo a los peque\u00f1os productores.","og_url":"https:\/\/waracomunicaciones.com\/?p=99","og_site_name":"Wara Comunicaciones","article_publisher":"https:\/\/www.facebook.com\/waracomunicaciones2017","article_published_time":"2025-07-22T17:02:34+00:00","article_modified_time":"2025-07-24T10:08:23+00:00","og_image":[{"width":750,"height":500,"url":"https:\/\/waracomunicaciones.com\/wp-content\/uploads\/2025\/07\/kelly-1.webp","type":"image\/webp"}],"author":"admin","twitter_card":"summary_large_image","twitter_misc":{"Escrito por":"admin","Tiempo de lectura":"3 minutos"},"schema":{"@context":"https:\/\/schema.org","@graph":[{"@type":"Article","@id":"https:\/\/waracomunicaciones.com\/?p=99#article","isPartOf":{"@id":"https:\/\/waracomunicaciones.com\/?p=99"},"author":{"name":"admin","@id":"https:\/\/waracomunicaciones.com\/#\/schema\/person\/e9db934bc91575cc71fe584c5973244a"},"headline":"Kelly Velarde, candidata uninominal: \u201cQuiero ser la diputada de las mujeres, los j\u00f3venes y los emprendedores\u201d","datePublished":"2025-07-22T17:02:34+00:00","dateModified":"2025-07-24T10:08:23+00:00","mainEntityOfPage":{"@id":"https:\/\/waracomunicaciones.com\/?p=99"},"wordCount":559,"commentCount":0,"publisher":{"@id":"https:\/\/waracomunicaciones.com\/#organization"},"image":{"@id":"https:\/\/waracomunicaciones.com\/?p=99#primaryimage"},"thumbnailUrl":"https:\/\/waracomunicaciones.com\/wp-content\/uploads\/2025\/07\/kelly-1.webp","keywords":["Elecciones Nacionales 2025","Kelly Velarde"],"articleSection":["Pol\u00edtica"],"inLanguage":"es","potentialAction":[{"@type":"CommentAction","name":"Comment","target":["https:\/\/waracomunicaciones.com\/?p=99#respond"]}]},{"@type":"WebPage","@id":"https:\/\/waracomunicaciones.com\/?p=99","url":"https:\/\/waracomunicaciones.com\/?p=99","name":"Kelly Velarde, candidata uninominal: \u201cQuiero ser la diputada de las mujeres, los j\u00f3venes y los emprendedores\u201d - Wara Comunicaciones","isPartOf":{"@id":"https:\/\/waracomunicaciones.com\/#website"},"primaryImageOfPage":{"@id":"https:\/\/waracomunicaciones.com\/?p=99#primaryimage"},"image":{"@id":"https:\/\/waracomunicaciones.com\/?p=99#primaryimage"},"thumbnailUrl":"https:\/\/waracomunicaciones.com\/wp-content\/uploads\/2025\/07\/kelly-1.webp","datePublished":"2025-07-22T17:02:34+00:00","dateModified":"2025-07-24T10:08:23+00:00","breadcrumb":{"@id":"https:\/\/waracomunicaciones.com\/?p=99#breadcrumb"},"inLanguage":"es","potentialAction":[{"@type":"ReadAction","target":["https:\/\/waracomunicaciones.com\/?p=99"]}]},{"@type":"ImageObject","inLanguage":"es","@id":"https:\/\/waracomunicaciones.com\/?p=99#primaryimage","url":"https:\/\/waracomunicaciones.com\/wp-content\/uploads\/2025\/07\/kelly-1.webp","contentUrl":"https:\/\/waracomunicaciones.com\/wp-content\/uploads\/2025\/07\/kelly-1.webp","width":750,"height":500},{"@type":"BreadcrumbList","@id":"https:\/\/waracomunicaciones.com\/?p=99#breadcrumb","itemListElement":[{"@type":"ListItem","position":1,"name":"Portada","item":"https:\/\/waracomunicaciones.com\/"},{"@type":"ListItem","position":2,"name":"Kelly Velarde, candidata uninominal: \u201cQuiero ser la diputada de las mujeres, los j\u00f3venes y los emprendedores\u201d"}]},{"@type":"WebSite","@id":"https:\/\/waracomunicaciones.com\/#website","url":"https:\/\/waracomunicaciones.com\/","name":"Wara Comunicaciones","description":"","publisher":{"@id":"https:\/\/waracomunicaciones.com\/#organization"},"potentialAction":[{"@type":"SearchAction","target":{"@type":"EntryPoint","urlTemplate":"https:\/\/waracomunicaciones.com\/?s={search_term_string}"},"query-input":{"@type":"PropertyValueSpecification","valueRequired":true,"valueName":"search_term_string"}}],"inLanguage":"es"},{"@type":"Organization","@id":"https:\/\/waracomunicaciones.com\/#organization","name":"Wara Comunicaciones","url":"https:\/\/waracomunicaciones.com\/","logo":{"@type":"ImageObject","inLanguage":"es","@id":"https:\/\/waracomunicaciones.com\/#\/schema\/logo\/image\/","url":"https:\/\/waracomunicaciones.com\/wp-content\/uploads\/2025\/07\/logo.png","contentUrl":"https:\/\/waracomunicaciones.com\/wp-content\/uploads\/2025\/07\/logo.png","width":400,"height":164,"caption":"Wara Comunicaciones"},"image":{"@id":"https:\/\/waracomunicaciones.com\/#\/schema\/logo\/image\/"},"sameAs":["https:\/\/www.facebook.com\/waracomunicaciones2017"]},{"@type":"Person","@id":"https:\/\/waracomunicaciones.com\/#\/schema\/person\/e9db934bc91575cc71fe584c5973244a","name":"admin","image":{"@type":"ImageObject","inLanguage":"es","@id":"https:\/\/waracomunicaciones.com\/#\/schema\/person\/image\/","url":"https:\/\/secure.gravatar.com\/avatar\/bf27e9186df568254093afa216f887fece17605302c6ff12f3980422fffa52e6?s=96&d=mm&r=g","contentUrl":"https:\/\/secure.gravatar.com\/avatar\/bf27e9186df568254093afa216f887fece17605302c6ff12f3980422fffa52e6?s=96&d=mm&r=g","caption":"admin"},"sameAs":["https:\/\/waracomunicaciones.com\/wp"],"url":"https:\/\/waracomunicaciones.com\/?author=1"}]}},"_links":{"self":[{"href":"https:\/\/waracomunicaciones.com\/index.php?rest_route=\/wp\/v2\/posts\/99","targetHints":{"allow":["GET"]}}],"collection":[{"href":"https:\/\/waracomunicaciones.com\/index.php?rest_route=\/wp\/v2\/posts"}],"about":[{"href":"https:\/\/waracomunicaciones.com\/index.php?rest_route=\/wp\/v2\/types\/post"}],"author":[{"embeddable":true,"href":"https:\/\/waracomunicaciones.com\/index.php?rest_route=\/wp\/v2\/users\/1"}],"replies":[{"embeddable":true,"href":"https:\/\/waracomunicaciones.com\/index.php?rest_route=%2Fwp%2Fv2%2Fcomments&post=99"}],"version-history":[{"count":1,"href":"https:\/\/waracomunicaciones.com\/index.php?rest_route=\/wp\/v2\/posts\/99\/revisions"}],"predecessor-version":[{"id":101,"href":"https:\/\/waracomunicaciones.com\/index.php?rest_route=\/wp\/v2\/posts\/99\/revisions\/101"}],"wp:featuredmedia":[{"embeddable":true,"href":"https:\/\/waracomunicaciones.com\/index.php?rest_route=\/wp\/v2\/media\/100"}],"wp:attachment":[{"href":"https:\/\/waracomunicaciones.com\/index.php?rest_route=%2Fwp%2Fv2%2Fmedia&parent=99"}],"wp:term":[{"taxonomy":"category","embeddable":true,"href":"https:\/\/waracomunicaciones.com\/index.php?rest_route=%2Fwp%2Fv2%2Fcategories&post=99"},{"taxonomy":"post_tag","embeddable":true,"href":"https:\/\/waracomunicaciones.com\/index.php?rest_route=%2Fwp%2Fv2%2Ftags&post=99"}],"curies":[{"name":"wp","href":"https:\/\/api.w.org\/{rel}","templated":true}]}}