{"id":986,"date":"2025-10-31T18:22:47","date_gmt":"2025-10-31T22:22:47","guid":{"rendered":"https:\/\/waracomunicaciones.com\/?p=986"},"modified":"2025-10-31T18:22:48","modified_gmt":"2025-10-31T22:22:48","slug":"camara-de-diputados-aprueba-dos-proyectos-de-ley-de-enajenacion-y-transferencia-de-terrenos-en-beneficio-de-comunidades-de-yapacani","status":"publish","type":"post","link":"https:\/\/waracomunicaciones.com\/?p=986","title":{"rendered":"C\u00e1mara de Diputados aprueba dos proyectos de ley de enajenaci\u00f3n y transferencia de terrenos en beneficio de comunidades de Yapacan\u00ed"},"content":{"rendered":"\n<figure class=\"wp-block-image size-full\"><img loading=\"lazy\" decoding=\"async\" width=\"1000\" height=\"750\" src=\"https:\/\/waracomunicaciones.com\/wp-content\/uploads\/2025\/10\/IMG-20251031-WA0026.webp\" alt=\"\" class=\"wp-image-987\" srcset=\"https:\/\/waracomunicaciones.com\/wp-content\/uploads\/2025\/10\/IMG-20251031-WA0026.webp 1000w, https:\/\/waracomunicaciones.com\/wp-content\/uploads\/2025\/10\/IMG-20251031-WA0026-300x225.webp 300w, https:\/\/waracomunicaciones.com\/wp-content\/uploads\/2025\/10\/IMG-20251031-WA0026-768x576.webp 768w\" sizes=\"auto, (max-width: 1000px) 100vw, 1000px\" \/><figcaption class=\"wp-element-caption\"><em>Comitiva de autoridades de Yapacan\u00ed en la c\u00e1mara de diputados.<\/em><\/figcaption><\/figure>\n\n\n<p><strong>La Paz \/ Yapacan\u00ed, 31 de octubre de 2025.<\/strong> \u2014 En una jornada hist\u00f3rica para el municipio de Yapacan\u00ed, la <strong>C\u00e1mara de Diputados de la Asamblea Legislativa Plurinacional<\/strong> aprob\u00f3 dos importantes proyectos de ley que permitir\u00e1n la <strong>enajenaci\u00f3n y transferencia de terrenos municipales<\/strong> en favor de los vecinos de diferentes comunidades del municipio.<\/p>\n<p>El <strong>alcalde del Gobierno Aut\u00f3nomo Municipal de Yapacan\u00ed<\/strong>, <strong>Lic. Juan Carlos Valles<\/strong>, junto al <strong>director municipal de Asuntos Jur\u00eddicos<\/strong> y dirigentes de las comunidades <strong>Palmar del Norte, Campo V\u00edbora, Palmar Km 21 y Barrio 3 de Mayo<\/strong>, se encuentran en la ciudad de <strong>La Paz<\/strong> realizando gestiones ante instancias nacionales para viabilizar la aprobaci\u00f3n definitiva de estas normas, que ser\u00e1n tratadas conforme a la convocatoria y orden del d\u00eda establecidos por la Asamblea Legislativa.<\/p>\n<p>Previo a la sesi\u00f3n, las autoridades municipales sostuvieron una reuni\u00f3n con la <strong>vicepresidenta de la C\u00e1mara de Diputados, Deysi Choque<\/strong>, a quien expresaron su agradecimiento por el apoyo constante a los proyectos impulsados en beneficio de las comunidades yapacanice\u00f1as, contribuyendo al fortalecimiento y desarrollo integral del municipio.<\/p>\n<p><strong>Dos leyes en favor del desarrollo urbano y social<\/strong><\/p>\n<p>Durante la sesi\u00f3n de esta jornada, la <strong>C\u00e1mara de Diputados aprob\u00f3 los siguientes proyectos de ley<\/strong> presentados por el Gobierno Municipal de Yapacan\u00ed:<\/p>\n<ul>\n<li><strong>Proyecto de Ley N\u00b0 386\/2024-2025:<\/strong><br \/><em>\u201cEnajenaci\u00f3n de 42 lotes de terreno de propiedad de la Alcald\u00eda de Yapacan\u00ed, ubicados en la Junta Vecinal 3 de Mayo, en favor de los vecinos de estos predios.\u201d<\/em><\/li>\n<li><strong>Proyecto de Ley N\u00b0 350\/2024-2025:<\/strong><br \/><em>\u201cTransferencia de 86 lotes de terreno de propiedad de la Alcald\u00eda de Yapacan\u00ed, ubicados en el centro poblado de Campo V\u00edbora, en favor de los vecinos beneficiarios.\u201d<\/em><\/li>\n<\/ul>\n<p>Estas iniciativas responden a la necesidad de brindar <strong>seguridad jur\u00eddica a las familias<\/strong> que habitan en dichos predios, garantizando su derecho a una vivienda digna y regularizando la situaci\u00f3n legal de sus terrenos.<\/p>\n<p><strong>\u201cUn logro del trabajo conjunto\u201d<\/strong><\/p>\n<p>El alcalde <strong>Juan Carlos Valles<\/strong> destac\u00f3 que la aprobaci\u00f3n de estas leyes es resultado de la <strong>persistencia, unidad y gesti\u00f3n coordinada<\/strong> entre la Alcald\u00eda y los dirigentes comunales.<\/p>\n<p>\u201cEste es un logro de todo el pueblo yapacanice\u00f1o. Agradecemos el apoyo de nuestras autoridades nacionales y la confianza de los vecinos que nos acompa\u00f1aron en este proceso. Seguiremos trabajando para consolidar el desarrollo urbano y social de nuestras comunidades\u201d, manifest\u00f3 el burgomaestre.<\/p>\n<p>Los comunarios de <strong>Campo V\u00edbora, Palmar del Norte, Palmar Km 21 y Barrio 3 de Mayo<\/strong> celebraron con entusiasmo la aprobaci\u00f3n de los proyectos, resaltando el compromiso de la actual administraci\u00f3n municipal en la defensa de los intereses de la poblaci\u00f3n.<\/p>\n\n\n<figure class=\"wp-block-gallery has-nested-images columns-default is-cropped wp-block-gallery-1 is-layout-flex wp-block-gallery-is-layout-flex\">\n<figure class=\"wp-block-image size-large\"><img loading=\"lazy\" decoding=\"async\" width=\"1000\" height=\"750\" data-id=\"988\" src=\"https:\/\/waracomunicaciones.com\/wp-content\/uploads\/2025\/10\/IMG-20251031-WA0028.webp\" alt=\"\" class=\"wp-image-988\" srcset=\"https:\/\/waracomunicaciones.com\/wp-content\/uploads\/2025\/10\/IMG-20251031-WA0028.webp 1000w, https:\/\/waracomunicaciones.com\/wp-content\/uploads\/2025\/10\/IMG-20251031-WA0028-300x225.webp 300w, https:\/\/waracomunicaciones.com\/wp-content\/uploads\/2025\/10\/IMG-20251031-WA0028-768x576.webp 768w\" sizes=\"auto, (max-width: 1000px) 100vw, 1000px\" \/><\/figure>\n\n\n\n<figure class=\"wp-block-image size-large\"><img loading=\"lazy\" decoding=\"async\" width=\"1000\" height=\"750\" data-id=\"990\" src=\"https:\/\/waracomunicaciones.com\/wp-content\/uploads\/2025\/10\/IMG-20251031-WA0025.webp\" alt=\"\" class=\"wp-image-990\" srcset=\"https:\/\/waracomunicaciones.com\/wp-content\/uploads\/2025\/10\/IMG-20251031-WA0025.webp 1000w, https:\/\/waracomunicaciones.com\/wp-content\/uploads\/2025\/10\/IMG-20251031-WA0025-300x225.webp 300w, https:\/\/waracomunicaciones.com\/wp-content\/uploads\/2025\/10\/IMG-20251031-WA0025-768x576.webp 768w\" sizes=\"auto, (max-width: 1000px) 100vw, 1000px\" \/><\/figure>\n\n\n\n<figure class=\"wp-block-image size-large\"><img loading=\"lazy\" decoding=\"async\" width=\"1000\" height=\"750\" data-id=\"989\" src=\"https:\/\/waracomunicaciones.com\/wp-content\/uploads\/2025\/10\/IMG-20251031-WA0027.webp\" alt=\"\" class=\"wp-image-989\" srcset=\"https:\/\/waracomunicaciones.com\/wp-content\/uploads\/2025\/10\/IMG-20251031-WA0027.webp 1000w, https:\/\/waracomunicaciones.com\/wp-content\/uploads\/2025\/10\/IMG-20251031-WA0027-300x225.webp 300w, https:\/\/waracomunicaciones.com\/wp-content\/uploads\/2025\/10\/IMG-20251031-WA0027-768x576.webp 768w\" sizes=\"auto, (max-width: 1000px) 100vw, 1000px\" \/><\/figure>\n<\/figure>\n<div style=\"margin-top: 0px; margin-bottom: 0px;\" class=\"sharethis-inline-reaction-buttons\" ><\/div>","protected":false},"excerpt":{"rendered":"<p>La Paz \/ Yapacan\u00ed, 31 de octubre de 2025. \u2014 En una jornada hist\u00f3rica para el municipio de Yapacan\u00ed, la C\u00e1mara de Diputados de la Asamblea Legislativa Plurinacional aprob\u00f3 dos importantes proyectos de ley que permitir\u00e1n la enajenaci\u00f3n y transferencia de terrenos municipales en favor de los vecinos de diferentes comunidades del municipio. El alcalde [&hellip;]<\/p>\n","protected":false},"author":1,"featured_media":0,"comment_status":"open","ping_status":"open","sticky":false,"template":"","format":"standard","meta":{"footnotes":""},"categories":[47],"tags":[12,157,251,163],"class_list":["post-986","post","type-post","status-publish","format-standard","hentry","category-politica-nacional","tag-deisy-choque","tag-juan-carlos-valles","tag-la-paz","tag-yapacani-2"],"yoast_head":"<!-- This site is optimized with the Yoast SEO Premium plugin v25.5 (Yoast SEO v27.1.1) - https:\/\/yoast.com\/product\/yoast-seo-premium-wordpress\/ -->\n<title>C\u00e1mara de Diputados aprueba dos proyectos de ley de enajenaci\u00f3n y transferencia de terrenos en beneficio de comunidades de Yapacan\u00ed - Wara Comunicaciones<\/title>\n<meta name=\"robots\" content=\"index, follow, max-snippet:-1, max-image-preview:large, max-video-preview:-1\" \/>\n<link rel=\"canonical\" href=\"https:\/\/waracomunicaciones.com\/?p=986\" \/>\n<meta property=\"og:locale\" content=\"es_ES\" \/>\n<meta property=\"og:type\" content=\"article\" \/>\n<meta property=\"og:title\" content=\"C\u00e1mara de Diputados aprueba dos proyectos de ley de enajenaci\u00f3n y transferencia de terrenos en beneficio de comunidades de Yapacan\u00ed\" \/>\n<meta property=\"og:description\" content=\"La Paz \/ Yapacan\u00ed, 31 de octubre de 2025. \u2014 En una jornada hist\u00f3rica para el municipio de Yapacan\u00ed, la C\u00e1mara de Diputados de la Asamblea Legislativa Plurinacional aprob\u00f3 dos importantes proyectos de ley que permitir\u00e1n la enajenaci\u00f3n y transferencia de terrenos municipales en favor de los vecinos de diferentes comunidades del municipio. El alcalde [&hellip;]\" \/>\n<meta property=\"og:url\" content=\"https:\/\/waracomunicaciones.com\/?p=986\" \/>\n<meta property=\"og:site_name\" content=\"Wara Comunicaciones\" \/>\n<meta property=\"article:publisher\" content=\"https:\/\/www.facebook.com\/waracomunicaciones2017\" \/>\n<meta property=\"article:published_time\" content=\"2025-10-31T22:22:47+00:00\" \/>\n<meta property=\"article:modified_time\" content=\"2025-10-31T22:22:48+00:00\" \/>\n<meta property=\"og:image\" content=\"https:\/\/waracomunicaciones.com\/wp-content\/uploads\/2025\/10\/IMG-20251031-WA0026.webp\" \/>\n\t<meta property=\"og:image:width\" content=\"1000\" \/>\n\t<meta property=\"og:image:height\" content=\"750\" \/>\n\t<meta property=\"og:image:type\" content=\"image\/webp\" \/>\n<meta name=\"author\" content=\"admin\" \/>\n<meta name=\"twitter:card\" content=\"summary_large_image\" \/>\n<meta name=\"twitter:label1\" content=\"Escrito por\" \/>\n\t<meta name=\"twitter:data1\" content=\"admin\" \/>\n\t<meta name=\"twitter:label2\" content=\"Tiempo de lectura\" \/>\n\t<meta name=\"twitter:data2\" content=\"3 minutos\" \/>\n<script type=\"application\/ld+json\" class=\"yoast-schema-graph\">{\"@context\":\"https:\/\/schema.org\",\"@graph\":[{\"@type\":\"Article\",\"@id\":\"https:\/\/waracomunicaciones.com\/?p=986#article\",\"isPartOf\":{\"@id\":\"https:\/\/waracomunicaciones.com\/?p=986\"},\"author\":{\"name\":\"admin\",\"@id\":\"https:\/\/waracomunicaciones.com\/#\/schema\/person\/e9db934bc91575cc71fe584c5973244a\"},\"headline\":\"C\u00e1mara de Diputados aprueba dos proyectos de ley de enajenaci\u00f3n y transferencia de terrenos en beneficio de comunidades de Yapacan\u00ed\",\"datePublished\":\"2025-10-31T22:22:47+00:00\",\"dateModified\":\"2025-10-31T22:22:48+00:00\",\"mainEntityOfPage\":{\"@id\":\"https:\/\/waracomunicaciones.com\/?p=986\"},\"wordCount\":475,\"commentCount\":0,\"publisher\":{\"@id\":\"https:\/\/waracomunicaciones.com\/#organization\"},\"image\":{\"@id\":\"https:\/\/waracomunicaciones.com\/?p=986#primaryimage\"},\"thumbnailUrl\":\"https:\/\/waracomunicaciones.com\/wp-content\/uploads\/2025\/10\/IMG-20251031-WA0026.webp\",\"keywords\":[\"Deisy Choque\",\"Juan Carlos Valles\",\"La Paz\",\"Yapacan\u00ed\"],\"articleSection\":[\"Pol\u00edtica\"],\"inLanguage\":\"es\",\"potentialAction\":[{\"@type\":\"CommentAction\",\"name\":\"Comment\",\"target\":[\"https:\/\/waracomunicaciones.com\/?p=986#respond\"]}]},{\"@type\":\"WebPage\",\"@id\":\"https:\/\/waracomunicaciones.com\/?p=986\",\"url\":\"https:\/\/waracomunicaciones.com\/?p=986\",\"name\":\"C\u00e1mara de Diputados aprueba dos proyectos de ley de enajenaci\u00f3n y transferencia de terrenos en beneficio de comunidades de Yapacan\u00ed - Wara Comunicaciones\",\"isPartOf\":{\"@id\":\"https:\/\/waracomunicaciones.com\/#website\"},\"primaryImageOfPage\":{\"@id\":\"https:\/\/waracomunicaciones.com\/?p=986#primaryimage\"},\"image\":{\"@id\":\"https:\/\/waracomunicaciones.com\/?p=986#primaryimage\"},\"thumbnailUrl\":\"https:\/\/waracomunicaciones.com\/wp-content\/uploads\/2025\/10\/IMG-20251031-WA0026.webp\",\"datePublished\":\"2025-10-31T22:22:47+00:00\",\"dateModified\":\"2025-10-31T22:22:48+00:00\",\"breadcrumb\":{\"@id\":\"https:\/\/waracomunicaciones.com\/?p=986#breadcrumb\"},\"inLanguage\":\"es\",\"potentialAction\":[{\"@type\":\"ReadAction\",\"target\":[\"https:\/\/waracomunicaciones.com\/?p=986\"]}]},{\"@type\":\"ImageObject\",\"inLanguage\":\"es\",\"@id\":\"https:\/\/waracomunicaciones.com\/?p=986#primaryimage\",\"url\":\"https:\/\/waracomunicaciones.com\/wp-content\/uploads\/2025\/10\/IMG-20251031-WA0026.webp\",\"contentUrl\":\"https:\/\/waracomunicaciones.com\/wp-content\/uploads\/2025\/10\/IMG-20251031-WA0026.webp\",\"width\":1000,\"height\":750},{\"@type\":\"BreadcrumbList\",\"@id\":\"https:\/\/waracomunicaciones.com\/?p=986#breadcrumb\",\"itemListElement\":[{\"@type\":\"ListItem\",\"position\":1,\"name\":\"Portada\",\"item\":\"https:\/\/waracomunicaciones.com\/\"},{\"@type\":\"ListItem\",\"position\":2,\"name\":\"C\u00e1mara de Diputados aprueba dos proyectos de ley de enajenaci\u00f3n y transferencia de terrenos en beneficio de comunidades de Yapacan\u00ed\"}]},{\"@type\":\"WebSite\",\"@id\":\"https:\/\/waracomunicaciones.com\/#website\",\"url\":\"https:\/\/waracomunicaciones.com\/\",\"name\":\"Wara Comunicaciones\",\"description\":\"\",\"publisher\":{\"@id\":\"https:\/\/waracomunicaciones.com\/#organization\"},\"potentialAction\":[{\"@type\":\"SearchAction\",\"target\":{\"@type\":\"EntryPoint\",\"urlTemplate\":\"https:\/\/waracomunicaciones.com\/?s={search_term_string}\"},\"query-input\":{\"@type\":\"PropertyValueSpecification\",\"valueRequired\":true,\"valueName\":\"search_term_string\"}}],\"inLanguage\":\"es\"},{\"@type\":\"Organization\",\"@id\":\"https:\/\/waracomunicaciones.com\/#organization\",\"name\":\"Wara Comunicaciones\",\"url\":\"https:\/\/waracomunicaciones.com\/\",\"logo\":{\"@type\":\"ImageObject\",\"inLanguage\":\"es\",\"@id\":\"https:\/\/waracomunicaciones.com\/#\/schema\/logo\/image\/\",\"url\":\"https:\/\/waracomunicaciones.com\/wp-content\/uploads\/2025\/07\/logo.png\",\"contentUrl\":\"https:\/\/waracomunicaciones.com\/wp-content\/uploads\/2025\/07\/logo.png\",\"width\":400,\"height\":164,\"caption\":\"Wara Comunicaciones\"},\"image\":{\"@id\":\"https:\/\/waracomunicaciones.com\/#\/schema\/logo\/image\/\"},\"sameAs\":[\"https:\/\/www.facebook.com\/waracomunicaciones2017\"]},{\"@type\":\"Person\",\"@id\":\"https:\/\/waracomunicaciones.com\/#\/schema\/person\/e9db934bc91575cc71fe584c5973244a\",\"name\":\"admin\",\"image\":{\"@type\":\"ImageObject\",\"inLanguage\":\"es\",\"@id\":\"https:\/\/waracomunicaciones.com\/#\/schema\/person\/image\/\",\"url\":\"https:\/\/secure.gravatar.com\/avatar\/bf27e9186df568254093afa216f887fece17605302c6ff12f3980422fffa52e6?s=96&d=mm&r=g\",\"contentUrl\":\"https:\/\/secure.gravatar.com\/avatar\/bf27e9186df568254093afa216f887fece17605302c6ff12f3980422fffa52e6?s=96&d=mm&r=g\",\"caption\":\"admin\"},\"sameAs\":[\"https:\/\/waracomunicaciones.com\/wp\"],\"url\":\"https:\/\/waracomunicaciones.com\/?author=1\"}]}<\/script>\n<!-- \/ Yoast SEO Premium plugin. -->","yoast_head_json":{"title":"C\u00e1mara de Diputados aprueba dos proyectos de ley de enajenaci\u00f3n y transferencia de terrenos en beneficio de comunidades de Yapacan\u00ed - Wara Comunicaciones","robots":{"index":"index","follow":"follow","max-snippet":"max-snippet:-1","max-image-preview":"max-image-preview:large","max-video-preview":"max-video-preview:-1"},"canonical":"https:\/\/waracomunicaciones.com\/?p=986","og_locale":"es_ES","og_type":"article","og_title":"C\u00e1mara de Diputados aprueba dos proyectos de ley de enajenaci\u00f3n y transferencia de terrenos en beneficio de comunidades de Yapacan\u00ed","og_description":"La Paz \/ Yapacan\u00ed, 31 de octubre de 2025. \u2014 En una jornada hist\u00f3rica para el municipio de Yapacan\u00ed, la C\u00e1mara de Diputados de la Asamblea Legislativa Plurinacional aprob\u00f3 dos importantes proyectos de ley que permitir\u00e1n la enajenaci\u00f3n y transferencia de terrenos municipales en favor de los vecinos de diferentes comunidades del municipio. El alcalde [&hellip;]","og_url":"https:\/\/waracomunicaciones.com\/?p=986","og_site_name":"Wara Comunicaciones","article_publisher":"https:\/\/www.facebook.com\/waracomunicaciones2017","article_published_time":"2025-10-31T22:22:47+00:00","article_modified_time":"2025-10-31T22:22:48+00:00","og_image":[{"width":1000,"height":750,"url":"https:\/\/waracomunicaciones.com\/wp-content\/uploads\/2025\/10\/IMG-20251031-WA0026.webp","type":"image\/webp"}],"author":"admin","twitter_card":"summary_large_image","twitter_misc":{"Escrito por":"admin","Tiempo de lectura":"3 minutos"},"schema":{"@context":"https:\/\/schema.org","@graph":[{"@type":"Article","@id":"https:\/\/waracomunicaciones.com\/?p=986#article","isPartOf":{"@id":"https:\/\/waracomunicaciones.com\/?p=986"},"author":{"name":"admin","@id":"https:\/\/waracomunicaciones.com\/#\/schema\/person\/e9db934bc91575cc71fe584c5973244a"},"headline":"C\u00e1mara de Diputados aprueba dos proyectos de ley de enajenaci\u00f3n y transferencia de terrenos en beneficio de comunidades de Yapacan\u00ed","datePublished":"2025-10-31T22:22:47+00:00","dateModified":"2025-10-31T22:22:48+00:00","mainEntityOfPage":{"@id":"https:\/\/waracomunicaciones.com\/?p=986"},"wordCount":475,"commentCount":0,"publisher":{"@id":"https:\/\/waracomunicaciones.com\/#organization"},"image":{"@id":"https:\/\/waracomunicaciones.com\/?p=986#primaryimage"},"thumbnailUrl":"https:\/\/waracomunicaciones.com\/wp-content\/uploads\/2025\/10\/IMG-20251031-WA0026.webp","keywords":["Deisy Choque","Juan Carlos Valles","La Paz","Yapacan\u00ed"],"articleSection":["Pol\u00edtica"],"inLanguage":"es","potentialAction":[{"@type":"CommentAction","name":"Comment","target":["https:\/\/waracomunicaciones.com\/?p=986#respond"]}]},{"@type":"WebPage","@id":"https:\/\/waracomunicaciones.com\/?p=986","url":"https:\/\/waracomunicaciones.com\/?p=986","name":"C\u00e1mara de Diputados aprueba dos proyectos de ley de enajenaci\u00f3n y transferencia de terrenos en beneficio de comunidades de Yapacan\u00ed - Wara Comunicaciones","isPartOf":{"@id":"https:\/\/waracomunicaciones.com\/#website"},"primaryImageOfPage":{"@id":"https:\/\/waracomunicaciones.com\/?p=986#primaryimage"},"image":{"@id":"https:\/\/waracomunicaciones.com\/?p=986#primaryimage"},"thumbnailUrl":"https:\/\/waracomunicaciones.com\/wp-content\/uploads\/2025\/10\/IMG-20251031-WA0026.webp","datePublished":"2025-10-31T22:22:47+00:00","dateModified":"2025-10-31T22:22:48+00:00","breadcrumb":{"@id":"https:\/\/waracomunicaciones.com\/?p=986#breadcrumb"},"inLanguage":"es","potentialAction":[{"@type":"ReadAction","target":["https:\/\/waracomunicaciones.com\/?p=986"]}]},{"@type":"ImageObject","inLanguage":"es","@id":"https:\/\/waracomunicaciones.com\/?p=986#primaryimage","url":"https:\/\/waracomunicaciones.com\/wp-content\/uploads\/2025\/10\/IMG-20251031-WA0026.webp","contentUrl":"https:\/\/waracomunicaciones.com\/wp-content\/uploads\/2025\/10\/IMG-20251031-WA0026.webp","width":1000,"height":750},{"@type":"BreadcrumbList","@id":"https:\/\/waracomunicaciones.com\/?p=986#breadcrumb","itemListElement":[{"@type":"ListItem","position":1,"name":"Portada","item":"https:\/\/waracomunicaciones.com\/"},{"@type":"ListItem","position":2,"name":"C\u00e1mara de Diputados aprueba dos proyectos de ley de enajenaci\u00f3n y transferencia de terrenos en beneficio de comunidades de Yapacan\u00ed"}]},{"@type":"WebSite","@id":"https:\/\/waracomunicaciones.com\/#website","url":"https:\/\/waracomunicaciones.com\/","name":"Wara Comunicaciones","description":"","publisher":{"@id":"https:\/\/waracomunicaciones.com\/#organization"},"potentialAction":[{"@type":"SearchAction","target":{"@type":"EntryPoint","urlTemplate":"https:\/\/waracomunicaciones.com\/?s={search_term_string}"},"query-input":{"@type":"PropertyValueSpecification","valueRequired":true,"valueName":"search_term_string"}}],"inLanguage":"es"},{"@type":"Organization","@id":"https:\/\/waracomunicaciones.com\/#organization","name":"Wara Comunicaciones","url":"https:\/\/waracomunicaciones.com\/","logo":{"@type":"ImageObject","inLanguage":"es","@id":"https:\/\/waracomunicaciones.com\/#\/schema\/logo\/image\/","url":"https:\/\/waracomunicaciones.com\/wp-content\/uploads\/2025\/07\/logo.png","contentUrl":"https:\/\/waracomunicaciones.com\/wp-content\/uploads\/2025\/07\/logo.png","width":400,"height":164,"caption":"Wara Comunicaciones"},"image":{"@id":"https:\/\/waracomunicaciones.com\/#\/schema\/logo\/image\/"},"sameAs":["https:\/\/www.facebook.com\/waracomunicaciones2017"]},{"@type":"Person","@id":"https:\/\/waracomunicaciones.com\/#\/schema\/person\/e9db934bc91575cc71fe584c5973244a","name":"admin","image":{"@type":"ImageObject","inLanguage":"es","@id":"https:\/\/waracomunicaciones.com\/#\/schema\/person\/image\/","url":"https:\/\/secure.gravatar.com\/avatar\/bf27e9186df568254093afa216f887fece17605302c6ff12f3980422fffa52e6?s=96&d=mm&r=g","contentUrl":"https:\/\/secure.gravatar.com\/avatar\/bf27e9186df568254093afa216f887fece17605302c6ff12f3980422fffa52e6?s=96&d=mm&r=g","caption":"admin"},"sameAs":["https:\/\/waracomunicaciones.com\/wp"],"url":"https:\/\/waracomunicaciones.com\/?author=1"}]}},"_links":{"self":[{"href":"https:\/\/waracomunicaciones.com\/index.php?rest_route=\/wp\/v2\/posts\/986","targetHints":{"allow":["GET"]}}],"collection":[{"href":"https:\/\/waracomunicaciones.com\/index.php?rest_route=\/wp\/v2\/posts"}],"about":[{"href":"https:\/\/waracomunicaciones.com\/index.php?rest_route=\/wp\/v2\/types\/post"}],"author":[{"embeddable":true,"href":"https:\/\/waracomunicaciones.com\/index.php?rest_route=\/wp\/v2\/users\/1"}],"replies":[{"embeddable":true,"href":"https:\/\/waracomunicaciones.com\/index.php?rest_route=%2Fwp%2Fv2%2Fcomments&post=986"}],"version-history":[{"count":1,"href":"https:\/\/waracomunicaciones.com\/index.php?rest_route=\/wp\/v2\/posts\/986\/revisions"}],"predecessor-version":[{"id":991,"href":"https:\/\/waracomunicaciones.com\/index.php?rest_route=\/wp\/v2\/posts\/986\/revisions\/991"}],"wp:attachment":[{"href":"https:\/\/waracomunicaciones.com\/index.php?rest_route=%2Fwp%2Fv2%2Fmedia&parent=986"}],"wp:term":[{"taxonomy":"category","embeddable":true,"href":"https:\/\/waracomunicaciones.com\/index.php?rest_route=%2Fwp%2Fv2%2Fcategories&post=986"},{"taxonomy":"post_tag","embeddable":true,"href":"https:\/\/waracomunicaciones.com\/index.php?rest_route=%2Fwp%2Fv2%2Ftags&post=986"}],"curies":[{"name":"wp","href":"https:\/\/api.w.org\/{rel}","templated":true}]}}