{"id":979,"date":"2025-10-31T11:28:02","date_gmt":"2025-10-31T15:28:02","guid":{"rendered":"https:\/\/waracomunicaciones.com\/?p=979"},"modified":"2025-10-31T11:28:03","modified_gmt":"2025-10-31T15:28:03","slug":"concejo-municipal-de-montero-analiza-irregularidades-en-predios-y-deficiencias-del-proyecto-mi-barrio-mi-hogar","status":"publish","type":"post","link":"https:\/\/waracomunicaciones.com\/?p=979","title":{"rendered":"Concejo Municipal de Montero analiza irregularidades en predios y deficiencias del proyecto \u201cMi Barrio, Mi Hogar\u201d"},"content":{"rendered":"\n<figure class=\"wp-block-image size-full\"><img loading=\"lazy\" decoding=\"async\" width=\"1000\" height=\"667\" src=\"https:\/\/waracomunicaciones.com\/wp-content\/uploads\/2025\/10\/hghgghhg.webp\" alt=\"\" class=\"wp-image-981\" srcset=\"https:\/\/waracomunicaciones.com\/wp-content\/uploads\/2025\/10\/hghgghhg.webp 1000w, https:\/\/waracomunicaciones.com\/wp-content\/uploads\/2025\/10\/hghgghhg-300x200.webp 300w, https:\/\/waracomunicaciones.com\/wp-content\/uploads\/2025\/10\/hghgghhg-768x512.webp 768w\" sizes=\"auto, (max-width: 1000px) 100vw, 1000px\" \/><figcaption class=\"wp-element-caption\"><em>Concejales del municipio de  Montero &#8211; Foto Archivo Facebook<\/em><\/figcaption><\/figure>\n\n\n<p><strong>Montero,<\/strong>\u00a0\u2014 En la sesi\u00f3n ordinaria de esta jornada, el Concejo Municipal de Montero abord\u00f3 dos temas que han generado preocupaci\u00f3n ciudadana: la <strong>falta de saneamiento de predios municipales<\/strong> y los <strong>problemas estructurales del programa nacional \u201cMi Barrio, Mi Hogar\u201d<\/strong>, implementado durante los a\u00f1os 2018 y 2019.<!--more--><\/p>\n<p>El concejal <strong>Fernando Rojas<\/strong>, entrevistado por <em>Wara Comunicaciones<\/em>, explic\u00f3 que uno de los puntos m\u00e1s debatidos fue la <strong>situaci\u00f3n del barrio 25 de Enero<\/strong>, donde los vecinos denuncian que un ciudadano extranjero, identificado como integrante de la <strong>Iglesia Patuj\u00fa<\/strong>, estar\u00eda utilizando un terreno de dominio municipal, impidiendo el acceso a un \u00e1rea destinada a recreaci\u00f3n infantil.<\/p>\n<p>\u201cHemos recibido las quejas de los vecinos del barrio 25 de Enero. Se trata de un predio con una cancha deportiva que estar\u00eda siendo ocupado de manera irregular por un ciudadano coreano. Hemos solicitado mediante un Pedido de Informe Escrito (PIE) al Ejecutivo Municipal que nos remita toda la documentaci\u00f3n y que se convoque a ambas partes para un di\u00e1logo y una soluci\u00f3n\u201d, manifest\u00f3 Rojas.<\/p>\n<p>El concejal lament\u00f3 que <strong>muchos predios de dominio municipal a\u00fan no est\u00e9n debidamente regularizados<\/strong>, lo que genera conflictos y aprovecha vac\u00edos legales:<\/p>\n<p>\u201cEl Ejecutivo deber\u00eda tener todos los terrenos municipales saneados y con documentaci\u00f3n al d\u00eda, pero a\u00fan hay irregularidades heredadas de anteriores gestiones.\u201d<\/p>\n<h3><strong>Proyecto \u201cMi Barrio, Mi Hogar\u201d: deficiencias y responsabilidades<\/strong><\/h3>\n<p>El segundo tema tratado fue el estado actual de las obras ejecutadas bajo el programa <strong>\u201cMi Barrio, Mi Hogar\u201d<\/strong>, impulsado por el Gobierno Nacional durante la gesti\u00f3n del expresidente Evo Morales. Estas obras \u2014principalmente <strong>enlosetados de calles<\/strong>\u2014 presentan <strong>graves deterioros<\/strong> y <strong>deficiencias estructurales<\/strong> que, seg\u00fan Rojas, ya han causado <strong>accidentes e incluso p\u00e9rdidas humanas<\/strong>.<\/p>\n<p>\u201cLas losetas est\u00e1n en muy mal estado. Ha habido accidentes, incluso con desenlace fatal. El problema radica en que estos proyectos no fueron coordinados con la Alcald\u00eda. Los convenios se firmaron directamente entre el Gobierno Nacional y dirigentes vecinales, sin participaci\u00f3n del Ejecutivo Municipal, lo que dej\u00f3 al municipio sin facultad legal para intervenir en su mantenimiento\u201d, explic\u00f3 el concejal.<\/p>\n<p>Rojas record\u00f3 que la normativa vigente impide que los gobiernos municipales realicen inversiones en obras con menos de cinco a\u00f1os de antig\u00fcedad, salvo casos excepcionales:<\/p>\n<p>\u201cNo se puede hacer una doble inversi\u00f3n p\u00fablica. Hasta el pr\u00f3ximo a\u00f1o reci\u00e9n se cumplir\u00e1n los cinco a\u00f1os de vida \u00fatil de esos enlosetados, y entonces el Ejecutivo podr\u00e1 realizar mantenimientos y reparaciones. Ya existe una programaci\u00f3n para intervenir en la zona aleda\u00f1a al cementerio alem\u00e1n.\u201d<\/p>\n<p>El concejal, arquitecto de profesi\u00f3n, detall\u00f3 adem\u00e1s que los contratos del programa fueron <strong>fraccionados entre varias empresas<\/strong>, lo que gener\u00f3 una <strong>falta de coordinaci\u00f3n t\u00e9cnica<\/strong> y <strong>ausencia de fiscalizaci\u00f3n profesional<\/strong>.<\/p>\n<p>\u201cHab\u00eda una empresa para la excavaci\u00f3n, otra para el relleno, otra para los cordones y otra para colocar las losetas. Nadie asumi\u00f3 la responsabilidad por los defectos, y los \u00fanicos fiscalizadores fueron los dirigentes vecinales, sin formaci\u00f3n t\u00e9cnica ni facultades legales para ese rol.\u201d<\/p>\n<p>\u00a0<\/p>\n<h3><strong>Fiscalizaci\u00f3n y rendici\u00f3n de cuentas<\/strong><\/h3>\n<p>Rojas sostuvo que el Concejo Municipal est\u00e1 cumpliendo su rol fiscalizador y que se investigar\u00e1 la <strong>omisi\u00f3n de autoridades de gestiones anteriores<\/strong>, tanto municipales como nacionales, involucradas en la ejecuci\u00f3n del programa.<\/p>\n<p>\u201cEste es un problema heredado. Sin embargo, corresponde establecer responsabilidades, porque hubo negligencia en la firma de convenios y en la supervisi\u00f3n de obras que se realizaron en territorio municipal sin la participaci\u00f3n de la Alcald\u00eda\u201d, subray\u00f3.<\/p>\n<p>Rojas concluy\u00f3 reafirmando su compromiso con la transparencia y el control social:<\/p>\n<p>\u201cNuestra tarea no es solo fiscalizar con c\u00e1maras, tambi\u00e9n lo hacemos en el terreno. Vamos a seguir pidiendo informes y documentaci\u00f3n para que la ciudadan\u00eda sepa qu\u00e9 se hizo mal y qui\u00e9nes deben responder.\u201d<\/p><div style=\"margin-top: 0px; margin-bottom: 0px;\" class=\"sharethis-inline-reaction-buttons\" ><\/div>","protected":false},"excerpt":{"rendered":"<p>Montero,\u00a0\u2014 En la sesi\u00f3n ordinaria de esta jornada, el Concejo Municipal de Montero abord\u00f3 dos temas que han generado preocupaci\u00f3n ciudadana: la falta de saneamiento de predios municipales y los problemas estructurales del programa nacional \u201cMi Barrio, Mi Hogar\u201d, implementado durante los a\u00f1os 2018 y 2019.<\/p>\n","protected":false},"author":1,"featured_media":0,"comment_status":"open","ping_status":"open","sticky":false,"template":"","format":"standard","meta":{"footnotes":""},"categories":[42],"tags":[249,19],"class_list":["post-979","post","type-post","status-publish","format-standard","hentry","category-politica","tag-fernando-rojas","tag-montero"],"yoast_head":"<!-- This site is optimized with the Yoast SEO Premium plugin v25.5 (Yoast SEO v27.1.1) - https:\/\/yoast.com\/product\/yoast-seo-premium-wordpress\/ -->\n<title>Concejo Municipal de Montero analiza irregularidades en predios y deficiencias del proyecto \u201cMi Barrio, Mi Hogar\u201d - Wara Comunicaciones<\/title>\n<meta name=\"robots\" content=\"index, follow, max-snippet:-1, max-image-preview:large, max-video-preview:-1\" \/>\n<link rel=\"canonical\" href=\"https:\/\/waracomunicaciones.com\/?p=979\" \/>\n<meta property=\"og:locale\" content=\"es_ES\" \/>\n<meta property=\"og:type\" content=\"article\" \/>\n<meta property=\"og:title\" content=\"Concejo Municipal de Montero analiza irregularidades en predios y deficiencias del proyecto \u201cMi Barrio, Mi Hogar\u201d\" \/>\n<meta property=\"og:description\" content=\"Montero,\u00a0\u2014 En la sesi\u00f3n ordinaria de esta jornada, el Concejo Municipal de Montero abord\u00f3 dos temas que han generado preocupaci\u00f3n ciudadana: la falta de saneamiento de predios municipales y los problemas estructurales del programa nacional \u201cMi Barrio, Mi Hogar\u201d, implementado durante los a\u00f1os 2018 y 2019.\" \/>\n<meta property=\"og:url\" content=\"https:\/\/waracomunicaciones.com\/?p=979\" \/>\n<meta property=\"og:site_name\" content=\"Wara Comunicaciones\" \/>\n<meta property=\"article:publisher\" content=\"https:\/\/www.facebook.com\/waracomunicaciones2017\" \/>\n<meta property=\"article:published_time\" content=\"2025-10-31T15:28:02+00:00\" \/>\n<meta property=\"article:modified_time\" content=\"2025-10-31T15:28:03+00:00\" \/>\n<meta property=\"og:image\" content=\"https:\/\/waracomunicaciones.com\/wp-content\/uploads\/2025\/10\/hghgghhg.webp\" \/>\n\t<meta property=\"og:image:width\" content=\"1000\" \/>\n\t<meta property=\"og:image:height\" content=\"667\" \/>\n\t<meta property=\"og:image:type\" content=\"image\/webp\" \/>\n<meta name=\"author\" content=\"admin\" \/>\n<meta name=\"twitter:card\" content=\"summary_large_image\" \/>\n<meta name=\"twitter:label1\" content=\"Escrito por\" \/>\n\t<meta name=\"twitter:data1\" content=\"admin\" \/>\n\t<meta name=\"twitter:label2\" content=\"Tiempo de lectura\" \/>\n\t<meta name=\"twitter:data2\" content=\"3 minutos\" \/>\n<script type=\"application\/ld+json\" class=\"yoast-schema-graph\">{\"@context\":\"https:\/\/schema.org\",\"@graph\":[{\"@type\":\"Article\",\"@id\":\"https:\/\/waracomunicaciones.com\/?p=979#article\",\"isPartOf\":{\"@id\":\"https:\/\/waracomunicaciones.com\/?p=979\"},\"author\":{\"name\":\"admin\",\"@id\":\"https:\/\/waracomunicaciones.com\/#\/schema\/person\/e9db934bc91575cc71fe584c5973244a\"},\"headline\":\"Concejo Municipal de Montero analiza irregularidades en predios y deficiencias del proyecto \u201cMi Barrio, Mi Hogar\u201d\",\"datePublished\":\"2025-10-31T15:28:02+00:00\",\"dateModified\":\"2025-10-31T15:28:03+00:00\",\"mainEntityOfPage\":{\"@id\":\"https:\/\/waracomunicaciones.com\/?p=979\"},\"wordCount\":676,\"commentCount\":0,\"publisher\":{\"@id\":\"https:\/\/waracomunicaciones.com\/#organization\"},\"image\":{\"@id\":\"https:\/\/waracomunicaciones.com\/?p=979#primaryimage\"},\"thumbnailUrl\":\"https:\/\/waracomunicaciones.com\/wp-content\/uploads\/2025\/10\/hghgghhg.webp\",\"keywords\":[\"Fernando Rojas\",\"Montero\"],\"articleSection\":[\"Pol\u00edtica\"],\"inLanguage\":\"es\",\"potentialAction\":[{\"@type\":\"CommentAction\",\"name\":\"Comment\",\"target\":[\"https:\/\/waracomunicaciones.com\/?p=979#respond\"]}]},{\"@type\":\"WebPage\",\"@id\":\"https:\/\/waracomunicaciones.com\/?p=979\",\"url\":\"https:\/\/waracomunicaciones.com\/?p=979\",\"name\":\"Concejo Municipal de Montero analiza irregularidades en predios y deficiencias del proyecto \u201cMi Barrio, Mi Hogar\u201d - Wara Comunicaciones\",\"isPartOf\":{\"@id\":\"https:\/\/waracomunicaciones.com\/#website\"},\"primaryImageOfPage\":{\"@id\":\"https:\/\/waracomunicaciones.com\/?p=979#primaryimage\"},\"image\":{\"@id\":\"https:\/\/waracomunicaciones.com\/?p=979#primaryimage\"},\"thumbnailUrl\":\"https:\/\/waracomunicaciones.com\/wp-content\/uploads\/2025\/10\/hghgghhg.webp\",\"datePublished\":\"2025-10-31T15:28:02+00:00\",\"dateModified\":\"2025-10-31T15:28:03+00:00\",\"breadcrumb\":{\"@id\":\"https:\/\/waracomunicaciones.com\/?p=979#breadcrumb\"},\"inLanguage\":\"es\",\"potentialAction\":[{\"@type\":\"ReadAction\",\"target\":[\"https:\/\/waracomunicaciones.com\/?p=979\"]}]},{\"@type\":\"ImageObject\",\"inLanguage\":\"es\",\"@id\":\"https:\/\/waracomunicaciones.com\/?p=979#primaryimage\",\"url\":\"https:\/\/waracomunicaciones.com\/wp-content\/uploads\/2025\/10\/hghgghhg.webp\",\"contentUrl\":\"https:\/\/waracomunicaciones.com\/wp-content\/uploads\/2025\/10\/hghgghhg.webp\",\"width\":1000,\"height\":667},{\"@type\":\"BreadcrumbList\",\"@id\":\"https:\/\/waracomunicaciones.com\/?p=979#breadcrumb\",\"itemListElement\":[{\"@type\":\"ListItem\",\"position\":1,\"name\":\"Portada\",\"item\":\"https:\/\/waracomunicaciones.com\/\"},{\"@type\":\"ListItem\",\"position\":2,\"name\":\"Concejo Municipal de Montero analiza irregularidades en predios y deficiencias del proyecto \u201cMi Barrio, Mi Hogar\u201d\"}]},{\"@type\":\"WebSite\",\"@id\":\"https:\/\/waracomunicaciones.com\/#website\",\"url\":\"https:\/\/waracomunicaciones.com\/\",\"name\":\"Wara Comunicaciones\",\"description\":\"\",\"publisher\":{\"@id\":\"https:\/\/waracomunicaciones.com\/#organization\"},\"potentialAction\":[{\"@type\":\"SearchAction\",\"target\":{\"@type\":\"EntryPoint\",\"urlTemplate\":\"https:\/\/waracomunicaciones.com\/?s={search_term_string}\"},\"query-input\":{\"@type\":\"PropertyValueSpecification\",\"valueRequired\":true,\"valueName\":\"search_term_string\"}}],\"inLanguage\":\"es\"},{\"@type\":\"Organization\",\"@id\":\"https:\/\/waracomunicaciones.com\/#organization\",\"name\":\"Wara Comunicaciones\",\"url\":\"https:\/\/waracomunicaciones.com\/\",\"logo\":{\"@type\":\"ImageObject\",\"inLanguage\":\"es\",\"@id\":\"https:\/\/waracomunicaciones.com\/#\/schema\/logo\/image\/\",\"url\":\"https:\/\/waracomunicaciones.com\/wp-content\/uploads\/2025\/07\/logo.png\",\"contentUrl\":\"https:\/\/waracomunicaciones.com\/wp-content\/uploads\/2025\/07\/logo.png\",\"width\":400,\"height\":164,\"caption\":\"Wara Comunicaciones\"},\"image\":{\"@id\":\"https:\/\/waracomunicaciones.com\/#\/schema\/logo\/image\/\"},\"sameAs\":[\"https:\/\/www.facebook.com\/waracomunicaciones2017\"]},{\"@type\":\"Person\",\"@id\":\"https:\/\/waracomunicaciones.com\/#\/schema\/person\/e9db934bc91575cc71fe584c5973244a\",\"name\":\"admin\",\"image\":{\"@type\":\"ImageObject\",\"inLanguage\":\"es\",\"@id\":\"https:\/\/waracomunicaciones.com\/#\/schema\/person\/image\/\",\"url\":\"https:\/\/secure.gravatar.com\/avatar\/bf27e9186df568254093afa216f887fece17605302c6ff12f3980422fffa52e6?s=96&d=mm&r=g\",\"contentUrl\":\"https:\/\/secure.gravatar.com\/avatar\/bf27e9186df568254093afa216f887fece17605302c6ff12f3980422fffa52e6?s=96&d=mm&r=g\",\"caption\":\"admin\"},\"sameAs\":[\"https:\/\/waracomunicaciones.com\/wp\"],\"url\":\"https:\/\/waracomunicaciones.com\/?author=1\"}]}<\/script>\n<!-- \/ Yoast SEO Premium plugin. -->","yoast_head_json":{"title":"Concejo Municipal de Montero analiza irregularidades en predios y deficiencias del proyecto \u201cMi Barrio, Mi Hogar\u201d - Wara Comunicaciones","robots":{"index":"index","follow":"follow","max-snippet":"max-snippet:-1","max-image-preview":"max-image-preview:large","max-video-preview":"max-video-preview:-1"},"canonical":"https:\/\/waracomunicaciones.com\/?p=979","og_locale":"es_ES","og_type":"article","og_title":"Concejo Municipal de Montero analiza irregularidades en predios y deficiencias del proyecto \u201cMi Barrio, Mi Hogar\u201d","og_description":"Montero,\u00a0\u2014 En la sesi\u00f3n ordinaria de esta jornada, el Concejo Municipal de Montero abord\u00f3 dos temas que han generado preocupaci\u00f3n ciudadana: la falta de saneamiento de predios municipales y los problemas estructurales del programa nacional \u201cMi Barrio, Mi Hogar\u201d, implementado durante los a\u00f1os 2018 y 2019.","og_url":"https:\/\/waracomunicaciones.com\/?p=979","og_site_name":"Wara Comunicaciones","article_publisher":"https:\/\/www.facebook.com\/waracomunicaciones2017","article_published_time":"2025-10-31T15:28:02+00:00","article_modified_time":"2025-10-31T15:28:03+00:00","og_image":[{"width":1000,"height":667,"url":"https:\/\/waracomunicaciones.com\/wp-content\/uploads\/2025\/10\/hghgghhg.webp","type":"image\/webp"}],"author":"admin","twitter_card":"summary_large_image","twitter_misc":{"Escrito por":"admin","Tiempo de lectura":"3 minutos"},"schema":{"@context":"https:\/\/schema.org","@graph":[{"@type":"Article","@id":"https:\/\/waracomunicaciones.com\/?p=979#article","isPartOf":{"@id":"https:\/\/waracomunicaciones.com\/?p=979"},"author":{"name":"admin","@id":"https:\/\/waracomunicaciones.com\/#\/schema\/person\/e9db934bc91575cc71fe584c5973244a"},"headline":"Concejo Municipal de Montero analiza irregularidades en predios y deficiencias del proyecto \u201cMi Barrio, Mi Hogar\u201d","datePublished":"2025-10-31T15:28:02+00:00","dateModified":"2025-10-31T15:28:03+00:00","mainEntityOfPage":{"@id":"https:\/\/waracomunicaciones.com\/?p=979"},"wordCount":676,"commentCount":0,"publisher":{"@id":"https:\/\/waracomunicaciones.com\/#organization"},"image":{"@id":"https:\/\/waracomunicaciones.com\/?p=979#primaryimage"},"thumbnailUrl":"https:\/\/waracomunicaciones.com\/wp-content\/uploads\/2025\/10\/hghgghhg.webp","keywords":["Fernando Rojas","Montero"],"articleSection":["Pol\u00edtica"],"inLanguage":"es","potentialAction":[{"@type":"CommentAction","name":"Comment","target":["https:\/\/waracomunicaciones.com\/?p=979#respond"]}]},{"@type":"WebPage","@id":"https:\/\/waracomunicaciones.com\/?p=979","url":"https:\/\/waracomunicaciones.com\/?p=979","name":"Concejo Municipal de Montero analiza irregularidades en predios y deficiencias del proyecto \u201cMi Barrio, Mi Hogar\u201d - Wara Comunicaciones","isPartOf":{"@id":"https:\/\/waracomunicaciones.com\/#website"},"primaryImageOfPage":{"@id":"https:\/\/waracomunicaciones.com\/?p=979#primaryimage"},"image":{"@id":"https:\/\/waracomunicaciones.com\/?p=979#primaryimage"},"thumbnailUrl":"https:\/\/waracomunicaciones.com\/wp-content\/uploads\/2025\/10\/hghgghhg.webp","datePublished":"2025-10-31T15:28:02+00:00","dateModified":"2025-10-31T15:28:03+00:00","breadcrumb":{"@id":"https:\/\/waracomunicaciones.com\/?p=979#breadcrumb"},"inLanguage":"es","potentialAction":[{"@type":"ReadAction","target":["https:\/\/waracomunicaciones.com\/?p=979"]}]},{"@type":"ImageObject","inLanguage":"es","@id":"https:\/\/waracomunicaciones.com\/?p=979#primaryimage","url":"https:\/\/waracomunicaciones.com\/wp-content\/uploads\/2025\/10\/hghgghhg.webp","contentUrl":"https:\/\/waracomunicaciones.com\/wp-content\/uploads\/2025\/10\/hghgghhg.webp","width":1000,"height":667},{"@type":"BreadcrumbList","@id":"https:\/\/waracomunicaciones.com\/?p=979#breadcrumb","itemListElement":[{"@type":"ListItem","position":1,"name":"Portada","item":"https:\/\/waracomunicaciones.com\/"},{"@type":"ListItem","position":2,"name":"Concejo Municipal de Montero analiza irregularidades en predios y deficiencias del proyecto \u201cMi Barrio, Mi Hogar\u201d"}]},{"@type":"WebSite","@id":"https:\/\/waracomunicaciones.com\/#website","url":"https:\/\/waracomunicaciones.com\/","name":"Wara Comunicaciones","description":"","publisher":{"@id":"https:\/\/waracomunicaciones.com\/#organization"},"potentialAction":[{"@type":"SearchAction","target":{"@type":"EntryPoint","urlTemplate":"https:\/\/waracomunicaciones.com\/?s={search_term_string}"},"query-input":{"@type":"PropertyValueSpecification","valueRequired":true,"valueName":"search_term_string"}}],"inLanguage":"es"},{"@type":"Organization","@id":"https:\/\/waracomunicaciones.com\/#organization","name":"Wara Comunicaciones","url":"https:\/\/waracomunicaciones.com\/","logo":{"@type":"ImageObject","inLanguage":"es","@id":"https:\/\/waracomunicaciones.com\/#\/schema\/logo\/image\/","url":"https:\/\/waracomunicaciones.com\/wp-content\/uploads\/2025\/07\/logo.png","contentUrl":"https:\/\/waracomunicaciones.com\/wp-content\/uploads\/2025\/07\/logo.png","width":400,"height":164,"caption":"Wara Comunicaciones"},"image":{"@id":"https:\/\/waracomunicaciones.com\/#\/schema\/logo\/image\/"},"sameAs":["https:\/\/www.facebook.com\/waracomunicaciones2017"]},{"@type":"Person","@id":"https:\/\/waracomunicaciones.com\/#\/schema\/person\/e9db934bc91575cc71fe584c5973244a","name":"admin","image":{"@type":"ImageObject","inLanguage":"es","@id":"https:\/\/waracomunicaciones.com\/#\/schema\/person\/image\/","url":"https:\/\/secure.gravatar.com\/avatar\/bf27e9186df568254093afa216f887fece17605302c6ff12f3980422fffa52e6?s=96&d=mm&r=g","contentUrl":"https:\/\/secure.gravatar.com\/avatar\/bf27e9186df568254093afa216f887fece17605302c6ff12f3980422fffa52e6?s=96&d=mm&r=g","caption":"admin"},"sameAs":["https:\/\/waracomunicaciones.com\/wp"],"url":"https:\/\/waracomunicaciones.com\/?author=1"}]}},"_links":{"self":[{"href":"https:\/\/waracomunicaciones.com\/index.php?rest_route=\/wp\/v2\/posts\/979","targetHints":{"allow":["GET"]}}],"collection":[{"href":"https:\/\/waracomunicaciones.com\/index.php?rest_route=\/wp\/v2\/posts"}],"about":[{"href":"https:\/\/waracomunicaciones.com\/index.php?rest_route=\/wp\/v2\/types\/post"}],"author":[{"embeddable":true,"href":"https:\/\/waracomunicaciones.com\/index.php?rest_route=\/wp\/v2\/users\/1"}],"replies":[{"embeddable":true,"href":"https:\/\/waracomunicaciones.com\/index.php?rest_route=%2Fwp%2Fv2%2Fcomments&post=979"}],"version-history":[{"count":1,"href":"https:\/\/waracomunicaciones.com\/index.php?rest_route=\/wp\/v2\/posts\/979\/revisions"}],"predecessor-version":[{"id":982,"href":"https:\/\/waracomunicaciones.com\/index.php?rest_route=\/wp\/v2\/posts\/979\/revisions\/982"}],"wp:attachment":[{"href":"https:\/\/waracomunicaciones.com\/index.php?rest_route=%2Fwp%2Fv2%2Fmedia&parent=979"}],"wp:term":[{"taxonomy":"category","embeddable":true,"href":"https:\/\/waracomunicaciones.com\/index.php?rest_route=%2Fwp%2Fv2%2Fcategories&post=979"},{"taxonomy":"post_tag","embeddable":true,"href":"https:\/\/waracomunicaciones.com\/index.php?rest_route=%2Fwp%2Fv2%2Ftags&post=979"}],"curies":[{"name":"wp","href":"https:\/\/api.w.org\/{rel}","templated":true}]}}