{"id":976,"date":"2025-10-31T10:55:08","date_gmt":"2025-10-31T14:55:08","guid":{"rendered":"https:\/\/waracomunicaciones.com\/?p=976"},"modified":"2025-10-31T10:55:09","modified_gmt":"2025-10-31T14:55:09","slug":"desayuno-escolar-en-pausa-concejo-municipal-pide-explicaciones-al-ejecutivo-por-nueva-licitacion-de-solo-12-dias","status":"publish","type":"post","link":"https:\/\/waracomunicaciones.com\/?p=976","title":{"rendered":"Desayuno escolar en pausa: Concejo Municipal pide explicaciones al Ejecutivo por nueva licitaci\u00f3n de solo 12 d\u00edas"},"content":{"rendered":"\n<figure class=\"wp-block-image size-full\"><img loading=\"lazy\" decoding=\"async\" width=\"744\" height=\"380\" src=\"https:\/\/waracomunicaciones.com\/wp-content\/uploads\/2025\/10\/wadd.webp\" alt=\"\" class=\"wp-image-977\" srcset=\"https:\/\/waracomunicaciones.com\/wp-content\/uploads\/2025\/10\/wadd.webp 744w, https:\/\/waracomunicaciones.com\/wp-content\/uploads\/2025\/10\/wadd-300x153.webp 300w\" sizes=\"auto, (max-width: 744px) 100vw, 744px\" \/><figcaption class=\"wp-element-caption\"><em>El concejal <strong>Fernando Rojas<\/strong> &#8211; Foto Archivo Facebook<\/em><\/figcaption><\/figure>\n\n\n<p><strong>Montero, <\/strong>\u00a0\u2014 Desde este jueves los estudiantes del municipio se quedaron sin desayuno escolar. La distribuci\u00f3n del programa, que deb\u00eda garantizar alimentaci\u00f3n complementaria durante todo el calendario escolar, concluy\u00f3 el mi\u00e9rcoles y, aunque el Ejecutivo Municipal realiz\u00f3 la apertura de sobres para una nueva licitaci\u00f3n, esta solo cubrir\u00e1 12 d\u00edas adicionales de servicio.<!--more--><\/p>\n<p>El concejal <strong>Fernando Rojas<\/strong> confirm\u00f3 que el Concejo Municipal no fue parte del proceso licitatorio, ya que la contrataci\u00f3n se realiz\u00f3 mediante <strong>decreto municipal<\/strong>, al estar por debajo del monto que requiere la participaci\u00f3n del ente legislativo (m\u00e1s de un mill\u00f3n de bolivianos).<\/p>\n<p>\u201cLamentablemente el Ejecutivo no se present\u00f3 a la reuni\u00f3n convocada por el Concejo. Hemos mandado notas y minutas solicitando documentaci\u00f3n sobre la contrataci\u00f3n y la ejecuci\u00f3n del desayuno escolar, pero hasta el momento no hemos recibido respuesta\u201d, indic\u00f3 Rojas.<\/p>\n<p>Seg\u00fan los documentos bases de contrataciones DBC, hasta la fecha se licitaron <strong>119 d\u00edas de desayuno escolar<\/strong> de los <strong>200 d\u00edas establecidos por ley<\/strong>. Con la nueva licitaci\u00f3n de 12 d\u00edas adicionales, se alcanzar\u00eda un total de 131 d\u00edas.<\/p>\n<p>El programa ten\u00eda un presupuesto inicial de <strong>11 millones de bolivianos<\/strong>, pero debido a la falta de desembolsos de la Gobernaci\u00f3n \u2014600 mil bolivianos de la anterior gesti\u00f3n y otros 600 mil de la presente\u2014, el municipio habr\u00eda debido <strong>reprogramar recursos<\/strong>, incrementando en <strong>1 mill\u00f3n 48 mil bolivianos<\/strong> el monto destinado al desayuno escolar.<\/p>\n<p>Rojas explic\u00f3 que este tipo de ajustes presupuestarios suelen afectar al \u00e1rea de obras p\u00fablicas:<\/p>\n<p>\u201cTodas las reprogramaciones para incrementar recursos generalmente se hacen recortando obras. Es el \u00fanico colch\u00f3n presupuestario que tiene el municipio\u201d, afirm\u00f3.<\/p>\n<p><strong>Diferencias en costos y falta de transparencia<\/strong><\/p>\n<p>El an\u00e1lisis de las tres licitaciones realizadas hasta ahora revela <strong>variaciones significativas en el costo diario<\/strong> del desayuno escolar.<\/p>\n<ul>\n<li>Primera licitaci\u00f3n (70 d\u00edas): Bs <strong>89.669 por d\u00eda<\/strong><\/li>\n<li>Segunda licitaci\u00f3n (49 d\u00edas): Bs <strong>96.355 por d\u00eda<\/strong><\/li>\n<li>Tercera licitaci\u00f3n (12 d\u00edas): Bs <strong>87.333 por d\u00eda<\/strong><\/li>\n<\/ul>\n<p>La diferencia entre la segunda y tercera licitaci\u00f3n supera los <strong>Bs 9.000 por d\u00eda<\/strong>, equivalente a m\u00e1s de <strong>Bs 440.000<\/strong> en total. Esta variaci\u00f3n genera dudas sobre los criterios aplicados en la elaboraci\u00f3n de los presupuestos y los productos incluidos en cada contrato.<\/p>\n<p>Rojas atribuy\u00f3 parte de estas diferencias a la <strong>crisis econ\u00f3mica y el aumento de precios de insumos<\/strong>:<\/p>\n<p>\u201cEl alza del costo del transporte, del cemento y de otros productos ha repercutido en todos los sectores. El Ejecutivo debe ajustar sus c\u00e1lculos y racionalizaciones de acuerdo a esa realidad\u201d, se\u00f1al\u00f3.<\/p>\n<p>El concejal reiter\u00f3 su compromiso con la <strong>fiscalizaci\u00f3n del Ejecutivo Municipal<\/strong> y pidi\u00f3 mayor transparencia en el manejo de los recursos p\u00fablicos:<\/p>\n<p>\u201cSeguiremos esperando la documentaci\u00f3n solicitada para evaluar las acciones legales que correspondan. Nuestra labor es garantizar que los fondos de la ciudadan\u00eda se utilicen correctamente.\u201d<\/p>\n<p>Mientras tanto, los estudiantes deber\u00e1n esperar la conclusi\u00f3n de la nueva licitaci\u00f3n para que el programa de desayuno escolar sea reanudado.<\/p><div style=\"margin-top: 0px; margin-bottom: 0px;\" class=\"sharethis-inline-reaction-buttons\" ><\/div>","protected":false},"excerpt":{"rendered":"<p>Montero, \u00a0\u2014 Desde este jueves los estudiantes del municipio se quedaron sin desayuno escolar. La distribuci\u00f3n del programa, que deb\u00eda garantizar alimentaci\u00f3n complementaria durante todo el calendario escolar, concluy\u00f3 el mi\u00e9rcoles y, aunque el Ejecutivo Municipal realiz\u00f3 la apertura de sobres para una nueva licitaci\u00f3n, esta solo cubrir\u00e1 12 d\u00edas adicionales de servicio.<\/p>\n","protected":false},"author":1,"featured_media":0,"comment_status":"open","ping_status":"open","sticky":false,"template":"","format":"standard","meta":{"footnotes":""},"categories":[42],"tags":[249,19],"class_list":["post-976","post","type-post","status-publish","format-standard","hentry","category-politica","tag-fernando-rojas","tag-montero"],"yoast_head":"<!-- This site is optimized with the Yoast SEO Premium plugin v25.5 (Yoast SEO v27.1.1) - https:\/\/yoast.com\/product\/yoast-seo-premium-wordpress\/ -->\n<title>Desayuno escolar en pausa: Concejo Municipal pide explicaciones al Ejecutivo por nueva licitaci\u00f3n de solo 12 d\u00edas - Wara Comunicaciones<\/title>\n<meta name=\"robots\" content=\"index, follow, max-snippet:-1, max-image-preview:large, max-video-preview:-1\" \/>\n<link rel=\"canonical\" href=\"https:\/\/waracomunicaciones.com\/?p=976\" \/>\n<meta property=\"og:locale\" content=\"es_ES\" \/>\n<meta property=\"og:type\" content=\"article\" \/>\n<meta property=\"og:title\" content=\"Desayuno escolar en pausa: Concejo Municipal pide explicaciones al Ejecutivo por nueva licitaci\u00f3n de solo 12 d\u00edas\" \/>\n<meta property=\"og:description\" content=\"Montero, \u00a0\u2014 Desde este jueves los estudiantes del municipio se quedaron sin desayuno escolar. La distribuci\u00f3n del programa, que deb\u00eda garantizar alimentaci\u00f3n complementaria durante todo el calendario escolar, concluy\u00f3 el mi\u00e9rcoles y, aunque el Ejecutivo Municipal realiz\u00f3 la apertura de sobres para una nueva licitaci\u00f3n, esta solo cubrir\u00e1 12 d\u00edas adicionales de servicio.\" \/>\n<meta property=\"og:url\" content=\"https:\/\/waracomunicaciones.com\/?p=976\" \/>\n<meta property=\"og:site_name\" content=\"Wara Comunicaciones\" \/>\n<meta property=\"article:publisher\" content=\"https:\/\/www.facebook.com\/waracomunicaciones2017\" \/>\n<meta property=\"article:published_time\" content=\"2025-10-31T14:55:08+00:00\" \/>\n<meta property=\"article:modified_time\" content=\"2025-10-31T14:55:09+00:00\" \/>\n<meta property=\"og:image\" content=\"https:\/\/waracomunicaciones.com\/wp-content\/uploads\/2025\/10\/wadd.webp\" \/>\n\t<meta property=\"og:image:width\" content=\"744\" \/>\n\t<meta property=\"og:image:height\" content=\"380\" \/>\n\t<meta property=\"og:image:type\" content=\"image\/webp\" \/>\n<meta name=\"author\" content=\"admin\" \/>\n<meta name=\"twitter:card\" content=\"summary_large_image\" \/>\n<meta name=\"twitter:label1\" content=\"Escrito por\" \/>\n\t<meta name=\"twitter:data1\" content=\"admin\" \/>\n\t<meta name=\"twitter:label2\" content=\"Tiempo de lectura\" \/>\n\t<meta name=\"twitter:data2\" content=\"3 minutos\" \/>\n<script type=\"application\/ld+json\" class=\"yoast-schema-graph\">{\"@context\":\"https:\/\/schema.org\",\"@graph\":[{\"@type\":\"Article\",\"@id\":\"https:\/\/waracomunicaciones.com\/?p=976#article\",\"isPartOf\":{\"@id\":\"https:\/\/waracomunicaciones.com\/?p=976\"},\"author\":{\"name\":\"admin\",\"@id\":\"https:\/\/waracomunicaciones.com\/#\/schema\/person\/e9db934bc91575cc71fe584c5973244a\"},\"headline\":\"Desayuno escolar en pausa: Concejo Municipal pide explicaciones al Ejecutivo por nueva licitaci\u00f3n de solo 12 d\u00edas\",\"datePublished\":\"2025-10-31T14:55:08+00:00\",\"dateModified\":\"2025-10-31T14:55:09+00:00\",\"mainEntityOfPage\":{\"@id\":\"https:\/\/waracomunicaciones.com\/?p=976\"},\"wordCount\":534,\"commentCount\":0,\"publisher\":{\"@id\":\"https:\/\/waracomunicaciones.com\/#organization\"},\"image\":{\"@id\":\"https:\/\/waracomunicaciones.com\/?p=976#primaryimage\"},\"thumbnailUrl\":\"https:\/\/waracomunicaciones.com\/wp-content\/uploads\/2025\/10\/wadd.webp\",\"keywords\":[\"Fernando Rojas\",\"Montero\"],\"articleSection\":[\"Pol\u00edtica\"],\"inLanguage\":\"es\",\"potentialAction\":[{\"@type\":\"CommentAction\",\"name\":\"Comment\",\"target\":[\"https:\/\/waracomunicaciones.com\/?p=976#respond\"]}]},{\"@type\":\"WebPage\",\"@id\":\"https:\/\/waracomunicaciones.com\/?p=976\",\"url\":\"https:\/\/waracomunicaciones.com\/?p=976\",\"name\":\"Desayuno escolar en pausa: Concejo Municipal pide explicaciones al Ejecutivo por nueva licitaci\u00f3n de solo 12 d\u00edas - Wara Comunicaciones\",\"isPartOf\":{\"@id\":\"https:\/\/waracomunicaciones.com\/#website\"},\"primaryImageOfPage\":{\"@id\":\"https:\/\/waracomunicaciones.com\/?p=976#primaryimage\"},\"image\":{\"@id\":\"https:\/\/waracomunicaciones.com\/?p=976#primaryimage\"},\"thumbnailUrl\":\"https:\/\/waracomunicaciones.com\/wp-content\/uploads\/2025\/10\/wadd.webp\",\"datePublished\":\"2025-10-31T14:55:08+00:00\",\"dateModified\":\"2025-10-31T14:55:09+00:00\",\"breadcrumb\":{\"@id\":\"https:\/\/waracomunicaciones.com\/?p=976#breadcrumb\"},\"inLanguage\":\"es\",\"potentialAction\":[{\"@type\":\"ReadAction\",\"target\":[\"https:\/\/waracomunicaciones.com\/?p=976\"]}]},{\"@type\":\"ImageObject\",\"inLanguage\":\"es\",\"@id\":\"https:\/\/waracomunicaciones.com\/?p=976#primaryimage\",\"url\":\"https:\/\/waracomunicaciones.com\/wp-content\/uploads\/2025\/10\/wadd.webp\",\"contentUrl\":\"https:\/\/waracomunicaciones.com\/wp-content\/uploads\/2025\/10\/wadd.webp\",\"width\":744,\"height\":380},{\"@type\":\"BreadcrumbList\",\"@id\":\"https:\/\/waracomunicaciones.com\/?p=976#breadcrumb\",\"itemListElement\":[{\"@type\":\"ListItem\",\"position\":1,\"name\":\"Portada\",\"item\":\"https:\/\/waracomunicaciones.com\/\"},{\"@type\":\"ListItem\",\"position\":2,\"name\":\"Desayuno escolar en pausa: Concejo Municipal pide explicaciones al Ejecutivo por nueva licitaci\u00f3n de solo 12 d\u00edas\"}]},{\"@type\":\"WebSite\",\"@id\":\"https:\/\/waracomunicaciones.com\/#website\",\"url\":\"https:\/\/waracomunicaciones.com\/\",\"name\":\"Wara Comunicaciones\",\"description\":\"\",\"publisher\":{\"@id\":\"https:\/\/waracomunicaciones.com\/#organization\"},\"potentialAction\":[{\"@type\":\"SearchAction\",\"target\":{\"@type\":\"EntryPoint\",\"urlTemplate\":\"https:\/\/waracomunicaciones.com\/?s={search_term_string}\"},\"query-input\":{\"@type\":\"PropertyValueSpecification\",\"valueRequired\":true,\"valueName\":\"search_term_string\"}}],\"inLanguage\":\"es\"},{\"@type\":\"Organization\",\"@id\":\"https:\/\/waracomunicaciones.com\/#organization\",\"name\":\"Wara Comunicaciones\",\"url\":\"https:\/\/waracomunicaciones.com\/\",\"logo\":{\"@type\":\"ImageObject\",\"inLanguage\":\"es\",\"@id\":\"https:\/\/waracomunicaciones.com\/#\/schema\/logo\/image\/\",\"url\":\"https:\/\/waracomunicaciones.com\/wp-content\/uploads\/2025\/07\/logo.png\",\"contentUrl\":\"https:\/\/waracomunicaciones.com\/wp-content\/uploads\/2025\/07\/logo.png\",\"width\":400,\"height\":164,\"caption\":\"Wara Comunicaciones\"},\"image\":{\"@id\":\"https:\/\/waracomunicaciones.com\/#\/schema\/logo\/image\/\"},\"sameAs\":[\"https:\/\/www.facebook.com\/waracomunicaciones2017\"]},{\"@type\":\"Person\",\"@id\":\"https:\/\/waracomunicaciones.com\/#\/schema\/person\/e9db934bc91575cc71fe584c5973244a\",\"name\":\"admin\",\"image\":{\"@type\":\"ImageObject\",\"inLanguage\":\"es\",\"@id\":\"https:\/\/waracomunicaciones.com\/#\/schema\/person\/image\/\",\"url\":\"https:\/\/secure.gravatar.com\/avatar\/bf27e9186df568254093afa216f887fece17605302c6ff12f3980422fffa52e6?s=96&d=mm&r=g\",\"contentUrl\":\"https:\/\/secure.gravatar.com\/avatar\/bf27e9186df568254093afa216f887fece17605302c6ff12f3980422fffa52e6?s=96&d=mm&r=g\",\"caption\":\"admin\"},\"sameAs\":[\"https:\/\/waracomunicaciones.com\/wp\"],\"url\":\"https:\/\/waracomunicaciones.com\/?author=1\"}]}<\/script>\n<!-- \/ Yoast SEO Premium plugin. -->","yoast_head_json":{"title":"Desayuno escolar en pausa: Concejo Municipal pide explicaciones al Ejecutivo por nueva licitaci\u00f3n de solo 12 d\u00edas - Wara Comunicaciones","robots":{"index":"index","follow":"follow","max-snippet":"max-snippet:-1","max-image-preview":"max-image-preview:large","max-video-preview":"max-video-preview:-1"},"canonical":"https:\/\/waracomunicaciones.com\/?p=976","og_locale":"es_ES","og_type":"article","og_title":"Desayuno escolar en pausa: Concejo Municipal pide explicaciones al Ejecutivo por nueva licitaci\u00f3n de solo 12 d\u00edas","og_description":"Montero, \u00a0\u2014 Desde este jueves los estudiantes del municipio se quedaron sin desayuno escolar. La distribuci\u00f3n del programa, que deb\u00eda garantizar alimentaci\u00f3n complementaria durante todo el calendario escolar, concluy\u00f3 el mi\u00e9rcoles y, aunque el Ejecutivo Municipal realiz\u00f3 la apertura de sobres para una nueva licitaci\u00f3n, esta solo cubrir\u00e1 12 d\u00edas adicionales de servicio.","og_url":"https:\/\/waracomunicaciones.com\/?p=976","og_site_name":"Wara Comunicaciones","article_publisher":"https:\/\/www.facebook.com\/waracomunicaciones2017","article_published_time":"2025-10-31T14:55:08+00:00","article_modified_time":"2025-10-31T14:55:09+00:00","og_image":[{"width":744,"height":380,"url":"https:\/\/waracomunicaciones.com\/wp-content\/uploads\/2025\/10\/wadd.webp","type":"image\/webp"}],"author":"admin","twitter_card":"summary_large_image","twitter_misc":{"Escrito por":"admin","Tiempo de lectura":"3 minutos"},"schema":{"@context":"https:\/\/schema.org","@graph":[{"@type":"Article","@id":"https:\/\/waracomunicaciones.com\/?p=976#article","isPartOf":{"@id":"https:\/\/waracomunicaciones.com\/?p=976"},"author":{"name":"admin","@id":"https:\/\/waracomunicaciones.com\/#\/schema\/person\/e9db934bc91575cc71fe584c5973244a"},"headline":"Desayuno escolar en pausa: Concejo Municipal pide explicaciones al Ejecutivo por nueva licitaci\u00f3n de solo 12 d\u00edas","datePublished":"2025-10-31T14:55:08+00:00","dateModified":"2025-10-31T14:55:09+00:00","mainEntityOfPage":{"@id":"https:\/\/waracomunicaciones.com\/?p=976"},"wordCount":534,"commentCount":0,"publisher":{"@id":"https:\/\/waracomunicaciones.com\/#organization"},"image":{"@id":"https:\/\/waracomunicaciones.com\/?p=976#primaryimage"},"thumbnailUrl":"https:\/\/waracomunicaciones.com\/wp-content\/uploads\/2025\/10\/wadd.webp","keywords":["Fernando Rojas","Montero"],"articleSection":["Pol\u00edtica"],"inLanguage":"es","potentialAction":[{"@type":"CommentAction","name":"Comment","target":["https:\/\/waracomunicaciones.com\/?p=976#respond"]}]},{"@type":"WebPage","@id":"https:\/\/waracomunicaciones.com\/?p=976","url":"https:\/\/waracomunicaciones.com\/?p=976","name":"Desayuno escolar en pausa: Concejo Municipal pide explicaciones al Ejecutivo por nueva licitaci\u00f3n de solo 12 d\u00edas - Wara Comunicaciones","isPartOf":{"@id":"https:\/\/waracomunicaciones.com\/#website"},"primaryImageOfPage":{"@id":"https:\/\/waracomunicaciones.com\/?p=976#primaryimage"},"image":{"@id":"https:\/\/waracomunicaciones.com\/?p=976#primaryimage"},"thumbnailUrl":"https:\/\/waracomunicaciones.com\/wp-content\/uploads\/2025\/10\/wadd.webp","datePublished":"2025-10-31T14:55:08+00:00","dateModified":"2025-10-31T14:55:09+00:00","breadcrumb":{"@id":"https:\/\/waracomunicaciones.com\/?p=976#breadcrumb"},"inLanguage":"es","potentialAction":[{"@type":"ReadAction","target":["https:\/\/waracomunicaciones.com\/?p=976"]}]},{"@type":"ImageObject","inLanguage":"es","@id":"https:\/\/waracomunicaciones.com\/?p=976#primaryimage","url":"https:\/\/waracomunicaciones.com\/wp-content\/uploads\/2025\/10\/wadd.webp","contentUrl":"https:\/\/waracomunicaciones.com\/wp-content\/uploads\/2025\/10\/wadd.webp","width":744,"height":380},{"@type":"BreadcrumbList","@id":"https:\/\/waracomunicaciones.com\/?p=976#breadcrumb","itemListElement":[{"@type":"ListItem","position":1,"name":"Portada","item":"https:\/\/waracomunicaciones.com\/"},{"@type":"ListItem","position":2,"name":"Desayuno escolar en pausa: Concejo Municipal pide explicaciones al Ejecutivo por nueva licitaci\u00f3n de solo 12 d\u00edas"}]},{"@type":"WebSite","@id":"https:\/\/waracomunicaciones.com\/#website","url":"https:\/\/waracomunicaciones.com\/","name":"Wara Comunicaciones","description":"","publisher":{"@id":"https:\/\/waracomunicaciones.com\/#organization"},"potentialAction":[{"@type":"SearchAction","target":{"@type":"EntryPoint","urlTemplate":"https:\/\/waracomunicaciones.com\/?s={search_term_string}"},"query-input":{"@type":"PropertyValueSpecification","valueRequired":true,"valueName":"search_term_string"}}],"inLanguage":"es"},{"@type":"Organization","@id":"https:\/\/waracomunicaciones.com\/#organization","name":"Wara Comunicaciones","url":"https:\/\/waracomunicaciones.com\/","logo":{"@type":"ImageObject","inLanguage":"es","@id":"https:\/\/waracomunicaciones.com\/#\/schema\/logo\/image\/","url":"https:\/\/waracomunicaciones.com\/wp-content\/uploads\/2025\/07\/logo.png","contentUrl":"https:\/\/waracomunicaciones.com\/wp-content\/uploads\/2025\/07\/logo.png","width":400,"height":164,"caption":"Wara Comunicaciones"},"image":{"@id":"https:\/\/waracomunicaciones.com\/#\/schema\/logo\/image\/"},"sameAs":["https:\/\/www.facebook.com\/waracomunicaciones2017"]},{"@type":"Person","@id":"https:\/\/waracomunicaciones.com\/#\/schema\/person\/e9db934bc91575cc71fe584c5973244a","name":"admin","image":{"@type":"ImageObject","inLanguage":"es","@id":"https:\/\/waracomunicaciones.com\/#\/schema\/person\/image\/","url":"https:\/\/secure.gravatar.com\/avatar\/bf27e9186df568254093afa216f887fece17605302c6ff12f3980422fffa52e6?s=96&d=mm&r=g","contentUrl":"https:\/\/secure.gravatar.com\/avatar\/bf27e9186df568254093afa216f887fece17605302c6ff12f3980422fffa52e6?s=96&d=mm&r=g","caption":"admin"},"sameAs":["https:\/\/waracomunicaciones.com\/wp"],"url":"https:\/\/waracomunicaciones.com\/?author=1"}]}},"_links":{"self":[{"href":"https:\/\/waracomunicaciones.com\/index.php?rest_route=\/wp\/v2\/posts\/976","targetHints":{"allow":["GET"]}}],"collection":[{"href":"https:\/\/waracomunicaciones.com\/index.php?rest_route=\/wp\/v2\/posts"}],"about":[{"href":"https:\/\/waracomunicaciones.com\/index.php?rest_route=\/wp\/v2\/types\/post"}],"author":[{"embeddable":true,"href":"https:\/\/waracomunicaciones.com\/index.php?rest_route=\/wp\/v2\/users\/1"}],"replies":[{"embeddable":true,"href":"https:\/\/waracomunicaciones.com\/index.php?rest_route=%2Fwp%2Fv2%2Fcomments&post=976"}],"version-history":[{"count":1,"href":"https:\/\/waracomunicaciones.com\/index.php?rest_route=\/wp\/v2\/posts\/976\/revisions"}],"predecessor-version":[{"id":978,"href":"https:\/\/waracomunicaciones.com\/index.php?rest_route=\/wp\/v2\/posts\/976\/revisions\/978"}],"wp:attachment":[{"href":"https:\/\/waracomunicaciones.com\/index.php?rest_route=%2Fwp%2Fv2%2Fmedia&parent=976"}],"wp:term":[{"taxonomy":"category","embeddable":true,"href":"https:\/\/waracomunicaciones.com\/index.php?rest_route=%2Fwp%2Fv2%2Fcategories&post=976"},{"taxonomy":"post_tag","embeddable":true,"href":"https:\/\/waracomunicaciones.com\/index.php?rest_route=%2Fwp%2Fv2%2Ftags&post=976"}],"curies":[{"name":"wp","href":"https:\/\/api.w.org\/{rel}","templated":true}]}}