{"id":970,"date":"2025-10-30T10:25:26","date_gmt":"2025-10-30T14:25:26","guid":{"rendered":"https:\/\/waracomunicaciones.com\/?p=970"},"modified":"2025-10-30T10:25:27","modified_gmt":"2025-10-30T14:25:27","slug":"municipio-de-montero-garantiza-ampliacion-del-desayuno-escolar-por-12-dias-mas-con-recursos-propios","status":"publish","type":"post","link":"https:\/\/waracomunicaciones.com\/?p=970","title":{"rendered":"Municipio de Montero garantiza ampliaci\u00f3n del desayuno escolar por 12 d\u00edas m\u00e1s con recursos propios"},"content":{"rendered":"\n<figure class=\"wp-block-image size-full\"><img loading=\"lazy\" decoding=\"async\" width=\"1000\" height=\"571\" src=\"https:\/\/waracomunicaciones.com\/wp-content\/uploads\/2025\/10\/1761834039.webp\" alt=\"\" class=\"wp-image-971\" srcset=\"https:\/\/waracomunicaciones.com\/wp-content\/uploads\/2025\/10\/1761834039.webp 1000w, https:\/\/waracomunicaciones.com\/wp-content\/uploads\/2025\/10\/1761834039-300x171.webp 300w, https:\/\/waracomunicaciones.com\/wp-content\/uploads\/2025\/10\/1761834039-768x439.webp 768w\" sizes=\"auto, (max-width: 1000px) 100vw, 1000px\" \/><figcaption class=\"wp-element-caption\">Profesor Richard Vaca &#8211; Foto archivo<\/figcaption><\/figure>\n\n\n<p><strong><span lang=\"ES-MX\">Montero, Santa Cruz.<\/span><\/strong><span lang=\"ES-MX\"> \u2014 El director municipal de Educaci\u00f3n, <strong>profesor Richard Vaca<\/strong>, confirm\u00f3 que el <strong>Gobierno Aut\u00f3nomo Municipal de Montero<\/strong> ampliar\u00e1 la entrega del <strong>desayuno escolar<\/strong> por <strong>12 d\u00edas adicionales<\/strong>, gracias a una nueva licitaci\u00f3n financiada con <strong>recursos propios<\/strong> del municipio por un monto de <strong>Bs 1.048.000<\/strong>.<\/span><!--more--><\/p>\n<p><span lang=\"ES-MX\">La autoridad explic\u00f3 que la medida fue asumida ante la falta de desembolsos por parte de la <strong>Gobernaci\u00f3n de Santa Cruz<\/strong>, que deb\u00eda transferir <strong>Bs 600.000 correspondientes a la gesti\u00f3n 2024<\/strong>, monto que a\u00fan no ha sido cancelado.<\/span><\/p>\n<p><span lang=\"ES-MX\">\u201cEsta gesti\u00f3n 2025 la gobernaci\u00f3n no firm\u00f3 ning\u00fan acuerdo con ning\u00fan municipio del departamento. El compromiso pendiente es del 2024, que hasta ahora no se ha pagado\u201d, precis\u00f3 Vaca.<\/span><\/p>\n<h4><strong><span lang=\"ES-MX\" style=\"font-weight: normal;\">Ampliaci\u00f3n de 12 d\u00edas para los estudiantes<\/span><\/strong><\/h4>\n<p><span lang=\"ES-MX\">El nuevo contrato permitir\u00e1 extender la entrega de la alimentaci\u00f3n complementaria a los estudiantes montere\u00f1os, luego de haberse ejecutado por completo el presupuesto de <strong>Bs 11 millones<\/strong> asignado para esta gesti\u00f3n.<\/span><\/p>\n<p><span lang=\"ES-MX\">\u201cEn la nueva licitaci\u00f3n \u2013 SICOES, el presupuesto es un mill\u00f3n cuarenta y ocho mil bolivianos. Esto nos garantiza doce d\u00edas m\u00e1s de desayuno escolar para nuestros estudiantes\u201d, inform\u00f3 el director.<\/span><\/p>\n<p><span lang=\"ES-MX\">La <strong>\u00faltima entrega del actual contrato<\/strong> se realiz\u00f3 este <strong>29 de octubre<\/strong>, tras haberse cumplido los plazos de la segunda licitaci\u00f3n, que contemplaba <strong>49 d\u00edas de distribuci\u00f3n<\/strong>. Vaca record\u00f3 que la primera licitaci\u00f3n cubri\u00f3 <strong>70 d\u00edas<\/strong>, pero que las vacaciones prolongadas y factores clim\u00e1ticos ajustaron el calendario de entrega.<\/span><\/p>\n<p><span lang=\"ES-MX\">\u201cCon las lluvias fuertes del lunes pasado no hubo clases en varias unidades educativas, por eso reprogramamos esa entrega para hoy mi\u00e9rcoles 29, cumpliendo el contrato hasta el \u00faltimo d\u00eda\u201d, aclar\u00f3.<\/span><\/p>\n<h4><strong><span lang=\"ES-MX\" style=\"font-weight: normal;\">Licitaci\u00f3n y participaci\u00f3n empresarial<\/span><\/strong><\/h4>\n<p><span lang=\"ES-MX\">El proceso de licitaci\u00f3n para esta nueva ampliaci\u00f3n fue publicado en el <strong>SICOES<\/strong> la semana anterior. Sin embargo, <strong>solo una empresa, \u201cCatering Chiquitano\u201d<\/strong>, se present\u00f3 a la apertura de sobres, siendo la misma que ejecut\u00f3 el contrato anterior.<\/span><\/p>\n<p><span lang=\"ES-MX\">\u201cSe invit\u00f3 a diez empresas y tambi\u00e9n a empresarios montere\u00f1os, incluso panificadores, pero finalmente solo una present\u00f3 oferta. Queremos que el pr\u00f3ximo a\u00f1o las empresas locales participen m\u00e1s activamente\u201d, manifest\u00f3 Vaca.<\/span><\/p>\n<p><span lang=\"ES-MX\">El director explic\u00f3 que la licitaci\u00f3n se realiz\u00f3 <strong>por distritos<\/strong>, lo que permite agilizar la adjudicaci\u00f3n sin requerir aprobaci\u00f3n del <strong>Concejo Municipal<\/strong>, ya que cada contrato es menor a Bs 1 mill\u00f3n.<\/span><\/p>\n<p><span lang=\"ES-MX\">\u201cEsto no significa que no haya fiscalizaci\u00f3n. Los concejales pueden solicitar informes cuando lo consideren necesario, y nosotros remitimos toda la documentaci\u00f3n correspondiente\u201d, asegur\u00f3.<\/span><\/p>\n<h4><strong><span lang=\"ES-MX\" style=\"font-weight: normal;\">Presupuesto congelado frente a la inflaci\u00f3n<\/span><\/strong><\/h4>\n<p><span lang=\"ES-MX\">Consultado sobre el presupuesto anual del desayuno escolar, Baca se\u00f1al\u00f3 que desde 2024 el monto se mantiene en <strong>Bs 11 millones<\/strong>, cifra que tambi\u00e9n se prev\u00e9 para 2026.<br \/>Reconoci\u00f3 que este presupuesto se ha vuelto limitado ante el incremento de precios y la mayor cantidad de estudiantes.<\/span><\/p>\n<p><span lang=\"ES-MX\">\u201cSabemos que los costos de los alimentos han subido y que hay m\u00e1s alumnos. Sin embargo, con gesti\u00f3n y administraci\u00f3n responsable estamos logrando cumplir con toda la poblaci\u00f3n estudiantil\u201d, afirm\u00f3.<\/span><\/p>\n<h4><strong><span lang=\"ES-MX\" style=\"font-weight: normal;\">Compromiso con la alimentaci\u00f3n estudiantil<\/span><\/strong><\/h4>\n<p><span lang=\"ES-MX\">Finalmente, el funcionario destac\u00f3 el compromiso del alcalde <strong>Regys Medina<\/strong> con la continuidad del programa, pese a las dificultades econ\u00f3micas.<\/span><\/p>\n<p><span lang=\"ES-MX\">\u201cEl alcalde ha priorizado la alimentaci\u00f3n de los estudiantes. No podemos dejar a los ni\u00f1os sin desayuno escolar\u201d, concluy\u00f3 Vaca.<\/span><\/p><div style=\"margin-top: 0px; margin-bottom: 0px;\" class=\"sharethis-inline-reaction-buttons\" ><\/div>","protected":false},"excerpt":{"rendered":"<p>Montero, Santa Cruz. \u2014 El director municipal de Educaci\u00f3n, profesor Richard Vaca, confirm\u00f3 que el Gobierno Aut\u00f3nomo Municipal de Montero ampliar\u00e1 la entrega del desayuno escolar por 12 d\u00edas adicionales, gracias a una nueva licitaci\u00f3n financiada con recursos propios del municipio por un monto de Bs 1.048.000.<\/p>\n","protected":false},"author":1,"featured_media":0,"comment_status":"open","ping_status":"open","sticky":false,"template":"","format":"standard","meta":{"footnotes":""},"categories":[44],"tags":[73,19,246],"class_list":["post-970","post","type-post","status-publish","format-standard","hentry","category-educacion","tag-desayuno-escolar","tag-montero","tag-richard-vaca"],"yoast_head":"<!-- This site is optimized with the Yoast SEO Premium plugin v25.5 (Yoast SEO v27.1.1) - https:\/\/yoast.com\/product\/yoast-seo-premium-wordpress\/ -->\n<title>Municipio de Montero garantiza ampliaci\u00f3n del desayuno escolar por 12 d\u00edas m\u00e1s con recursos propios - Wara Comunicaciones<\/title>\n<meta name=\"robots\" content=\"index, follow, max-snippet:-1, max-image-preview:large, max-video-preview:-1\" \/>\n<link rel=\"canonical\" href=\"https:\/\/waracomunicaciones.com\/?p=970\" \/>\n<meta property=\"og:locale\" content=\"es_ES\" \/>\n<meta property=\"og:type\" content=\"article\" \/>\n<meta property=\"og:title\" content=\"Municipio de Montero garantiza ampliaci\u00f3n del desayuno escolar por 12 d\u00edas m\u00e1s con recursos propios\" \/>\n<meta property=\"og:description\" content=\"Montero, Santa Cruz. \u2014 El director municipal de Educaci\u00f3n, profesor Richard Vaca, confirm\u00f3 que el Gobierno Aut\u00f3nomo Municipal de Montero ampliar\u00e1 la entrega del desayuno escolar por 12 d\u00edas adicionales, gracias a una nueva licitaci\u00f3n financiada con recursos propios del municipio por un monto de Bs 1.048.000.\" \/>\n<meta property=\"og:url\" content=\"https:\/\/waracomunicaciones.com\/?p=970\" \/>\n<meta property=\"og:site_name\" content=\"Wara Comunicaciones\" \/>\n<meta property=\"article:publisher\" content=\"https:\/\/www.facebook.com\/waracomunicaciones2017\" \/>\n<meta property=\"article:published_time\" content=\"2025-10-30T14:25:26+00:00\" \/>\n<meta property=\"article:modified_time\" content=\"2025-10-30T14:25:27+00:00\" \/>\n<meta property=\"og:image\" content=\"https:\/\/waracomunicaciones.com\/wp-content\/uploads\/2025\/10\/1761834039.webp\" \/>\n\t<meta property=\"og:image:width\" content=\"1000\" \/>\n\t<meta property=\"og:image:height\" content=\"571\" \/>\n\t<meta property=\"og:image:type\" content=\"image\/webp\" \/>\n<meta name=\"author\" content=\"admin\" \/>\n<meta name=\"twitter:card\" content=\"summary_large_image\" \/>\n<meta name=\"twitter:label1\" content=\"Escrito por\" \/>\n\t<meta name=\"twitter:data1\" content=\"admin\" \/>\n\t<meta name=\"twitter:label2\" content=\"Tiempo de lectura\" \/>\n\t<meta name=\"twitter:data2\" content=\"3 minutos\" \/>\n<script type=\"application\/ld+json\" class=\"yoast-schema-graph\">{\"@context\":\"https:\/\/schema.org\",\"@graph\":[{\"@type\":\"Article\",\"@id\":\"https:\/\/waracomunicaciones.com\/?p=970#article\",\"isPartOf\":{\"@id\":\"https:\/\/waracomunicaciones.com\/?p=970\"},\"author\":{\"name\":\"admin\",\"@id\":\"https:\/\/waracomunicaciones.com\/#\/schema\/person\/e9db934bc91575cc71fe584c5973244a\"},\"headline\":\"Municipio de Montero garantiza ampliaci\u00f3n del desayuno escolar por 12 d\u00edas m\u00e1s con recursos propios\",\"datePublished\":\"2025-10-30T14:25:26+00:00\",\"dateModified\":\"2025-10-30T14:25:27+00:00\",\"mainEntityOfPage\":{\"@id\":\"https:\/\/waracomunicaciones.com\/?p=970\"},\"wordCount\":580,\"commentCount\":0,\"publisher\":{\"@id\":\"https:\/\/waracomunicaciones.com\/#organization\"},\"image\":{\"@id\":\"https:\/\/waracomunicaciones.com\/?p=970#primaryimage\"},\"thumbnailUrl\":\"https:\/\/waracomunicaciones.com\/wp-content\/uploads\/2025\/10\/1761834039.webp\",\"keywords\":[\"Desayuno Escolar\",\"Montero\",\"Richard Vaca\"],\"articleSection\":[\"Educaci\u00f3n\"],\"inLanguage\":\"es\",\"potentialAction\":[{\"@type\":\"CommentAction\",\"name\":\"Comment\",\"target\":[\"https:\/\/waracomunicaciones.com\/?p=970#respond\"]}]},{\"@type\":\"WebPage\",\"@id\":\"https:\/\/waracomunicaciones.com\/?p=970\",\"url\":\"https:\/\/waracomunicaciones.com\/?p=970\",\"name\":\"Municipio de Montero garantiza ampliaci\u00f3n del desayuno escolar por 12 d\u00edas m\u00e1s con recursos propios - Wara Comunicaciones\",\"isPartOf\":{\"@id\":\"https:\/\/waracomunicaciones.com\/#website\"},\"primaryImageOfPage\":{\"@id\":\"https:\/\/waracomunicaciones.com\/?p=970#primaryimage\"},\"image\":{\"@id\":\"https:\/\/waracomunicaciones.com\/?p=970#primaryimage\"},\"thumbnailUrl\":\"https:\/\/waracomunicaciones.com\/wp-content\/uploads\/2025\/10\/1761834039.webp\",\"datePublished\":\"2025-10-30T14:25:26+00:00\",\"dateModified\":\"2025-10-30T14:25:27+00:00\",\"breadcrumb\":{\"@id\":\"https:\/\/waracomunicaciones.com\/?p=970#breadcrumb\"},\"inLanguage\":\"es\",\"potentialAction\":[{\"@type\":\"ReadAction\",\"target\":[\"https:\/\/waracomunicaciones.com\/?p=970\"]}]},{\"@type\":\"ImageObject\",\"inLanguage\":\"es\",\"@id\":\"https:\/\/waracomunicaciones.com\/?p=970#primaryimage\",\"url\":\"https:\/\/waracomunicaciones.com\/wp-content\/uploads\/2025\/10\/1761834039.webp\",\"contentUrl\":\"https:\/\/waracomunicaciones.com\/wp-content\/uploads\/2025\/10\/1761834039.webp\",\"width\":1000,\"height\":571},{\"@type\":\"BreadcrumbList\",\"@id\":\"https:\/\/waracomunicaciones.com\/?p=970#breadcrumb\",\"itemListElement\":[{\"@type\":\"ListItem\",\"position\":1,\"name\":\"Portada\",\"item\":\"https:\/\/waracomunicaciones.com\/\"},{\"@type\":\"ListItem\",\"position\":2,\"name\":\"Municipio de Montero garantiza ampliaci\u00f3n del desayuno escolar por 12 d\u00edas m\u00e1s con recursos propios\"}]},{\"@type\":\"WebSite\",\"@id\":\"https:\/\/waracomunicaciones.com\/#website\",\"url\":\"https:\/\/waracomunicaciones.com\/\",\"name\":\"Wara Comunicaciones\",\"description\":\"\",\"publisher\":{\"@id\":\"https:\/\/waracomunicaciones.com\/#organization\"},\"potentialAction\":[{\"@type\":\"SearchAction\",\"target\":{\"@type\":\"EntryPoint\",\"urlTemplate\":\"https:\/\/waracomunicaciones.com\/?s={search_term_string}\"},\"query-input\":{\"@type\":\"PropertyValueSpecification\",\"valueRequired\":true,\"valueName\":\"search_term_string\"}}],\"inLanguage\":\"es\"},{\"@type\":\"Organization\",\"@id\":\"https:\/\/waracomunicaciones.com\/#organization\",\"name\":\"Wara Comunicaciones\",\"url\":\"https:\/\/waracomunicaciones.com\/\",\"logo\":{\"@type\":\"ImageObject\",\"inLanguage\":\"es\",\"@id\":\"https:\/\/waracomunicaciones.com\/#\/schema\/logo\/image\/\",\"url\":\"https:\/\/waracomunicaciones.com\/wp-content\/uploads\/2025\/07\/logo.png\",\"contentUrl\":\"https:\/\/waracomunicaciones.com\/wp-content\/uploads\/2025\/07\/logo.png\",\"width\":400,\"height\":164,\"caption\":\"Wara Comunicaciones\"},\"image\":{\"@id\":\"https:\/\/waracomunicaciones.com\/#\/schema\/logo\/image\/\"},\"sameAs\":[\"https:\/\/www.facebook.com\/waracomunicaciones2017\"]},{\"@type\":\"Person\",\"@id\":\"https:\/\/waracomunicaciones.com\/#\/schema\/person\/e9db934bc91575cc71fe584c5973244a\",\"name\":\"admin\",\"image\":{\"@type\":\"ImageObject\",\"inLanguage\":\"es\",\"@id\":\"https:\/\/waracomunicaciones.com\/#\/schema\/person\/image\/\",\"url\":\"https:\/\/secure.gravatar.com\/avatar\/bf27e9186df568254093afa216f887fece17605302c6ff12f3980422fffa52e6?s=96&d=mm&r=g\",\"contentUrl\":\"https:\/\/secure.gravatar.com\/avatar\/bf27e9186df568254093afa216f887fece17605302c6ff12f3980422fffa52e6?s=96&d=mm&r=g\",\"caption\":\"admin\"},\"sameAs\":[\"https:\/\/waracomunicaciones.com\/wp\"],\"url\":\"https:\/\/waracomunicaciones.com\/?author=1\"}]}<\/script>\n<!-- \/ Yoast SEO Premium plugin. -->","yoast_head_json":{"title":"Municipio de Montero garantiza ampliaci\u00f3n del desayuno escolar por 12 d\u00edas m\u00e1s con recursos propios - Wara Comunicaciones","robots":{"index":"index","follow":"follow","max-snippet":"max-snippet:-1","max-image-preview":"max-image-preview:large","max-video-preview":"max-video-preview:-1"},"canonical":"https:\/\/waracomunicaciones.com\/?p=970","og_locale":"es_ES","og_type":"article","og_title":"Municipio de Montero garantiza ampliaci\u00f3n del desayuno escolar por 12 d\u00edas m\u00e1s con recursos propios","og_description":"Montero, Santa Cruz. \u2014 El director municipal de Educaci\u00f3n, profesor Richard Vaca, confirm\u00f3 que el Gobierno Aut\u00f3nomo Municipal de Montero ampliar\u00e1 la entrega del desayuno escolar por 12 d\u00edas adicionales, gracias a una nueva licitaci\u00f3n financiada con recursos propios del municipio por un monto de Bs 1.048.000.","og_url":"https:\/\/waracomunicaciones.com\/?p=970","og_site_name":"Wara Comunicaciones","article_publisher":"https:\/\/www.facebook.com\/waracomunicaciones2017","article_published_time":"2025-10-30T14:25:26+00:00","article_modified_time":"2025-10-30T14:25:27+00:00","og_image":[{"width":1000,"height":571,"url":"https:\/\/waracomunicaciones.com\/wp-content\/uploads\/2025\/10\/1761834039.webp","type":"image\/webp"}],"author":"admin","twitter_card":"summary_large_image","twitter_misc":{"Escrito por":"admin","Tiempo de lectura":"3 minutos"},"schema":{"@context":"https:\/\/schema.org","@graph":[{"@type":"Article","@id":"https:\/\/waracomunicaciones.com\/?p=970#article","isPartOf":{"@id":"https:\/\/waracomunicaciones.com\/?p=970"},"author":{"name":"admin","@id":"https:\/\/waracomunicaciones.com\/#\/schema\/person\/e9db934bc91575cc71fe584c5973244a"},"headline":"Municipio de Montero garantiza ampliaci\u00f3n del desayuno escolar por 12 d\u00edas m\u00e1s con recursos propios","datePublished":"2025-10-30T14:25:26+00:00","dateModified":"2025-10-30T14:25:27+00:00","mainEntityOfPage":{"@id":"https:\/\/waracomunicaciones.com\/?p=970"},"wordCount":580,"commentCount":0,"publisher":{"@id":"https:\/\/waracomunicaciones.com\/#organization"},"image":{"@id":"https:\/\/waracomunicaciones.com\/?p=970#primaryimage"},"thumbnailUrl":"https:\/\/waracomunicaciones.com\/wp-content\/uploads\/2025\/10\/1761834039.webp","keywords":["Desayuno Escolar","Montero","Richard Vaca"],"articleSection":["Educaci\u00f3n"],"inLanguage":"es","potentialAction":[{"@type":"CommentAction","name":"Comment","target":["https:\/\/waracomunicaciones.com\/?p=970#respond"]}]},{"@type":"WebPage","@id":"https:\/\/waracomunicaciones.com\/?p=970","url":"https:\/\/waracomunicaciones.com\/?p=970","name":"Municipio de Montero garantiza ampliaci\u00f3n del desayuno escolar por 12 d\u00edas m\u00e1s con recursos propios - Wara Comunicaciones","isPartOf":{"@id":"https:\/\/waracomunicaciones.com\/#website"},"primaryImageOfPage":{"@id":"https:\/\/waracomunicaciones.com\/?p=970#primaryimage"},"image":{"@id":"https:\/\/waracomunicaciones.com\/?p=970#primaryimage"},"thumbnailUrl":"https:\/\/waracomunicaciones.com\/wp-content\/uploads\/2025\/10\/1761834039.webp","datePublished":"2025-10-30T14:25:26+00:00","dateModified":"2025-10-30T14:25:27+00:00","breadcrumb":{"@id":"https:\/\/waracomunicaciones.com\/?p=970#breadcrumb"},"inLanguage":"es","potentialAction":[{"@type":"ReadAction","target":["https:\/\/waracomunicaciones.com\/?p=970"]}]},{"@type":"ImageObject","inLanguage":"es","@id":"https:\/\/waracomunicaciones.com\/?p=970#primaryimage","url":"https:\/\/waracomunicaciones.com\/wp-content\/uploads\/2025\/10\/1761834039.webp","contentUrl":"https:\/\/waracomunicaciones.com\/wp-content\/uploads\/2025\/10\/1761834039.webp","width":1000,"height":571},{"@type":"BreadcrumbList","@id":"https:\/\/waracomunicaciones.com\/?p=970#breadcrumb","itemListElement":[{"@type":"ListItem","position":1,"name":"Portada","item":"https:\/\/waracomunicaciones.com\/"},{"@type":"ListItem","position":2,"name":"Municipio de Montero garantiza ampliaci\u00f3n del desayuno escolar por 12 d\u00edas m\u00e1s con recursos propios"}]},{"@type":"WebSite","@id":"https:\/\/waracomunicaciones.com\/#website","url":"https:\/\/waracomunicaciones.com\/","name":"Wara Comunicaciones","description":"","publisher":{"@id":"https:\/\/waracomunicaciones.com\/#organization"},"potentialAction":[{"@type":"SearchAction","target":{"@type":"EntryPoint","urlTemplate":"https:\/\/waracomunicaciones.com\/?s={search_term_string}"},"query-input":{"@type":"PropertyValueSpecification","valueRequired":true,"valueName":"search_term_string"}}],"inLanguage":"es"},{"@type":"Organization","@id":"https:\/\/waracomunicaciones.com\/#organization","name":"Wara Comunicaciones","url":"https:\/\/waracomunicaciones.com\/","logo":{"@type":"ImageObject","inLanguage":"es","@id":"https:\/\/waracomunicaciones.com\/#\/schema\/logo\/image\/","url":"https:\/\/waracomunicaciones.com\/wp-content\/uploads\/2025\/07\/logo.png","contentUrl":"https:\/\/waracomunicaciones.com\/wp-content\/uploads\/2025\/07\/logo.png","width":400,"height":164,"caption":"Wara Comunicaciones"},"image":{"@id":"https:\/\/waracomunicaciones.com\/#\/schema\/logo\/image\/"},"sameAs":["https:\/\/www.facebook.com\/waracomunicaciones2017"]},{"@type":"Person","@id":"https:\/\/waracomunicaciones.com\/#\/schema\/person\/e9db934bc91575cc71fe584c5973244a","name":"admin","image":{"@type":"ImageObject","inLanguage":"es","@id":"https:\/\/waracomunicaciones.com\/#\/schema\/person\/image\/","url":"https:\/\/secure.gravatar.com\/avatar\/bf27e9186df568254093afa216f887fece17605302c6ff12f3980422fffa52e6?s=96&d=mm&r=g","contentUrl":"https:\/\/secure.gravatar.com\/avatar\/bf27e9186df568254093afa216f887fece17605302c6ff12f3980422fffa52e6?s=96&d=mm&r=g","caption":"admin"},"sameAs":["https:\/\/waracomunicaciones.com\/wp"],"url":"https:\/\/waracomunicaciones.com\/?author=1"}]}},"_links":{"self":[{"href":"https:\/\/waracomunicaciones.com\/index.php?rest_route=\/wp\/v2\/posts\/970","targetHints":{"allow":["GET"]}}],"collection":[{"href":"https:\/\/waracomunicaciones.com\/index.php?rest_route=\/wp\/v2\/posts"}],"about":[{"href":"https:\/\/waracomunicaciones.com\/index.php?rest_route=\/wp\/v2\/types\/post"}],"author":[{"embeddable":true,"href":"https:\/\/waracomunicaciones.com\/index.php?rest_route=\/wp\/v2\/users\/1"}],"replies":[{"embeddable":true,"href":"https:\/\/waracomunicaciones.com\/index.php?rest_route=%2Fwp%2Fv2%2Fcomments&post=970"}],"version-history":[{"count":1,"href":"https:\/\/waracomunicaciones.com\/index.php?rest_route=\/wp\/v2\/posts\/970\/revisions"}],"predecessor-version":[{"id":972,"href":"https:\/\/waracomunicaciones.com\/index.php?rest_route=\/wp\/v2\/posts\/970\/revisions\/972"}],"wp:attachment":[{"href":"https:\/\/waracomunicaciones.com\/index.php?rest_route=%2Fwp%2Fv2%2Fmedia&parent=970"}],"wp:term":[{"taxonomy":"category","embeddable":true,"href":"https:\/\/waracomunicaciones.com\/index.php?rest_route=%2Fwp%2Fv2%2Fcategories&post=970"},{"taxonomy":"post_tag","embeddable":true,"href":"https:\/\/waracomunicaciones.com\/index.php?rest_route=%2Fwp%2Fv2%2Ftags&post=970"}],"curies":[{"name":"wp","href":"https:\/\/api.w.org\/{rel}","templated":true}]}}