{"id":960,"date":"2025-10-29T12:30:43","date_gmt":"2025-10-29T16:30:43","guid":{"rendered":"https:\/\/waracomunicaciones.com\/?p=960"},"modified":"2025-10-29T12:30:45","modified_gmt":"2025-10-29T16:30:45","slug":"yapacani-suspendio-la-entrega-del-desayuno-escolar-por-falta-de-desembolso-de-la-gobernacion","status":"publish","type":"post","link":"https:\/\/waracomunicaciones.com\/?p=960","title":{"rendered":"Yapacan\u00ed suspendi\u00f3 la entrega del desayuno escolar por falta de desembolso de la Gobernaci\u00f3n"},"content":{"rendered":"\n<figure class=\"wp-block-image size-full\"><img loading=\"lazy\" decoding=\"async\" width=\"1000\" height=\"750\" src=\"https:\/\/waracomunicaciones.com\/wp-content\/uploads\/2025\/10\/hhsajdsmsd.webp\" alt=\"\" class=\"wp-image-961\" srcset=\"https:\/\/waracomunicaciones.com\/wp-content\/uploads\/2025\/10\/hhsajdsmsd.webp 1000w, https:\/\/waracomunicaciones.com\/wp-content\/uploads\/2025\/10\/hhsajdsmsd-300x225.webp 300w, https:\/\/waracomunicaciones.com\/wp-content\/uploads\/2025\/10\/hhsajdsmsd-768x576.webp 768w\" sizes=\"auto, (max-width: 1000px) 100vw, 1000px\" \/><\/figure>\n\n\n<p><strong>Yapacan\u00ed, Santa Cruz.<\/strong> \u2014 El <strong>Director Municipal de Educaci\u00f3n del Gobierno Aut\u00f3nomo Municipal de Yapacan\u00ed<\/strong>, <strong>Lic. Pablo Flores<\/strong>, confirm\u00f3 que la entrega del <strong>desayuno escolar<\/strong> fue suspendida en el segundo semestre de la gesti\u00f3n 2025 debido a que la <strong>Gobernaci\u00f3n de Santa Cruz no realiz\u00f3 el desembolso comprometido<\/strong> como contraparte del programa de alimentaci\u00f3n complementaria escolar.<!--more--><\/p>\n<p>En entrevista con <em>Wara Comunicaciones<\/em>, Flores explic\u00f3 que la Gobernaci\u00f3n deb\u00eda transferir un monto aproximado de <strong>Bs 760.854<\/strong>, correspondiente al convenio suscrito en la gesti\u00f3n 2024, pero que <strong>no se efectu\u00f3 el desembolso durante 2025<\/strong>.<\/p>\n<p>\u201cNo se entreg\u00f3 este a\u00f1o la parte de la Gobernaci\u00f3n. El Gobierno Municipal cumpli\u00f3 con su presupuesto hasta el mes de junio o julio, y despu\u00e9s, al agotarse los recursos, tuvimos que suspender la entrega del desayuno escolar\u201d, detall\u00f3 la autoridad.<\/p>\n<p>El director se\u00f1al\u00f3 que el pasado <strong>viernes se recibi\u00f3 una nota oficial del Gobierno Departamental<\/strong> solicitando la conciliaci\u00f3n de saldos de la gesti\u00f3n 2024 y comunicando que el convenio anterior hab\u00eda perdido vigencia.<\/p>\n<p>\u201cLa nota indica que el convenio firmado para 2025 perdi\u00f3 vigencia, por lo tanto, el Concejo Municipal deber\u00e1 autorizarnos para enviar la nueva documentaci\u00f3n y firmar el convenio correspondiente para la gesti\u00f3n 2025-2026\u201d, explic\u00f3 Flores.<\/p>\n<p><strong>Gestiones para garantizar la pr\u00f3xima gesti\u00f3n escolar<\/strong><\/p>\n<p>Seg\u00fan el Director Municipal de Educaci\u00f3n, actualmente se est\u00e1n realizando las <strong>gestiones administrativas necesarias<\/strong> para formalizar el nuevo convenio con la Gobernaci\u00f3n y garantizar la provisi\u00f3n del desayuno escolar en la <strong>gesti\u00f3n 2026<\/strong>, que beneficiar\u00e1 a <strong>9.650 estudiantes de nivel inicial y primario<\/strong> en el municipio.<\/p>\n<p>Flores expres\u00f3 su esperanza de que, en la pr\u00f3xima gesti\u00f3n, la Gobernaci\u00f3n <strong>no solo cumpla con el monto anterior<\/strong>, sino que <strong>considere un incremento<\/strong>, dado el <strong>crecimiento de la poblaci\u00f3n estudiantil<\/strong> en Yapacan\u00ed.<\/p>\n<p>\u201cEsperamos que se mantenga o se incremente el apoyo, porque cada a\u00f1o hay m\u00e1s estudiantes y debemos asegurar este beneficio\u201d, sostuvo.<\/p>\n<p><strong>Compromiso municipal<\/strong><\/p>\n<p>Mientras tanto, el Gobierno Municipal de Yapacan\u00ed reiter\u00f3 su <strong>compromiso con la educaci\u00f3n y la alimentaci\u00f3n escolar<\/strong>, asumiendo con recursos propios parte del presupuesto para que el programa se ejecute durante la mayor parte del a\u00f1o, pese a las limitaciones financieras.<\/p>\n<p>\u201cSeguiremos trabajando para que nuestros estudiantes no se queden sin desayuno escolar\u201d, concluy\u00f3 el director Pablo Flores.<\/p>\n\n\n<figure class=\"wp-block-image size-full\"><img loading=\"lazy\" decoding=\"async\" width=\"607\" height=\"843\" src=\"https:\/\/waracomunicaciones.com\/wp-content\/uploads\/2025\/10\/puriitaaa.webp\" alt=\"\" class=\"wp-image-962\" srcset=\"https:\/\/waracomunicaciones.com\/wp-content\/uploads\/2025\/10\/puriitaaa.webp 607w, https:\/\/waracomunicaciones.com\/wp-content\/uploads\/2025\/10\/puriitaaa-216x300.webp 216w\" sizes=\"auto, (max-width: 607px) 100vw, 607px\" \/><\/figure>\n<div style=\"margin-top: 0px; margin-bottom: 0px;\" class=\"sharethis-inline-reaction-buttons\" ><\/div>","protected":false},"excerpt":{"rendered":"<p>Yapacan\u00ed, Santa Cruz. \u2014 El Director Municipal de Educaci\u00f3n del Gobierno Aut\u00f3nomo Municipal de Yapacan\u00ed, Lic. Pablo Flores, confirm\u00f3 que la entrega del desayuno escolar fue suspendida en el segundo semestre de la gesti\u00f3n 2025 debido a que la Gobernaci\u00f3n de Santa Cruz no realiz\u00f3 el desembolso comprometido como contraparte del programa de alimentaci\u00f3n complementaria [&hellip;]<\/p>\n","protected":false},"author":1,"featured_media":0,"comment_status":"open","ping_status":"open","sticky":false,"template":"","format":"standard","meta":{"footnotes":""},"categories":[44],"tags":[73,163],"class_list":["post-960","post","type-post","status-publish","format-standard","hentry","category-educacion","tag-desayuno-escolar","tag-yapacani-2"],"yoast_head":"<!-- This site is optimized with the Yoast SEO Premium plugin v25.5 (Yoast SEO v27.1.1) - https:\/\/yoast.com\/product\/yoast-seo-premium-wordpress\/ -->\n<title>Yapacan\u00ed suspendi\u00f3 la entrega del desayuno escolar por falta de desembolso de la Gobernaci\u00f3n - Wara Comunicaciones<\/title>\n<meta name=\"robots\" content=\"index, follow, max-snippet:-1, max-image-preview:large, max-video-preview:-1\" \/>\n<link rel=\"canonical\" href=\"https:\/\/waracomunicaciones.com\/?p=960\" \/>\n<meta property=\"og:locale\" content=\"es_ES\" \/>\n<meta property=\"og:type\" content=\"article\" \/>\n<meta property=\"og:title\" content=\"Yapacan\u00ed suspendi\u00f3 la entrega del desayuno escolar por falta de desembolso de la Gobernaci\u00f3n\" \/>\n<meta property=\"og:description\" content=\"Yapacan\u00ed, Santa Cruz. \u2014 El Director Municipal de Educaci\u00f3n del Gobierno Aut\u00f3nomo Municipal de Yapacan\u00ed, Lic. Pablo Flores, confirm\u00f3 que la entrega del desayuno escolar fue suspendida en el segundo semestre de la gesti\u00f3n 2025 debido a que la Gobernaci\u00f3n de Santa Cruz no realiz\u00f3 el desembolso comprometido como contraparte del programa de alimentaci\u00f3n complementaria [&hellip;]\" \/>\n<meta property=\"og:url\" content=\"https:\/\/waracomunicaciones.com\/?p=960\" \/>\n<meta property=\"og:site_name\" content=\"Wara Comunicaciones\" \/>\n<meta property=\"article:publisher\" content=\"https:\/\/www.facebook.com\/waracomunicaciones2017\" \/>\n<meta property=\"article:published_time\" content=\"2025-10-29T16:30:43+00:00\" \/>\n<meta property=\"article:modified_time\" content=\"2025-10-29T16:30:45+00:00\" \/>\n<meta property=\"og:image\" content=\"https:\/\/waracomunicaciones.com\/wp-content\/uploads\/2025\/10\/hhsajdsmsd.webp\" \/>\n\t<meta property=\"og:image:width\" content=\"1000\" \/>\n\t<meta property=\"og:image:height\" content=\"750\" \/>\n\t<meta property=\"og:image:type\" content=\"image\/webp\" \/>\n<meta name=\"author\" content=\"admin\" \/>\n<meta name=\"twitter:card\" content=\"summary_large_image\" \/>\n<meta name=\"twitter:label1\" content=\"Escrito por\" \/>\n\t<meta name=\"twitter:data1\" content=\"admin\" \/>\n\t<meta name=\"twitter:label2\" content=\"Tiempo de lectura\" \/>\n\t<meta name=\"twitter:data2\" content=\"3 minutos\" \/>\n<script type=\"application\/ld+json\" class=\"yoast-schema-graph\">{\"@context\":\"https:\/\/schema.org\",\"@graph\":[{\"@type\":\"Article\",\"@id\":\"https:\/\/waracomunicaciones.com\/?p=960#article\",\"isPartOf\":{\"@id\":\"https:\/\/waracomunicaciones.com\/?p=960\"},\"author\":{\"name\":\"admin\",\"@id\":\"https:\/\/waracomunicaciones.com\/#\/schema\/person\/e9db934bc91575cc71fe584c5973244a\"},\"headline\":\"Yapacan\u00ed suspendi\u00f3 la entrega del desayuno escolar por falta de desembolso de la Gobernaci\u00f3n\",\"datePublished\":\"2025-10-29T16:30:43+00:00\",\"dateModified\":\"2025-10-29T16:30:45+00:00\",\"mainEntityOfPage\":{\"@id\":\"https:\/\/waracomunicaciones.com\/?p=960\"},\"wordCount\":407,\"commentCount\":0,\"publisher\":{\"@id\":\"https:\/\/waracomunicaciones.com\/#organization\"},\"image\":{\"@id\":\"https:\/\/waracomunicaciones.com\/?p=960#primaryimage\"},\"thumbnailUrl\":\"https:\/\/waracomunicaciones.com\/wp-content\/uploads\/2025\/10\/hhsajdsmsd.webp\",\"keywords\":[\"Desayuno Escolar\",\"Yapacan\u00ed\"],\"articleSection\":[\"Educaci\u00f3n\"],\"inLanguage\":\"es\",\"potentialAction\":[{\"@type\":\"CommentAction\",\"name\":\"Comment\",\"target\":[\"https:\/\/waracomunicaciones.com\/?p=960#respond\"]}]},{\"@type\":\"WebPage\",\"@id\":\"https:\/\/waracomunicaciones.com\/?p=960\",\"url\":\"https:\/\/waracomunicaciones.com\/?p=960\",\"name\":\"Yapacan\u00ed suspendi\u00f3 la entrega del desayuno escolar por falta de desembolso de la Gobernaci\u00f3n - Wara Comunicaciones\",\"isPartOf\":{\"@id\":\"https:\/\/waracomunicaciones.com\/#website\"},\"primaryImageOfPage\":{\"@id\":\"https:\/\/waracomunicaciones.com\/?p=960#primaryimage\"},\"image\":{\"@id\":\"https:\/\/waracomunicaciones.com\/?p=960#primaryimage\"},\"thumbnailUrl\":\"https:\/\/waracomunicaciones.com\/wp-content\/uploads\/2025\/10\/hhsajdsmsd.webp\",\"datePublished\":\"2025-10-29T16:30:43+00:00\",\"dateModified\":\"2025-10-29T16:30:45+00:00\",\"breadcrumb\":{\"@id\":\"https:\/\/waracomunicaciones.com\/?p=960#breadcrumb\"},\"inLanguage\":\"es\",\"potentialAction\":[{\"@type\":\"ReadAction\",\"target\":[\"https:\/\/waracomunicaciones.com\/?p=960\"]}]},{\"@type\":\"ImageObject\",\"inLanguage\":\"es\",\"@id\":\"https:\/\/waracomunicaciones.com\/?p=960#primaryimage\",\"url\":\"https:\/\/waracomunicaciones.com\/wp-content\/uploads\/2025\/10\/hhsajdsmsd.webp\",\"contentUrl\":\"https:\/\/waracomunicaciones.com\/wp-content\/uploads\/2025\/10\/hhsajdsmsd.webp\",\"width\":1000,\"height\":750},{\"@type\":\"BreadcrumbList\",\"@id\":\"https:\/\/waracomunicaciones.com\/?p=960#breadcrumb\",\"itemListElement\":[{\"@type\":\"ListItem\",\"position\":1,\"name\":\"Portada\",\"item\":\"https:\/\/waracomunicaciones.com\/\"},{\"@type\":\"ListItem\",\"position\":2,\"name\":\"Yapacan\u00ed suspendi\u00f3 la entrega del desayuno escolar por falta de desembolso de la Gobernaci\u00f3n\"}]},{\"@type\":\"WebSite\",\"@id\":\"https:\/\/waracomunicaciones.com\/#website\",\"url\":\"https:\/\/waracomunicaciones.com\/\",\"name\":\"Wara Comunicaciones\",\"description\":\"\",\"publisher\":{\"@id\":\"https:\/\/waracomunicaciones.com\/#organization\"},\"potentialAction\":[{\"@type\":\"SearchAction\",\"target\":{\"@type\":\"EntryPoint\",\"urlTemplate\":\"https:\/\/waracomunicaciones.com\/?s={search_term_string}\"},\"query-input\":{\"@type\":\"PropertyValueSpecification\",\"valueRequired\":true,\"valueName\":\"search_term_string\"}}],\"inLanguage\":\"es\"},{\"@type\":\"Organization\",\"@id\":\"https:\/\/waracomunicaciones.com\/#organization\",\"name\":\"Wara Comunicaciones\",\"url\":\"https:\/\/waracomunicaciones.com\/\",\"logo\":{\"@type\":\"ImageObject\",\"inLanguage\":\"es\",\"@id\":\"https:\/\/waracomunicaciones.com\/#\/schema\/logo\/image\/\",\"url\":\"https:\/\/waracomunicaciones.com\/wp-content\/uploads\/2025\/07\/logo.png\",\"contentUrl\":\"https:\/\/waracomunicaciones.com\/wp-content\/uploads\/2025\/07\/logo.png\",\"width\":400,\"height\":164,\"caption\":\"Wara Comunicaciones\"},\"image\":{\"@id\":\"https:\/\/waracomunicaciones.com\/#\/schema\/logo\/image\/\"},\"sameAs\":[\"https:\/\/www.facebook.com\/waracomunicaciones2017\"]},{\"@type\":\"Person\",\"@id\":\"https:\/\/waracomunicaciones.com\/#\/schema\/person\/e9db934bc91575cc71fe584c5973244a\",\"name\":\"admin\",\"image\":{\"@type\":\"ImageObject\",\"inLanguage\":\"es\",\"@id\":\"https:\/\/waracomunicaciones.com\/#\/schema\/person\/image\/\",\"url\":\"https:\/\/secure.gravatar.com\/avatar\/bf27e9186df568254093afa216f887fece17605302c6ff12f3980422fffa52e6?s=96&d=mm&r=g\",\"contentUrl\":\"https:\/\/secure.gravatar.com\/avatar\/bf27e9186df568254093afa216f887fece17605302c6ff12f3980422fffa52e6?s=96&d=mm&r=g\",\"caption\":\"admin\"},\"sameAs\":[\"https:\/\/waracomunicaciones.com\/wp\"],\"url\":\"https:\/\/waracomunicaciones.com\/?author=1\"}]}<\/script>\n<!-- \/ Yoast SEO Premium plugin. -->","yoast_head_json":{"title":"Yapacan\u00ed suspendi\u00f3 la entrega del desayuno escolar por falta de desembolso de la Gobernaci\u00f3n - Wara Comunicaciones","robots":{"index":"index","follow":"follow","max-snippet":"max-snippet:-1","max-image-preview":"max-image-preview:large","max-video-preview":"max-video-preview:-1"},"canonical":"https:\/\/waracomunicaciones.com\/?p=960","og_locale":"es_ES","og_type":"article","og_title":"Yapacan\u00ed suspendi\u00f3 la entrega del desayuno escolar por falta de desembolso de la Gobernaci\u00f3n","og_description":"Yapacan\u00ed, Santa Cruz. \u2014 El Director Municipal de Educaci\u00f3n del Gobierno Aut\u00f3nomo Municipal de Yapacan\u00ed, Lic. Pablo Flores, confirm\u00f3 que la entrega del desayuno escolar fue suspendida en el segundo semestre de la gesti\u00f3n 2025 debido a que la Gobernaci\u00f3n de Santa Cruz no realiz\u00f3 el desembolso comprometido como contraparte del programa de alimentaci\u00f3n complementaria [&hellip;]","og_url":"https:\/\/waracomunicaciones.com\/?p=960","og_site_name":"Wara Comunicaciones","article_publisher":"https:\/\/www.facebook.com\/waracomunicaciones2017","article_published_time":"2025-10-29T16:30:43+00:00","article_modified_time":"2025-10-29T16:30:45+00:00","og_image":[{"width":1000,"height":750,"url":"https:\/\/waracomunicaciones.com\/wp-content\/uploads\/2025\/10\/hhsajdsmsd.webp","type":"image\/webp"}],"author":"admin","twitter_card":"summary_large_image","twitter_misc":{"Escrito por":"admin","Tiempo de lectura":"3 minutos"},"schema":{"@context":"https:\/\/schema.org","@graph":[{"@type":"Article","@id":"https:\/\/waracomunicaciones.com\/?p=960#article","isPartOf":{"@id":"https:\/\/waracomunicaciones.com\/?p=960"},"author":{"name":"admin","@id":"https:\/\/waracomunicaciones.com\/#\/schema\/person\/e9db934bc91575cc71fe584c5973244a"},"headline":"Yapacan\u00ed suspendi\u00f3 la entrega del desayuno escolar por falta de desembolso de la Gobernaci\u00f3n","datePublished":"2025-10-29T16:30:43+00:00","dateModified":"2025-10-29T16:30:45+00:00","mainEntityOfPage":{"@id":"https:\/\/waracomunicaciones.com\/?p=960"},"wordCount":407,"commentCount":0,"publisher":{"@id":"https:\/\/waracomunicaciones.com\/#organization"},"image":{"@id":"https:\/\/waracomunicaciones.com\/?p=960#primaryimage"},"thumbnailUrl":"https:\/\/waracomunicaciones.com\/wp-content\/uploads\/2025\/10\/hhsajdsmsd.webp","keywords":["Desayuno Escolar","Yapacan\u00ed"],"articleSection":["Educaci\u00f3n"],"inLanguage":"es","potentialAction":[{"@type":"CommentAction","name":"Comment","target":["https:\/\/waracomunicaciones.com\/?p=960#respond"]}]},{"@type":"WebPage","@id":"https:\/\/waracomunicaciones.com\/?p=960","url":"https:\/\/waracomunicaciones.com\/?p=960","name":"Yapacan\u00ed suspendi\u00f3 la entrega del desayuno escolar por falta de desembolso de la Gobernaci\u00f3n - Wara Comunicaciones","isPartOf":{"@id":"https:\/\/waracomunicaciones.com\/#website"},"primaryImageOfPage":{"@id":"https:\/\/waracomunicaciones.com\/?p=960#primaryimage"},"image":{"@id":"https:\/\/waracomunicaciones.com\/?p=960#primaryimage"},"thumbnailUrl":"https:\/\/waracomunicaciones.com\/wp-content\/uploads\/2025\/10\/hhsajdsmsd.webp","datePublished":"2025-10-29T16:30:43+00:00","dateModified":"2025-10-29T16:30:45+00:00","breadcrumb":{"@id":"https:\/\/waracomunicaciones.com\/?p=960#breadcrumb"},"inLanguage":"es","potentialAction":[{"@type":"ReadAction","target":["https:\/\/waracomunicaciones.com\/?p=960"]}]},{"@type":"ImageObject","inLanguage":"es","@id":"https:\/\/waracomunicaciones.com\/?p=960#primaryimage","url":"https:\/\/waracomunicaciones.com\/wp-content\/uploads\/2025\/10\/hhsajdsmsd.webp","contentUrl":"https:\/\/waracomunicaciones.com\/wp-content\/uploads\/2025\/10\/hhsajdsmsd.webp","width":1000,"height":750},{"@type":"BreadcrumbList","@id":"https:\/\/waracomunicaciones.com\/?p=960#breadcrumb","itemListElement":[{"@type":"ListItem","position":1,"name":"Portada","item":"https:\/\/waracomunicaciones.com\/"},{"@type":"ListItem","position":2,"name":"Yapacan\u00ed suspendi\u00f3 la entrega del desayuno escolar por falta de desembolso de la Gobernaci\u00f3n"}]},{"@type":"WebSite","@id":"https:\/\/waracomunicaciones.com\/#website","url":"https:\/\/waracomunicaciones.com\/","name":"Wara Comunicaciones","description":"","publisher":{"@id":"https:\/\/waracomunicaciones.com\/#organization"},"potentialAction":[{"@type":"SearchAction","target":{"@type":"EntryPoint","urlTemplate":"https:\/\/waracomunicaciones.com\/?s={search_term_string}"},"query-input":{"@type":"PropertyValueSpecification","valueRequired":true,"valueName":"search_term_string"}}],"inLanguage":"es"},{"@type":"Organization","@id":"https:\/\/waracomunicaciones.com\/#organization","name":"Wara Comunicaciones","url":"https:\/\/waracomunicaciones.com\/","logo":{"@type":"ImageObject","inLanguage":"es","@id":"https:\/\/waracomunicaciones.com\/#\/schema\/logo\/image\/","url":"https:\/\/waracomunicaciones.com\/wp-content\/uploads\/2025\/07\/logo.png","contentUrl":"https:\/\/waracomunicaciones.com\/wp-content\/uploads\/2025\/07\/logo.png","width":400,"height":164,"caption":"Wara Comunicaciones"},"image":{"@id":"https:\/\/waracomunicaciones.com\/#\/schema\/logo\/image\/"},"sameAs":["https:\/\/www.facebook.com\/waracomunicaciones2017"]},{"@type":"Person","@id":"https:\/\/waracomunicaciones.com\/#\/schema\/person\/e9db934bc91575cc71fe584c5973244a","name":"admin","image":{"@type":"ImageObject","inLanguage":"es","@id":"https:\/\/waracomunicaciones.com\/#\/schema\/person\/image\/","url":"https:\/\/secure.gravatar.com\/avatar\/bf27e9186df568254093afa216f887fece17605302c6ff12f3980422fffa52e6?s=96&d=mm&r=g","contentUrl":"https:\/\/secure.gravatar.com\/avatar\/bf27e9186df568254093afa216f887fece17605302c6ff12f3980422fffa52e6?s=96&d=mm&r=g","caption":"admin"},"sameAs":["https:\/\/waracomunicaciones.com\/wp"],"url":"https:\/\/waracomunicaciones.com\/?author=1"}]}},"_links":{"self":[{"href":"https:\/\/waracomunicaciones.com\/index.php?rest_route=\/wp\/v2\/posts\/960","targetHints":{"allow":["GET"]}}],"collection":[{"href":"https:\/\/waracomunicaciones.com\/index.php?rest_route=\/wp\/v2\/posts"}],"about":[{"href":"https:\/\/waracomunicaciones.com\/index.php?rest_route=\/wp\/v2\/types\/post"}],"author":[{"embeddable":true,"href":"https:\/\/waracomunicaciones.com\/index.php?rest_route=\/wp\/v2\/users\/1"}],"replies":[{"embeddable":true,"href":"https:\/\/waracomunicaciones.com\/index.php?rest_route=%2Fwp%2Fv2%2Fcomments&post=960"}],"version-history":[{"count":1,"href":"https:\/\/waracomunicaciones.com\/index.php?rest_route=\/wp\/v2\/posts\/960\/revisions"}],"predecessor-version":[{"id":963,"href":"https:\/\/waracomunicaciones.com\/index.php?rest_route=\/wp\/v2\/posts\/960\/revisions\/963"}],"wp:attachment":[{"href":"https:\/\/waracomunicaciones.com\/index.php?rest_route=%2Fwp%2Fv2%2Fmedia&parent=960"}],"wp:term":[{"taxonomy":"category","embeddable":true,"href":"https:\/\/waracomunicaciones.com\/index.php?rest_route=%2Fwp%2Fv2%2Fcategories&post=960"},{"taxonomy":"post_tag","embeddable":true,"href":"https:\/\/waracomunicaciones.com\/index.php?rest_route=%2Fwp%2Fv2%2Ftags&post=960"}],"curies":[{"name":"wp","href":"https:\/\/api.w.org\/{rel}","templated":true}]}}