{"id":96,"date":"2025-07-22T12:57:46","date_gmt":"2025-07-22T16:57:46","guid":{"rendered":"https:\/\/waracomunicaciones.com\/wp\/?p=96"},"modified":"2025-07-24T01:15:58","modified_gmt":"2025-07-24T05:15:58","slug":"maico-moreno-destaca-masiva-caravana-en-el-norte-integrado-en-respaldo-a-tuto-quiroga","status":"publish","type":"post","link":"https:\/\/waracomunicaciones.com\/?p=96","title":{"rendered":"Maico Moreno destaca masiva caravana en el Norte Integrado en respaldo a Tuto Quiroga"},"content":{"rendered":"\n<figure class=\"wp-block-image size-full\"><img loading=\"lazy\" decoding=\"async\" width=\"750\" height=\"500\" src=\"https:\/\/waracomunicaciones.com\/wp\/wp-content\/uploads\/2025\/07\/tutooo.webp\" alt=\"\" class=\"wp-image-97\" srcset=\"https:\/\/waracomunicaciones.com\/wp-content\/uploads\/2025\/07\/tutooo.webp 750w, https:\/\/waracomunicaciones.com\/wp-content\/uploads\/2025\/07\/tutooo-300x200.webp 300w\" sizes=\"auto, (max-width: 750px) 100vw, 750px\" \/><\/figure>\n\n\n<div class=\"itemIntroText\">\n<p><em><i>Santa Cruz<\/i><\/em>\u00a0\u2014 El candidato a diputado por la circunscripci\u00f3n 57 por la Alianza Libre, Maico Moreno Vaca, inform\u00f3 este lunes sobre el \u00e9xito de la caravana \u201cPor la Libertad y la Democracia\u201d realizada el pasado fin de semana, la cual recorri\u00f3 diferentes municipios del Norte Integrado en respaldo a la candidatura presidencial de Jorge \u00abTuto\u00bb Quiroga.<\/p>\n<\/div>\n<p><!--more--><\/p>\n<div class=\"itemFullText\">\n<p>En contacto con Wara Comunicaciones, Moreno relat\u00f3 que la caravana parti\u00f3 desde Ciudad Sat\u00e9lite, pas\u00f3 por Warnes, Montero, Portachuelo y Buenavista, y aunque se ten\u00eda previsto llegar tambi\u00e9n a San Carlos y Yapacan\u00ed, el itinerario fue modificado debido a compromisos previos del candidato presidencial. \u201cFue una verdadera fiesta democr\u00e1tica. En cada municipio, la gente sali\u00f3 a saludar a Tuto, a compartir con \u00e9l, a tomarse fotos. En Montero incluso lo recibieron con ca\u00f1a de az\u00facar, som\u00f3, picol\u00e9s, m\u00fasica y danzas t\u00edpicas. Fue muy emotivo\u201d, expres\u00f3.<\/p>\n<p>Moreno destac\u00f3 que Quiroga recorri\u00f3 parte del trayecto en motocicleta junto a mototaxistas que se sumaron espont\u00e1neamente a la caravana. \u201cLa plaza principal de Montero estuvo repleta, fue una muestra clara del respaldo de la poblaci\u00f3n a nuestro proyecto pol\u00edtico\u201d, a\u00f1adi\u00f3.<\/p>\n<p>En Portachuelo, al candidato se le ofrecieron productos t\u00edpicos de la zona, como bizcochuelos y la tradicional salchicha. En Buenavista, fue homenajeado con caf\u00e9 local y hasta una canci\u00f3n compuesta especialmente para \u00e9l. \u201cTuto se fue muy emocionado. El cari\u00f1o de la gente fue impresionante\u201d, dijo Moreno, quien asumi\u00f3 el compromiso de visitar pr\u00f3ximamente los municipios que no pudieron ser incluidos en esta primera caravana.<\/p>\n<p>Durante la entrevista, tambi\u00e9n se refiri\u00f3 al foro-debate presidencial transmitido por UNITEL, destacando la participaci\u00f3n de Quiroga. \u201cTuto Quiroga no se centr\u00f3 en ataques personales, sino en propuestas concretas. Habl\u00f3 de estabilidad econ\u00f3mica, de un plan para traer combustible, de un cr\u00e9dito internacional que permita reactivar la econom\u00eda y crear 750 mil empleos en cinco a\u00f1os\u201d, explic\u00f3.<\/p>\n<p>Moreno critic\u00f3 la situaci\u00f3n econ\u00f3mica actual, se\u00f1alando que \u201cno hay d\u00f3lares, no hay oro, no hay reservas, no hay combustible. El gobierno del MAS nos deja una crisis profunda que se agravar\u00e1 a\u00fan m\u00e1s en los pr\u00f3ximos meses\u201d.<\/p>\n<p>En cuanto a su agenda de campa\u00f1a, anunci\u00f3 que este lunes sostendr\u00e1 un acto en la Universidad Finor de Montero, donde se formalizar\u00e1 el apoyo de un comit\u00e9 estudiantil a su candidatura y al proyecto de la Alianza Libre. \u201cLos j\u00f3venes se est\u00e1n sumando porque entienden que el cambio es urgente y que tenemos las propuestas m\u00e1s serias\u201d, afirm\u00f3.<\/p>\n<p>Finalmente, el candidato cerr\u00f3 con un mensaje a la ciudadan\u00eda: \u201cEste 17 de agosto tenemos una oportunidad hist\u00f3rica de recuperar Bolivia. Una Bolivia libre, con empleo, con justicia, y con un futuro digno para todos. Tuto Quiroga es la garant\u00eda de ese cambio\u201d.<\/p>\n<\/div><div style=\"margin-top: 0px; margin-bottom: 0px;\" class=\"sharethis-inline-reaction-buttons\" ><\/div>","protected":false},"excerpt":{"rendered":"<p>Santa Cruz\u00a0\u2014 El candidato a diputado por la circunscripci\u00f3n 57 por la Alianza Libre, Maico Moreno Vaca, inform\u00f3 este lunes sobre el \u00e9xito de la caravana \u201cPor la Libertad y la Democracia\u201d realizada el pasado fin de semana, la cual recorri\u00f3 diferentes municipios del Norte Integrado en respaldo a la candidatura presidencial de Jorge \u00abTuto\u00bb [&hellip;]<\/p>\n","protected":false},"author":1,"featured_media":97,"comment_status":"open","ping_status":"open","sticky":false,"template":"","format":"standard","meta":{"footnotes":""},"categories":[42],"tags":[31,11,28],"class_list":["post-96","post","type-post","status-publish","format-standard","has-post-thumbnail","hentry","category-politica","tag-alianza-libre","tag-elecciones-nacionales-2025","tag-maico-moreno-vaca"],"yoast_head":"<!-- This site is optimized with the Yoast SEO Premium plugin v25.5 (Yoast SEO v27.1.1) - https:\/\/yoast.com\/product\/yoast-seo-premium-wordpress\/ -->\n<title>Maico Moreno destaca masiva caravana en el Norte Integrado en respaldo a Tuto Quiroga - Wara Comunicaciones<\/title>\n<meta name=\"robots\" content=\"index, follow, max-snippet:-1, max-image-preview:large, max-video-preview:-1\" \/>\n<link rel=\"canonical\" href=\"https:\/\/waracomunicaciones.com\/?p=96\" \/>\n<meta property=\"og:locale\" content=\"es_ES\" \/>\n<meta property=\"og:type\" content=\"article\" \/>\n<meta property=\"og:title\" content=\"Maico Moreno destaca masiva caravana en el Norte Integrado en respaldo a Tuto Quiroga\" \/>\n<meta property=\"og:description\" content=\"Santa Cruz\u00a0\u2014 El candidato a diputado por la circunscripci\u00f3n 57 por la Alianza Libre, Maico Moreno Vaca, inform\u00f3 este lunes sobre el \u00e9xito de la caravana \u201cPor la Libertad y la Democracia\u201d realizada el pasado fin de semana, la cual recorri\u00f3 diferentes municipios del Norte Integrado en respaldo a la candidatura presidencial de Jorge \u00abTuto\u00bb [&hellip;]\" \/>\n<meta property=\"og:url\" content=\"https:\/\/waracomunicaciones.com\/?p=96\" \/>\n<meta property=\"og:site_name\" content=\"Wara Comunicaciones\" \/>\n<meta property=\"article:publisher\" content=\"https:\/\/www.facebook.com\/waracomunicaciones2017\" \/>\n<meta property=\"article:published_time\" content=\"2025-07-22T16:57:46+00:00\" \/>\n<meta property=\"article:modified_time\" content=\"2025-07-24T05:15:58+00:00\" \/>\n<meta property=\"og:image\" content=\"https:\/\/waracomunicaciones.com\/wp-content\/uploads\/2025\/07\/tutooo.webp\" \/>\n\t<meta property=\"og:image:width\" content=\"750\" \/>\n\t<meta property=\"og:image:height\" content=\"500\" \/>\n\t<meta property=\"og:image:type\" content=\"image\/webp\" \/>\n<meta name=\"author\" content=\"admin\" \/>\n<meta name=\"twitter:card\" content=\"summary_large_image\" \/>\n<meta name=\"twitter:label1\" content=\"Escrito por\" \/>\n\t<meta name=\"twitter:data1\" content=\"admin\" \/>\n\t<meta name=\"twitter:label2\" content=\"Tiempo de lectura\" \/>\n\t<meta name=\"twitter:data2\" content=\"2 minutos\" \/>\n<script type=\"application\/ld+json\" class=\"yoast-schema-graph\">{\"@context\":\"https:\/\/schema.org\",\"@graph\":[{\"@type\":\"Article\",\"@id\":\"https:\/\/waracomunicaciones.com\/?p=96#article\",\"isPartOf\":{\"@id\":\"https:\/\/waracomunicaciones.com\/?p=96\"},\"author\":{\"name\":\"admin\",\"@id\":\"https:\/\/waracomunicaciones.com\/#\/schema\/person\/e9db934bc91575cc71fe584c5973244a\"},\"headline\":\"Maico Moreno destaca masiva caravana en el Norte Integrado en respaldo a Tuto Quiroga\",\"datePublished\":\"2025-07-22T16:57:46+00:00\",\"dateModified\":\"2025-07-24T05:15:58+00:00\",\"mainEntityOfPage\":{\"@id\":\"https:\/\/waracomunicaciones.com\/?p=96\"},\"wordCount\":493,\"commentCount\":0,\"publisher\":{\"@id\":\"https:\/\/waracomunicaciones.com\/#organization\"},\"image\":{\"@id\":\"https:\/\/waracomunicaciones.com\/?p=96#primaryimage\"},\"thumbnailUrl\":\"https:\/\/waracomunicaciones.com\/wp-content\/uploads\/2025\/07\/tutooo.webp\",\"keywords\":[\"Alianza Libre\",\"Elecciones Nacionales 2025\",\"Maico Moreno Vaca\"],\"articleSection\":[\"Pol\u00edtica\"],\"inLanguage\":\"es\",\"potentialAction\":[{\"@type\":\"CommentAction\",\"name\":\"Comment\",\"target\":[\"https:\/\/waracomunicaciones.com\/?p=96#respond\"]}]},{\"@type\":\"WebPage\",\"@id\":\"https:\/\/waracomunicaciones.com\/?p=96\",\"url\":\"https:\/\/waracomunicaciones.com\/?p=96\",\"name\":\"Maico Moreno destaca masiva caravana en el Norte Integrado en respaldo a Tuto Quiroga - Wara Comunicaciones\",\"isPartOf\":{\"@id\":\"https:\/\/waracomunicaciones.com\/#website\"},\"primaryImageOfPage\":{\"@id\":\"https:\/\/waracomunicaciones.com\/?p=96#primaryimage\"},\"image\":{\"@id\":\"https:\/\/waracomunicaciones.com\/?p=96#primaryimage\"},\"thumbnailUrl\":\"https:\/\/waracomunicaciones.com\/wp-content\/uploads\/2025\/07\/tutooo.webp\",\"datePublished\":\"2025-07-22T16:57:46+00:00\",\"dateModified\":\"2025-07-24T05:15:58+00:00\",\"breadcrumb\":{\"@id\":\"https:\/\/waracomunicaciones.com\/?p=96#breadcrumb\"},\"inLanguage\":\"es\",\"potentialAction\":[{\"@type\":\"ReadAction\",\"target\":[\"https:\/\/waracomunicaciones.com\/?p=96\"]}]},{\"@type\":\"ImageObject\",\"inLanguage\":\"es\",\"@id\":\"https:\/\/waracomunicaciones.com\/?p=96#primaryimage\",\"url\":\"https:\/\/waracomunicaciones.com\/wp-content\/uploads\/2025\/07\/tutooo.webp\",\"contentUrl\":\"https:\/\/waracomunicaciones.com\/wp-content\/uploads\/2025\/07\/tutooo.webp\",\"width\":750,\"height\":500},{\"@type\":\"BreadcrumbList\",\"@id\":\"https:\/\/waracomunicaciones.com\/?p=96#breadcrumb\",\"itemListElement\":[{\"@type\":\"ListItem\",\"position\":1,\"name\":\"Portada\",\"item\":\"https:\/\/waracomunicaciones.com\/\"},{\"@type\":\"ListItem\",\"position\":2,\"name\":\"Maico Moreno destaca masiva caravana en el Norte Integrado en respaldo a Tuto Quiroga\"}]},{\"@type\":\"WebSite\",\"@id\":\"https:\/\/waracomunicaciones.com\/#website\",\"url\":\"https:\/\/waracomunicaciones.com\/\",\"name\":\"Wara Comunicaciones\",\"description\":\"\",\"publisher\":{\"@id\":\"https:\/\/waracomunicaciones.com\/#organization\"},\"potentialAction\":[{\"@type\":\"SearchAction\",\"target\":{\"@type\":\"EntryPoint\",\"urlTemplate\":\"https:\/\/waracomunicaciones.com\/?s={search_term_string}\"},\"query-input\":{\"@type\":\"PropertyValueSpecification\",\"valueRequired\":true,\"valueName\":\"search_term_string\"}}],\"inLanguage\":\"es\"},{\"@type\":\"Organization\",\"@id\":\"https:\/\/waracomunicaciones.com\/#organization\",\"name\":\"Wara Comunicaciones\",\"url\":\"https:\/\/waracomunicaciones.com\/\",\"logo\":{\"@type\":\"ImageObject\",\"inLanguage\":\"es\",\"@id\":\"https:\/\/waracomunicaciones.com\/#\/schema\/logo\/image\/\",\"url\":\"https:\/\/waracomunicaciones.com\/wp-content\/uploads\/2025\/07\/logo.png\",\"contentUrl\":\"https:\/\/waracomunicaciones.com\/wp-content\/uploads\/2025\/07\/logo.png\",\"width\":400,\"height\":164,\"caption\":\"Wara Comunicaciones\"},\"image\":{\"@id\":\"https:\/\/waracomunicaciones.com\/#\/schema\/logo\/image\/\"},\"sameAs\":[\"https:\/\/www.facebook.com\/waracomunicaciones2017\"]},{\"@type\":\"Person\",\"@id\":\"https:\/\/waracomunicaciones.com\/#\/schema\/person\/e9db934bc91575cc71fe584c5973244a\",\"name\":\"admin\",\"image\":{\"@type\":\"ImageObject\",\"inLanguage\":\"es\",\"@id\":\"https:\/\/waracomunicaciones.com\/#\/schema\/person\/image\/\",\"url\":\"https:\/\/secure.gravatar.com\/avatar\/bf27e9186df568254093afa216f887fece17605302c6ff12f3980422fffa52e6?s=96&d=mm&r=g\",\"contentUrl\":\"https:\/\/secure.gravatar.com\/avatar\/bf27e9186df568254093afa216f887fece17605302c6ff12f3980422fffa52e6?s=96&d=mm&r=g\",\"caption\":\"admin\"},\"sameAs\":[\"https:\/\/waracomunicaciones.com\/wp\"],\"url\":\"https:\/\/waracomunicaciones.com\/?author=1\"}]}<\/script>\n<!-- \/ Yoast SEO Premium plugin. -->","yoast_head_json":{"title":"Maico Moreno destaca masiva caravana en el Norte Integrado en respaldo a Tuto Quiroga - Wara Comunicaciones","robots":{"index":"index","follow":"follow","max-snippet":"max-snippet:-1","max-image-preview":"max-image-preview:large","max-video-preview":"max-video-preview:-1"},"canonical":"https:\/\/waracomunicaciones.com\/?p=96","og_locale":"es_ES","og_type":"article","og_title":"Maico Moreno destaca masiva caravana en el Norte Integrado en respaldo a Tuto Quiroga","og_description":"Santa Cruz\u00a0\u2014 El candidato a diputado por la circunscripci\u00f3n 57 por la Alianza Libre, Maico Moreno Vaca, inform\u00f3 este lunes sobre el \u00e9xito de la caravana \u201cPor la Libertad y la Democracia\u201d realizada el pasado fin de semana, la cual recorri\u00f3 diferentes municipios del Norte Integrado en respaldo a la candidatura presidencial de Jorge \u00abTuto\u00bb [&hellip;]","og_url":"https:\/\/waracomunicaciones.com\/?p=96","og_site_name":"Wara Comunicaciones","article_publisher":"https:\/\/www.facebook.com\/waracomunicaciones2017","article_published_time":"2025-07-22T16:57:46+00:00","article_modified_time":"2025-07-24T05:15:58+00:00","og_image":[{"width":750,"height":500,"url":"https:\/\/waracomunicaciones.com\/wp-content\/uploads\/2025\/07\/tutooo.webp","type":"image\/webp"}],"author":"admin","twitter_card":"summary_large_image","twitter_misc":{"Escrito por":"admin","Tiempo de lectura":"2 minutos"},"schema":{"@context":"https:\/\/schema.org","@graph":[{"@type":"Article","@id":"https:\/\/waracomunicaciones.com\/?p=96#article","isPartOf":{"@id":"https:\/\/waracomunicaciones.com\/?p=96"},"author":{"name":"admin","@id":"https:\/\/waracomunicaciones.com\/#\/schema\/person\/e9db934bc91575cc71fe584c5973244a"},"headline":"Maico Moreno destaca masiva caravana en el Norte Integrado en respaldo a Tuto Quiroga","datePublished":"2025-07-22T16:57:46+00:00","dateModified":"2025-07-24T05:15:58+00:00","mainEntityOfPage":{"@id":"https:\/\/waracomunicaciones.com\/?p=96"},"wordCount":493,"commentCount":0,"publisher":{"@id":"https:\/\/waracomunicaciones.com\/#organization"},"image":{"@id":"https:\/\/waracomunicaciones.com\/?p=96#primaryimage"},"thumbnailUrl":"https:\/\/waracomunicaciones.com\/wp-content\/uploads\/2025\/07\/tutooo.webp","keywords":["Alianza Libre","Elecciones Nacionales 2025","Maico Moreno Vaca"],"articleSection":["Pol\u00edtica"],"inLanguage":"es","potentialAction":[{"@type":"CommentAction","name":"Comment","target":["https:\/\/waracomunicaciones.com\/?p=96#respond"]}]},{"@type":"WebPage","@id":"https:\/\/waracomunicaciones.com\/?p=96","url":"https:\/\/waracomunicaciones.com\/?p=96","name":"Maico Moreno destaca masiva caravana en el Norte Integrado en respaldo a Tuto Quiroga - Wara Comunicaciones","isPartOf":{"@id":"https:\/\/waracomunicaciones.com\/#website"},"primaryImageOfPage":{"@id":"https:\/\/waracomunicaciones.com\/?p=96#primaryimage"},"image":{"@id":"https:\/\/waracomunicaciones.com\/?p=96#primaryimage"},"thumbnailUrl":"https:\/\/waracomunicaciones.com\/wp-content\/uploads\/2025\/07\/tutooo.webp","datePublished":"2025-07-22T16:57:46+00:00","dateModified":"2025-07-24T05:15:58+00:00","breadcrumb":{"@id":"https:\/\/waracomunicaciones.com\/?p=96#breadcrumb"},"inLanguage":"es","potentialAction":[{"@type":"ReadAction","target":["https:\/\/waracomunicaciones.com\/?p=96"]}]},{"@type":"ImageObject","inLanguage":"es","@id":"https:\/\/waracomunicaciones.com\/?p=96#primaryimage","url":"https:\/\/waracomunicaciones.com\/wp-content\/uploads\/2025\/07\/tutooo.webp","contentUrl":"https:\/\/waracomunicaciones.com\/wp-content\/uploads\/2025\/07\/tutooo.webp","width":750,"height":500},{"@type":"BreadcrumbList","@id":"https:\/\/waracomunicaciones.com\/?p=96#breadcrumb","itemListElement":[{"@type":"ListItem","position":1,"name":"Portada","item":"https:\/\/waracomunicaciones.com\/"},{"@type":"ListItem","position":2,"name":"Maico Moreno destaca masiva caravana en el Norte Integrado en respaldo a Tuto Quiroga"}]},{"@type":"WebSite","@id":"https:\/\/waracomunicaciones.com\/#website","url":"https:\/\/waracomunicaciones.com\/","name":"Wara Comunicaciones","description":"","publisher":{"@id":"https:\/\/waracomunicaciones.com\/#organization"},"potentialAction":[{"@type":"SearchAction","target":{"@type":"EntryPoint","urlTemplate":"https:\/\/waracomunicaciones.com\/?s={search_term_string}"},"query-input":{"@type":"PropertyValueSpecification","valueRequired":true,"valueName":"search_term_string"}}],"inLanguage":"es"},{"@type":"Organization","@id":"https:\/\/waracomunicaciones.com\/#organization","name":"Wara Comunicaciones","url":"https:\/\/waracomunicaciones.com\/","logo":{"@type":"ImageObject","inLanguage":"es","@id":"https:\/\/waracomunicaciones.com\/#\/schema\/logo\/image\/","url":"https:\/\/waracomunicaciones.com\/wp-content\/uploads\/2025\/07\/logo.png","contentUrl":"https:\/\/waracomunicaciones.com\/wp-content\/uploads\/2025\/07\/logo.png","width":400,"height":164,"caption":"Wara Comunicaciones"},"image":{"@id":"https:\/\/waracomunicaciones.com\/#\/schema\/logo\/image\/"},"sameAs":["https:\/\/www.facebook.com\/waracomunicaciones2017"]},{"@type":"Person","@id":"https:\/\/waracomunicaciones.com\/#\/schema\/person\/e9db934bc91575cc71fe584c5973244a","name":"admin","image":{"@type":"ImageObject","inLanguage":"es","@id":"https:\/\/waracomunicaciones.com\/#\/schema\/person\/image\/","url":"https:\/\/secure.gravatar.com\/avatar\/bf27e9186df568254093afa216f887fece17605302c6ff12f3980422fffa52e6?s=96&d=mm&r=g","contentUrl":"https:\/\/secure.gravatar.com\/avatar\/bf27e9186df568254093afa216f887fece17605302c6ff12f3980422fffa52e6?s=96&d=mm&r=g","caption":"admin"},"sameAs":["https:\/\/waracomunicaciones.com\/wp"],"url":"https:\/\/waracomunicaciones.com\/?author=1"}]}},"_links":{"self":[{"href":"https:\/\/waracomunicaciones.com\/index.php?rest_route=\/wp\/v2\/posts\/96","targetHints":{"allow":["GET"]}}],"collection":[{"href":"https:\/\/waracomunicaciones.com\/index.php?rest_route=\/wp\/v2\/posts"}],"about":[{"href":"https:\/\/waracomunicaciones.com\/index.php?rest_route=\/wp\/v2\/types\/post"}],"author":[{"embeddable":true,"href":"https:\/\/waracomunicaciones.com\/index.php?rest_route=\/wp\/v2\/users\/1"}],"replies":[{"embeddable":true,"href":"https:\/\/waracomunicaciones.com\/index.php?rest_route=%2Fwp%2Fv2%2Fcomments&post=96"}],"version-history":[{"count":1,"href":"https:\/\/waracomunicaciones.com\/index.php?rest_route=\/wp\/v2\/posts\/96\/revisions"}],"predecessor-version":[{"id":98,"href":"https:\/\/waracomunicaciones.com\/index.php?rest_route=\/wp\/v2\/posts\/96\/revisions\/98"}],"wp:featuredmedia":[{"embeddable":true,"href":"https:\/\/waracomunicaciones.com\/index.php?rest_route=\/wp\/v2\/media\/97"}],"wp:attachment":[{"href":"https:\/\/waracomunicaciones.com\/index.php?rest_route=%2Fwp%2Fv2%2Fmedia&parent=96"}],"wp:term":[{"taxonomy":"category","embeddable":true,"href":"https:\/\/waracomunicaciones.com\/index.php?rest_route=%2Fwp%2Fv2%2Fcategories&post=96"},{"taxonomy":"post_tag","embeddable":true,"href":"https:\/\/waracomunicaciones.com\/index.php?rest_route=%2Fwp%2Fv2%2Ftags&post=96"}],"curies":[{"name":"wp","href":"https:\/\/api.w.org\/{rel}","templated":true}]}}