{"id":954,"date":"2025-10-29T11:26:03","date_gmt":"2025-10-29T15:26:03","guid":{"rendered":"https:\/\/waracomunicaciones.com\/?p=954"},"modified":"2025-10-29T11:26:08","modified_gmt":"2025-10-29T15:26:08","slug":"padres-de-familia-de-montero-exigen-garantizar-la-continuidad-del-desayuno-escolar","status":"publish","type":"post","link":"https:\/\/waracomunicaciones.com\/?p=954","title":{"rendered":"Padres de familia de Montero exigen garantizar la continuidad del desayuno escolar"},"content":{"rendered":"\n<figure class=\"wp-block-image size-full\"><img loading=\"lazy\" decoding=\"async\" width=\"1000\" height=\"625\" src=\"https:\/\/waracomunicaciones.com\/wp-content\/uploads\/2025\/10\/1761750539.webp\" alt=\"\" class=\"wp-image-955\" srcset=\"https:\/\/waracomunicaciones.com\/wp-content\/uploads\/2025\/10\/1761750539.webp 1000w, https:\/\/waracomunicaciones.com\/wp-content\/uploads\/2025\/10\/1761750539-300x188.webp 300w, https:\/\/waracomunicaciones.com\/wp-content\/uploads\/2025\/10\/1761750539-768x480.webp 768w\" sizes=\"auto, (max-width: 1000px) 100vw, 1000px\" \/><figcaption class=\"wp-element-caption\"><em>El Alcalde Regys Medina haciendo entrega de desayuno escolar &#8211; Foto archivo Facebook<\/em><\/figcaption><\/figure>\n\n\n<p><strong>Montero, Santa Cruz.<\/strong> \u2014 Durante una entrevista radial en <em>Wara Comunicaciones<\/em>, el coordinador de los padres de familia de Montero, <strong>Humberto Campos Flores<\/strong>, inform\u00f3 sobre la preocupaci\u00f3n existente por las recientes irregularidades en la distribuci\u00f3n del <strong>desayuno escolar<\/strong>, que se vio afectada por factores clim\u00e1ticos y problemas presupuestarios.<\/p>\n<p>Campos explic\u00f3 que el <strong>reparto del desayuno escolar<\/strong> se interrumpi\u00f3 temporalmente debido a las lluvias y la inundaci\u00f3n de algunos barrios. Sin embargo, asegur\u00f3 que la entrega ya fue retomada.<\/p>\n<p>\u201cHubo dificultades por la inclemencia del tiempo, pero se ha continuado con la distribuci\u00f3n. Los ni\u00f1os no van a quedar sin desayuno escolar hasta que finalicen las clases\u201d, se\u00f1al\u00f3.<\/p>\n<p>El dirigente tambi\u00e9n inform\u00f3 que actualmente existe una <strong>comisi\u00f3n en la Direcci\u00f3n de Administraci\u00f3n de la Alcald\u00eda<\/strong> que trabaja en la apertura de sobres para adjudicar la provisi\u00f3n de alimentos, con un presupuesto de aproximadamente <strong>Bs 1.400.800<\/strong>. Este monto, indic\u00f3, busca cubrir los d\u00edas restantes del calendario escolar.<\/p>\n<p>Durante la conversaci\u00f3n con el periodista <strong>Tom\u00e1s Coca<\/strong>, Campos aclar\u00f3 que la <strong>Gobernaci\u00f3n a\u00fan no ha transferido los recursos comprometidos<\/strong>, equivalentes a <strong>Bs 1,2 millones<\/strong> (Bs 600 mil de la gesti\u00f3n anterior y Bs 600 mil de la actual). Ante esta demora, la <strong>Alcald\u00eda de Montero<\/strong> habr\u00eda decidido <strong>reasignar fondos municipales<\/strong> para garantizar la continuidad del programa.<\/p>\n<p>\u201cLa plata de la Gobernaci\u00f3n todav\u00eda no ha llegado, pero la Alcald\u00eda ha hecho una adenda y est\u00e1 disponiendo recursos para no dejar sin desayuno escolar a los estudiantes\u201d, explic\u00f3 Campos.<br \/>\u201cHa sido una gesti\u00f3n impulsada por los padres de familia, que hemos presionado para que se tomen decisiones r\u00e1pidas\u201d, a\u00f1adi\u00f3.<\/p>\n<p>El coordinador tambi\u00e9n expres\u00f3 su <strong>malestar por la falta de fiscalizaci\u00f3n y participaci\u00f3n en la definici\u00f3n del presupuesto municipal (POA)<\/strong>. Se\u00f1al\u00f3 que el monto destinado al desayuno escolar \u2014unos <strong>Bs 11 millones<\/strong>\u2014 no ha sido incrementado pese al crecimiento poblacional y la inflaci\u00f3n.<\/p>\n<p>\u201cQueremos que el presupuesto llegue a 15 o 20 millones de bolivianos para garantizar un desayuno sano y nutritivo\u201d, reclam\u00f3.<\/p>\n<p>Finalmente, Campos anunci\u00f3 que los padres de familia convocar\u00e1n a una <strong>cumbre distrital<\/strong> para evaluar la gesti\u00f3n de las autoridades municipales y promover la designaci\u00f3n de <strong>representantes propios<\/strong> en el Concejo Municipal.<\/p>\n<p>\u201cYa basta de autoridades que no fiscalizan nada. Vamos a poner nuestro propio representante que defienda la educaci\u00f3n, la salud y el bienestar de nuestros hijos\u201d, enfatiz\u00f3.<\/p>\n<p>La entrevista concluy\u00f3 con un llamado a la vigilancia ciudadana y al compromiso de las autoridades locales para que el <strong>desayuno escolar llegue oportunamente a todos los estudiantes de Montero<\/strong>.<\/p><div style=\"margin-top: 0px; margin-bottom: 0px;\" class=\"sharethis-inline-reaction-buttons\" ><\/div>","protected":false},"excerpt":{"rendered":"<p>Montero, Santa Cruz. \u2014 Durante una entrevista radial en Wara Comunicaciones, el coordinador de los padres de familia de Montero, Humberto Campos Flores, inform\u00f3 sobre la preocupaci\u00f3n existente por las recientes irregularidades en la distribuci\u00f3n del desayuno escolar, que se vio afectada por factores clim\u00e1ticos y problemas presupuestarios. Campos explic\u00f3 que el reparto del desayuno [&hellip;]<\/p>\n","protected":false},"author":1,"featured_media":0,"comment_status":"open","ping_status":"open","sticky":false,"template":"","format":"standard","meta":{"footnotes":""},"categories":[44],"tags":[73,19],"class_list":["post-954","post","type-post","status-publish","format-standard","hentry","category-educacion","tag-desayuno-escolar","tag-montero"],"yoast_head":"<!-- This site is optimized with the Yoast SEO Premium plugin v25.5 (Yoast SEO v27.1.1) - https:\/\/yoast.com\/product\/yoast-seo-premium-wordpress\/ -->\n<title>Padres de familia de Montero exigen garantizar la continuidad del desayuno escolar - Wara Comunicaciones<\/title>\n<meta name=\"robots\" content=\"index, follow, max-snippet:-1, max-image-preview:large, max-video-preview:-1\" \/>\n<link rel=\"canonical\" href=\"https:\/\/waracomunicaciones.com\/?p=954\" \/>\n<meta property=\"og:locale\" content=\"es_ES\" \/>\n<meta property=\"og:type\" content=\"article\" \/>\n<meta property=\"og:title\" content=\"Padres de familia de Montero exigen garantizar la continuidad del desayuno escolar\" \/>\n<meta property=\"og:description\" content=\"Montero, Santa Cruz. \u2014 Durante una entrevista radial en Wara Comunicaciones, el coordinador de los padres de familia de Montero, Humberto Campos Flores, inform\u00f3 sobre la preocupaci\u00f3n existente por las recientes irregularidades en la distribuci\u00f3n del desayuno escolar, que se vio afectada por factores clim\u00e1ticos y problemas presupuestarios. Campos explic\u00f3 que el reparto del desayuno [&hellip;]\" \/>\n<meta property=\"og:url\" content=\"https:\/\/waracomunicaciones.com\/?p=954\" \/>\n<meta property=\"og:site_name\" content=\"Wara Comunicaciones\" \/>\n<meta property=\"article:publisher\" content=\"https:\/\/www.facebook.com\/waracomunicaciones2017\" \/>\n<meta property=\"article:published_time\" content=\"2025-10-29T15:26:03+00:00\" \/>\n<meta property=\"article:modified_time\" content=\"2025-10-29T15:26:08+00:00\" \/>\n<meta property=\"og:image\" content=\"https:\/\/waracomunicaciones.com\/wp-content\/uploads\/2025\/10\/1761750539.webp\" \/>\n\t<meta property=\"og:image:width\" content=\"1000\" \/>\n\t<meta property=\"og:image:height\" content=\"625\" \/>\n\t<meta property=\"og:image:type\" content=\"image\/webp\" \/>\n<meta name=\"author\" content=\"admin\" \/>\n<meta name=\"twitter:card\" content=\"summary_large_image\" \/>\n<meta name=\"twitter:label1\" content=\"Escrito por\" \/>\n\t<meta name=\"twitter:data1\" content=\"admin\" \/>\n\t<meta name=\"twitter:label2\" content=\"Tiempo de lectura\" \/>\n\t<meta name=\"twitter:data2\" content=\"3 minutos\" \/>\n<script type=\"application\/ld+json\" class=\"yoast-schema-graph\">{\"@context\":\"https:\/\/schema.org\",\"@graph\":[{\"@type\":\"Article\",\"@id\":\"https:\/\/waracomunicaciones.com\/?p=954#article\",\"isPartOf\":{\"@id\":\"https:\/\/waracomunicaciones.com\/?p=954\"},\"author\":{\"name\":\"admin\",\"@id\":\"https:\/\/waracomunicaciones.com\/#\/schema\/person\/e9db934bc91575cc71fe584c5973244a\"},\"headline\":\"Padres de familia de Montero exigen garantizar la continuidad del desayuno escolar\",\"datePublished\":\"2025-10-29T15:26:03+00:00\",\"dateModified\":\"2025-10-29T15:26:08+00:00\",\"mainEntityOfPage\":{\"@id\":\"https:\/\/waracomunicaciones.com\/?p=954\"},\"wordCount\":469,\"commentCount\":0,\"publisher\":{\"@id\":\"https:\/\/waracomunicaciones.com\/#organization\"},\"image\":{\"@id\":\"https:\/\/waracomunicaciones.com\/?p=954#primaryimage\"},\"thumbnailUrl\":\"https:\/\/waracomunicaciones.com\/wp-content\/uploads\/2025\/10\/1761750539.webp\",\"keywords\":[\"Desayuno Escolar\",\"Montero\"],\"articleSection\":[\"Educaci\u00f3n\"],\"inLanguage\":\"es\",\"potentialAction\":[{\"@type\":\"CommentAction\",\"name\":\"Comment\",\"target\":[\"https:\/\/waracomunicaciones.com\/?p=954#respond\"]}]},{\"@type\":\"WebPage\",\"@id\":\"https:\/\/waracomunicaciones.com\/?p=954\",\"url\":\"https:\/\/waracomunicaciones.com\/?p=954\",\"name\":\"Padres de familia de Montero exigen garantizar la continuidad del desayuno escolar - Wara Comunicaciones\",\"isPartOf\":{\"@id\":\"https:\/\/waracomunicaciones.com\/#website\"},\"primaryImageOfPage\":{\"@id\":\"https:\/\/waracomunicaciones.com\/?p=954#primaryimage\"},\"image\":{\"@id\":\"https:\/\/waracomunicaciones.com\/?p=954#primaryimage\"},\"thumbnailUrl\":\"https:\/\/waracomunicaciones.com\/wp-content\/uploads\/2025\/10\/1761750539.webp\",\"datePublished\":\"2025-10-29T15:26:03+00:00\",\"dateModified\":\"2025-10-29T15:26:08+00:00\",\"breadcrumb\":{\"@id\":\"https:\/\/waracomunicaciones.com\/?p=954#breadcrumb\"},\"inLanguage\":\"es\",\"potentialAction\":[{\"@type\":\"ReadAction\",\"target\":[\"https:\/\/waracomunicaciones.com\/?p=954\"]}]},{\"@type\":\"ImageObject\",\"inLanguage\":\"es\",\"@id\":\"https:\/\/waracomunicaciones.com\/?p=954#primaryimage\",\"url\":\"https:\/\/waracomunicaciones.com\/wp-content\/uploads\/2025\/10\/1761750539.webp\",\"contentUrl\":\"https:\/\/waracomunicaciones.com\/wp-content\/uploads\/2025\/10\/1761750539.webp\",\"width\":1000,\"height\":625},{\"@type\":\"BreadcrumbList\",\"@id\":\"https:\/\/waracomunicaciones.com\/?p=954#breadcrumb\",\"itemListElement\":[{\"@type\":\"ListItem\",\"position\":1,\"name\":\"Portada\",\"item\":\"https:\/\/waracomunicaciones.com\/\"},{\"@type\":\"ListItem\",\"position\":2,\"name\":\"Padres de familia de Montero exigen garantizar la continuidad del desayuno escolar\"}]},{\"@type\":\"WebSite\",\"@id\":\"https:\/\/waracomunicaciones.com\/#website\",\"url\":\"https:\/\/waracomunicaciones.com\/\",\"name\":\"Wara Comunicaciones\",\"description\":\"\",\"publisher\":{\"@id\":\"https:\/\/waracomunicaciones.com\/#organization\"},\"potentialAction\":[{\"@type\":\"SearchAction\",\"target\":{\"@type\":\"EntryPoint\",\"urlTemplate\":\"https:\/\/waracomunicaciones.com\/?s={search_term_string}\"},\"query-input\":{\"@type\":\"PropertyValueSpecification\",\"valueRequired\":true,\"valueName\":\"search_term_string\"}}],\"inLanguage\":\"es\"},{\"@type\":\"Organization\",\"@id\":\"https:\/\/waracomunicaciones.com\/#organization\",\"name\":\"Wara Comunicaciones\",\"url\":\"https:\/\/waracomunicaciones.com\/\",\"logo\":{\"@type\":\"ImageObject\",\"inLanguage\":\"es\",\"@id\":\"https:\/\/waracomunicaciones.com\/#\/schema\/logo\/image\/\",\"url\":\"https:\/\/waracomunicaciones.com\/wp-content\/uploads\/2025\/07\/logo.png\",\"contentUrl\":\"https:\/\/waracomunicaciones.com\/wp-content\/uploads\/2025\/07\/logo.png\",\"width\":400,\"height\":164,\"caption\":\"Wara Comunicaciones\"},\"image\":{\"@id\":\"https:\/\/waracomunicaciones.com\/#\/schema\/logo\/image\/\"},\"sameAs\":[\"https:\/\/www.facebook.com\/waracomunicaciones2017\"]},{\"@type\":\"Person\",\"@id\":\"https:\/\/waracomunicaciones.com\/#\/schema\/person\/e9db934bc91575cc71fe584c5973244a\",\"name\":\"admin\",\"image\":{\"@type\":\"ImageObject\",\"inLanguage\":\"es\",\"@id\":\"https:\/\/waracomunicaciones.com\/#\/schema\/person\/image\/\",\"url\":\"https:\/\/secure.gravatar.com\/avatar\/bf27e9186df568254093afa216f887fece17605302c6ff12f3980422fffa52e6?s=96&d=mm&r=g\",\"contentUrl\":\"https:\/\/secure.gravatar.com\/avatar\/bf27e9186df568254093afa216f887fece17605302c6ff12f3980422fffa52e6?s=96&d=mm&r=g\",\"caption\":\"admin\"},\"sameAs\":[\"https:\/\/waracomunicaciones.com\/wp\"],\"url\":\"https:\/\/waracomunicaciones.com\/?author=1\"}]}<\/script>\n<!-- \/ Yoast SEO Premium plugin. -->","yoast_head_json":{"title":"Padres de familia de Montero exigen garantizar la continuidad del desayuno escolar - Wara Comunicaciones","robots":{"index":"index","follow":"follow","max-snippet":"max-snippet:-1","max-image-preview":"max-image-preview:large","max-video-preview":"max-video-preview:-1"},"canonical":"https:\/\/waracomunicaciones.com\/?p=954","og_locale":"es_ES","og_type":"article","og_title":"Padres de familia de Montero exigen garantizar la continuidad del desayuno escolar","og_description":"Montero, Santa Cruz. \u2014 Durante una entrevista radial en Wara Comunicaciones, el coordinador de los padres de familia de Montero, Humberto Campos Flores, inform\u00f3 sobre la preocupaci\u00f3n existente por las recientes irregularidades en la distribuci\u00f3n del desayuno escolar, que se vio afectada por factores clim\u00e1ticos y problemas presupuestarios. Campos explic\u00f3 que el reparto del desayuno [&hellip;]","og_url":"https:\/\/waracomunicaciones.com\/?p=954","og_site_name":"Wara Comunicaciones","article_publisher":"https:\/\/www.facebook.com\/waracomunicaciones2017","article_published_time":"2025-10-29T15:26:03+00:00","article_modified_time":"2025-10-29T15:26:08+00:00","og_image":[{"width":1000,"height":625,"url":"https:\/\/waracomunicaciones.com\/wp-content\/uploads\/2025\/10\/1761750539.webp","type":"image\/webp"}],"author":"admin","twitter_card":"summary_large_image","twitter_misc":{"Escrito por":"admin","Tiempo de lectura":"3 minutos"},"schema":{"@context":"https:\/\/schema.org","@graph":[{"@type":"Article","@id":"https:\/\/waracomunicaciones.com\/?p=954#article","isPartOf":{"@id":"https:\/\/waracomunicaciones.com\/?p=954"},"author":{"name":"admin","@id":"https:\/\/waracomunicaciones.com\/#\/schema\/person\/e9db934bc91575cc71fe584c5973244a"},"headline":"Padres de familia de Montero exigen garantizar la continuidad del desayuno escolar","datePublished":"2025-10-29T15:26:03+00:00","dateModified":"2025-10-29T15:26:08+00:00","mainEntityOfPage":{"@id":"https:\/\/waracomunicaciones.com\/?p=954"},"wordCount":469,"commentCount":0,"publisher":{"@id":"https:\/\/waracomunicaciones.com\/#organization"},"image":{"@id":"https:\/\/waracomunicaciones.com\/?p=954#primaryimage"},"thumbnailUrl":"https:\/\/waracomunicaciones.com\/wp-content\/uploads\/2025\/10\/1761750539.webp","keywords":["Desayuno Escolar","Montero"],"articleSection":["Educaci\u00f3n"],"inLanguage":"es","potentialAction":[{"@type":"CommentAction","name":"Comment","target":["https:\/\/waracomunicaciones.com\/?p=954#respond"]}]},{"@type":"WebPage","@id":"https:\/\/waracomunicaciones.com\/?p=954","url":"https:\/\/waracomunicaciones.com\/?p=954","name":"Padres de familia de Montero exigen garantizar la continuidad del desayuno escolar - Wara Comunicaciones","isPartOf":{"@id":"https:\/\/waracomunicaciones.com\/#website"},"primaryImageOfPage":{"@id":"https:\/\/waracomunicaciones.com\/?p=954#primaryimage"},"image":{"@id":"https:\/\/waracomunicaciones.com\/?p=954#primaryimage"},"thumbnailUrl":"https:\/\/waracomunicaciones.com\/wp-content\/uploads\/2025\/10\/1761750539.webp","datePublished":"2025-10-29T15:26:03+00:00","dateModified":"2025-10-29T15:26:08+00:00","breadcrumb":{"@id":"https:\/\/waracomunicaciones.com\/?p=954#breadcrumb"},"inLanguage":"es","potentialAction":[{"@type":"ReadAction","target":["https:\/\/waracomunicaciones.com\/?p=954"]}]},{"@type":"ImageObject","inLanguage":"es","@id":"https:\/\/waracomunicaciones.com\/?p=954#primaryimage","url":"https:\/\/waracomunicaciones.com\/wp-content\/uploads\/2025\/10\/1761750539.webp","contentUrl":"https:\/\/waracomunicaciones.com\/wp-content\/uploads\/2025\/10\/1761750539.webp","width":1000,"height":625},{"@type":"BreadcrumbList","@id":"https:\/\/waracomunicaciones.com\/?p=954#breadcrumb","itemListElement":[{"@type":"ListItem","position":1,"name":"Portada","item":"https:\/\/waracomunicaciones.com\/"},{"@type":"ListItem","position":2,"name":"Padres de familia de Montero exigen garantizar la continuidad del desayuno escolar"}]},{"@type":"WebSite","@id":"https:\/\/waracomunicaciones.com\/#website","url":"https:\/\/waracomunicaciones.com\/","name":"Wara Comunicaciones","description":"","publisher":{"@id":"https:\/\/waracomunicaciones.com\/#organization"},"potentialAction":[{"@type":"SearchAction","target":{"@type":"EntryPoint","urlTemplate":"https:\/\/waracomunicaciones.com\/?s={search_term_string}"},"query-input":{"@type":"PropertyValueSpecification","valueRequired":true,"valueName":"search_term_string"}}],"inLanguage":"es"},{"@type":"Organization","@id":"https:\/\/waracomunicaciones.com\/#organization","name":"Wara Comunicaciones","url":"https:\/\/waracomunicaciones.com\/","logo":{"@type":"ImageObject","inLanguage":"es","@id":"https:\/\/waracomunicaciones.com\/#\/schema\/logo\/image\/","url":"https:\/\/waracomunicaciones.com\/wp-content\/uploads\/2025\/07\/logo.png","contentUrl":"https:\/\/waracomunicaciones.com\/wp-content\/uploads\/2025\/07\/logo.png","width":400,"height":164,"caption":"Wara Comunicaciones"},"image":{"@id":"https:\/\/waracomunicaciones.com\/#\/schema\/logo\/image\/"},"sameAs":["https:\/\/www.facebook.com\/waracomunicaciones2017"]},{"@type":"Person","@id":"https:\/\/waracomunicaciones.com\/#\/schema\/person\/e9db934bc91575cc71fe584c5973244a","name":"admin","image":{"@type":"ImageObject","inLanguage":"es","@id":"https:\/\/waracomunicaciones.com\/#\/schema\/person\/image\/","url":"https:\/\/secure.gravatar.com\/avatar\/bf27e9186df568254093afa216f887fece17605302c6ff12f3980422fffa52e6?s=96&d=mm&r=g","contentUrl":"https:\/\/secure.gravatar.com\/avatar\/bf27e9186df568254093afa216f887fece17605302c6ff12f3980422fffa52e6?s=96&d=mm&r=g","caption":"admin"},"sameAs":["https:\/\/waracomunicaciones.com\/wp"],"url":"https:\/\/waracomunicaciones.com\/?author=1"}]}},"_links":{"self":[{"href":"https:\/\/waracomunicaciones.com\/index.php?rest_route=\/wp\/v2\/posts\/954","targetHints":{"allow":["GET"]}}],"collection":[{"href":"https:\/\/waracomunicaciones.com\/index.php?rest_route=\/wp\/v2\/posts"}],"about":[{"href":"https:\/\/waracomunicaciones.com\/index.php?rest_route=\/wp\/v2\/types\/post"}],"author":[{"embeddable":true,"href":"https:\/\/waracomunicaciones.com\/index.php?rest_route=\/wp\/v2\/users\/1"}],"replies":[{"embeddable":true,"href":"https:\/\/waracomunicaciones.com\/index.php?rest_route=%2Fwp%2Fv2%2Fcomments&post=954"}],"version-history":[{"count":1,"href":"https:\/\/waracomunicaciones.com\/index.php?rest_route=\/wp\/v2\/posts\/954\/revisions"}],"predecessor-version":[{"id":956,"href":"https:\/\/waracomunicaciones.com\/index.php?rest_route=\/wp\/v2\/posts\/954\/revisions\/956"}],"wp:attachment":[{"href":"https:\/\/waracomunicaciones.com\/index.php?rest_route=%2Fwp%2Fv2%2Fmedia&parent=954"}],"wp:term":[{"taxonomy":"category","embeddable":true,"href":"https:\/\/waracomunicaciones.com\/index.php?rest_route=%2Fwp%2Fv2%2Fcategories&post=954"},{"taxonomy":"post_tag","embeddable":true,"href":"https:\/\/waracomunicaciones.com\/index.php?rest_route=%2Fwp%2Fv2%2Ftags&post=954"}],"curies":[{"name":"wp","href":"https:\/\/api.w.org\/{rel}","templated":true}]}}