{"id":948,"date":"2025-10-28T11:12:12","date_gmt":"2025-10-28T15:12:12","guid":{"rendered":"https:\/\/waracomunicaciones.com\/?p=948"},"modified":"2025-10-28T11:13:56","modified_gmt":"2025-10-28T15:13:56","slug":"alexander-quinones-no-necesito-ningun-cargo-publico-designado-porque-hicimos-campana-por-conviccion","status":"publish","type":"post","link":"https:\/\/waracomunicaciones.com\/?p=948","title":{"rendered":"Alexander Qui\u00f1ones: \u201cNo necesito ning\u00fan cargo p\u00fablico designado, porque hicimos campa\u00f1a por convicci\u00f3n\u201d"},"content":{"rendered":"\n<figure class=\"wp-block-image size-full\"><img loading=\"lazy\" decoding=\"async\" width=\"1000\" height=\"435\" src=\"https:\/\/waracomunicaciones.com\/wp-content\/uploads\/2025\/10\/quinoo.webp\" alt=\"\" class=\"wp-image-949\" srcset=\"https:\/\/waracomunicaciones.com\/wp-content\/uploads\/2025\/10\/quinoo.webp 1000w, https:\/\/waracomunicaciones.com\/wp-content\/uploads\/2025\/10\/quinoo-300x131.webp 300w, https:\/\/waracomunicaciones.com\/wp-content\/uploads\/2025\/10\/quinoo-768x334.webp 768w\" sizes=\"auto, (max-width: 1000px) 100vw, 1000px\" \/><figcaption class=\"wp-element-caption\"><em><strong>Alexander Qui\u00f1ones<\/strong> en campa\u00f1a del PDC<\/em> &#8211; <em>Foto archivo<\/em><\/figcaption><\/figure>\n\n\n<p>En una entrevista concedida al programa <strong>Agenda Matinal<\/strong> de <strong>Wara Comunicaciones<\/strong>, el abogado <strong>Alexander Qui\u00f1ones<\/strong> explic\u00f3 las razones que motivaron su participaci\u00f3n en la reciente campa\u00f1a electoral, afirmando que su compromiso fue guiado por principios y no por intereses personales.<!--more--><\/p>\n<p>\u201cDesde que iniciamos campa\u00f1a por el <strong>Partido Dem\u00f3crata Cristiano (PDC)<\/strong> y por <strong>Rodrigo Paz<\/strong>, no nos cansamos de decir que lo hac\u00edamos por convicci\u00f3n y no por designaci\u00f3n en pegas o cargos p\u00fablicos designados\u201d, afirm\u00f3 Qui\u00f1ones.<\/p>\n<p>El abogado destac\u00f3 que su estabilidad laboral est\u00e1 garantizada gracias a su trabajo en la <strong>Universidad Aut\u00f3noma Gabriel Ren\u00e9 Moreno (UAGRM)<\/strong>, instituci\u00f3n que \u2014seg\u00fan dijo\u2014 le brind\u00f3 la oportunidad de crecer profesionalmente. \u201cLa gracia de Dios hizo que la UAGRM me cobije en su seno, y por eso no necesito buscar ninguna designaci\u00f3n personal\u201d, se\u00f1al\u00f3.<\/p>\n<p>Sin embargo, Qui\u00f1ones manifest\u00f3 su apoyo a que otros compa\u00f1eros del partido puedan integrarse a la gesti\u00f3n p\u00fablica, siempre bajo criterios de \u00e9tica y compromiso con el pa\u00eds. \u201cHaremos lo posible para que muchos compa\u00f1eros acompa\u00f1en la gesti\u00f3n gubernamental desde las instituciones p\u00fablicas locales, pero siempre bajo la premisa de que cualquier servidor p\u00fablico debe desempe\u00f1ar sus funciones con honestidad, transparencia y amor a la patria\u201d, expres\u00f3.<\/p>\n<p>Finalmente, reiter\u00f3 que su postura no cambia tras los resultados electorales: \u201cAhora que triunfamos sigo pensando igual. No necesito pega alguna, como varios buitres del partido perdedor que estaban desesperados por un pedacito de poder. En el PDC todos debemos ser l\u00edderes de servicio y aportar con nuestro grano de arena para darle a Bolivia un gobierno de estabilidad, transparencia, eficiencia y dignidad\u201d.<\/p><div style=\"margin-top: 0px; margin-bottom: 0px;\" class=\"sharethis-inline-reaction-buttons\" ><\/div>","protected":false},"excerpt":{"rendered":"<p>En una entrevista concedida al programa Agenda Matinal de Wara Comunicaciones, el abogado Alexander Qui\u00f1ones explic\u00f3 las razones que motivaron su participaci\u00f3n en la reciente campa\u00f1a electoral, afirmando que su compromiso fue guiado por principios y no por intereses personales.<\/p>\n","protected":false},"author":1,"featured_media":0,"comment_status":"open","ping_status":"open","sticky":false,"template":"","format":"standard","meta":{"footnotes":""},"categories":[42],"tags":[223,154],"class_list":["post-948","post","type-post","status-publish","format-standard","hentry","category-politica","tag-alexander-quinones","tag-pdc"],"yoast_head":"<!-- This site is optimized with the Yoast SEO Premium plugin v25.5 (Yoast SEO v27.1.1) - https:\/\/yoast.com\/product\/yoast-seo-premium-wordpress\/ -->\n<title>Alexander Qui\u00f1ones: \u201cNo necesito ning\u00fan cargo p\u00fablico designado, porque hicimos campa\u00f1a por convicci\u00f3n\u201d - Wara Comunicaciones<\/title>\n<meta name=\"robots\" content=\"index, follow, max-snippet:-1, max-image-preview:large, max-video-preview:-1\" \/>\n<link rel=\"canonical\" href=\"https:\/\/waracomunicaciones.com\/?p=948\" \/>\n<meta property=\"og:locale\" content=\"es_ES\" \/>\n<meta property=\"og:type\" content=\"article\" \/>\n<meta property=\"og:title\" content=\"Alexander Qui\u00f1ones: \u201cNo necesito ning\u00fan cargo p\u00fablico designado, porque hicimos campa\u00f1a por convicci\u00f3n\u201d\" \/>\n<meta property=\"og:description\" content=\"En una entrevista concedida al programa Agenda Matinal de Wara Comunicaciones, el abogado Alexander Qui\u00f1ones explic\u00f3 las razones que motivaron su participaci\u00f3n en la reciente campa\u00f1a electoral, afirmando que su compromiso fue guiado por principios y no por intereses personales.\" \/>\n<meta property=\"og:url\" content=\"https:\/\/waracomunicaciones.com\/?p=948\" \/>\n<meta property=\"og:site_name\" content=\"Wara Comunicaciones\" \/>\n<meta property=\"article:publisher\" content=\"https:\/\/www.facebook.com\/waracomunicaciones2017\" \/>\n<meta property=\"article:published_time\" content=\"2025-10-28T15:12:12+00:00\" \/>\n<meta property=\"article:modified_time\" content=\"2025-10-28T15:13:56+00:00\" \/>\n<meta property=\"og:image\" content=\"https:\/\/waracomunicaciones.com\/wp-content\/uploads\/2025\/10\/quinoo.webp\" \/>\n\t<meta property=\"og:image:width\" content=\"1000\" \/>\n\t<meta property=\"og:image:height\" content=\"435\" \/>\n\t<meta property=\"og:image:type\" content=\"image\/webp\" \/>\n<meta name=\"author\" content=\"admin\" \/>\n<meta name=\"twitter:card\" content=\"summary_large_image\" \/>\n<meta name=\"twitter:label1\" content=\"Escrito por\" \/>\n\t<meta name=\"twitter:data1\" content=\"admin\" \/>\n\t<meta name=\"twitter:label2\" content=\"Tiempo de lectura\" \/>\n\t<meta name=\"twitter:data2\" content=\"2 minutos\" \/>\n<script type=\"application\/ld+json\" class=\"yoast-schema-graph\">{\"@context\":\"https:\/\/schema.org\",\"@graph\":[{\"@type\":\"Article\",\"@id\":\"https:\/\/waracomunicaciones.com\/?p=948#article\",\"isPartOf\":{\"@id\":\"https:\/\/waracomunicaciones.com\/?p=948\"},\"author\":{\"name\":\"admin\",\"@id\":\"https:\/\/waracomunicaciones.com\/#\/schema\/person\/e9db934bc91575cc71fe584c5973244a\"},\"headline\":\"Alexander Qui\u00f1ones: \u201cNo necesito ning\u00fan cargo p\u00fablico designado, porque hicimos campa\u00f1a por convicci\u00f3n\u201d\",\"datePublished\":\"2025-10-28T15:12:12+00:00\",\"dateModified\":\"2025-10-28T15:13:56+00:00\",\"mainEntityOfPage\":{\"@id\":\"https:\/\/waracomunicaciones.com\/?p=948\"},\"wordCount\":317,\"commentCount\":0,\"publisher\":{\"@id\":\"https:\/\/waracomunicaciones.com\/#organization\"},\"image\":{\"@id\":\"https:\/\/waracomunicaciones.com\/?p=948#primaryimage\"},\"thumbnailUrl\":\"https:\/\/waracomunicaciones.com\/wp-content\/uploads\/2025\/10\/quinoo.webp\",\"keywords\":[\"Alexander Qui\u00f1ones\",\"PDC\"],\"articleSection\":[\"Pol\u00edtica\"],\"inLanguage\":\"es\",\"potentialAction\":[{\"@type\":\"CommentAction\",\"name\":\"Comment\",\"target\":[\"https:\/\/waracomunicaciones.com\/?p=948#respond\"]}]},{\"@type\":\"WebPage\",\"@id\":\"https:\/\/waracomunicaciones.com\/?p=948\",\"url\":\"https:\/\/waracomunicaciones.com\/?p=948\",\"name\":\"Alexander Qui\u00f1ones: \u201cNo necesito ning\u00fan cargo p\u00fablico designado, porque hicimos campa\u00f1a por convicci\u00f3n\u201d - Wara Comunicaciones\",\"isPartOf\":{\"@id\":\"https:\/\/waracomunicaciones.com\/#website\"},\"primaryImageOfPage\":{\"@id\":\"https:\/\/waracomunicaciones.com\/?p=948#primaryimage\"},\"image\":{\"@id\":\"https:\/\/waracomunicaciones.com\/?p=948#primaryimage\"},\"thumbnailUrl\":\"https:\/\/waracomunicaciones.com\/wp-content\/uploads\/2025\/10\/quinoo.webp\",\"datePublished\":\"2025-10-28T15:12:12+00:00\",\"dateModified\":\"2025-10-28T15:13:56+00:00\",\"breadcrumb\":{\"@id\":\"https:\/\/waracomunicaciones.com\/?p=948#breadcrumb\"},\"inLanguage\":\"es\",\"potentialAction\":[{\"@type\":\"ReadAction\",\"target\":[\"https:\/\/waracomunicaciones.com\/?p=948\"]}]},{\"@type\":\"ImageObject\",\"inLanguage\":\"es\",\"@id\":\"https:\/\/waracomunicaciones.com\/?p=948#primaryimage\",\"url\":\"https:\/\/waracomunicaciones.com\/wp-content\/uploads\/2025\/10\/quinoo.webp\",\"contentUrl\":\"https:\/\/waracomunicaciones.com\/wp-content\/uploads\/2025\/10\/quinoo.webp\",\"width\":1000,\"height\":435},{\"@type\":\"BreadcrumbList\",\"@id\":\"https:\/\/waracomunicaciones.com\/?p=948#breadcrumb\",\"itemListElement\":[{\"@type\":\"ListItem\",\"position\":1,\"name\":\"Portada\",\"item\":\"https:\/\/waracomunicaciones.com\/\"},{\"@type\":\"ListItem\",\"position\":2,\"name\":\"Alexander Qui\u00f1ones: \u201cNo necesito ning\u00fan cargo p\u00fablico designado, porque hicimos campa\u00f1a por convicci\u00f3n\u201d\"}]},{\"@type\":\"WebSite\",\"@id\":\"https:\/\/waracomunicaciones.com\/#website\",\"url\":\"https:\/\/waracomunicaciones.com\/\",\"name\":\"Wara Comunicaciones\",\"description\":\"\",\"publisher\":{\"@id\":\"https:\/\/waracomunicaciones.com\/#organization\"},\"potentialAction\":[{\"@type\":\"SearchAction\",\"target\":{\"@type\":\"EntryPoint\",\"urlTemplate\":\"https:\/\/waracomunicaciones.com\/?s={search_term_string}\"},\"query-input\":{\"@type\":\"PropertyValueSpecification\",\"valueRequired\":true,\"valueName\":\"search_term_string\"}}],\"inLanguage\":\"es\"},{\"@type\":\"Organization\",\"@id\":\"https:\/\/waracomunicaciones.com\/#organization\",\"name\":\"Wara Comunicaciones\",\"url\":\"https:\/\/waracomunicaciones.com\/\",\"logo\":{\"@type\":\"ImageObject\",\"inLanguage\":\"es\",\"@id\":\"https:\/\/waracomunicaciones.com\/#\/schema\/logo\/image\/\",\"url\":\"https:\/\/waracomunicaciones.com\/wp-content\/uploads\/2025\/07\/logo.png\",\"contentUrl\":\"https:\/\/waracomunicaciones.com\/wp-content\/uploads\/2025\/07\/logo.png\",\"width\":400,\"height\":164,\"caption\":\"Wara Comunicaciones\"},\"image\":{\"@id\":\"https:\/\/waracomunicaciones.com\/#\/schema\/logo\/image\/\"},\"sameAs\":[\"https:\/\/www.facebook.com\/waracomunicaciones2017\"]},{\"@type\":\"Person\",\"@id\":\"https:\/\/waracomunicaciones.com\/#\/schema\/person\/e9db934bc91575cc71fe584c5973244a\",\"name\":\"admin\",\"image\":{\"@type\":\"ImageObject\",\"inLanguage\":\"es\",\"@id\":\"https:\/\/waracomunicaciones.com\/#\/schema\/person\/image\/\",\"url\":\"https:\/\/secure.gravatar.com\/avatar\/bf27e9186df568254093afa216f887fece17605302c6ff12f3980422fffa52e6?s=96&d=mm&r=g\",\"contentUrl\":\"https:\/\/secure.gravatar.com\/avatar\/bf27e9186df568254093afa216f887fece17605302c6ff12f3980422fffa52e6?s=96&d=mm&r=g\",\"caption\":\"admin\"},\"sameAs\":[\"https:\/\/waracomunicaciones.com\/wp\"],\"url\":\"https:\/\/waracomunicaciones.com\/?author=1\"}]}<\/script>\n<!-- \/ Yoast SEO Premium plugin. -->","yoast_head_json":{"title":"Alexander Qui\u00f1ones: \u201cNo necesito ning\u00fan cargo p\u00fablico designado, porque hicimos campa\u00f1a por convicci\u00f3n\u201d - Wara Comunicaciones","robots":{"index":"index","follow":"follow","max-snippet":"max-snippet:-1","max-image-preview":"max-image-preview:large","max-video-preview":"max-video-preview:-1"},"canonical":"https:\/\/waracomunicaciones.com\/?p=948","og_locale":"es_ES","og_type":"article","og_title":"Alexander Qui\u00f1ones: \u201cNo necesito ning\u00fan cargo p\u00fablico designado, porque hicimos campa\u00f1a por convicci\u00f3n\u201d","og_description":"En una entrevista concedida al programa Agenda Matinal de Wara Comunicaciones, el abogado Alexander Qui\u00f1ones explic\u00f3 las razones que motivaron su participaci\u00f3n en la reciente campa\u00f1a electoral, afirmando que su compromiso fue guiado por principios y no por intereses personales.","og_url":"https:\/\/waracomunicaciones.com\/?p=948","og_site_name":"Wara Comunicaciones","article_publisher":"https:\/\/www.facebook.com\/waracomunicaciones2017","article_published_time":"2025-10-28T15:12:12+00:00","article_modified_time":"2025-10-28T15:13:56+00:00","og_image":[{"width":1000,"height":435,"url":"https:\/\/waracomunicaciones.com\/wp-content\/uploads\/2025\/10\/quinoo.webp","type":"image\/webp"}],"author":"admin","twitter_card":"summary_large_image","twitter_misc":{"Escrito por":"admin","Tiempo de lectura":"2 minutos"},"schema":{"@context":"https:\/\/schema.org","@graph":[{"@type":"Article","@id":"https:\/\/waracomunicaciones.com\/?p=948#article","isPartOf":{"@id":"https:\/\/waracomunicaciones.com\/?p=948"},"author":{"name":"admin","@id":"https:\/\/waracomunicaciones.com\/#\/schema\/person\/e9db934bc91575cc71fe584c5973244a"},"headline":"Alexander Qui\u00f1ones: \u201cNo necesito ning\u00fan cargo p\u00fablico designado, porque hicimos campa\u00f1a por convicci\u00f3n\u201d","datePublished":"2025-10-28T15:12:12+00:00","dateModified":"2025-10-28T15:13:56+00:00","mainEntityOfPage":{"@id":"https:\/\/waracomunicaciones.com\/?p=948"},"wordCount":317,"commentCount":0,"publisher":{"@id":"https:\/\/waracomunicaciones.com\/#organization"},"image":{"@id":"https:\/\/waracomunicaciones.com\/?p=948#primaryimage"},"thumbnailUrl":"https:\/\/waracomunicaciones.com\/wp-content\/uploads\/2025\/10\/quinoo.webp","keywords":["Alexander Qui\u00f1ones","PDC"],"articleSection":["Pol\u00edtica"],"inLanguage":"es","potentialAction":[{"@type":"CommentAction","name":"Comment","target":["https:\/\/waracomunicaciones.com\/?p=948#respond"]}]},{"@type":"WebPage","@id":"https:\/\/waracomunicaciones.com\/?p=948","url":"https:\/\/waracomunicaciones.com\/?p=948","name":"Alexander Qui\u00f1ones: \u201cNo necesito ning\u00fan cargo p\u00fablico designado, porque hicimos campa\u00f1a por convicci\u00f3n\u201d - Wara Comunicaciones","isPartOf":{"@id":"https:\/\/waracomunicaciones.com\/#website"},"primaryImageOfPage":{"@id":"https:\/\/waracomunicaciones.com\/?p=948#primaryimage"},"image":{"@id":"https:\/\/waracomunicaciones.com\/?p=948#primaryimage"},"thumbnailUrl":"https:\/\/waracomunicaciones.com\/wp-content\/uploads\/2025\/10\/quinoo.webp","datePublished":"2025-10-28T15:12:12+00:00","dateModified":"2025-10-28T15:13:56+00:00","breadcrumb":{"@id":"https:\/\/waracomunicaciones.com\/?p=948#breadcrumb"},"inLanguage":"es","potentialAction":[{"@type":"ReadAction","target":["https:\/\/waracomunicaciones.com\/?p=948"]}]},{"@type":"ImageObject","inLanguage":"es","@id":"https:\/\/waracomunicaciones.com\/?p=948#primaryimage","url":"https:\/\/waracomunicaciones.com\/wp-content\/uploads\/2025\/10\/quinoo.webp","contentUrl":"https:\/\/waracomunicaciones.com\/wp-content\/uploads\/2025\/10\/quinoo.webp","width":1000,"height":435},{"@type":"BreadcrumbList","@id":"https:\/\/waracomunicaciones.com\/?p=948#breadcrumb","itemListElement":[{"@type":"ListItem","position":1,"name":"Portada","item":"https:\/\/waracomunicaciones.com\/"},{"@type":"ListItem","position":2,"name":"Alexander Qui\u00f1ones: \u201cNo necesito ning\u00fan cargo p\u00fablico designado, porque hicimos campa\u00f1a por convicci\u00f3n\u201d"}]},{"@type":"WebSite","@id":"https:\/\/waracomunicaciones.com\/#website","url":"https:\/\/waracomunicaciones.com\/","name":"Wara Comunicaciones","description":"","publisher":{"@id":"https:\/\/waracomunicaciones.com\/#organization"},"potentialAction":[{"@type":"SearchAction","target":{"@type":"EntryPoint","urlTemplate":"https:\/\/waracomunicaciones.com\/?s={search_term_string}"},"query-input":{"@type":"PropertyValueSpecification","valueRequired":true,"valueName":"search_term_string"}}],"inLanguage":"es"},{"@type":"Organization","@id":"https:\/\/waracomunicaciones.com\/#organization","name":"Wara Comunicaciones","url":"https:\/\/waracomunicaciones.com\/","logo":{"@type":"ImageObject","inLanguage":"es","@id":"https:\/\/waracomunicaciones.com\/#\/schema\/logo\/image\/","url":"https:\/\/waracomunicaciones.com\/wp-content\/uploads\/2025\/07\/logo.png","contentUrl":"https:\/\/waracomunicaciones.com\/wp-content\/uploads\/2025\/07\/logo.png","width":400,"height":164,"caption":"Wara Comunicaciones"},"image":{"@id":"https:\/\/waracomunicaciones.com\/#\/schema\/logo\/image\/"},"sameAs":["https:\/\/www.facebook.com\/waracomunicaciones2017"]},{"@type":"Person","@id":"https:\/\/waracomunicaciones.com\/#\/schema\/person\/e9db934bc91575cc71fe584c5973244a","name":"admin","image":{"@type":"ImageObject","inLanguage":"es","@id":"https:\/\/waracomunicaciones.com\/#\/schema\/person\/image\/","url":"https:\/\/secure.gravatar.com\/avatar\/bf27e9186df568254093afa216f887fece17605302c6ff12f3980422fffa52e6?s=96&d=mm&r=g","contentUrl":"https:\/\/secure.gravatar.com\/avatar\/bf27e9186df568254093afa216f887fece17605302c6ff12f3980422fffa52e6?s=96&d=mm&r=g","caption":"admin"},"sameAs":["https:\/\/waracomunicaciones.com\/wp"],"url":"https:\/\/waracomunicaciones.com\/?author=1"}]}},"_links":{"self":[{"href":"https:\/\/waracomunicaciones.com\/index.php?rest_route=\/wp\/v2\/posts\/948","targetHints":{"allow":["GET"]}}],"collection":[{"href":"https:\/\/waracomunicaciones.com\/index.php?rest_route=\/wp\/v2\/posts"}],"about":[{"href":"https:\/\/waracomunicaciones.com\/index.php?rest_route=\/wp\/v2\/types\/post"}],"author":[{"embeddable":true,"href":"https:\/\/waracomunicaciones.com\/index.php?rest_route=\/wp\/v2\/users\/1"}],"replies":[{"embeddable":true,"href":"https:\/\/waracomunicaciones.com\/index.php?rest_route=%2Fwp%2Fv2%2Fcomments&post=948"}],"version-history":[{"count":2,"href":"https:\/\/waracomunicaciones.com\/index.php?rest_route=\/wp\/v2\/posts\/948\/revisions"}],"predecessor-version":[{"id":952,"href":"https:\/\/waracomunicaciones.com\/index.php?rest_route=\/wp\/v2\/posts\/948\/revisions\/952"}],"wp:attachment":[{"href":"https:\/\/waracomunicaciones.com\/index.php?rest_route=%2Fwp%2Fv2%2Fmedia&parent=948"}],"wp:term":[{"taxonomy":"category","embeddable":true,"href":"https:\/\/waracomunicaciones.com\/index.php?rest_route=%2Fwp%2Fv2%2Fcategories&post=948"},{"taxonomy":"post_tag","embeddable":true,"href":"https:\/\/waracomunicaciones.com\/index.php?rest_route=%2Fwp%2Fv2%2Ftags&post=948"}],"curies":[{"name":"wp","href":"https:\/\/api.w.org\/{rel}","templated":true}]}}