{"id":945,"date":"2025-10-24T10:54:34","date_gmt":"2025-10-24T14:54:34","guid":{"rendered":"https:\/\/waracomunicaciones.com\/?p=945"},"modified":"2025-10-24T10:59:27","modified_gmt":"2025-10-24T14:59:27","slug":"cosmol-convoca-a-su-asamblea-general-ordinaria-para-el-8-de-noviembre","status":"publish","type":"post","link":"https:\/\/waracomunicaciones.com\/?p=945","title":{"rendered":"COSMOL convoca a su Asamblea General Ordinaria para el 8 de noviembre"},"content":{"rendered":"\n<figure class=\"wp-block-image size-full\"><img loading=\"lazy\" decoding=\"async\" width=\"1000\" height=\"667\" src=\"https:\/\/waracomunicaciones.com\/wp-content\/uploads\/2025\/10\/pochoo.webp\" alt=\"\" class=\"wp-image-946\" srcset=\"https:\/\/waracomunicaciones.com\/wp-content\/uploads\/2025\/10\/pochoo.webp 1000w, https:\/\/waracomunicaciones.com\/wp-content\/uploads\/2025\/10\/pochoo-300x200.webp 300w, https:\/\/waracomunicaciones.com\/wp-content\/uploads\/2025\/10\/pochoo-768x512.webp 768w\" sizes=\"auto, (max-width: 1000px) 100vw, 1000px\" \/><figcaption class=\"wp-element-caption\"><em>Martin Ribera presidente del Consejo de Administraci\u00f3n de COSMOL &#8211; Foto Facebook<\/em><\/figcaption><\/figure>\n\n\n<p><span lang=\"ES-MX\">El presidente del Consejo de Administraci\u00f3n, Mart\u00edn \u201cPocho\u201d Ribera, anunci\u00f3 que la cooperativa presentar\u00e1 informes, proyectos y una propuesta de auxilio funerario. La participaci\u00f3n de los socios ser\u00e1 clave para evaluar la gesti\u00f3n 2024.<\/span><!--more--><\/p>\n<p><span lang=\"ES-MX\">Montero, 23 de octubre de 2025. \u2014 La <strong>Cooperativa de Servicios de Montero Ltda. (COSMOL)<\/strong> convoc\u00f3 oficialmente a sus socios a participar en la <strong>Asamblea General Ordinaria<\/strong>, que se realizar\u00e1 el pr\u00f3ximo <strong>8 de noviembre a las 8:30 de la ma\u00f1ana<\/strong> en la sede de la cooperativa.<\/span><\/p>\n<p><span lang=\"ES-MX\">El presidente del Consejo de Administraci\u00f3n, <strong>Mart\u00edn \u201cPocho\u201d Ribera<\/strong>, inform\u00f3 en entrevista con <strong>Wara Comunicaciones<\/strong> que, conforme al estatuto, se esperar\u00e1 una hora para el qu\u00f3rum, y de no alcanzarse, la asamblea iniciar\u00e1 a las <strong>9:30 con los socios presentes<\/strong>.<\/span><\/p>\n<p><span lang=\"ES-MX\">\u201cEl \u00fanico requisito para participar es estar al d\u00eda con el pago de la factura del mes de septiembre, cuyo plazo vence el 6 de noviembre a medianoche, y presentar el carnet de identidad\u201d, explic\u00f3 Ribera.<\/span><\/p>\n<h3><strong><span lang=\"ES-MX\">Temas a tratar y nueva propuesta de auxilio funerario<\/span><\/strong><\/h3>\n<p><span lang=\"ES-MX\">Durante la asamblea, los socios recibir\u00e1n los informes del <strong>Consejo de Vigilancia<\/strong>, del <strong>Consejo de Administraci\u00f3n<\/strong>, y de la <strong>auditor\u00eda externa correspondiente a la gesti\u00f3n 2024<\/strong>. Adem\u00e1s, se expondr\u00e1n los <strong>planes y proyectos para la pr\u00f3xima gesti\u00f3n<\/strong>, entre ellos la implementaci\u00f3n de un <strong>auxilio funerario<\/strong> solicitado por la membres\u00eda.<\/span><\/p>\n<p><span lang=\"ES-MX\">\u201cActualmente brindamos pr\u00e9stamo de toldos y sillas en casos de fallecimiento. La propuesta busca ampliar ese servicio, incluyendo recursos econ\u00f3micos o el suministro del caj\u00f3n mortuorio. Eso se definir\u00e1 en la asamblea\u201d, detall\u00f3 el presidente.<\/span><\/p>\n<h3><strong><span lang=\"ES-MX\">Transparencia y acceso a la informaci\u00f3n<\/span><\/strong><\/h3>\n<p><span lang=\"ES-MX\">Ribera destac\u00f3 que COSMOL contin\u00faa fortaleciendo la transparencia en su gesti\u00f3n. Record\u00f3 que el a\u00f1o pasado se modific\u00f3 el procedimiento de entrega de la <strong>Memoria Institucional<\/strong>, distribuy\u00e9ndose <strong>diez d\u00edas antes<\/strong> de la asamblea, y no el mismo d\u00eda como ocurr\u00eda anteriormente.<\/span><\/p>\n<p><span lang=\"ES-MX\">\u201cEn esta segunda gesti\u00f3n haremos lo mismo. Desde los primeros d\u00edas de noviembre, los socios podr\u00e1n recoger la memoria impresa en la cooperativa. Adem\u00e1s, se subir\u00e1 a nuestra <strong>p\u00e1gina de Facebook<\/strong>, para que todos puedan acceder digitalmente\u201d, afirm\u00f3.<\/span><\/p>\n<p><span lang=\"ES-MX\">El dirigente recalc\u00f3 que el lema de la actual administraci\u00f3n es <strong>\u201cGesti\u00f3n, unidad y transparencia\u201d<\/strong>, y asegur\u00f3 que los recursos aportados por los socios se est\u00e1n invirtiendo en obras. \u201cHemos mejorado el tema del agua turbia y estamos reemplazando matrices de tuber\u00edas con m\u00e1s de 50 a\u00f1os de antig\u00fcedad. Hay mucho por hacer, pero avanzamos\u201d, puntualiz\u00f3.<\/span><\/p>\n<h3><strong><span lang=\"ES-MX\">Baja participaci\u00f3n y desaf\u00edos institucionales<\/span><\/strong><\/h3>\n<p><span lang=\"ES-MX\">Consultado sobre la baja asistencia de socios en las asambleas, Ribera reconoci\u00f3 la dificultad para fomentar la participaci\u00f3n. \u201cLamentablemente la gente que asiste es la misma, no pasan de 300 o 400 personas. Si el qu\u00f3rum fuera del 50% m\u00e1s uno, nunca podr\u00edamos sesionar\u201d, lament\u00f3.<\/span><\/p>\n<p><span lang=\"ES-MX\">Compar\u00f3 la situaci\u00f3n con la cooperativa de Yapacan\u00ed, donde la asistencia supera el 50% debido a que se aplica una <strong>multa de 50 bolivianos<\/strong> a quienes no participan. \u201cSi hici\u00e9ramos eso en Montero, tendr\u00edamos 27.000 multas\u201d, ironiz\u00f3, se\u00f1alando que el problema es m\u00e1s de conciencia y compromiso con la instituci\u00f3n.<\/span><\/p>\n<h3><strong><span lang=\"ES-MX\">Gestiones por el alcantarillado y trabas pol\u00edticas<\/span><\/strong><\/h3>\n<p><span lang=\"ES-MX\">El presidente tambi\u00e9n abord\u00f3 la <strong>falta de avance en los proyectos de alcantarillado sanitario<\/strong>, atribuyendo la demora a factores pol\u00edticos. \u201cHemos presentado proyectos y seguimos tocando puertas, pero lamentablemente nuestro alcalde no es de la l\u00ednea del gobierno central, y eso retrasa la aprobaci\u00f3n. En cambio, en San Pedro ya aprobaron su proyecto\u201d, explic\u00f3.<\/span><\/p>\n<p><span lang=\"ES-MX\">Ribera expres\u00f3 su esperanza de que el nuevo gobierno nacional \u201cmuestre madurez pol\u00edtica y apruebe proyectos en beneficio de toda la poblaci\u00f3n, sin distinci\u00f3n de colores\u201d.<\/span><\/p>\n<p><span lang=\"ES-MX\">\u201cEl perjuicio no es para la administraci\u00f3n, es para la gente. Ojal\u00e1 se apruebe el proyecto de alcantarillado antes del 8 de noviembre, como se ha comprometido el gobierno\u201d, concluy\u00f3.<\/span><\/p>\n<p><strong><span lang=\"ES-MX\">La Asamblea General Ordinaria de COSMOL<\/span><\/strong><span lang=\"ES-MX\"> ser\u00e1, seg\u00fan sus autoridades, una oportunidad para <strong>evaluar la gesti\u00f3n, debatir propuestas y fortalecer la participaci\u00f3n de los socios<\/strong> en la toma de decisiones de la cooperativa.<\/span><\/p><div style=\"margin-top: 0px; margin-bottom: 0px;\" class=\"sharethis-inline-reaction-buttons\" ><\/div>","protected":false},"excerpt":{"rendered":"<p>El presidente del Consejo de Administraci\u00f3n, Mart\u00edn \u201cPocho\u201d Ribera, anunci\u00f3 que la cooperativa presentar\u00e1 informes, proyectos y una propuesta de auxilio funerario. La participaci\u00f3n de los socios ser\u00e1 clave para evaluar la gesti\u00f3n 2024.<\/p>\n","protected":false},"author":1,"featured_media":0,"comment_status":"open","ping_status":"open","sticky":false,"template":"","format":"standard","meta":{"footnotes":""},"categories":[45],"tags":[147,146,244,19],"class_list":["post-945","post","type-post","status-publish","format-standard","hentry","category-sociedad","tag-agua-potable","tag-cosmol","tag-martin-ribera","tag-montero"],"yoast_head":"<!-- This site is optimized with the Yoast SEO Premium plugin v25.5 (Yoast SEO v27.1.1) - https:\/\/yoast.com\/product\/yoast-seo-premium-wordpress\/ -->\n<title>COSMOL convoca a su Asamblea General Ordinaria para el 8 de noviembre - Wara Comunicaciones<\/title>\n<meta name=\"robots\" content=\"index, follow, max-snippet:-1, max-image-preview:large, max-video-preview:-1\" \/>\n<link rel=\"canonical\" href=\"https:\/\/waracomunicaciones.com\/?p=945\" \/>\n<meta property=\"og:locale\" content=\"es_ES\" \/>\n<meta property=\"og:type\" content=\"article\" \/>\n<meta property=\"og:title\" content=\"COSMOL convoca a su Asamblea General Ordinaria para el 8 de noviembre\" \/>\n<meta property=\"og:description\" content=\"El presidente del Consejo de Administraci\u00f3n, Mart\u00edn \u201cPocho\u201d Ribera, anunci\u00f3 que la cooperativa presentar\u00e1 informes, proyectos y una propuesta de auxilio funerario. La participaci\u00f3n de los socios ser\u00e1 clave para evaluar la gesti\u00f3n 2024.\" \/>\n<meta property=\"og:url\" content=\"https:\/\/waracomunicaciones.com\/?p=945\" \/>\n<meta property=\"og:site_name\" content=\"Wara Comunicaciones\" \/>\n<meta property=\"article:publisher\" content=\"https:\/\/www.facebook.com\/waracomunicaciones2017\" \/>\n<meta property=\"article:published_time\" content=\"2025-10-24T14:54:34+00:00\" \/>\n<meta property=\"article:modified_time\" content=\"2025-10-24T14:59:27+00:00\" \/>\n<meta property=\"og:image\" content=\"https:\/\/waracomunicaciones.com\/wp-content\/uploads\/2025\/10\/pochoo.webp\" \/>\n\t<meta property=\"og:image:width\" content=\"1000\" \/>\n\t<meta property=\"og:image:height\" content=\"667\" \/>\n\t<meta property=\"og:image:type\" content=\"image\/webp\" \/>\n<meta name=\"author\" content=\"admin\" \/>\n<meta name=\"twitter:card\" content=\"summary_large_image\" \/>\n<meta name=\"twitter:label1\" content=\"Escrito por\" \/>\n\t<meta name=\"twitter:data1\" content=\"admin\" \/>\n\t<meta name=\"twitter:label2\" content=\"Tiempo de lectura\" \/>\n\t<meta name=\"twitter:data2\" content=\"4 minutos\" \/>\n<script type=\"application\/ld+json\" class=\"yoast-schema-graph\">{\"@context\":\"https:\/\/schema.org\",\"@graph\":[{\"@type\":\"Article\",\"@id\":\"https:\/\/waracomunicaciones.com\/?p=945#article\",\"isPartOf\":{\"@id\":\"https:\/\/waracomunicaciones.com\/?p=945\"},\"author\":{\"name\":\"admin\",\"@id\":\"https:\/\/waracomunicaciones.com\/#\/schema\/person\/e9db934bc91575cc71fe584c5973244a\"},\"headline\":\"COSMOL convoca a su Asamblea General Ordinaria para el 8 de noviembre\",\"datePublished\":\"2025-10-24T14:54:34+00:00\",\"dateModified\":\"2025-10-24T14:59:27+00:00\",\"mainEntityOfPage\":{\"@id\":\"https:\/\/waracomunicaciones.com\/?p=945\"},\"wordCount\":715,\"commentCount\":0,\"publisher\":{\"@id\":\"https:\/\/waracomunicaciones.com\/#organization\"},\"image\":{\"@id\":\"https:\/\/waracomunicaciones.com\/?p=945#primaryimage\"},\"thumbnailUrl\":\"https:\/\/waracomunicaciones.com\/wp-content\/uploads\/2025\/10\/pochoo.webp\",\"keywords\":[\"Agua Potable\",\"COSMOL\",\"Martin Ribera\",\"Montero\"],\"articleSection\":[\"Sociedad\"],\"inLanguage\":\"es\",\"potentialAction\":[{\"@type\":\"CommentAction\",\"name\":\"Comment\",\"target\":[\"https:\/\/waracomunicaciones.com\/?p=945#respond\"]}]},{\"@type\":\"WebPage\",\"@id\":\"https:\/\/waracomunicaciones.com\/?p=945\",\"url\":\"https:\/\/waracomunicaciones.com\/?p=945\",\"name\":\"COSMOL convoca a su Asamblea General Ordinaria para el 8 de noviembre - Wara Comunicaciones\",\"isPartOf\":{\"@id\":\"https:\/\/waracomunicaciones.com\/#website\"},\"primaryImageOfPage\":{\"@id\":\"https:\/\/waracomunicaciones.com\/?p=945#primaryimage\"},\"image\":{\"@id\":\"https:\/\/waracomunicaciones.com\/?p=945#primaryimage\"},\"thumbnailUrl\":\"https:\/\/waracomunicaciones.com\/wp-content\/uploads\/2025\/10\/pochoo.webp\",\"datePublished\":\"2025-10-24T14:54:34+00:00\",\"dateModified\":\"2025-10-24T14:59:27+00:00\",\"breadcrumb\":{\"@id\":\"https:\/\/waracomunicaciones.com\/?p=945#breadcrumb\"},\"inLanguage\":\"es\",\"potentialAction\":[{\"@type\":\"ReadAction\",\"target\":[\"https:\/\/waracomunicaciones.com\/?p=945\"]}]},{\"@type\":\"ImageObject\",\"inLanguage\":\"es\",\"@id\":\"https:\/\/waracomunicaciones.com\/?p=945#primaryimage\",\"url\":\"https:\/\/waracomunicaciones.com\/wp-content\/uploads\/2025\/10\/pochoo.webp\",\"contentUrl\":\"https:\/\/waracomunicaciones.com\/wp-content\/uploads\/2025\/10\/pochoo.webp\",\"width\":1000,\"height\":667},{\"@type\":\"BreadcrumbList\",\"@id\":\"https:\/\/waracomunicaciones.com\/?p=945#breadcrumb\",\"itemListElement\":[{\"@type\":\"ListItem\",\"position\":1,\"name\":\"Portada\",\"item\":\"https:\/\/waracomunicaciones.com\/\"},{\"@type\":\"ListItem\",\"position\":2,\"name\":\"COSMOL convoca a su Asamblea General Ordinaria para el 8 de noviembre\"}]},{\"@type\":\"WebSite\",\"@id\":\"https:\/\/waracomunicaciones.com\/#website\",\"url\":\"https:\/\/waracomunicaciones.com\/\",\"name\":\"Wara Comunicaciones\",\"description\":\"\",\"publisher\":{\"@id\":\"https:\/\/waracomunicaciones.com\/#organization\"},\"potentialAction\":[{\"@type\":\"SearchAction\",\"target\":{\"@type\":\"EntryPoint\",\"urlTemplate\":\"https:\/\/waracomunicaciones.com\/?s={search_term_string}\"},\"query-input\":{\"@type\":\"PropertyValueSpecification\",\"valueRequired\":true,\"valueName\":\"search_term_string\"}}],\"inLanguage\":\"es\"},{\"@type\":\"Organization\",\"@id\":\"https:\/\/waracomunicaciones.com\/#organization\",\"name\":\"Wara Comunicaciones\",\"url\":\"https:\/\/waracomunicaciones.com\/\",\"logo\":{\"@type\":\"ImageObject\",\"inLanguage\":\"es\",\"@id\":\"https:\/\/waracomunicaciones.com\/#\/schema\/logo\/image\/\",\"url\":\"https:\/\/waracomunicaciones.com\/wp-content\/uploads\/2025\/07\/logo.png\",\"contentUrl\":\"https:\/\/waracomunicaciones.com\/wp-content\/uploads\/2025\/07\/logo.png\",\"width\":400,\"height\":164,\"caption\":\"Wara Comunicaciones\"},\"image\":{\"@id\":\"https:\/\/waracomunicaciones.com\/#\/schema\/logo\/image\/\"},\"sameAs\":[\"https:\/\/www.facebook.com\/waracomunicaciones2017\"]},{\"@type\":\"Person\",\"@id\":\"https:\/\/waracomunicaciones.com\/#\/schema\/person\/e9db934bc91575cc71fe584c5973244a\",\"name\":\"admin\",\"image\":{\"@type\":\"ImageObject\",\"inLanguage\":\"es\",\"@id\":\"https:\/\/waracomunicaciones.com\/#\/schema\/person\/image\/\",\"url\":\"https:\/\/secure.gravatar.com\/avatar\/bf27e9186df568254093afa216f887fece17605302c6ff12f3980422fffa52e6?s=96&d=mm&r=g\",\"contentUrl\":\"https:\/\/secure.gravatar.com\/avatar\/bf27e9186df568254093afa216f887fece17605302c6ff12f3980422fffa52e6?s=96&d=mm&r=g\",\"caption\":\"admin\"},\"sameAs\":[\"https:\/\/waracomunicaciones.com\/wp\"],\"url\":\"https:\/\/waracomunicaciones.com\/?author=1\"}]}<\/script>\n<!-- \/ Yoast SEO Premium plugin. -->","yoast_head_json":{"title":"COSMOL convoca a su Asamblea General Ordinaria para el 8 de noviembre - Wara Comunicaciones","robots":{"index":"index","follow":"follow","max-snippet":"max-snippet:-1","max-image-preview":"max-image-preview:large","max-video-preview":"max-video-preview:-1"},"canonical":"https:\/\/waracomunicaciones.com\/?p=945","og_locale":"es_ES","og_type":"article","og_title":"COSMOL convoca a su Asamblea General Ordinaria para el 8 de noviembre","og_description":"El presidente del Consejo de Administraci\u00f3n, Mart\u00edn \u201cPocho\u201d Ribera, anunci\u00f3 que la cooperativa presentar\u00e1 informes, proyectos y una propuesta de auxilio funerario. La participaci\u00f3n de los socios ser\u00e1 clave para evaluar la gesti\u00f3n 2024.","og_url":"https:\/\/waracomunicaciones.com\/?p=945","og_site_name":"Wara Comunicaciones","article_publisher":"https:\/\/www.facebook.com\/waracomunicaciones2017","article_published_time":"2025-10-24T14:54:34+00:00","article_modified_time":"2025-10-24T14:59:27+00:00","og_image":[{"width":1000,"height":667,"url":"https:\/\/waracomunicaciones.com\/wp-content\/uploads\/2025\/10\/pochoo.webp","type":"image\/webp"}],"author":"admin","twitter_card":"summary_large_image","twitter_misc":{"Escrito por":"admin","Tiempo de lectura":"4 minutos"},"schema":{"@context":"https:\/\/schema.org","@graph":[{"@type":"Article","@id":"https:\/\/waracomunicaciones.com\/?p=945#article","isPartOf":{"@id":"https:\/\/waracomunicaciones.com\/?p=945"},"author":{"name":"admin","@id":"https:\/\/waracomunicaciones.com\/#\/schema\/person\/e9db934bc91575cc71fe584c5973244a"},"headline":"COSMOL convoca a su Asamblea General Ordinaria para el 8 de noviembre","datePublished":"2025-10-24T14:54:34+00:00","dateModified":"2025-10-24T14:59:27+00:00","mainEntityOfPage":{"@id":"https:\/\/waracomunicaciones.com\/?p=945"},"wordCount":715,"commentCount":0,"publisher":{"@id":"https:\/\/waracomunicaciones.com\/#organization"},"image":{"@id":"https:\/\/waracomunicaciones.com\/?p=945#primaryimage"},"thumbnailUrl":"https:\/\/waracomunicaciones.com\/wp-content\/uploads\/2025\/10\/pochoo.webp","keywords":["Agua Potable","COSMOL","Martin Ribera","Montero"],"articleSection":["Sociedad"],"inLanguage":"es","potentialAction":[{"@type":"CommentAction","name":"Comment","target":["https:\/\/waracomunicaciones.com\/?p=945#respond"]}]},{"@type":"WebPage","@id":"https:\/\/waracomunicaciones.com\/?p=945","url":"https:\/\/waracomunicaciones.com\/?p=945","name":"COSMOL convoca a su Asamblea General Ordinaria para el 8 de noviembre - Wara Comunicaciones","isPartOf":{"@id":"https:\/\/waracomunicaciones.com\/#website"},"primaryImageOfPage":{"@id":"https:\/\/waracomunicaciones.com\/?p=945#primaryimage"},"image":{"@id":"https:\/\/waracomunicaciones.com\/?p=945#primaryimage"},"thumbnailUrl":"https:\/\/waracomunicaciones.com\/wp-content\/uploads\/2025\/10\/pochoo.webp","datePublished":"2025-10-24T14:54:34+00:00","dateModified":"2025-10-24T14:59:27+00:00","breadcrumb":{"@id":"https:\/\/waracomunicaciones.com\/?p=945#breadcrumb"},"inLanguage":"es","potentialAction":[{"@type":"ReadAction","target":["https:\/\/waracomunicaciones.com\/?p=945"]}]},{"@type":"ImageObject","inLanguage":"es","@id":"https:\/\/waracomunicaciones.com\/?p=945#primaryimage","url":"https:\/\/waracomunicaciones.com\/wp-content\/uploads\/2025\/10\/pochoo.webp","contentUrl":"https:\/\/waracomunicaciones.com\/wp-content\/uploads\/2025\/10\/pochoo.webp","width":1000,"height":667},{"@type":"BreadcrumbList","@id":"https:\/\/waracomunicaciones.com\/?p=945#breadcrumb","itemListElement":[{"@type":"ListItem","position":1,"name":"Portada","item":"https:\/\/waracomunicaciones.com\/"},{"@type":"ListItem","position":2,"name":"COSMOL convoca a su Asamblea General Ordinaria para el 8 de noviembre"}]},{"@type":"WebSite","@id":"https:\/\/waracomunicaciones.com\/#website","url":"https:\/\/waracomunicaciones.com\/","name":"Wara Comunicaciones","description":"","publisher":{"@id":"https:\/\/waracomunicaciones.com\/#organization"},"potentialAction":[{"@type":"SearchAction","target":{"@type":"EntryPoint","urlTemplate":"https:\/\/waracomunicaciones.com\/?s={search_term_string}"},"query-input":{"@type":"PropertyValueSpecification","valueRequired":true,"valueName":"search_term_string"}}],"inLanguage":"es"},{"@type":"Organization","@id":"https:\/\/waracomunicaciones.com\/#organization","name":"Wara Comunicaciones","url":"https:\/\/waracomunicaciones.com\/","logo":{"@type":"ImageObject","inLanguage":"es","@id":"https:\/\/waracomunicaciones.com\/#\/schema\/logo\/image\/","url":"https:\/\/waracomunicaciones.com\/wp-content\/uploads\/2025\/07\/logo.png","contentUrl":"https:\/\/waracomunicaciones.com\/wp-content\/uploads\/2025\/07\/logo.png","width":400,"height":164,"caption":"Wara Comunicaciones"},"image":{"@id":"https:\/\/waracomunicaciones.com\/#\/schema\/logo\/image\/"},"sameAs":["https:\/\/www.facebook.com\/waracomunicaciones2017"]},{"@type":"Person","@id":"https:\/\/waracomunicaciones.com\/#\/schema\/person\/e9db934bc91575cc71fe584c5973244a","name":"admin","image":{"@type":"ImageObject","inLanguage":"es","@id":"https:\/\/waracomunicaciones.com\/#\/schema\/person\/image\/","url":"https:\/\/secure.gravatar.com\/avatar\/bf27e9186df568254093afa216f887fece17605302c6ff12f3980422fffa52e6?s=96&d=mm&r=g","contentUrl":"https:\/\/secure.gravatar.com\/avatar\/bf27e9186df568254093afa216f887fece17605302c6ff12f3980422fffa52e6?s=96&d=mm&r=g","caption":"admin"},"sameAs":["https:\/\/waracomunicaciones.com\/wp"],"url":"https:\/\/waracomunicaciones.com\/?author=1"}]}},"_links":{"self":[{"href":"https:\/\/waracomunicaciones.com\/index.php?rest_route=\/wp\/v2\/posts\/945","targetHints":{"allow":["GET"]}}],"collection":[{"href":"https:\/\/waracomunicaciones.com\/index.php?rest_route=\/wp\/v2\/posts"}],"about":[{"href":"https:\/\/waracomunicaciones.com\/index.php?rest_route=\/wp\/v2\/types\/post"}],"author":[{"embeddable":true,"href":"https:\/\/waracomunicaciones.com\/index.php?rest_route=\/wp\/v2\/users\/1"}],"replies":[{"embeddable":true,"href":"https:\/\/waracomunicaciones.com\/index.php?rest_route=%2Fwp%2Fv2%2Fcomments&post=945"}],"version-history":[{"count":1,"href":"https:\/\/waracomunicaciones.com\/index.php?rest_route=\/wp\/v2\/posts\/945\/revisions"}],"predecessor-version":[{"id":947,"href":"https:\/\/waracomunicaciones.com\/index.php?rest_route=\/wp\/v2\/posts\/945\/revisions\/947"}],"wp:attachment":[{"href":"https:\/\/waracomunicaciones.com\/index.php?rest_route=%2Fwp%2Fv2%2Fmedia&parent=945"}],"wp:term":[{"taxonomy":"category","embeddable":true,"href":"https:\/\/waracomunicaciones.com\/index.php?rest_route=%2Fwp%2Fv2%2Fcategories&post=945"},{"taxonomy":"post_tag","embeddable":true,"href":"https:\/\/waracomunicaciones.com\/index.php?rest_route=%2Fwp%2Fv2%2Ftags&post=945"}],"curies":[{"name":"wp","href":"https:\/\/api.w.org\/{rel}","templated":true}]}}