{"id":938,"date":"2025-10-23T23:38:07","date_gmt":"2025-10-24T03:38:07","guid":{"rendered":"https:\/\/waracomunicaciones.com\/?p=938"},"modified":"2025-10-23T23:38:09","modified_gmt":"2025-10-24T03:38:09","slug":"subgobernador-juan-carlos-maciel-destaca-avances-en-obras-salud-y-descentralizacion-en-la-provincia-obispo-santistevan","status":"publish","type":"post","link":"https:\/\/waracomunicaciones.com\/?p=938","title":{"rendered":"Subgobernador Juan Carlos Maciel destaca avances en obras, salud y descentralizaci\u00f3n en la provincia Obispo Santistevan"},"content":{"rendered":"\n<figure class=\"wp-block-image size-full\"><img loading=\"lazy\" decoding=\"async\" width=\"1000\" height=\"753\" src=\"https:\/\/waracomunicaciones.com\/wp-content\/uploads\/2025\/10\/macieljj.webp\" alt=\"\" class=\"wp-image-940\" srcset=\"https:\/\/waracomunicaciones.com\/wp-content\/uploads\/2025\/10\/macieljj.webp 1000w, https:\/\/waracomunicaciones.com\/wp-content\/uploads\/2025\/10\/macieljj-300x226.webp 300w, https:\/\/waracomunicaciones.com\/wp-content\/uploads\/2025\/10\/macieljj-768x578.webp 768w\" sizes=\"auto, (max-width: 1000px) 100vw, 1000px\" \/><figcaption class=\"wp-element-caption\"><em>Juan Carlos Maciel subgobernador de provincia Obispo Santistevan en reuni\u00f3n de coordinaci\u00f3n &#8211; Foto Facebook<\/em><\/figcaption><\/figure>\n\n\n<p>El subgobernador afirm\u00f3 que, pese a las limitaciones econ\u00f3micas, se han concretado convenios con varios municipios para mejorar caminos, fortalecer el sistema de salud y avanzar en la descentralizaci\u00f3n de servicios p\u00fablicos.<!--more--><\/p>\n<p><em>Montero, Santa Cruz.<\/em> \u2014 El subgobernador de la provincia Obispo Santistevan, <strong>Juan Carlos Maciel<\/strong>, realiz\u00f3 un balance de gesti\u00f3n en el que destac\u00f3 la ejecuci\u00f3n de obras viales, el fortalecimiento del sistema de salud y los avances en la descentralizaci\u00f3n administrativa. Durante una entrevista con el periodista <strong>Tom\u00e1s Coca<\/strong>, Maciel afirm\u00f3 que, pese a las dificultades econ\u00f3micas y la situaci\u00f3n pol\u00edtica del departamento, se ha logrado mantener la gesti\u00f3n activa y coordinada con los municipios.<\/p>\n<p>\u201cNosotros, como subgobernaci\u00f3n, hemos trabajado independientemente de las dificultades econ\u00f3micas. Se han firmado convenios muy importantes con los municipios para el arreglo y ripiado de v\u00edas departamentales, adem\u00e1s de la elevaci\u00f3n de terraplenes en varios tramos\u201d, explic\u00f3 la autoridad.<\/p>\n<p><strong>Obras viales y proyectos en ejecuci\u00f3n<\/strong><\/p>\n<p>El subgobernador inform\u00f3 que, en la presente gesti\u00f3n, se inauguraron varios tramos carreteros y se encuentran pr\u00f3ximos a entregarse otros proyectos de impacto regional.<\/p>\n<p>\u201cEn San Pedro se ha concluido un tramo de m\u00e1s de cuatro kil\u00f3metros de pavimento r\u00edgido. En Puerto Franklin, del municipio de Fern\u00e1ndez Alonso, ya estamos listos para inaugurar otro proyecto similar. En Montero trabajamos en el mantenimiento del tramo El Cidral y proyectamos ejecutar la obra entre Guabir\u00e1 y (\u2026), adem\u00e1s del mantenimiento de la v\u00eda departamental Patuj\u00fa\u201d, detall\u00f3.<\/p>\n<p>Asimismo, mencion\u00f3 los trabajos en Villa Copacabana y Turub\u00f3, y destac\u00f3 que se garantiza el saneamiento y el mejoramiento de caminos en toda la provincia.<\/p>\n<p><strong>Fortalecimiento del sistema de salud<\/strong><\/p>\n<p>En el \u00e1mbito sanitario, Maciel asegur\u00f3 que se ha garantizado la operatividad del sistema de salud y el funcionamiento de los hospitales de tercer nivel, a pesar de las limitaciones presupuestarias.<\/p>\n<p>\u201cNo hemos parado en salud. Se ha garantizado la contrataci\u00f3n de recursos humanos, la entrega de raciones secas en guarder\u00edas y la coordinaci\u00f3n con productores locales para sostener los programas de alimentaci\u00f3n\u201d, afirm\u00f3.<\/p>\n<p>La autoridad explic\u00f3 adem\u00e1s que se busca <strong>descentralizar los servicios del Servicio Departamental de Salud (SEDES)<\/strong>, con el objetivo de que los habitantes de la provincia puedan realizar tr\u00e1mites directamente en Montero y no deban trasladarse hasta la ciudad de Santa Cruz.<\/p>\n<p>\u201cQueremos centralizar direcciones en la subgobernaci\u00f3n para que la poblaci\u00f3n tenga m\u00e1s facilidad. Estamos coordinando con el SEDES para habilitar farmacias, controles sanitarios e inspecciones de inocuidad alimentaria a nivel provincial\u201d, sostuvo.<\/p>\n<p><strong>Huertos comunales y apoyo a sectores vulnerables<\/strong><\/p>\n<p>Maciel destac\u00f3 la implementaci\u00f3n de huertos comunales en diferentes distritos de Montero, los cuales contar\u00e1n con sistemas de riego para garantizar la producci\u00f3n sostenible de alimentos.<\/p>\n<p>\u201cNos comprometimos a instalar sistemas de riego que mejorar\u00e1n las condiciones de trabajo y asegurar\u00e1n la alimentaci\u00f3n de personas con discapacidad, adultos mayores y familias vulnerables\u201d, indic\u00f3.<\/p>\n<p><strong>Perspectivas pol\u00edticas y apoyo a la reelecci\u00f3n de Camacho<\/strong><\/p>\n<p>Consultado sobre el futuro pol\u00edtico de la Gobernaci\u00f3n, Maciel record\u00f3 que la gesti\u00f3n ha estado marcada por la detenci\u00f3n del gobernador <strong>Luis Fernando Camacho<\/strong>, lo que dificult\u00f3 la ejecuci\u00f3n de proyectos.<\/p>\n<p>\u201cHa sido una gesti\u00f3n muy dif\u00edcil. El gobernador estuvo casi tres a\u00f1os privado de libertad, pero seguimos trabajando. \u00c9l es un l\u00edder nato y vamos a apoyar su candidatura en caso de que decida ir a la reelecci\u00f3n\u201d, afirm\u00f3.<\/p>\n<p>Tambi\u00e9n adelant\u00f3 que se est\u00e1 gestionando un <strong>fideicomiso con el Gobierno Nacional<\/strong> para cumplir con compromisos asumidos con los municipios en materia de infraestructura y alimentaci\u00f3n escolar.<\/p>\n<p>\u201cEl gobernador Camacho se ha comprometido a honrar la deuda del desayuno escolar, con o sin fideicomiso. Ya se ha instruido a los municipios enviar la informaci\u00f3n correspondiente para proceder con los pagos\u201d, precis\u00f3.<\/p>\n<p><strong>Reforma en salud: el modelo 50-50<\/strong><\/p>\n<p>Respecto al nuevo modelo de financiamiento <strong>\u201c50-50\u201d<\/strong> en salud, Maciel explic\u00f3 que permitir\u00e1 mejorar la atenci\u00f3n m\u00e9dica y contratar m\u00e1s personal especializado.<\/p>\n<p>\u201cEsto significa que habr\u00e1 m\u00e1s recursos, y con recursos se puede cambiar mucho. Necesitamos m\u00e1s hospitales de tercer nivel, como en Montero, donde se podr\u00eda duplicar la capacidad y ampliar el servicio de emergencia. Tambi\u00e9n debemos fortalecer los segundos niveles en municipios como Minero y crear centros integrales de salud\u201d, explic\u00f3.<br \/>\u201cQueremos un sistema integral, donde los especialistas tambi\u00e9n trabajen en el primer nivel. As\u00ed reduciremos los traslados y salvaremos m\u00e1s vidas\u201d, a\u00f1adi\u00f3.<\/p>\n<p><strong>Desaf\u00edos y mensaje final<\/strong><\/p>\n<p>El subgobernador reconoci\u00f3 que la Gobernaci\u00f3n enfrenta un d\u00e9ficit importante en el \u00e1rea de salud, estimando que <strong>faltan m\u00e1s de 15.000 \u00edtems<\/strong> para cubrir la demanda en el departamento. No obstante, expres\u00f3 optimismo respecto al futuro econ\u00f3mico del pa\u00eds y pidi\u00f3 fortalecer la cooperaci\u00f3n internacional.<\/p>\n<p>\u201cBolivia necesita abrirse a los mercados y mantener buenas relaciones con todos los gobiernos del mundo. Queremos mirar una luz al final del t\u00fanel y devolver la esperanza a nuestro pueblo\u201d, concluy\u00f3.<\/p><div style=\"margin-top: 0px; margin-bottom: 0px;\" class=\"sharethis-inline-reaction-buttons\" ><\/div>","protected":false},"excerpt":{"rendered":"<p>El subgobernador afirm\u00f3 que, pese a las limitaciones econ\u00f3micas, se han concretado convenios con varios municipios para mejorar caminos, fortalecer el sistema de salud y avanzar en la descentralizaci\u00f3n de servicios p\u00fablicos.<\/p>\n","protected":false},"author":1,"featured_media":0,"comment_status":"open","ping_status":"open","sticky":false,"template":"","format":"standard","meta":{"footnotes":""},"categories":[42],"tags":[139,71],"class_list":["post-938","post","type-post","status-publish","format-standard","hentry","category-politica","tag-juan-carlos-maciel","tag-obras"],"yoast_head":"<!-- This site is optimized with the Yoast SEO Premium plugin v25.5 (Yoast SEO v27.1.1) - https:\/\/yoast.com\/product\/yoast-seo-premium-wordpress\/ -->\n<title>Subgobernador Juan Carlos Maciel destaca avances en obras, salud y descentralizaci\u00f3n en la provincia Obispo Santistevan - Wara Comunicaciones<\/title>\n<meta name=\"robots\" content=\"index, follow, max-snippet:-1, max-image-preview:large, max-video-preview:-1\" \/>\n<link rel=\"canonical\" href=\"https:\/\/waracomunicaciones.com\/?p=938\" \/>\n<meta property=\"og:locale\" content=\"es_ES\" \/>\n<meta property=\"og:type\" content=\"article\" \/>\n<meta property=\"og:title\" content=\"Subgobernador Juan Carlos Maciel destaca avances en obras, salud y descentralizaci\u00f3n en la provincia Obispo Santistevan\" \/>\n<meta property=\"og:description\" content=\"El subgobernador afirm\u00f3 que, pese a las limitaciones econ\u00f3micas, se han concretado convenios con varios municipios para mejorar caminos, fortalecer el sistema de salud y avanzar en la descentralizaci\u00f3n de servicios p\u00fablicos.\" \/>\n<meta property=\"og:url\" content=\"https:\/\/waracomunicaciones.com\/?p=938\" \/>\n<meta property=\"og:site_name\" content=\"Wara Comunicaciones\" \/>\n<meta property=\"article:publisher\" content=\"https:\/\/www.facebook.com\/waracomunicaciones2017\" \/>\n<meta property=\"article:published_time\" content=\"2025-10-24T03:38:07+00:00\" \/>\n<meta property=\"article:modified_time\" content=\"2025-10-24T03:38:09+00:00\" \/>\n<meta property=\"og:image\" content=\"https:\/\/waracomunicaciones.com\/wp-content\/uploads\/2025\/10\/macieljj.webp\" \/>\n\t<meta property=\"og:image:width\" content=\"1000\" \/>\n\t<meta property=\"og:image:height\" content=\"753\" \/>\n\t<meta property=\"og:image:type\" content=\"image\/webp\" \/>\n<meta name=\"author\" content=\"admin\" \/>\n<meta name=\"twitter:card\" content=\"summary_large_image\" \/>\n<meta name=\"twitter:label1\" content=\"Escrito por\" \/>\n\t<meta name=\"twitter:data1\" content=\"admin\" \/>\n\t<meta name=\"twitter:label2\" content=\"Tiempo de lectura\" \/>\n\t<meta name=\"twitter:data2\" content=\"4 minutos\" \/>\n<script type=\"application\/ld+json\" class=\"yoast-schema-graph\">{\"@context\":\"https:\/\/schema.org\",\"@graph\":[{\"@type\":\"Article\",\"@id\":\"https:\/\/waracomunicaciones.com\/?p=938#article\",\"isPartOf\":{\"@id\":\"https:\/\/waracomunicaciones.com\/?p=938\"},\"author\":{\"name\":\"admin\",\"@id\":\"https:\/\/waracomunicaciones.com\/#\/schema\/person\/e9db934bc91575cc71fe584c5973244a\"},\"headline\":\"Subgobernador Juan Carlos Maciel destaca avances en obras, salud y descentralizaci\u00f3n en la provincia Obispo Santistevan\",\"datePublished\":\"2025-10-24T03:38:07+00:00\",\"dateModified\":\"2025-10-24T03:38:09+00:00\",\"mainEntityOfPage\":{\"@id\":\"https:\/\/waracomunicaciones.com\/?p=938\"},\"wordCount\":890,\"commentCount\":0,\"publisher\":{\"@id\":\"https:\/\/waracomunicaciones.com\/#organization\"},\"image\":{\"@id\":\"https:\/\/waracomunicaciones.com\/?p=938#primaryimage\"},\"thumbnailUrl\":\"https:\/\/waracomunicaciones.com\/wp-content\/uploads\/2025\/10\/macieljj.webp\",\"keywords\":[\"Juan Carlos Maciel\",\"Obras\"],\"articleSection\":[\"Pol\u00edtica\"],\"inLanguage\":\"es\",\"potentialAction\":[{\"@type\":\"CommentAction\",\"name\":\"Comment\",\"target\":[\"https:\/\/waracomunicaciones.com\/?p=938#respond\"]}]},{\"@type\":\"WebPage\",\"@id\":\"https:\/\/waracomunicaciones.com\/?p=938\",\"url\":\"https:\/\/waracomunicaciones.com\/?p=938\",\"name\":\"Subgobernador Juan Carlos Maciel destaca avances en obras, salud y descentralizaci\u00f3n en la provincia Obispo Santistevan - Wara Comunicaciones\",\"isPartOf\":{\"@id\":\"https:\/\/waracomunicaciones.com\/#website\"},\"primaryImageOfPage\":{\"@id\":\"https:\/\/waracomunicaciones.com\/?p=938#primaryimage\"},\"image\":{\"@id\":\"https:\/\/waracomunicaciones.com\/?p=938#primaryimage\"},\"thumbnailUrl\":\"https:\/\/waracomunicaciones.com\/wp-content\/uploads\/2025\/10\/macieljj.webp\",\"datePublished\":\"2025-10-24T03:38:07+00:00\",\"dateModified\":\"2025-10-24T03:38:09+00:00\",\"breadcrumb\":{\"@id\":\"https:\/\/waracomunicaciones.com\/?p=938#breadcrumb\"},\"inLanguage\":\"es\",\"potentialAction\":[{\"@type\":\"ReadAction\",\"target\":[\"https:\/\/waracomunicaciones.com\/?p=938\"]}]},{\"@type\":\"ImageObject\",\"inLanguage\":\"es\",\"@id\":\"https:\/\/waracomunicaciones.com\/?p=938#primaryimage\",\"url\":\"https:\/\/waracomunicaciones.com\/wp-content\/uploads\/2025\/10\/macieljj.webp\",\"contentUrl\":\"https:\/\/waracomunicaciones.com\/wp-content\/uploads\/2025\/10\/macieljj.webp\",\"width\":1000,\"height\":753},{\"@type\":\"BreadcrumbList\",\"@id\":\"https:\/\/waracomunicaciones.com\/?p=938#breadcrumb\",\"itemListElement\":[{\"@type\":\"ListItem\",\"position\":1,\"name\":\"Portada\",\"item\":\"https:\/\/waracomunicaciones.com\/\"},{\"@type\":\"ListItem\",\"position\":2,\"name\":\"Subgobernador Juan Carlos Maciel destaca avances en obras, salud y descentralizaci\u00f3n en la provincia Obispo Santistevan\"}]},{\"@type\":\"WebSite\",\"@id\":\"https:\/\/waracomunicaciones.com\/#website\",\"url\":\"https:\/\/waracomunicaciones.com\/\",\"name\":\"Wara Comunicaciones\",\"description\":\"\",\"publisher\":{\"@id\":\"https:\/\/waracomunicaciones.com\/#organization\"},\"potentialAction\":[{\"@type\":\"SearchAction\",\"target\":{\"@type\":\"EntryPoint\",\"urlTemplate\":\"https:\/\/waracomunicaciones.com\/?s={search_term_string}\"},\"query-input\":{\"@type\":\"PropertyValueSpecification\",\"valueRequired\":true,\"valueName\":\"search_term_string\"}}],\"inLanguage\":\"es\"},{\"@type\":\"Organization\",\"@id\":\"https:\/\/waracomunicaciones.com\/#organization\",\"name\":\"Wara Comunicaciones\",\"url\":\"https:\/\/waracomunicaciones.com\/\",\"logo\":{\"@type\":\"ImageObject\",\"inLanguage\":\"es\",\"@id\":\"https:\/\/waracomunicaciones.com\/#\/schema\/logo\/image\/\",\"url\":\"https:\/\/waracomunicaciones.com\/wp-content\/uploads\/2025\/07\/logo.png\",\"contentUrl\":\"https:\/\/waracomunicaciones.com\/wp-content\/uploads\/2025\/07\/logo.png\",\"width\":400,\"height\":164,\"caption\":\"Wara Comunicaciones\"},\"image\":{\"@id\":\"https:\/\/waracomunicaciones.com\/#\/schema\/logo\/image\/\"},\"sameAs\":[\"https:\/\/www.facebook.com\/waracomunicaciones2017\"]},{\"@type\":\"Person\",\"@id\":\"https:\/\/waracomunicaciones.com\/#\/schema\/person\/e9db934bc91575cc71fe584c5973244a\",\"name\":\"admin\",\"image\":{\"@type\":\"ImageObject\",\"inLanguage\":\"es\",\"@id\":\"https:\/\/waracomunicaciones.com\/#\/schema\/person\/image\/\",\"url\":\"https:\/\/secure.gravatar.com\/avatar\/bf27e9186df568254093afa216f887fece17605302c6ff12f3980422fffa52e6?s=96&d=mm&r=g\",\"contentUrl\":\"https:\/\/secure.gravatar.com\/avatar\/bf27e9186df568254093afa216f887fece17605302c6ff12f3980422fffa52e6?s=96&d=mm&r=g\",\"caption\":\"admin\"},\"sameAs\":[\"https:\/\/waracomunicaciones.com\/wp\"],\"url\":\"https:\/\/waracomunicaciones.com\/?author=1\"}]}<\/script>\n<!-- \/ Yoast SEO Premium plugin. -->","yoast_head_json":{"title":"Subgobernador Juan Carlos Maciel destaca avances en obras, salud y descentralizaci\u00f3n en la provincia Obispo Santistevan - Wara Comunicaciones","robots":{"index":"index","follow":"follow","max-snippet":"max-snippet:-1","max-image-preview":"max-image-preview:large","max-video-preview":"max-video-preview:-1"},"canonical":"https:\/\/waracomunicaciones.com\/?p=938","og_locale":"es_ES","og_type":"article","og_title":"Subgobernador Juan Carlos Maciel destaca avances en obras, salud y descentralizaci\u00f3n en la provincia Obispo Santistevan","og_description":"El subgobernador afirm\u00f3 que, pese a las limitaciones econ\u00f3micas, se han concretado convenios con varios municipios para mejorar caminos, fortalecer el sistema de salud y avanzar en la descentralizaci\u00f3n de servicios p\u00fablicos.","og_url":"https:\/\/waracomunicaciones.com\/?p=938","og_site_name":"Wara Comunicaciones","article_publisher":"https:\/\/www.facebook.com\/waracomunicaciones2017","article_published_time":"2025-10-24T03:38:07+00:00","article_modified_time":"2025-10-24T03:38:09+00:00","og_image":[{"width":1000,"height":753,"url":"https:\/\/waracomunicaciones.com\/wp-content\/uploads\/2025\/10\/macieljj.webp","type":"image\/webp"}],"author":"admin","twitter_card":"summary_large_image","twitter_misc":{"Escrito por":"admin","Tiempo de lectura":"4 minutos"},"schema":{"@context":"https:\/\/schema.org","@graph":[{"@type":"Article","@id":"https:\/\/waracomunicaciones.com\/?p=938#article","isPartOf":{"@id":"https:\/\/waracomunicaciones.com\/?p=938"},"author":{"name":"admin","@id":"https:\/\/waracomunicaciones.com\/#\/schema\/person\/e9db934bc91575cc71fe584c5973244a"},"headline":"Subgobernador Juan Carlos Maciel destaca avances en obras, salud y descentralizaci\u00f3n en la provincia Obispo Santistevan","datePublished":"2025-10-24T03:38:07+00:00","dateModified":"2025-10-24T03:38:09+00:00","mainEntityOfPage":{"@id":"https:\/\/waracomunicaciones.com\/?p=938"},"wordCount":890,"commentCount":0,"publisher":{"@id":"https:\/\/waracomunicaciones.com\/#organization"},"image":{"@id":"https:\/\/waracomunicaciones.com\/?p=938#primaryimage"},"thumbnailUrl":"https:\/\/waracomunicaciones.com\/wp-content\/uploads\/2025\/10\/macieljj.webp","keywords":["Juan Carlos Maciel","Obras"],"articleSection":["Pol\u00edtica"],"inLanguage":"es","potentialAction":[{"@type":"CommentAction","name":"Comment","target":["https:\/\/waracomunicaciones.com\/?p=938#respond"]}]},{"@type":"WebPage","@id":"https:\/\/waracomunicaciones.com\/?p=938","url":"https:\/\/waracomunicaciones.com\/?p=938","name":"Subgobernador Juan Carlos Maciel destaca avances en obras, salud y descentralizaci\u00f3n en la provincia Obispo Santistevan - Wara Comunicaciones","isPartOf":{"@id":"https:\/\/waracomunicaciones.com\/#website"},"primaryImageOfPage":{"@id":"https:\/\/waracomunicaciones.com\/?p=938#primaryimage"},"image":{"@id":"https:\/\/waracomunicaciones.com\/?p=938#primaryimage"},"thumbnailUrl":"https:\/\/waracomunicaciones.com\/wp-content\/uploads\/2025\/10\/macieljj.webp","datePublished":"2025-10-24T03:38:07+00:00","dateModified":"2025-10-24T03:38:09+00:00","breadcrumb":{"@id":"https:\/\/waracomunicaciones.com\/?p=938#breadcrumb"},"inLanguage":"es","potentialAction":[{"@type":"ReadAction","target":["https:\/\/waracomunicaciones.com\/?p=938"]}]},{"@type":"ImageObject","inLanguage":"es","@id":"https:\/\/waracomunicaciones.com\/?p=938#primaryimage","url":"https:\/\/waracomunicaciones.com\/wp-content\/uploads\/2025\/10\/macieljj.webp","contentUrl":"https:\/\/waracomunicaciones.com\/wp-content\/uploads\/2025\/10\/macieljj.webp","width":1000,"height":753},{"@type":"BreadcrumbList","@id":"https:\/\/waracomunicaciones.com\/?p=938#breadcrumb","itemListElement":[{"@type":"ListItem","position":1,"name":"Portada","item":"https:\/\/waracomunicaciones.com\/"},{"@type":"ListItem","position":2,"name":"Subgobernador Juan Carlos Maciel destaca avances en obras, salud y descentralizaci\u00f3n en la provincia Obispo Santistevan"}]},{"@type":"WebSite","@id":"https:\/\/waracomunicaciones.com\/#website","url":"https:\/\/waracomunicaciones.com\/","name":"Wara Comunicaciones","description":"","publisher":{"@id":"https:\/\/waracomunicaciones.com\/#organization"},"potentialAction":[{"@type":"SearchAction","target":{"@type":"EntryPoint","urlTemplate":"https:\/\/waracomunicaciones.com\/?s={search_term_string}"},"query-input":{"@type":"PropertyValueSpecification","valueRequired":true,"valueName":"search_term_string"}}],"inLanguage":"es"},{"@type":"Organization","@id":"https:\/\/waracomunicaciones.com\/#organization","name":"Wara Comunicaciones","url":"https:\/\/waracomunicaciones.com\/","logo":{"@type":"ImageObject","inLanguage":"es","@id":"https:\/\/waracomunicaciones.com\/#\/schema\/logo\/image\/","url":"https:\/\/waracomunicaciones.com\/wp-content\/uploads\/2025\/07\/logo.png","contentUrl":"https:\/\/waracomunicaciones.com\/wp-content\/uploads\/2025\/07\/logo.png","width":400,"height":164,"caption":"Wara Comunicaciones"},"image":{"@id":"https:\/\/waracomunicaciones.com\/#\/schema\/logo\/image\/"},"sameAs":["https:\/\/www.facebook.com\/waracomunicaciones2017"]},{"@type":"Person","@id":"https:\/\/waracomunicaciones.com\/#\/schema\/person\/e9db934bc91575cc71fe584c5973244a","name":"admin","image":{"@type":"ImageObject","inLanguage":"es","@id":"https:\/\/waracomunicaciones.com\/#\/schema\/person\/image\/","url":"https:\/\/secure.gravatar.com\/avatar\/bf27e9186df568254093afa216f887fece17605302c6ff12f3980422fffa52e6?s=96&d=mm&r=g","contentUrl":"https:\/\/secure.gravatar.com\/avatar\/bf27e9186df568254093afa216f887fece17605302c6ff12f3980422fffa52e6?s=96&d=mm&r=g","caption":"admin"},"sameAs":["https:\/\/waracomunicaciones.com\/wp"],"url":"https:\/\/waracomunicaciones.com\/?author=1"}]}},"_links":{"self":[{"href":"https:\/\/waracomunicaciones.com\/index.php?rest_route=\/wp\/v2\/posts\/938","targetHints":{"allow":["GET"]}}],"collection":[{"href":"https:\/\/waracomunicaciones.com\/index.php?rest_route=\/wp\/v2\/posts"}],"about":[{"href":"https:\/\/waracomunicaciones.com\/index.php?rest_route=\/wp\/v2\/types\/post"}],"author":[{"embeddable":true,"href":"https:\/\/waracomunicaciones.com\/index.php?rest_route=\/wp\/v2\/users\/1"}],"replies":[{"embeddable":true,"href":"https:\/\/waracomunicaciones.com\/index.php?rest_route=%2Fwp%2Fv2%2Fcomments&post=938"}],"version-history":[{"count":1,"href":"https:\/\/waracomunicaciones.com\/index.php?rest_route=\/wp\/v2\/posts\/938\/revisions"}],"predecessor-version":[{"id":941,"href":"https:\/\/waracomunicaciones.com\/index.php?rest_route=\/wp\/v2\/posts\/938\/revisions\/941"}],"wp:attachment":[{"href":"https:\/\/waracomunicaciones.com\/index.php?rest_route=%2Fwp%2Fv2%2Fmedia&parent=938"}],"wp:term":[{"taxonomy":"category","embeddable":true,"href":"https:\/\/waracomunicaciones.com\/index.php?rest_route=%2Fwp%2Fv2%2Fcategories&post=938"},{"taxonomy":"post_tag","embeddable":true,"href":"https:\/\/waracomunicaciones.com\/index.php?rest_route=%2Fwp%2Fv2%2Ftags&post=938"}],"curies":[{"name":"wp","href":"https:\/\/api.w.org\/{rel}","templated":true}]}}