{"id":935,"date":"2025-10-23T23:18:41","date_gmt":"2025-10-24T03:18:41","guid":{"rendered":"https:\/\/waracomunicaciones.com\/?p=935"},"modified":"2025-10-23T23:18:42","modified_gmt":"2025-10-24T03:18:42","slug":"julio-quiroga-evalua-postularse-a-la-alcaldia-de-montero-si-entro-en-la-politica-dejo-el-periodismo-para-siempre","status":"publish","type":"post","link":"https:\/\/waracomunicaciones.com\/?p=935","title":{"rendered":"Julio Quiroga eval\u00faa postularse a la Alcald\u00eda de Montero: \u201cSi entro en la pol\u00edtica, dejo el periodismo para siempre\u201d"},"content":{"rendered":"\n<figure class=\"wp-block-image size-full\"><img loading=\"lazy\" decoding=\"async\" width=\"1000\" height=\"725\" src=\"https:\/\/waracomunicaciones.com\/wp-content\/uploads\/2025\/10\/julio-quiroga-1.webp\" alt=\"\" class=\"wp-image-936\" srcset=\"https:\/\/waracomunicaciones.com\/wp-content\/uploads\/2025\/10\/julio-quiroga-1.webp 1000w, https:\/\/waracomunicaciones.com\/wp-content\/uploads\/2025\/10\/julio-quiroga-1-300x218.webp 300w, https:\/\/waracomunicaciones.com\/wp-content\/uploads\/2025\/10\/julio-quiroga-1-768x557.webp 768w\" sizes=\"auto, (max-width: 1000px) 100vw, 1000px\" \/><figcaption class=\"wp-element-caption\"><em>Julio Quiroga periodista &#8211; Foto Facebook<\/em><\/figcaption><\/figure>\n\n\n<p>El periodista confirm\u00f3 haber recibido una invitaci\u00f3n del partido de Mamen Saavedra y el respaldo de vecinos y familiares. Pide a los montere\u00f1os votar por quienes piensen mejor, no por quienes m\u00e1s gasten.<!--more--><\/p>\n<p><em>Montero, Santa Cruz.<\/em> \u2014 El reconocido periodista y comunicador <strong>Julio C\u00e9sar Quiroga Rojas<\/strong> confirm\u00f3 que analiza seriamente la posibilidad de postularse como candidato a la Alcald\u00eda de Montero en las pr\u00f3ximas elecciones subnacionales. As\u00ed lo manifest\u00f3 durante una entrevista radial con el periodista Tom\u00e1s Coca, donde expres\u00f3 que ha recibido el respaldo de diferentes sectores ciudadanos y una invitaci\u00f3n formal del concejal cruce\u00f1o <strong>Mamen Saavedra<\/strong>, del partido <strong>Vos<\/strong>.<\/p>\n<p>\u201cRecib\u00ed la invitaci\u00f3n del concejal Mamen Saavedra para ser candidato del Partido Vos. Tambi\u00e9n he tenido reuniones con vecinos de diferentes distritos que me piden que incursione en pol\u00edtica\u201d, indic\u00f3 Quiroga.<br \/>\u201cSi a\u00fan no he tomado una decisi\u00f3n, es porque quer\u00eda esperar que pase la segunda vuelta electoral, que estaba muy contaminada pol\u00edticamente\u201d, explic\u00f3.<\/p>\n<p><strong>\u201cMi familia me dio su apoyo y ahora debo decidir\u201d<\/strong><\/p>\n<p>El periodista afirm\u00f3 que su principal condici\u00f3n era contar con el respaldo de su esposa e hijos antes de asumir un nuevo desaf\u00edo pol\u00edtico.<\/p>\n<p>\u201cMis hijos fueron v\u00edctimas de mentiras difundidas por la alcald\u00eda, pero me dijeron: \u2018H\u00e1galo por su pueblo, pap\u00e1\u2019. Mi esposa tambi\u00e9n me apoy\u00f3, y eso es fundamental\u201d, se\u00f1al\u00f3.<\/p>\n<p>Sin embargo, Quiroga reconoci\u00f3 que su mayor dilema es dejar atr\u00e1s su carrera period\u00edstica si decide ingresar a la arena pol\u00edtica.<\/p>\n<p>\u201cSi accedo a entrar en pol\u00edtica, dejo el periodismo para siempre. Soy feliz siendo periodista, pero ser\u00eda una falta de respeto a la gente continuar si tomo partido. Nadie tiene derecho a insultar la inteligencia de la gente\u201d, expres\u00f3 con emoci\u00f3n.<\/p>\n<p><strong>Cr\u00edticas a la actual gesti\u00f3n municipal<\/strong><\/p>\n<p>Durante la entrevista, Quiroga cuestion\u00f3 duramente la situaci\u00f3n actual de Montero, denunciando corrupci\u00f3n y falta de planificaci\u00f3n.<\/p>\n<p>\u201cHe desnudado que en Montero hay corrupci\u00f3n, que se manipulan compras municipales, que se venden terrenos del parque industrial, que hay falsificaci\u00f3n de firmas y cobros indebidos. Montero est\u00e1 desatendido, sucio y desordenado\u201d, afirm\u00f3.<br \/>\u201cNos conformaron con una rotonda, dos plazas y fotos en Facebook. Pero no hay pol\u00edticas de empleo, ni planificaci\u00f3n urbana, ni inversi\u00f3n en educaci\u00f3n o tecnolog\u00eda\u201d, agreg\u00f3.<\/p>\n<p><strong>\u201cMontero necesita pensar, no gastar\u201d<\/strong><\/p>\n<p>En un mensaje directo a la ciudadan\u00eda, Julio Quiroga llam\u00f3 a los montere\u00f1os a ejercer un voto responsable en las pr\u00f3ximas elecciones:<\/p>\n<p>\u201cSea Julio Quiroga o cualquier otro, voten por la gente que mejor piense, no por la que m\u00e1s gaste ni por la que m\u00e1s suene. Montero necesita salir de la conformidad\u201d, exhort\u00f3.<br \/>\u201cHay m\u00e1s personas buenas que malas, pero los buenos hemos sido conformistas y eso permiti\u00f3 que los malos se impongan. Tenemos que cambiar eso\u201d, concluy\u00f3.<\/p>\n<p><strong>Reflexi\u00f3n final<\/strong><\/p>\n<p>El comunicador agradeci\u00f3 a la audiencia y asegur\u00f3 que en los pr\u00f3ximos d\u00edas tomar\u00e1 una decisi\u00f3n definitiva sobre su candidatura:<\/p>\n<p>\u201cSi decido postularme, vos ser\u00e1s de los primeros en saberlo, Tom\u00e1s. Pero te aseguro que si lo hago, ser\u00e1 por compromiso con mi pueblo\u201d, dijo al cierre de la entrevista.<\/p><div style=\"margin-top: 0px; margin-bottom: 0px;\" class=\"sharethis-inline-reaction-buttons\" ><\/div>","protected":false},"excerpt":{"rendered":"<p>El periodista confirm\u00f3 haber recibido una invitaci\u00f3n del partido de Mamen Saavedra y el respaldo de vecinos y familiares. Pide a los montere\u00f1os votar por quienes piensen mejor, no por quienes m\u00e1s gasten.<\/p>\n","protected":false},"author":1,"featured_media":0,"comment_status":"open","ping_status":"open","sticky":false,"template":"","format":"standard","meta":{"footnotes":""},"categories":[42],"tags":[242,241,19,243],"class_list":["post-935","post","type-post","status-publish","format-standard","hentry","category-politica","tag-julio-quiroga","tag-mamen-saavedra","tag-montero","tag-vos"],"yoast_head":"<!-- This site is optimized with the Yoast SEO Premium plugin v25.5 (Yoast SEO v27.1.1) - https:\/\/yoast.com\/product\/yoast-seo-premium-wordpress\/ -->\n<title>Julio Quiroga eval\u00faa postularse a la Alcald\u00eda de Montero: \u201cSi entro en la pol\u00edtica, dejo el periodismo para siempre\u201d - Wara Comunicaciones<\/title>\n<meta name=\"robots\" content=\"index, follow, max-snippet:-1, max-image-preview:large, max-video-preview:-1\" \/>\n<link rel=\"canonical\" href=\"https:\/\/waracomunicaciones.com\/?p=935\" \/>\n<meta property=\"og:locale\" content=\"es_ES\" \/>\n<meta property=\"og:type\" content=\"article\" \/>\n<meta property=\"og:title\" content=\"Julio Quiroga eval\u00faa postularse a la Alcald\u00eda de Montero: \u201cSi entro en la pol\u00edtica, dejo el periodismo para siempre\u201d\" \/>\n<meta property=\"og:description\" content=\"El periodista confirm\u00f3 haber recibido una invitaci\u00f3n del partido de Mamen Saavedra y el respaldo de vecinos y familiares. Pide a los montere\u00f1os votar por quienes piensen mejor, no por quienes m\u00e1s gasten.\" \/>\n<meta property=\"og:url\" content=\"https:\/\/waracomunicaciones.com\/?p=935\" \/>\n<meta property=\"og:site_name\" content=\"Wara Comunicaciones\" \/>\n<meta property=\"article:publisher\" content=\"https:\/\/www.facebook.com\/waracomunicaciones2017\" \/>\n<meta property=\"article:published_time\" content=\"2025-10-24T03:18:41+00:00\" \/>\n<meta property=\"article:modified_time\" content=\"2025-10-24T03:18:42+00:00\" \/>\n<meta property=\"og:image\" content=\"https:\/\/waracomunicaciones.com\/wp-content\/uploads\/2025\/10\/julio-quiroga-1.webp\" \/>\n\t<meta property=\"og:image:width\" content=\"1000\" \/>\n\t<meta property=\"og:image:height\" content=\"725\" \/>\n\t<meta property=\"og:image:type\" content=\"image\/webp\" \/>\n<meta name=\"author\" content=\"admin\" \/>\n<meta name=\"twitter:card\" content=\"summary_large_image\" \/>\n<meta name=\"twitter:label1\" content=\"Escrito por\" \/>\n\t<meta name=\"twitter:data1\" content=\"admin\" \/>\n\t<meta name=\"twitter:label2\" content=\"Tiempo de lectura\" \/>\n\t<meta name=\"twitter:data2\" content=\"3 minutos\" \/>\n<script type=\"application\/ld+json\" class=\"yoast-schema-graph\">{\"@context\":\"https:\/\/schema.org\",\"@graph\":[{\"@type\":\"Article\",\"@id\":\"https:\/\/waracomunicaciones.com\/?p=935#article\",\"isPartOf\":{\"@id\":\"https:\/\/waracomunicaciones.com\/?p=935\"},\"author\":{\"name\":\"admin\",\"@id\":\"https:\/\/waracomunicaciones.com\/#\/schema\/person\/e9db934bc91575cc71fe584c5973244a\"},\"headline\":\"Julio Quiroga eval\u00faa postularse a la Alcald\u00eda de Montero: \u201cSi entro en la pol\u00edtica, dejo el periodismo para siempre\u201d\",\"datePublished\":\"2025-10-24T03:18:41+00:00\",\"dateModified\":\"2025-10-24T03:18:42+00:00\",\"mainEntityOfPage\":{\"@id\":\"https:\/\/waracomunicaciones.com\/?p=935\"},\"wordCount\":580,\"commentCount\":0,\"publisher\":{\"@id\":\"https:\/\/waracomunicaciones.com\/#organization\"},\"image\":{\"@id\":\"https:\/\/waracomunicaciones.com\/?p=935#primaryimage\"},\"thumbnailUrl\":\"https:\/\/waracomunicaciones.com\/wp-content\/uploads\/2025\/10\/julio-quiroga-1.webp\",\"keywords\":[\"Julio Quiroga\",\"Mamen Saavedra\",\"Montero\",\"VOS\"],\"articleSection\":[\"Pol\u00edtica\"],\"inLanguage\":\"es\",\"potentialAction\":[{\"@type\":\"CommentAction\",\"name\":\"Comment\",\"target\":[\"https:\/\/waracomunicaciones.com\/?p=935#respond\"]}]},{\"@type\":\"WebPage\",\"@id\":\"https:\/\/waracomunicaciones.com\/?p=935\",\"url\":\"https:\/\/waracomunicaciones.com\/?p=935\",\"name\":\"Julio Quiroga eval\u00faa postularse a la Alcald\u00eda de Montero: \u201cSi entro en la pol\u00edtica, dejo el periodismo para siempre\u201d - Wara Comunicaciones\",\"isPartOf\":{\"@id\":\"https:\/\/waracomunicaciones.com\/#website\"},\"primaryImageOfPage\":{\"@id\":\"https:\/\/waracomunicaciones.com\/?p=935#primaryimage\"},\"image\":{\"@id\":\"https:\/\/waracomunicaciones.com\/?p=935#primaryimage\"},\"thumbnailUrl\":\"https:\/\/waracomunicaciones.com\/wp-content\/uploads\/2025\/10\/julio-quiroga-1.webp\",\"datePublished\":\"2025-10-24T03:18:41+00:00\",\"dateModified\":\"2025-10-24T03:18:42+00:00\",\"breadcrumb\":{\"@id\":\"https:\/\/waracomunicaciones.com\/?p=935#breadcrumb\"},\"inLanguage\":\"es\",\"potentialAction\":[{\"@type\":\"ReadAction\",\"target\":[\"https:\/\/waracomunicaciones.com\/?p=935\"]}]},{\"@type\":\"ImageObject\",\"inLanguage\":\"es\",\"@id\":\"https:\/\/waracomunicaciones.com\/?p=935#primaryimage\",\"url\":\"https:\/\/waracomunicaciones.com\/wp-content\/uploads\/2025\/10\/julio-quiroga-1.webp\",\"contentUrl\":\"https:\/\/waracomunicaciones.com\/wp-content\/uploads\/2025\/10\/julio-quiroga-1.webp\",\"width\":1000,\"height\":725},{\"@type\":\"BreadcrumbList\",\"@id\":\"https:\/\/waracomunicaciones.com\/?p=935#breadcrumb\",\"itemListElement\":[{\"@type\":\"ListItem\",\"position\":1,\"name\":\"Portada\",\"item\":\"https:\/\/waracomunicaciones.com\/\"},{\"@type\":\"ListItem\",\"position\":2,\"name\":\"Julio Quiroga eval\u00faa postularse a la Alcald\u00eda de Montero: \u201cSi entro en la pol\u00edtica, dejo el periodismo para siempre\u201d\"}]},{\"@type\":\"WebSite\",\"@id\":\"https:\/\/waracomunicaciones.com\/#website\",\"url\":\"https:\/\/waracomunicaciones.com\/\",\"name\":\"Wara Comunicaciones\",\"description\":\"\",\"publisher\":{\"@id\":\"https:\/\/waracomunicaciones.com\/#organization\"},\"potentialAction\":[{\"@type\":\"SearchAction\",\"target\":{\"@type\":\"EntryPoint\",\"urlTemplate\":\"https:\/\/waracomunicaciones.com\/?s={search_term_string}\"},\"query-input\":{\"@type\":\"PropertyValueSpecification\",\"valueRequired\":true,\"valueName\":\"search_term_string\"}}],\"inLanguage\":\"es\"},{\"@type\":\"Organization\",\"@id\":\"https:\/\/waracomunicaciones.com\/#organization\",\"name\":\"Wara Comunicaciones\",\"url\":\"https:\/\/waracomunicaciones.com\/\",\"logo\":{\"@type\":\"ImageObject\",\"inLanguage\":\"es\",\"@id\":\"https:\/\/waracomunicaciones.com\/#\/schema\/logo\/image\/\",\"url\":\"https:\/\/waracomunicaciones.com\/wp-content\/uploads\/2025\/07\/logo.png\",\"contentUrl\":\"https:\/\/waracomunicaciones.com\/wp-content\/uploads\/2025\/07\/logo.png\",\"width\":400,\"height\":164,\"caption\":\"Wara Comunicaciones\"},\"image\":{\"@id\":\"https:\/\/waracomunicaciones.com\/#\/schema\/logo\/image\/\"},\"sameAs\":[\"https:\/\/www.facebook.com\/waracomunicaciones2017\"]},{\"@type\":\"Person\",\"@id\":\"https:\/\/waracomunicaciones.com\/#\/schema\/person\/e9db934bc91575cc71fe584c5973244a\",\"name\":\"admin\",\"image\":{\"@type\":\"ImageObject\",\"inLanguage\":\"es\",\"@id\":\"https:\/\/waracomunicaciones.com\/#\/schema\/person\/image\/\",\"url\":\"https:\/\/secure.gravatar.com\/avatar\/bf27e9186df568254093afa216f887fece17605302c6ff12f3980422fffa52e6?s=96&d=mm&r=g\",\"contentUrl\":\"https:\/\/secure.gravatar.com\/avatar\/bf27e9186df568254093afa216f887fece17605302c6ff12f3980422fffa52e6?s=96&d=mm&r=g\",\"caption\":\"admin\"},\"sameAs\":[\"https:\/\/waracomunicaciones.com\/wp\"],\"url\":\"https:\/\/waracomunicaciones.com\/?author=1\"}]}<\/script>\n<!-- \/ Yoast SEO Premium plugin. -->","yoast_head_json":{"title":"Julio Quiroga eval\u00faa postularse a la Alcald\u00eda de Montero: \u201cSi entro en la pol\u00edtica, dejo el periodismo para siempre\u201d - Wara Comunicaciones","robots":{"index":"index","follow":"follow","max-snippet":"max-snippet:-1","max-image-preview":"max-image-preview:large","max-video-preview":"max-video-preview:-1"},"canonical":"https:\/\/waracomunicaciones.com\/?p=935","og_locale":"es_ES","og_type":"article","og_title":"Julio Quiroga eval\u00faa postularse a la Alcald\u00eda de Montero: \u201cSi entro en la pol\u00edtica, dejo el periodismo para siempre\u201d","og_description":"El periodista confirm\u00f3 haber recibido una invitaci\u00f3n del partido de Mamen Saavedra y el respaldo de vecinos y familiares. Pide a los montere\u00f1os votar por quienes piensen mejor, no por quienes m\u00e1s gasten.","og_url":"https:\/\/waracomunicaciones.com\/?p=935","og_site_name":"Wara Comunicaciones","article_publisher":"https:\/\/www.facebook.com\/waracomunicaciones2017","article_published_time":"2025-10-24T03:18:41+00:00","article_modified_time":"2025-10-24T03:18:42+00:00","og_image":[{"width":1000,"height":725,"url":"https:\/\/waracomunicaciones.com\/wp-content\/uploads\/2025\/10\/julio-quiroga-1.webp","type":"image\/webp"}],"author":"admin","twitter_card":"summary_large_image","twitter_misc":{"Escrito por":"admin","Tiempo de lectura":"3 minutos"},"schema":{"@context":"https:\/\/schema.org","@graph":[{"@type":"Article","@id":"https:\/\/waracomunicaciones.com\/?p=935#article","isPartOf":{"@id":"https:\/\/waracomunicaciones.com\/?p=935"},"author":{"name":"admin","@id":"https:\/\/waracomunicaciones.com\/#\/schema\/person\/e9db934bc91575cc71fe584c5973244a"},"headline":"Julio Quiroga eval\u00faa postularse a la Alcald\u00eda de Montero: \u201cSi entro en la pol\u00edtica, dejo el periodismo para siempre\u201d","datePublished":"2025-10-24T03:18:41+00:00","dateModified":"2025-10-24T03:18:42+00:00","mainEntityOfPage":{"@id":"https:\/\/waracomunicaciones.com\/?p=935"},"wordCount":580,"commentCount":0,"publisher":{"@id":"https:\/\/waracomunicaciones.com\/#organization"},"image":{"@id":"https:\/\/waracomunicaciones.com\/?p=935#primaryimage"},"thumbnailUrl":"https:\/\/waracomunicaciones.com\/wp-content\/uploads\/2025\/10\/julio-quiroga-1.webp","keywords":["Julio Quiroga","Mamen Saavedra","Montero","VOS"],"articleSection":["Pol\u00edtica"],"inLanguage":"es","potentialAction":[{"@type":"CommentAction","name":"Comment","target":["https:\/\/waracomunicaciones.com\/?p=935#respond"]}]},{"@type":"WebPage","@id":"https:\/\/waracomunicaciones.com\/?p=935","url":"https:\/\/waracomunicaciones.com\/?p=935","name":"Julio Quiroga eval\u00faa postularse a la Alcald\u00eda de Montero: \u201cSi entro en la pol\u00edtica, dejo el periodismo para siempre\u201d - Wara Comunicaciones","isPartOf":{"@id":"https:\/\/waracomunicaciones.com\/#website"},"primaryImageOfPage":{"@id":"https:\/\/waracomunicaciones.com\/?p=935#primaryimage"},"image":{"@id":"https:\/\/waracomunicaciones.com\/?p=935#primaryimage"},"thumbnailUrl":"https:\/\/waracomunicaciones.com\/wp-content\/uploads\/2025\/10\/julio-quiroga-1.webp","datePublished":"2025-10-24T03:18:41+00:00","dateModified":"2025-10-24T03:18:42+00:00","breadcrumb":{"@id":"https:\/\/waracomunicaciones.com\/?p=935#breadcrumb"},"inLanguage":"es","potentialAction":[{"@type":"ReadAction","target":["https:\/\/waracomunicaciones.com\/?p=935"]}]},{"@type":"ImageObject","inLanguage":"es","@id":"https:\/\/waracomunicaciones.com\/?p=935#primaryimage","url":"https:\/\/waracomunicaciones.com\/wp-content\/uploads\/2025\/10\/julio-quiroga-1.webp","contentUrl":"https:\/\/waracomunicaciones.com\/wp-content\/uploads\/2025\/10\/julio-quiroga-1.webp","width":1000,"height":725},{"@type":"BreadcrumbList","@id":"https:\/\/waracomunicaciones.com\/?p=935#breadcrumb","itemListElement":[{"@type":"ListItem","position":1,"name":"Portada","item":"https:\/\/waracomunicaciones.com\/"},{"@type":"ListItem","position":2,"name":"Julio Quiroga eval\u00faa postularse a la Alcald\u00eda de Montero: \u201cSi entro en la pol\u00edtica, dejo el periodismo para siempre\u201d"}]},{"@type":"WebSite","@id":"https:\/\/waracomunicaciones.com\/#website","url":"https:\/\/waracomunicaciones.com\/","name":"Wara Comunicaciones","description":"","publisher":{"@id":"https:\/\/waracomunicaciones.com\/#organization"},"potentialAction":[{"@type":"SearchAction","target":{"@type":"EntryPoint","urlTemplate":"https:\/\/waracomunicaciones.com\/?s={search_term_string}"},"query-input":{"@type":"PropertyValueSpecification","valueRequired":true,"valueName":"search_term_string"}}],"inLanguage":"es"},{"@type":"Organization","@id":"https:\/\/waracomunicaciones.com\/#organization","name":"Wara Comunicaciones","url":"https:\/\/waracomunicaciones.com\/","logo":{"@type":"ImageObject","inLanguage":"es","@id":"https:\/\/waracomunicaciones.com\/#\/schema\/logo\/image\/","url":"https:\/\/waracomunicaciones.com\/wp-content\/uploads\/2025\/07\/logo.png","contentUrl":"https:\/\/waracomunicaciones.com\/wp-content\/uploads\/2025\/07\/logo.png","width":400,"height":164,"caption":"Wara Comunicaciones"},"image":{"@id":"https:\/\/waracomunicaciones.com\/#\/schema\/logo\/image\/"},"sameAs":["https:\/\/www.facebook.com\/waracomunicaciones2017"]},{"@type":"Person","@id":"https:\/\/waracomunicaciones.com\/#\/schema\/person\/e9db934bc91575cc71fe584c5973244a","name":"admin","image":{"@type":"ImageObject","inLanguage":"es","@id":"https:\/\/waracomunicaciones.com\/#\/schema\/person\/image\/","url":"https:\/\/secure.gravatar.com\/avatar\/bf27e9186df568254093afa216f887fece17605302c6ff12f3980422fffa52e6?s=96&d=mm&r=g","contentUrl":"https:\/\/secure.gravatar.com\/avatar\/bf27e9186df568254093afa216f887fece17605302c6ff12f3980422fffa52e6?s=96&d=mm&r=g","caption":"admin"},"sameAs":["https:\/\/waracomunicaciones.com\/wp"],"url":"https:\/\/waracomunicaciones.com\/?author=1"}]}},"_links":{"self":[{"href":"https:\/\/waracomunicaciones.com\/index.php?rest_route=\/wp\/v2\/posts\/935","targetHints":{"allow":["GET"]}}],"collection":[{"href":"https:\/\/waracomunicaciones.com\/index.php?rest_route=\/wp\/v2\/posts"}],"about":[{"href":"https:\/\/waracomunicaciones.com\/index.php?rest_route=\/wp\/v2\/types\/post"}],"author":[{"embeddable":true,"href":"https:\/\/waracomunicaciones.com\/index.php?rest_route=\/wp\/v2\/users\/1"}],"replies":[{"embeddable":true,"href":"https:\/\/waracomunicaciones.com\/index.php?rest_route=%2Fwp%2Fv2%2Fcomments&post=935"}],"version-history":[{"count":1,"href":"https:\/\/waracomunicaciones.com\/index.php?rest_route=\/wp\/v2\/posts\/935\/revisions"}],"predecessor-version":[{"id":937,"href":"https:\/\/waracomunicaciones.com\/index.php?rest_route=\/wp\/v2\/posts\/935\/revisions\/937"}],"wp:attachment":[{"href":"https:\/\/waracomunicaciones.com\/index.php?rest_route=%2Fwp%2Fv2%2Fmedia&parent=935"}],"wp:term":[{"taxonomy":"category","embeddable":true,"href":"https:\/\/waracomunicaciones.com\/index.php?rest_route=%2Fwp%2Fv2%2Fcategories&post=935"},{"taxonomy":"post_tag","embeddable":true,"href":"https:\/\/waracomunicaciones.com\/index.php?rest_route=%2Fwp%2Fv2%2Ftags&post=935"}],"curies":[{"name":"wp","href":"https:\/\/api.w.org\/{rel}","templated":true}]}}