{"id":932,"date":"2025-10-23T23:04:31","date_gmt":"2025-10-24T03:04:31","guid":{"rendered":"https:\/\/waracomunicaciones.com\/?p=932"},"modified":"2025-10-23T23:04:32","modified_gmt":"2025-10-24T03:04:32","slug":"luis-arce-acusa-a-evo-morales-de-apoyar-al-pdc-por-ser-un-blanco-facil-y-reaviva-el-debate-sobre-la-unidad-del-mas","status":"publish","type":"post","link":"https:\/\/waracomunicaciones.com\/?p=932","title":{"rendered":"Luis Arce acusa a Evo Morales de apoyar al PDC por \u201cser un blanco f\u00e1cil\u201d y reaviva el debate sobre la unidad del MAS"},"content":{"rendered":"\n<figure class=\"wp-block-image size-full\"><img loading=\"lazy\" decoding=\"async\" width=\"1000\" height=\"639\" src=\"https:\/\/waracomunicaciones.com\/wp-content\/uploads\/2025\/10\/ARCE-Y-EVO.webp\" alt=\"\" class=\"wp-image-933\" srcset=\"https:\/\/waracomunicaciones.com\/wp-content\/uploads\/2025\/10\/ARCE-Y-EVO.webp 1000w, https:\/\/waracomunicaciones.com\/wp-content\/uploads\/2025\/10\/ARCE-Y-EVO-300x192.webp 300w, https:\/\/waracomunicaciones.com\/wp-content\/uploads\/2025\/10\/ARCE-Y-EVO-768x491.webp 768w\" sizes=\"auto, (max-width: 1000px) 100vw, 1000px\" \/><figcaption class=\"wp-element-caption\"><em>Luis Arce Catacora &#8211; Evo Morales &#8211; Foto ilustrativa<\/em><\/figcaption><\/figure>\n\n\n<p>Franklin Garviz\u00fa responde que las declaraciones del mandatario reflejan frustraci\u00f3n pol\u00edtica y destaca el fortalecimiento de la democracia boliviana tras la segunda vuelta electoral.<!--more--><\/p>\n<p><em>Montero, Santa Cruz.<\/em> \u2014 El presidente Luis Arce Catacora volvi\u00f3 a generar controversia al afirmar que Evo Morales habr\u00eda promovido el apoyo de su militancia hacia el candidato del Partido Dem\u00f3crata Cristiano (PDC), Rodrigo Paz, con la intenci\u00f3n de \u201ctener un blanco f\u00e1cil\u201d y repetir la estrategia de desgaste que \u2014seg\u00fan \u00e9l\u2014 el expresidente ya aplic\u00f3 contra su propio gobierno.<\/p>\n<p>\u201cEvo Morales lo ha planificado. Ha generado votaci\u00f3n de parte de su militancia y logrado que parte de la nuestra tambi\u00e9n apoye al PDC. Es la candidatura m\u00e1s d\u00e9bil para empezar lo mismo que hizo con nuestro gobierno: el ataque para desgastar, generar caos social y econ\u00f3mico, y abrir camino a su retorno como candidato\u201d, sostuvo Arce<\/p>\n<p><strong>Respuesta de Franklin Garviz\u00fa: \u201cSon declaraciones de un pol\u00edtico frustrado\u201d<\/strong><\/p>\n<p>Consultado por Wara Comunicaciones, el ex asamble\u00edsta por MAS y actual notario de Montero, <strong>Franklin Garviz\u00fa<\/strong>, consider\u00f3 que las palabras del mandatario \u201csorprenden viniendo de un acad\u00e9mico como Arce Catacora\u201d y que m\u00e1s bien reflejan \u201cuna mirada frustrada y reduccionista del proceso democr\u00e1tico\u201d.<\/p>\n<p>\u201cNo se puede reducir el triunfo electoral al c\u00e1lculo pol\u00edtico de una persona. Los bolivianos hemos fortalecido nuestra democracia al participar en una hist\u00f3rica segunda vuelta. Es motivo de orgullo nacional\u201d, afirm\u00f3 Garviz\u00fa.<\/p>\n<p>El exlegislador record\u00f3 que el mecanismo constitucional de balotaje reafirma la soberan\u00eda del voto popular: \u201cLos bolivianos hemos decidido directamente qui\u00e9n nos gobernar\u00e1 los pr\u00f3ximos cinco a\u00f1os, sin pactos parlamentarios como en el pasado\u201d.<\/p>\n<p><strong>Nuevo escenario pol\u00edtico y desaf\u00edos del presidente electo Rodrigo Paz<\/strong><\/p>\n<p>Garviz\u00fa reconoci\u00f3 haber votado por Rodrigo Paz \u201cpor sus propuestas de ajuste econ\u00f3mico que no afecten a las grandes mayor\u00edas\u201d y pidi\u00f3 que la transici\u00f3n administrativa se realice sin demoras.<\/p>\n<p>\u201cEl presidente electo asume en un momento cr\u00edtico. Es fundamental que, desde el primer d\u00eda, se enfoque en los problemas econ\u00f3micos que golpean a la gente. No importa a qui\u00e9n invite o no a su posesi\u00f3n; lo que importa es resolver la crisis\u201d, expres\u00f3.<\/p>\n<p>En ese sentido, valor\u00f3 positivamente que Paz haya comenzado a conformar su gabinete y haya expresado su intenci\u00f3n de marcar un giro en pol\u00edtica exterior, aunque subray\u00f3 que la prioridad \u201cdebe ser la econom\u00eda y la gesti\u00f3n eficiente\u201d.<\/p>\n<p><strong>Mirada hacia las Subnacionales: \u201cEl voto ser\u00e1 por las personas, no por los partidos\u201d<\/strong><\/p>\n<p>Consultado sobre el panorama electoral rumbo a los comicios Subnacionales, Garviz\u00fa destac\u00f3 que la ciudadan\u00eda \u201cha madurado pol\u00edticamente\u201d y que en municipios como Montero el voto ya no se define por consignas partidarias.<\/p>\n<p>\u201cMontero debe superar el viejo enfrentamiento entre masismo y anti-masismo. El vecino vota por quien demuestra gesti\u00f3n, no por colores pol\u00edticos\u201d, afirm\u00f3.<br \/>\u201cSi seguimos votando por consignas, vamos a tener otros cinco a\u00f1os de frustraci\u00f3n\u201d, agreg\u00f3.<\/p>\n<p>Garviz\u00fa critic\u00f3 la actual administraci\u00f3n municipal por la falta de obras y el retraso en la ejecuci\u00f3n presupuestaria, compar\u00e1ndola con gestiones anteriores como la de Mario Batista. Adem\u00e1s, reclam\u00f3 que Montero a\u00fan no cuente con una <strong>Carta Org\u00e1nica Municipal<\/strong>, lo que \u2014seg\u00fan dijo\u2014 impide consolidar el perfil industrial de la ciudad.<\/p>\n<p><strong>Proyecci\u00f3n pol\u00edtica y llamado a la acci\u00f3n vecinal<\/strong><\/p>\n<p>Finalmente, el ex asamble\u00edsta no descart\u00f3 participar en las pr\u00f3ximas elecciones locales, aunque aclar\u00f3 que cualquier decisi\u00f3n \u201cno ser\u00e1 personal, sino colectiva\u201d.<\/p>\n<p>\u201cMontero necesita nuevos actores pol\u00edticos. No podemos seguir viviendo del maquillaje pol\u00edtico. Nuestro municipio requiere obras, planificaci\u00f3n y autonom\u00eda real\u201d, sostuvo.<\/p>\n<p>Garviz\u00fa tambi\u00e9n denunci\u00f3 la lentitud en la ejecuci\u00f3n de obras barriales y la falta de atenci\u00f3n a los distritos. \u201cImag\u00ednese, en mi barrio se tard\u00f3 nueve meses en ripiar una cuadra y media. As\u00ed no se puede hablar de gesti\u00f3n eficiente\u201d, concluy\u00f3.<\/p><div style=\"margin-top: 0px; margin-bottom: 0px;\" class=\"sharethis-inline-reaction-buttons\" ><\/div>","protected":false},"excerpt":{"rendered":"<p>Franklin Garviz\u00fa responde que las declaraciones del mandatario reflejan frustraci\u00f3n pol\u00edtica y destaca el fortalecimiento de la democracia boliviana tras la segunda vuelta electoral.<\/p>\n","protected":false},"author":1,"featured_media":0,"comment_status":"open","ping_status":"open","sticky":false,"template":"","format":"standard","meta":{"footnotes":""},"categories":[47],"tags":[239,240,238],"class_list":["post-932","post","type-post","status-publish","format-standard","hentry","category-politica-nacional","tag-evo-morales","tag-franklin-garvizu","tag-luis-arce"],"yoast_head":"<!-- This site is optimized with the Yoast SEO Premium plugin v25.5 (Yoast SEO v27.1.1) - https:\/\/yoast.com\/product\/yoast-seo-premium-wordpress\/ -->\n<title>Luis Arce acusa a Evo Morales de apoyar al PDC por \u201cser un blanco f\u00e1cil\u201d y reaviva el debate sobre la unidad del MAS - Wara Comunicaciones<\/title>\n<meta name=\"robots\" content=\"index, follow, max-snippet:-1, max-image-preview:large, max-video-preview:-1\" \/>\n<link rel=\"canonical\" href=\"https:\/\/waracomunicaciones.com\/?p=932\" \/>\n<meta property=\"og:locale\" content=\"es_ES\" \/>\n<meta property=\"og:type\" content=\"article\" \/>\n<meta property=\"og:title\" content=\"Luis Arce acusa a Evo Morales de apoyar al PDC por \u201cser un blanco f\u00e1cil\u201d y reaviva el debate sobre la unidad del MAS\" \/>\n<meta property=\"og:description\" content=\"Franklin Garviz\u00fa responde que las declaraciones del mandatario reflejan frustraci\u00f3n pol\u00edtica y destaca el fortalecimiento de la democracia boliviana tras la segunda vuelta electoral.\" \/>\n<meta property=\"og:url\" content=\"https:\/\/waracomunicaciones.com\/?p=932\" \/>\n<meta property=\"og:site_name\" content=\"Wara Comunicaciones\" \/>\n<meta property=\"article:publisher\" content=\"https:\/\/www.facebook.com\/waracomunicaciones2017\" \/>\n<meta property=\"article:published_time\" content=\"2025-10-24T03:04:31+00:00\" \/>\n<meta property=\"article:modified_time\" content=\"2025-10-24T03:04:32+00:00\" \/>\n<meta property=\"og:image\" content=\"https:\/\/waracomunicaciones.com\/wp-content\/uploads\/2025\/10\/ARCE-Y-EVO.webp\" \/>\n\t<meta property=\"og:image:width\" content=\"1000\" \/>\n\t<meta property=\"og:image:height\" content=\"639\" \/>\n\t<meta property=\"og:image:type\" content=\"image\/webp\" \/>\n<meta name=\"author\" content=\"admin\" \/>\n<meta name=\"twitter:card\" content=\"summary_large_image\" \/>\n<meta name=\"twitter:label1\" content=\"Escrito por\" \/>\n\t<meta name=\"twitter:data1\" content=\"admin\" \/>\n\t<meta name=\"twitter:label2\" content=\"Tiempo de lectura\" \/>\n\t<meta name=\"twitter:data2\" content=\"4 minutos\" \/>\n<script type=\"application\/ld+json\" class=\"yoast-schema-graph\">{\"@context\":\"https:\/\/schema.org\",\"@graph\":[{\"@type\":\"Article\",\"@id\":\"https:\/\/waracomunicaciones.com\/?p=932#article\",\"isPartOf\":{\"@id\":\"https:\/\/waracomunicaciones.com\/?p=932\"},\"author\":{\"name\":\"admin\",\"@id\":\"https:\/\/waracomunicaciones.com\/#\/schema\/person\/e9db934bc91575cc71fe584c5973244a\"},\"headline\":\"Luis Arce acusa a Evo Morales de apoyar al PDC por \u201cser un blanco f\u00e1cil\u201d y reaviva el debate sobre la unidad del MAS\",\"datePublished\":\"2025-10-24T03:04:31+00:00\",\"dateModified\":\"2025-10-24T03:04:32+00:00\",\"mainEntityOfPage\":{\"@id\":\"https:\/\/waracomunicaciones.com\/?p=932\"},\"wordCount\":709,\"commentCount\":0,\"publisher\":{\"@id\":\"https:\/\/waracomunicaciones.com\/#organization\"},\"image\":{\"@id\":\"https:\/\/waracomunicaciones.com\/?p=932#primaryimage\"},\"thumbnailUrl\":\"https:\/\/waracomunicaciones.com\/wp-content\/uploads\/2025\/10\/ARCE-Y-EVO.webp\",\"keywords\":[\"Evo Morales\",\"Franklin Garviz\u00fa\",\"Luis Arce\"],\"articleSection\":[\"Pol\u00edtica\"],\"inLanguage\":\"es\",\"potentialAction\":[{\"@type\":\"CommentAction\",\"name\":\"Comment\",\"target\":[\"https:\/\/waracomunicaciones.com\/?p=932#respond\"]}]},{\"@type\":\"WebPage\",\"@id\":\"https:\/\/waracomunicaciones.com\/?p=932\",\"url\":\"https:\/\/waracomunicaciones.com\/?p=932\",\"name\":\"Luis Arce acusa a Evo Morales de apoyar al PDC por \u201cser un blanco f\u00e1cil\u201d y reaviva el debate sobre la unidad del MAS - Wara Comunicaciones\",\"isPartOf\":{\"@id\":\"https:\/\/waracomunicaciones.com\/#website\"},\"primaryImageOfPage\":{\"@id\":\"https:\/\/waracomunicaciones.com\/?p=932#primaryimage\"},\"image\":{\"@id\":\"https:\/\/waracomunicaciones.com\/?p=932#primaryimage\"},\"thumbnailUrl\":\"https:\/\/waracomunicaciones.com\/wp-content\/uploads\/2025\/10\/ARCE-Y-EVO.webp\",\"datePublished\":\"2025-10-24T03:04:31+00:00\",\"dateModified\":\"2025-10-24T03:04:32+00:00\",\"breadcrumb\":{\"@id\":\"https:\/\/waracomunicaciones.com\/?p=932#breadcrumb\"},\"inLanguage\":\"es\",\"potentialAction\":[{\"@type\":\"ReadAction\",\"target\":[\"https:\/\/waracomunicaciones.com\/?p=932\"]}]},{\"@type\":\"ImageObject\",\"inLanguage\":\"es\",\"@id\":\"https:\/\/waracomunicaciones.com\/?p=932#primaryimage\",\"url\":\"https:\/\/waracomunicaciones.com\/wp-content\/uploads\/2025\/10\/ARCE-Y-EVO.webp\",\"contentUrl\":\"https:\/\/waracomunicaciones.com\/wp-content\/uploads\/2025\/10\/ARCE-Y-EVO.webp\",\"width\":1000,\"height\":639},{\"@type\":\"BreadcrumbList\",\"@id\":\"https:\/\/waracomunicaciones.com\/?p=932#breadcrumb\",\"itemListElement\":[{\"@type\":\"ListItem\",\"position\":1,\"name\":\"Portada\",\"item\":\"https:\/\/waracomunicaciones.com\/\"},{\"@type\":\"ListItem\",\"position\":2,\"name\":\"Luis Arce acusa a Evo Morales de apoyar al PDC por \u201cser un blanco f\u00e1cil\u201d y reaviva el debate sobre la unidad del MAS\"}]},{\"@type\":\"WebSite\",\"@id\":\"https:\/\/waracomunicaciones.com\/#website\",\"url\":\"https:\/\/waracomunicaciones.com\/\",\"name\":\"Wara Comunicaciones\",\"description\":\"\",\"publisher\":{\"@id\":\"https:\/\/waracomunicaciones.com\/#organization\"},\"potentialAction\":[{\"@type\":\"SearchAction\",\"target\":{\"@type\":\"EntryPoint\",\"urlTemplate\":\"https:\/\/waracomunicaciones.com\/?s={search_term_string}\"},\"query-input\":{\"@type\":\"PropertyValueSpecification\",\"valueRequired\":true,\"valueName\":\"search_term_string\"}}],\"inLanguage\":\"es\"},{\"@type\":\"Organization\",\"@id\":\"https:\/\/waracomunicaciones.com\/#organization\",\"name\":\"Wara Comunicaciones\",\"url\":\"https:\/\/waracomunicaciones.com\/\",\"logo\":{\"@type\":\"ImageObject\",\"inLanguage\":\"es\",\"@id\":\"https:\/\/waracomunicaciones.com\/#\/schema\/logo\/image\/\",\"url\":\"https:\/\/waracomunicaciones.com\/wp-content\/uploads\/2025\/07\/logo.png\",\"contentUrl\":\"https:\/\/waracomunicaciones.com\/wp-content\/uploads\/2025\/07\/logo.png\",\"width\":400,\"height\":164,\"caption\":\"Wara Comunicaciones\"},\"image\":{\"@id\":\"https:\/\/waracomunicaciones.com\/#\/schema\/logo\/image\/\"},\"sameAs\":[\"https:\/\/www.facebook.com\/waracomunicaciones2017\"]},{\"@type\":\"Person\",\"@id\":\"https:\/\/waracomunicaciones.com\/#\/schema\/person\/e9db934bc91575cc71fe584c5973244a\",\"name\":\"admin\",\"image\":{\"@type\":\"ImageObject\",\"inLanguage\":\"es\",\"@id\":\"https:\/\/waracomunicaciones.com\/#\/schema\/person\/image\/\",\"url\":\"https:\/\/secure.gravatar.com\/avatar\/bf27e9186df568254093afa216f887fece17605302c6ff12f3980422fffa52e6?s=96&d=mm&r=g\",\"contentUrl\":\"https:\/\/secure.gravatar.com\/avatar\/bf27e9186df568254093afa216f887fece17605302c6ff12f3980422fffa52e6?s=96&d=mm&r=g\",\"caption\":\"admin\"},\"sameAs\":[\"https:\/\/waracomunicaciones.com\/wp\"],\"url\":\"https:\/\/waracomunicaciones.com\/?author=1\"}]}<\/script>\n<!-- \/ Yoast SEO Premium plugin. -->","yoast_head_json":{"title":"Luis Arce acusa a Evo Morales de apoyar al PDC por \u201cser un blanco f\u00e1cil\u201d y reaviva el debate sobre la unidad del MAS - Wara Comunicaciones","robots":{"index":"index","follow":"follow","max-snippet":"max-snippet:-1","max-image-preview":"max-image-preview:large","max-video-preview":"max-video-preview:-1"},"canonical":"https:\/\/waracomunicaciones.com\/?p=932","og_locale":"es_ES","og_type":"article","og_title":"Luis Arce acusa a Evo Morales de apoyar al PDC por \u201cser un blanco f\u00e1cil\u201d y reaviva el debate sobre la unidad del MAS","og_description":"Franklin Garviz\u00fa responde que las declaraciones del mandatario reflejan frustraci\u00f3n pol\u00edtica y destaca el fortalecimiento de la democracia boliviana tras la segunda vuelta electoral.","og_url":"https:\/\/waracomunicaciones.com\/?p=932","og_site_name":"Wara Comunicaciones","article_publisher":"https:\/\/www.facebook.com\/waracomunicaciones2017","article_published_time":"2025-10-24T03:04:31+00:00","article_modified_time":"2025-10-24T03:04:32+00:00","og_image":[{"width":1000,"height":639,"url":"https:\/\/waracomunicaciones.com\/wp-content\/uploads\/2025\/10\/ARCE-Y-EVO.webp","type":"image\/webp"}],"author":"admin","twitter_card":"summary_large_image","twitter_misc":{"Escrito por":"admin","Tiempo de lectura":"4 minutos"},"schema":{"@context":"https:\/\/schema.org","@graph":[{"@type":"Article","@id":"https:\/\/waracomunicaciones.com\/?p=932#article","isPartOf":{"@id":"https:\/\/waracomunicaciones.com\/?p=932"},"author":{"name":"admin","@id":"https:\/\/waracomunicaciones.com\/#\/schema\/person\/e9db934bc91575cc71fe584c5973244a"},"headline":"Luis Arce acusa a Evo Morales de apoyar al PDC por \u201cser un blanco f\u00e1cil\u201d y reaviva el debate sobre la unidad del MAS","datePublished":"2025-10-24T03:04:31+00:00","dateModified":"2025-10-24T03:04:32+00:00","mainEntityOfPage":{"@id":"https:\/\/waracomunicaciones.com\/?p=932"},"wordCount":709,"commentCount":0,"publisher":{"@id":"https:\/\/waracomunicaciones.com\/#organization"},"image":{"@id":"https:\/\/waracomunicaciones.com\/?p=932#primaryimage"},"thumbnailUrl":"https:\/\/waracomunicaciones.com\/wp-content\/uploads\/2025\/10\/ARCE-Y-EVO.webp","keywords":["Evo Morales","Franklin Garviz\u00fa","Luis Arce"],"articleSection":["Pol\u00edtica"],"inLanguage":"es","potentialAction":[{"@type":"CommentAction","name":"Comment","target":["https:\/\/waracomunicaciones.com\/?p=932#respond"]}]},{"@type":"WebPage","@id":"https:\/\/waracomunicaciones.com\/?p=932","url":"https:\/\/waracomunicaciones.com\/?p=932","name":"Luis Arce acusa a Evo Morales de apoyar al PDC por \u201cser un blanco f\u00e1cil\u201d y reaviva el debate sobre la unidad del MAS - Wara Comunicaciones","isPartOf":{"@id":"https:\/\/waracomunicaciones.com\/#website"},"primaryImageOfPage":{"@id":"https:\/\/waracomunicaciones.com\/?p=932#primaryimage"},"image":{"@id":"https:\/\/waracomunicaciones.com\/?p=932#primaryimage"},"thumbnailUrl":"https:\/\/waracomunicaciones.com\/wp-content\/uploads\/2025\/10\/ARCE-Y-EVO.webp","datePublished":"2025-10-24T03:04:31+00:00","dateModified":"2025-10-24T03:04:32+00:00","breadcrumb":{"@id":"https:\/\/waracomunicaciones.com\/?p=932#breadcrumb"},"inLanguage":"es","potentialAction":[{"@type":"ReadAction","target":["https:\/\/waracomunicaciones.com\/?p=932"]}]},{"@type":"ImageObject","inLanguage":"es","@id":"https:\/\/waracomunicaciones.com\/?p=932#primaryimage","url":"https:\/\/waracomunicaciones.com\/wp-content\/uploads\/2025\/10\/ARCE-Y-EVO.webp","contentUrl":"https:\/\/waracomunicaciones.com\/wp-content\/uploads\/2025\/10\/ARCE-Y-EVO.webp","width":1000,"height":639},{"@type":"BreadcrumbList","@id":"https:\/\/waracomunicaciones.com\/?p=932#breadcrumb","itemListElement":[{"@type":"ListItem","position":1,"name":"Portada","item":"https:\/\/waracomunicaciones.com\/"},{"@type":"ListItem","position":2,"name":"Luis Arce acusa a Evo Morales de apoyar al PDC por \u201cser un blanco f\u00e1cil\u201d y reaviva el debate sobre la unidad del MAS"}]},{"@type":"WebSite","@id":"https:\/\/waracomunicaciones.com\/#website","url":"https:\/\/waracomunicaciones.com\/","name":"Wara Comunicaciones","description":"","publisher":{"@id":"https:\/\/waracomunicaciones.com\/#organization"},"potentialAction":[{"@type":"SearchAction","target":{"@type":"EntryPoint","urlTemplate":"https:\/\/waracomunicaciones.com\/?s={search_term_string}"},"query-input":{"@type":"PropertyValueSpecification","valueRequired":true,"valueName":"search_term_string"}}],"inLanguage":"es"},{"@type":"Organization","@id":"https:\/\/waracomunicaciones.com\/#organization","name":"Wara Comunicaciones","url":"https:\/\/waracomunicaciones.com\/","logo":{"@type":"ImageObject","inLanguage":"es","@id":"https:\/\/waracomunicaciones.com\/#\/schema\/logo\/image\/","url":"https:\/\/waracomunicaciones.com\/wp-content\/uploads\/2025\/07\/logo.png","contentUrl":"https:\/\/waracomunicaciones.com\/wp-content\/uploads\/2025\/07\/logo.png","width":400,"height":164,"caption":"Wara Comunicaciones"},"image":{"@id":"https:\/\/waracomunicaciones.com\/#\/schema\/logo\/image\/"},"sameAs":["https:\/\/www.facebook.com\/waracomunicaciones2017"]},{"@type":"Person","@id":"https:\/\/waracomunicaciones.com\/#\/schema\/person\/e9db934bc91575cc71fe584c5973244a","name":"admin","image":{"@type":"ImageObject","inLanguage":"es","@id":"https:\/\/waracomunicaciones.com\/#\/schema\/person\/image\/","url":"https:\/\/secure.gravatar.com\/avatar\/bf27e9186df568254093afa216f887fece17605302c6ff12f3980422fffa52e6?s=96&d=mm&r=g","contentUrl":"https:\/\/secure.gravatar.com\/avatar\/bf27e9186df568254093afa216f887fece17605302c6ff12f3980422fffa52e6?s=96&d=mm&r=g","caption":"admin"},"sameAs":["https:\/\/waracomunicaciones.com\/wp"],"url":"https:\/\/waracomunicaciones.com\/?author=1"}]}},"_links":{"self":[{"href":"https:\/\/waracomunicaciones.com\/index.php?rest_route=\/wp\/v2\/posts\/932","targetHints":{"allow":["GET"]}}],"collection":[{"href":"https:\/\/waracomunicaciones.com\/index.php?rest_route=\/wp\/v2\/posts"}],"about":[{"href":"https:\/\/waracomunicaciones.com\/index.php?rest_route=\/wp\/v2\/types\/post"}],"author":[{"embeddable":true,"href":"https:\/\/waracomunicaciones.com\/index.php?rest_route=\/wp\/v2\/users\/1"}],"replies":[{"embeddable":true,"href":"https:\/\/waracomunicaciones.com\/index.php?rest_route=%2Fwp%2Fv2%2Fcomments&post=932"}],"version-history":[{"count":1,"href":"https:\/\/waracomunicaciones.com\/index.php?rest_route=\/wp\/v2\/posts\/932\/revisions"}],"predecessor-version":[{"id":934,"href":"https:\/\/waracomunicaciones.com\/index.php?rest_route=\/wp\/v2\/posts\/932\/revisions\/934"}],"wp:attachment":[{"href":"https:\/\/waracomunicaciones.com\/index.php?rest_route=%2Fwp%2Fv2%2Fmedia&parent=932"}],"wp:term":[{"taxonomy":"category","embeddable":true,"href":"https:\/\/waracomunicaciones.com\/index.php?rest_route=%2Fwp%2Fv2%2Fcategories&post=932"},{"taxonomy":"post_tag","embeddable":true,"href":"https:\/\/waracomunicaciones.com\/index.php?rest_route=%2Fwp%2Fv2%2Ftags&post=932"}],"curies":[{"name":"wp","href":"https:\/\/api.w.org\/{rel}","templated":true}]}}