{"id":93,"date":"2025-07-22T12:53:47","date_gmt":"2025-07-22T16:53:47","guid":{"rendered":"https:\/\/waracomunicaciones.com\/wp\/?p=93"},"modified":"2025-07-24T02:06:28","modified_gmt":"2025-07-24T06:06:28","slug":"jaime-uzcamayta-intensifica-su-campana-en-santa-cruz-y-el-norte-integrado-en-respaldo-a-manfred-reyes-villa","status":"publish","type":"post","link":"https:\/\/waracomunicaciones.com\/?p=93","title":{"rendered":"Jaime Uzcamayta intensifica su campa\u00f1a en Santa Cruz y el Norte Integrado en respaldo a Manfred Reyes Villa"},"content":{"rendered":"\n<figure class=\"wp-block-image size-full\"><img loading=\"lazy\" decoding=\"async\" width=\"750\" height=\"422\" src=\"https:\/\/waracomunicaciones.com\/wp\/wp-content\/uploads\/2025\/07\/uzc.webp\" alt=\"\" class=\"wp-image-94\" srcset=\"https:\/\/waracomunicaciones.com\/wp-content\/uploads\/2025\/07\/uzc.webp 750w, https:\/\/waracomunicaciones.com\/wp-content\/uploads\/2025\/07\/uzc-300x169.webp 300w\" sizes=\"auto, (max-width: 750px) 100vw, 750px\" \/><figcaption class=\"wp-element-caption\">Foto Facebook<\/figcaption><\/figure>\n\n\n<div class=\"itemIntroText\">\n<p><em><i>Santa Cruz,\u00a0<\/i><\/em>\u00a0En una jornada cargada de actividades proselitistas, el candidato a diputado por la circunscripci\u00f3n 57, Jaime Uzcamayta, reafirm\u00f3 su respaldo al capit\u00e1n Manfred Reyes Villa como candidato presidencial por la alianza APB S\u00famate. Durante el fin de semana, Uzcamayta particip\u00f3 en una caravana en la ciudad de Santa Cruz, seguida de recorridos por diversos municipios del Norte Integrado, donde present\u00f3 el plan de gobierno del exalcalde cochabambino.<\/p>\n<\/div>\n<p><!--more--><\/p>\n<div class=\"itemFullText\">\n<p>\u201cEstamos consolidando la presencia de APB S\u00famate en todo el Norte Integrado. El domingo recorrimos municipios como Yapacan\u00ed, donde sentimos el respaldo y el cari\u00f1o de la gente. Este mi\u00e9rcoles estaremos en Montero con la presencia de nuestras autoridades, en la tercera visita de nuestro candidato a esta zona estrat\u00e9gica\u201d, declar\u00f3 Uzcamayta en entrevista con medios locales.<\/p>\n<p>El postulante tambi\u00e9n denunci\u00f3 supuestos actos de presi\u00f3n y uso indebido de recursos p\u00fablicos en varios municipios. \u201cEn Montero, el alcalde est\u00e1 financiando de manera descarada la campa\u00f1a de su hijo, quien es candidato plurinominal. Obliga a funcionarios a participar en actividades pol\u00edticas, a pronunciarse en redes sociales y a sumarse a grupos de WhatsApp bajo listas de control\u201d, afirm\u00f3.<\/p>\n<p>Del mismo modo, se\u00f1al\u00f3 situaciones similares en los municipios de Portachuelo, Buenavista y San Carlos, donde, seg\u00fan Uzcamayta, otros actores pol\u00edticos estar\u00edan recurriendo a pr\u00e1cticas antidemocr\u00e1ticas. \u201cNi la derecha corrupta de Murillo, ni la izquierda improvisada que nos lleva al atraso. Necesitamos un cambio real y responsable\u201d, a\u00f1adi\u00f3, haciendo alusi\u00f3n al pasado reciente del pa\u00eds.<\/p>\n<p>En cuanto a su propuesta legislativa, el candidato aclar\u00f3 que no est\u00e1 en campa\u00f1a ofreciendo obras ni proyectos, como lo han hecho otros aspirantes. \u201cEl rol del diputado es legislar y fiscalizar. Y en eso tengo experiencia comprobada. Hemos planteado soluciones estructurales, como la eliminaci\u00f3n de la subvenci\u00f3n a los combustibles y la utilizaci\u00f3n del litio para obtener 10 mil millones de d\u00f3lares en financiamiento, con la venta anticipada de bonos.\u201d<\/p>\n<p>Para esta semana, el equipo de campa\u00f1a tiene previsto encuentros con sectores sociales como zapateros, lustrabotas y juntas vecinales, as\u00ed como una caravana desde Montero hasta Yapacan\u00ed, incluyendo el municipio de San Juan.<\/p>\n<p>Finalmente, Uzcamayta hizo un llamado al electorado del Norte Integrado: \u201cEs momento de un cambio verdadero. Apoyemos al capit\u00e1n Manfred Reyes Villa como presidente, y a mi persona como diputado por Montero. Bolivia necesita rumbo, experiencia y decisi\u00f3n.\u201d<\/p>\n<\/div><div style=\"margin-top: 0px; margin-bottom: 0px;\" class=\"sharethis-inline-reaction-buttons\" ><\/div>","protected":false},"excerpt":{"rendered":"<p>Santa Cruz,\u00a0\u00a0En una jornada cargada de actividades proselitistas, el candidato a diputado por la circunscripci\u00f3n 57, Jaime Uzcamayta, reafirm\u00f3 su respaldo al capit\u00e1n Manfred Reyes Villa como candidato presidencial por la alianza APB S\u00famate. Durante el fin de semana, Uzcamayta particip\u00f3 en una caravana en la ciudad de Santa Cruz, seguida de recorridos por diversos [&hellip;]<\/p>\n","protected":false},"author":1,"featured_media":94,"comment_status":"open","ping_status":"open","sticky":false,"template":"","format":"standard","meta":{"footnotes":""},"categories":[5],"tags":[29,11,8],"class_list":["post-93","post","type-post","status-publish","format-standard","has-post-thumbnail","hentry","category-local","tag-apb-sumate","tag-elecciones-nacionales-2025","tag-politica"],"yoast_head":"<!-- This site is optimized with the Yoast SEO Premium plugin v25.5 (Yoast SEO v27.1.1) - https:\/\/yoast.com\/product\/yoast-seo-premium-wordpress\/ -->\n<title>Jaime Uzcamayta intensifica su campa\u00f1a en Santa Cruz y el Norte Integrado en respaldo a Manfred Reyes Villa - Wara Comunicaciones<\/title>\n<meta name=\"robots\" content=\"index, follow, max-snippet:-1, max-image-preview:large, max-video-preview:-1\" \/>\n<link rel=\"canonical\" href=\"https:\/\/waracomunicaciones.com\/?p=93\" \/>\n<meta property=\"og:locale\" content=\"es_ES\" \/>\n<meta property=\"og:type\" content=\"article\" \/>\n<meta property=\"og:title\" content=\"Jaime Uzcamayta intensifica su campa\u00f1a en Santa Cruz y el Norte Integrado en respaldo a Manfred Reyes Villa\" \/>\n<meta property=\"og:description\" content=\"Santa Cruz,\u00a0\u00a0En una jornada cargada de actividades proselitistas, el candidato a diputado por la circunscripci\u00f3n 57, Jaime Uzcamayta, reafirm\u00f3 su respaldo al capit\u00e1n Manfred Reyes Villa como candidato presidencial por la alianza APB S\u00famate. Durante el fin de semana, Uzcamayta particip\u00f3 en una caravana en la ciudad de Santa Cruz, seguida de recorridos por diversos [&hellip;]\" \/>\n<meta property=\"og:url\" content=\"https:\/\/waracomunicaciones.com\/?p=93\" \/>\n<meta property=\"og:site_name\" content=\"Wara Comunicaciones\" \/>\n<meta property=\"article:publisher\" content=\"https:\/\/www.facebook.com\/waracomunicaciones2017\" \/>\n<meta property=\"article:published_time\" content=\"2025-07-22T16:53:47+00:00\" \/>\n<meta property=\"article:modified_time\" content=\"2025-07-24T06:06:28+00:00\" \/>\n<meta property=\"og:image\" content=\"https:\/\/waracomunicaciones.com\/wp-content\/uploads\/2025\/07\/uzc.webp\" \/>\n\t<meta property=\"og:image:width\" content=\"750\" \/>\n\t<meta property=\"og:image:height\" content=\"422\" \/>\n\t<meta property=\"og:image:type\" content=\"image\/webp\" \/>\n<meta name=\"author\" content=\"admin\" \/>\n<meta name=\"twitter:card\" content=\"summary_large_image\" \/>\n<meta name=\"twitter:label1\" content=\"Escrito por\" \/>\n\t<meta name=\"twitter:data1\" content=\"admin\" \/>\n\t<meta name=\"twitter:label2\" content=\"Tiempo de lectura\" \/>\n\t<meta name=\"twitter:data2\" content=\"2 minutos\" \/>\n<script type=\"application\/ld+json\" class=\"yoast-schema-graph\">{\"@context\":\"https:\/\/schema.org\",\"@graph\":[{\"@type\":\"Article\",\"@id\":\"https:\/\/waracomunicaciones.com\/?p=93#article\",\"isPartOf\":{\"@id\":\"https:\/\/waracomunicaciones.com\/?p=93\"},\"author\":{\"name\":\"admin\",\"@id\":\"https:\/\/waracomunicaciones.com\/#\/schema\/person\/e9db934bc91575cc71fe584c5973244a\"},\"headline\":\"Jaime Uzcamayta intensifica su campa\u00f1a en Santa Cruz y el Norte Integrado en respaldo a Manfred Reyes Villa\",\"datePublished\":\"2025-07-22T16:53:47+00:00\",\"dateModified\":\"2025-07-24T06:06:28+00:00\",\"mainEntityOfPage\":{\"@id\":\"https:\/\/waracomunicaciones.com\/?p=93\"},\"wordCount\":431,\"commentCount\":0,\"publisher\":{\"@id\":\"https:\/\/waracomunicaciones.com\/#organization\"},\"image\":{\"@id\":\"https:\/\/waracomunicaciones.com\/?p=93#primaryimage\"},\"thumbnailUrl\":\"https:\/\/waracomunicaciones.com\/wp-content\/uploads\/2025\/07\/uzc.webp\",\"keywords\":[\"APB S\u00famate\",\"Elecciones Nacionales 2025\",\"Pol\u00edtica\"],\"articleSection\":[\"LOCAL\"],\"inLanguage\":\"es\",\"potentialAction\":[{\"@type\":\"CommentAction\",\"name\":\"Comment\",\"target\":[\"https:\/\/waracomunicaciones.com\/?p=93#respond\"]}]},{\"@type\":\"WebPage\",\"@id\":\"https:\/\/waracomunicaciones.com\/?p=93\",\"url\":\"https:\/\/waracomunicaciones.com\/?p=93\",\"name\":\"Jaime Uzcamayta intensifica su campa\u00f1a en Santa Cruz y el Norte Integrado en respaldo a Manfred Reyes Villa - Wara Comunicaciones\",\"isPartOf\":{\"@id\":\"https:\/\/waracomunicaciones.com\/#website\"},\"primaryImageOfPage\":{\"@id\":\"https:\/\/waracomunicaciones.com\/?p=93#primaryimage\"},\"image\":{\"@id\":\"https:\/\/waracomunicaciones.com\/?p=93#primaryimage\"},\"thumbnailUrl\":\"https:\/\/waracomunicaciones.com\/wp-content\/uploads\/2025\/07\/uzc.webp\",\"datePublished\":\"2025-07-22T16:53:47+00:00\",\"dateModified\":\"2025-07-24T06:06:28+00:00\",\"breadcrumb\":{\"@id\":\"https:\/\/waracomunicaciones.com\/?p=93#breadcrumb\"},\"inLanguage\":\"es\",\"potentialAction\":[{\"@type\":\"ReadAction\",\"target\":[\"https:\/\/waracomunicaciones.com\/?p=93\"]}]},{\"@type\":\"ImageObject\",\"inLanguage\":\"es\",\"@id\":\"https:\/\/waracomunicaciones.com\/?p=93#primaryimage\",\"url\":\"https:\/\/waracomunicaciones.com\/wp-content\/uploads\/2025\/07\/uzc.webp\",\"contentUrl\":\"https:\/\/waracomunicaciones.com\/wp-content\/uploads\/2025\/07\/uzc.webp\",\"width\":750,\"height\":422},{\"@type\":\"BreadcrumbList\",\"@id\":\"https:\/\/waracomunicaciones.com\/?p=93#breadcrumb\",\"itemListElement\":[{\"@type\":\"ListItem\",\"position\":1,\"name\":\"Portada\",\"item\":\"https:\/\/waracomunicaciones.com\/\"},{\"@type\":\"ListItem\",\"position\":2,\"name\":\"Jaime Uzcamayta intensifica su campa\u00f1a en Santa Cruz y el Norte Integrado en respaldo a Manfred Reyes Villa\"}]},{\"@type\":\"WebSite\",\"@id\":\"https:\/\/waracomunicaciones.com\/#website\",\"url\":\"https:\/\/waracomunicaciones.com\/\",\"name\":\"Wara Comunicaciones\",\"description\":\"\",\"publisher\":{\"@id\":\"https:\/\/waracomunicaciones.com\/#organization\"},\"potentialAction\":[{\"@type\":\"SearchAction\",\"target\":{\"@type\":\"EntryPoint\",\"urlTemplate\":\"https:\/\/waracomunicaciones.com\/?s={search_term_string}\"},\"query-input\":{\"@type\":\"PropertyValueSpecification\",\"valueRequired\":true,\"valueName\":\"search_term_string\"}}],\"inLanguage\":\"es\"},{\"@type\":\"Organization\",\"@id\":\"https:\/\/waracomunicaciones.com\/#organization\",\"name\":\"Wara Comunicaciones\",\"url\":\"https:\/\/waracomunicaciones.com\/\",\"logo\":{\"@type\":\"ImageObject\",\"inLanguage\":\"es\",\"@id\":\"https:\/\/waracomunicaciones.com\/#\/schema\/logo\/image\/\",\"url\":\"https:\/\/waracomunicaciones.com\/wp-content\/uploads\/2025\/07\/logo.png\",\"contentUrl\":\"https:\/\/waracomunicaciones.com\/wp-content\/uploads\/2025\/07\/logo.png\",\"width\":400,\"height\":164,\"caption\":\"Wara Comunicaciones\"},\"image\":{\"@id\":\"https:\/\/waracomunicaciones.com\/#\/schema\/logo\/image\/\"},\"sameAs\":[\"https:\/\/www.facebook.com\/waracomunicaciones2017\"]},{\"@type\":\"Person\",\"@id\":\"https:\/\/waracomunicaciones.com\/#\/schema\/person\/e9db934bc91575cc71fe584c5973244a\",\"name\":\"admin\",\"image\":{\"@type\":\"ImageObject\",\"inLanguage\":\"es\",\"@id\":\"https:\/\/waracomunicaciones.com\/#\/schema\/person\/image\/\",\"url\":\"https:\/\/secure.gravatar.com\/avatar\/bf27e9186df568254093afa216f887fece17605302c6ff12f3980422fffa52e6?s=96&d=mm&r=g\",\"contentUrl\":\"https:\/\/secure.gravatar.com\/avatar\/bf27e9186df568254093afa216f887fece17605302c6ff12f3980422fffa52e6?s=96&d=mm&r=g\",\"caption\":\"admin\"},\"sameAs\":[\"https:\/\/waracomunicaciones.com\/wp\"],\"url\":\"https:\/\/waracomunicaciones.com\/?author=1\"}]}<\/script>\n<!-- \/ Yoast SEO Premium plugin. -->","yoast_head_json":{"title":"Jaime Uzcamayta intensifica su campa\u00f1a en Santa Cruz y el Norte Integrado en respaldo a Manfred Reyes Villa - Wara Comunicaciones","robots":{"index":"index","follow":"follow","max-snippet":"max-snippet:-1","max-image-preview":"max-image-preview:large","max-video-preview":"max-video-preview:-1"},"canonical":"https:\/\/waracomunicaciones.com\/?p=93","og_locale":"es_ES","og_type":"article","og_title":"Jaime Uzcamayta intensifica su campa\u00f1a en Santa Cruz y el Norte Integrado en respaldo a Manfred Reyes Villa","og_description":"Santa Cruz,\u00a0\u00a0En una jornada cargada de actividades proselitistas, el candidato a diputado por la circunscripci\u00f3n 57, Jaime Uzcamayta, reafirm\u00f3 su respaldo al capit\u00e1n Manfred Reyes Villa como candidato presidencial por la alianza APB S\u00famate. Durante el fin de semana, Uzcamayta particip\u00f3 en una caravana en la ciudad de Santa Cruz, seguida de recorridos por diversos [&hellip;]","og_url":"https:\/\/waracomunicaciones.com\/?p=93","og_site_name":"Wara Comunicaciones","article_publisher":"https:\/\/www.facebook.com\/waracomunicaciones2017","article_published_time":"2025-07-22T16:53:47+00:00","article_modified_time":"2025-07-24T06:06:28+00:00","og_image":[{"width":750,"height":422,"url":"https:\/\/waracomunicaciones.com\/wp-content\/uploads\/2025\/07\/uzc.webp","type":"image\/webp"}],"author":"admin","twitter_card":"summary_large_image","twitter_misc":{"Escrito por":"admin","Tiempo de lectura":"2 minutos"},"schema":{"@context":"https:\/\/schema.org","@graph":[{"@type":"Article","@id":"https:\/\/waracomunicaciones.com\/?p=93#article","isPartOf":{"@id":"https:\/\/waracomunicaciones.com\/?p=93"},"author":{"name":"admin","@id":"https:\/\/waracomunicaciones.com\/#\/schema\/person\/e9db934bc91575cc71fe584c5973244a"},"headline":"Jaime Uzcamayta intensifica su campa\u00f1a en Santa Cruz y el Norte Integrado en respaldo a Manfred Reyes Villa","datePublished":"2025-07-22T16:53:47+00:00","dateModified":"2025-07-24T06:06:28+00:00","mainEntityOfPage":{"@id":"https:\/\/waracomunicaciones.com\/?p=93"},"wordCount":431,"commentCount":0,"publisher":{"@id":"https:\/\/waracomunicaciones.com\/#organization"},"image":{"@id":"https:\/\/waracomunicaciones.com\/?p=93#primaryimage"},"thumbnailUrl":"https:\/\/waracomunicaciones.com\/wp-content\/uploads\/2025\/07\/uzc.webp","keywords":["APB S\u00famate","Elecciones Nacionales 2025","Pol\u00edtica"],"articleSection":["LOCAL"],"inLanguage":"es","potentialAction":[{"@type":"CommentAction","name":"Comment","target":["https:\/\/waracomunicaciones.com\/?p=93#respond"]}]},{"@type":"WebPage","@id":"https:\/\/waracomunicaciones.com\/?p=93","url":"https:\/\/waracomunicaciones.com\/?p=93","name":"Jaime Uzcamayta intensifica su campa\u00f1a en Santa Cruz y el Norte Integrado en respaldo a Manfred Reyes Villa - Wara Comunicaciones","isPartOf":{"@id":"https:\/\/waracomunicaciones.com\/#website"},"primaryImageOfPage":{"@id":"https:\/\/waracomunicaciones.com\/?p=93#primaryimage"},"image":{"@id":"https:\/\/waracomunicaciones.com\/?p=93#primaryimage"},"thumbnailUrl":"https:\/\/waracomunicaciones.com\/wp-content\/uploads\/2025\/07\/uzc.webp","datePublished":"2025-07-22T16:53:47+00:00","dateModified":"2025-07-24T06:06:28+00:00","breadcrumb":{"@id":"https:\/\/waracomunicaciones.com\/?p=93#breadcrumb"},"inLanguage":"es","potentialAction":[{"@type":"ReadAction","target":["https:\/\/waracomunicaciones.com\/?p=93"]}]},{"@type":"ImageObject","inLanguage":"es","@id":"https:\/\/waracomunicaciones.com\/?p=93#primaryimage","url":"https:\/\/waracomunicaciones.com\/wp-content\/uploads\/2025\/07\/uzc.webp","contentUrl":"https:\/\/waracomunicaciones.com\/wp-content\/uploads\/2025\/07\/uzc.webp","width":750,"height":422},{"@type":"BreadcrumbList","@id":"https:\/\/waracomunicaciones.com\/?p=93#breadcrumb","itemListElement":[{"@type":"ListItem","position":1,"name":"Portada","item":"https:\/\/waracomunicaciones.com\/"},{"@type":"ListItem","position":2,"name":"Jaime Uzcamayta intensifica su campa\u00f1a en Santa Cruz y el Norte Integrado en respaldo a Manfred Reyes Villa"}]},{"@type":"WebSite","@id":"https:\/\/waracomunicaciones.com\/#website","url":"https:\/\/waracomunicaciones.com\/","name":"Wara Comunicaciones","description":"","publisher":{"@id":"https:\/\/waracomunicaciones.com\/#organization"},"potentialAction":[{"@type":"SearchAction","target":{"@type":"EntryPoint","urlTemplate":"https:\/\/waracomunicaciones.com\/?s={search_term_string}"},"query-input":{"@type":"PropertyValueSpecification","valueRequired":true,"valueName":"search_term_string"}}],"inLanguage":"es"},{"@type":"Organization","@id":"https:\/\/waracomunicaciones.com\/#organization","name":"Wara Comunicaciones","url":"https:\/\/waracomunicaciones.com\/","logo":{"@type":"ImageObject","inLanguage":"es","@id":"https:\/\/waracomunicaciones.com\/#\/schema\/logo\/image\/","url":"https:\/\/waracomunicaciones.com\/wp-content\/uploads\/2025\/07\/logo.png","contentUrl":"https:\/\/waracomunicaciones.com\/wp-content\/uploads\/2025\/07\/logo.png","width":400,"height":164,"caption":"Wara Comunicaciones"},"image":{"@id":"https:\/\/waracomunicaciones.com\/#\/schema\/logo\/image\/"},"sameAs":["https:\/\/www.facebook.com\/waracomunicaciones2017"]},{"@type":"Person","@id":"https:\/\/waracomunicaciones.com\/#\/schema\/person\/e9db934bc91575cc71fe584c5973244a","name":"admin","image":{"@type":"ImageObject","inLanguage":"es","@id":"https:\/\/waracomunicaciones.com\/#\/schema\/person\/image\/","url":"https:\/\/secure.gravatar.com\/avatar\/bf27e9186df568254093afa216f887fece17605302c6ff12f3980422fffa52e6?s=96&d=mm&r=g","contentUrl":"https:\/\/secure.gravatar.com\/avatar\/bf27e9186df568254093afa216f887fece17605302c6ff12f3980422fffa52e6?s=96&d=mm&r=g","caption":"admin"},"sameAs":["https:\/\/waracomunicaciones.com\/wp"],"url":"https:\/\/waracomunicaciones.com\/?author=1"}]}},"_links":{"self":[{"href":"https:\/\/waracomunicaciones.com\/index.php?rest_route=\/wp\/v2\/posts\/93","targetHints":{"allow":["GET"]}}],"collection":[{"href":"https:\/\/waracomunicaciones.com\/index.php?rest_route=\/wp\/v2\/posts"}],"about":[{"href":"https:\/\/waracomunicaciones.com\/index.php?rest_route=\/wp\/v2\/types\/post"}],"author":[{"embeddable":true,"href":"https:\/\/waracomunicaciones.com\/index.php?rest_route=\/wp\/v2\/users\/1"}],"replies":[{"embeddable":true,"href":"https:\/\/waracomunicaciones.com\/index.php?rest_route=%2Fwp%2Fv2%2Fcomments&post=93"}],"version-history":[{"count":1,"href":"https:\/\/waracomunicaciones.com\/index.php?rest_route=\/wp\/v2\/posts\/93\/revisions"}],"predecessor-version":[{"id":95,"href":"https:\/\/waracomunicaciones.com\/index.php?rest_route=\/wp\/v2\/posts\/93\/revisions\/95"}],"wp:featuredmedia":[{"embeddable":true,"href":"https:\/\/waracomunicaciones.com\/index.php?rest_route=\/wp\/v2\/media\/94"}],"wp:attachment":[{"href":"https:\/\/waracomunicaciones.com\/index.php?rest_route=%2Fwp%2Fv2%2Fmedia&parent=93"}],"wp:term":[{"taxonomy":"category","embeddable":true,"href":"https:\/\/waracomunicaciones.com\/index.php?rest_route=%2Fwp%2Fv2%2Fcategories&post=93"},{"taxonomy":"post_tag","embeddable":true,"href":"https:\/\/waracomunicaciones.com\/index.php?rest_route=%2Fwp%2Fv2%2Ftags&post=93"}],"curies":[{"name":"wp","href":"https:\/\/api.w.org\/{rel}","templated":true}]}}