{"id":929,"date":"2025-10-22T13:10:55","date_gmt":"2025-10-22T17:10:55","guid":{"rendered":"https:\/\/waracomunicaciones.com\/?p=929"},"modified":"2025-10-22T13:10:57","modified_gmt":"2025-10-22T17:10:57","slug":"nils-rivero-nuevo-referente-del-pdc-en-montero-lo-logrado-ha-sido-un-exito-rotundo-ahora-vamos-por-las-subnacionales","status":"publish","type":"post","link":"https:\/\/waracomunicaciones.com\/?p=929","title":{"rendered":"Nils Rivero, nuevo referente del PDC en Montero: \u201cLo logrado ha sido un \u00e9xito rotundo; ahora vamos por las Subnacionales\u201d"},"content":{"rendered":"\n<figure class=\"wp-block-image size-large\"><img loading=\"lazy\" decoding=\"async\" width=\"1024\" height=\"576\" src=\"https:\/\/waracomunicaciones.com\/wp-content\/uploads\/2025\/10\/pdffd-1024x576.webp\" alt=\"\" class=\"wp-image-930\" srcset=\"https:\/\/waracomunicaciones.com\/wp-content\/uploads\/2025\/10\/pdffd-1024x576.webp 1024w, https:\/\/waracomunicaciones.com\/wp-content\/uploads\/2025\/10\/pdffd-300x169.webp 300w, https:\/\/waracomunicaciones.com\/wp-content\/uploads\/2025\/10\/pdffd-768x432.webp 768w, https:\/\/waracomunicaciones.com\/wp-content\/uploads\/2025\/10\/pdffd.webp 1280w\" sizes=\"auto, (max-width: 1024px) 100vw, 1024px\" \/><\/figure>\n\n\n<p>El dirigente deportivo y pol\u00edtico asume la representaci\u00f3n provincial del PDC en el norte integrado y se proyecta hacia las elecciones municipales de 2026, con una visi\u00f3n de transformaci\u00f3n para Montero.<!--more--><\/p>\n<p>Montero 22 octubre 2025.- El nombre de <strong>Nils Rivero<\/strong> comienza a resonar con fuerza en el escenario pol\u00edtico del norte cruce\u00f1o. Aunque conocido por muchos como dirigente deportivo y expresidente del club <strong>Guabira<\/strong>, Rivero ha dado el salto a la pol\u00edtica como <strong>responsable provincial del Partido Dem\u00f3crata Cristiano (PDC)<\/strong>, liderando el trabajo en el norte integrado con base en Montero.<\/p>\n<p>\u201cSoy montere\u00f1o. Mucha gente me conoce por mi trayectoria en el f\u00fatbol, donde estuve m\u00e1s de 11 a\u00f1os, incluso a nivel de la liga y la Federaci\u00f3n Boliviana de F\u00fatbol. Ahora, por razones laborales, vivo en Santa Cruz, pero estoy comprometido con mi tierra\u201d, expres\u00f3 Rivero en su primera aparici\u00f3n p\u00fablica como figura pol\u00edtica.<\/p>\n<p><strong>Balance electoral positivo: 116% de crecimiento<\/strong><\/p>\n<p>Rivero celebr\u00f3 los resultados de la segunda vuelta electoral, calific\u00e1ndolos como un \u201c\u00e9xito rotundo\u201d para el PDC, que logr\u00f3 incrementar su votaci\u00f3n en un <strong>116% respecto a la primera vuelta<\/strong>.<\/p>\n<p>\u201cHemos conformado un bloque de unidad que nos permiti\u00f3 alcanzar este resultado. Aunque a\u00fan hay actores que est\u00e1n fuera de esta articulaci\u00f3n, vamos a trabajar para integrar al 100% de las fuerzas democr\u00e1ticas\u201d, declar\u00f3.<\/p>\n<p><strong>Mirada puesta en las elecciones municipales<\/strong><\/p>\n<p>Con este impulso pol\u00edtico, Rivero confirm\u00f3 que el PDC se alista para las <strong>elecciones Subnacionales de 2026<\/strong>, donde el objetivo principal ser\u00e1 recuperar el liderazgo en la <strong>alcald\u00eda de Montero<\/strong>.<\/p>\n<p>\u201cMontero necesita un alcalde o alcaldesa comprometido, que no sea elegido por ser pariente de nadie ni por v\u00ednculos pol\u00edticos, sino por su capacidad de gesti\u00f3n. Vamos a definir ese perfil con mucha responsabilidad\u201d, enfatiz\u00f3.<\/p>\n<p>Asimismo, lament\u00f3 que Montero haya dejado de ser la segunda ciudad m\u00e1s pr\u00f3spera del departamento para pasar al <strong>cuarto lugar<\/strong>, lo que calific\u00f3 como \u201cuna se\u00f1al clara del retroceso\u201d durante las \u00faltimas gestiones municipales.<\/p>\n<p><strong>Descentralizaci\u00f3n y nuevas responsabilidades para los municipios<\/strong><\/p>\n<p>Rivero tambi\u00e9n se refiri\u00f3 al nuevo enfoque de gesti\u00f3n anunciado por el presidente electo <strong>Rodrigo Paz<\/strong>, basado en el modelo <strong>50\/50<\/strong>, que implica la descentralizaci\u00f3n de recursos y competencias en sectores clave como salud y educaci\u00f3n.<\/p>\n<p>\u201cEl 50\/50 es una de las propuestas que conquist\u00f3 el voto nacional. Significa que gobernaciones, municipios y universidades recibir\u00e1n mayores recursos, pero tambi\u00e9n asumir\u00e1n mayores responsabilidades. En educaci\u00f3n, por ejemplo, est\u00e1 claro que si queremos un futuro mejor, debemos apostar por una transformaci\u00f3n profunda\u201d, sostuvo.<\/p>\n<p><strong>Compromiso con el cambio y la estabilidad<\/strong><\/p>\n<p>Finalmente, Rivero expres\u00f3 confianza en el nuevo gobierno y esperanza en que Bolivia retome el rumbo econ\u00f3mico.<\/p>\n<p>\u201cEsperamos que con Rodrigo Paz lleguen mejores d\u00edas. La gente necesita respuestas a problemas urgentes como la inflaci\u00f3n, la falta de d\u00f3lares o el abastecimiento de combustibles. Estamos listos para contribuir desde lo local con una visi\u00f3n de desarrollo y dignidad\u201d, concluy\u00f3.<\/p>\n\n\n<p><\/p>\n<div style=\"margin-top: 0px; margin-bottom: 0px;\" class=\"sharethis-inline-reaction-buttons\" ><\/div>","protected":false},"excerpt":{"rendered":"<p>El dirigente deportivo y pol\u00edtico asume la representaci\u00f3n provincial del PDC en el norte integrado y se proyecta hacia las elecciones municipales de 2026, con una visi\u00f3n de transformaci\u00f3n para Montero.<\/p>\n","protected":false},"author":1,"featured_media":0,"comment_status":"open","ping_status":"open","sticky":false,"template":"","format":"standard","meta":{"footnotes":""},"categories":[42],"tags":[59,237,154],"class_list":["post-929","post","type-post","status-publish","format-standard","hentry","category-politica","tag-guabira","tag-nils-rivero","tag-pdc"],"yoast_head":"<!-- This site is optimized with the Yoast SEO Premium plugin v25.5 (Yoast SEO v27.1.1) - https:\/\/yoast.com\/product\/yoast-seo-premium-wordpress\/ -->\n<title>Nils Rivero, nuevo referente del PDC en Montero: \u201cLo logrado ha sido un \u00e9xito rotundo; ahora vamos por las Subnacionales\u201d - Wara Comunicaciones<\/title>\n<meta name=\"robots\" content=\"index, follow, max-snippet:-1, max-image-preview:large, max-video-preview:-1\" \/>\n<link rel=\"canonical\" href=\"https:\/\/waracomunicaciones.com\/?p=929\" \/>\n<meta property=\"og:locale\" content=\"es_ES\" \/>\n<meta property=\"og:type\" content=\"article\" \/>\n<meta property=\"og:title\" content=\"Nils Rivero, nuevo referente del PDC en Montero: \u201cLo logrado ha sido un \u00e9xito rotundo; ahora vamos por las Subnacionales\u201d\" \/>\n<meta property=\"og:description\" content=\"El dirigente deportivo y pol\u00edtico asume la representaci\u00f3n provincial del PDC en el norte integrado y se proyecta hacia las elecciones municipales de 2026, con una visi\u00f3n de transformaci\u00f3n para Montero.\" \/>\n<meta property=\"og:url\" content=\"https:\/\/waracomunicaciones.com\/?p=929\" \/>\n<meta property=\"og:site_name\" content=\"Wara Comunicaciones\" \/>\n<meta property=\"article:publisher\" content=\"https:\/\/www.facebook.com\/waracomunicaciones2017\" \/>\n<meta property=\"article:published_time\" content=\"2025-10-22T17:10:55+00:00\" \/>\n<meta property=\"article:modified_time\" content=\"2025-10-22T17:10:57+00:00\" \/>\n<meta property=\"og:image\" content=\"https:\/\/waracomunicaciones.com\/wp-content\/uploads\/2025\/10\/pdffd.webp\" \/>\n\t<meta property=\"og:image:width\" content=\"1280\" \/>\n\t<meta property=\"og:image:height\" content=\"720\" \/>\n\t<meta property=\"og:image:type\" content=\"image\/webp\" \/>\n<meta name=\"author\" content=\"admin\" \/>\n<meta name=\"twitter:card\" content=\"summary_large_image\" \/>\n<meta name=\"twitter:label1\" content=\"Escrito por\" \/>\n\t<meta name=\"twitter:data1\" content=\"admin\" \/>\n\t<meta name=\"twitter:label2\" content=\"Tiempo de lectura\" \/>\n\t<meta name=\"twitter:data2\" content=\"3 minutos\" \/>\n<script type=\"application\/ld+json\" class=\"yoast-schema-graph\">{\"@context\":\"https:\/\/schema.org\",\"@graph\":[{\"@type\":\"Article\",\"@id\":\"https:\/\/waracomunicaciones.com\/?p=929#article\",\"isPartOf\":{\"@id\":\"https:\/\/waracomunicaciones.com\/?p=929\"},\"author\":{\"name\":\"admin\",\"@id\":\"https:\/\/waracomunicaciones.com\/#\/schema\/person\/e9db934bc91575cc71fe584c5973244a\"},\"headline\":\"Nils Rivero, nuevo referente del PDC en Montero: \u201cLo logrado ha sido un \u00e9xito rotundo; ahora vamos por las Subnacionales\u201d\",\"datePublished\":\"2025-10-22T17:10:55+00:00\",\"dateModified\":\"2025-10-22T17:10:57+00:00\",\"mainEntityOfPage\":{\"@id\":\"https:\/\/waracomunicaciones.com\/?p=929\"},\"wordCount\":531,\"commentCount\":0,\"publisher\":{\"@id\":\"https:\/\/waracomunicaciones.com\/#organization\"},\"image\":{\"@id\":\"https:\/\/waracomunicaciones.com\/?p=929#primaryimage\"},\"thumbnailUrl\":\"https:\/\/waracomunicaciones.com\/wp-content\/uploads\/2025\/10\/pdffd-1024x576.webp\",\"keywords\":[\"Guabir\u00e1\",\"Nils Rivero\",\"PDC\"],\"articleSection\":[\"Pol\u00edtica\"],\"inLanguage\":\"es\",\"potentialAction\":[{\"@type\":\"CommentAction\",\"name\":\"Comment\",\"target\":[\"https:\/\/waracomunicaciones.com\/?p=929#respond\"]}]},{\"@type\":\"WebPage\",\"@id\":\"https:\/\/waracomunicaciones.com\/?p=929\",\"url\":\"https:\/\/waracomunicaciones.com\/?p=929\",\"name\":\"Nils Rivero, nuevo referente del PDC en Montero: \u201cLo logrado ha sido un \u00e9xito rotundo; ahora vamos por las Subnacionales\u201d - Wara Comunicaciones\",\"isPartOf\":{\"@id\":\"https:\/\/waracomunicaciones.com\/#website\"},\"primaryImageOfPage\":{\"@id\":\"https:\/\/waracomunicaciones.com\/?p=929#primaryimage\"},\"image\":{\"@id\":\"https:\/\/waracomunicaciones.com\/?p=929#primaryimage\"},\"thumbnailUrl\":\"https:\/\/waracomunicaciones.com\/wp-content\/uploads\/2025\/10\/pdffd-1024x576.webp\",\"datePublished\":\"2025-10-22T17:10:55+00:00\",\"dateModified\":\"2025-10-22T17:10:57+00:00\",\"breadcrumb\":{\"@id\":\"https:\/\/waracomunicaciones.com\/?p=929#breadcrumb\"},\"inLanguage\":\"es\",\"potentialAction\":[{\"@type\":\"ReadAction\",\"target\":[\"https:\/\/waracomunicaciones.com\/?p=929\"]}]},{\"@type\":\"ImageObject\",\"inLanguage\":\"es\",\"@id\":\"https:\/\/waracomunicaciones.com\/?p=929#primaryimage\",\"url\":\"https:\/\/waracomunicaciones.com\/wp-content\/uploads\/2025\/10\/pdffd.webp\",\"contentUrl\":\"https:\/\/waracomunicaciones.com\/wp-content\/uploads\/2025\/10\/pdffd.webp\",\"width\":1280,\"height\":720},{\"@type\":\"BreadcrumbList\",\"@id\":\"https:\/\/waracomunicaciones.com\/?p=929#breadcrumb\",\"itemListElement\":[{\"@type\":\"ListItem\",\"position\":1,\"name\":\"Portada\",\"item\":\"https:\/\/waracomunicaciones.com\/\"},{\"@type\":\"ListItem\",\"position\":2,\"name\":\"Nils Rivero, nuevo referente del PDC en Montero: \u201cLo logrado ha sido un \u00e9xito rotundo; ahora vamos por las Subnacionales\u201d\"}]},{\"@type\":\"WebSite\",\"@id\":\"https:\/\/waracomunicaciones.com\/#website\",\"url\":\"https:\/\/waracomunicaciones.com\/\",\"name\":\"Wara Comunicaciones\",\"description\":\"\",\"publisher\":{\"@id\":\"https:\/\/waracomunicaciones.com\/#organization\"},\"potentialAction\":[{\"@type\":\"SearchAction\",\"target\":{\"@type\":\"EntryPoint\",\"urlTemplate\":\"https:\/\/waracomunicaciones.com\/?s={search_term_string}\"},\"query-input\":{\"@type\":\"PropertyValueSpecification\",\"valueRequired\":true,\"valueName\":\"search_term_string\"}}],\"inLanguage\":\"es\"},{\"@type\":\"Organization\",\"@id\":\"https:\/\/waracomunicaciones.com\/#organization\",\"name\":\"Wara Comunicaciones\",\"url\":\"https:\/\/waracomunicaciones.com\/\",\"logo\":{\"@type\":\"ImageObject\",\"inLanguage\":\"es\",\"@id\":\"https:\/\/waracomunicaciones.com\/#\/schema\/logo\/image\/\",\"url\":\"https:\/\/waracomunicaciones.com\/wp-content\/uploads\/2025\/07\/logo.png\",\"contentUrl\":\"https:\/\/waracomunicaciones.com\/wp-content\/uploads\/2025\/07\/logo.png\",\"width\":400,\"height\":164,\"caption\":\"Wara Comunicaciones\"},\"image\":{\"@id\":\"https:\/\/waracomunicaciones.com\/#\/schema\/logo\/image\/\"},\"sameAs\":[\"https:\/\/www.facebook.com\/waracomunicaciones2017\"]},{\"@type\":\"Person\",\"@id\":\"https:\/\/waracomunicaciones.com\/#\/schema\/person\/e9db934bc91575cc71fe584c5973244a\",\"name\":\"admin\",\"image\":{\"@type\":\"ImageObject\",\"inLanguage\":\"es\",\"@id\":\"https:\/\/waracomunicaciones.com\/#\/schema\/person\/image\/\",\"url\":\"https:\/\/secure.gravatar.com\/avatar\/bf27e9186df568254093afa216f887fece17605302c6ff12f3980422fffa52e6?s=96&d=mm&r=g\",\"contentUrl\":\"https:\/\/secure.gravatar.com\/avatar\/bf27e9186df568254093afa216f887fece17605302c6ff12f3980422fffa52e6?s=96&d=mm&r=g\",\"caption\":\"admin\"},\"sameAs\":[\"https:\/\/waracomunicaciones.com\/wp\"],\"url\":\"https:\/\/waracomunicaciones.com\/?author=1\"}]}<\/script>\n<!-- \/ Yoast SEO Premium plugin. -->","yoast_head_json":{"title":"Nils Rivero, nuevo referente del PDC en Montero: \u201cLo logrado ha sido un \u00e9xito rotundo; ahora vamos por las Subnacionales\u201d - Wara Comunicaciones","robots":{"index":"index","follow":"follow","max-snippet":"max-snippet:-1","max-image-preview":"max-image-preview:large","max-video-preview":"max-video-preview:-1"},"canonical":"https:\/\/waracomunicaciones.com\/?p=929","og_locale":"es_ES","og_type":"article","og_title":"Nils Rivero, nuevo referente del PDC en Montero: \u201cLo logrado ha sido un \u00e9xito rotundo; ahora vamos por las Subnacionales\u201d","og_description":"El dirigente deportivo y pol\u00edtico asume la representaci\u00f3n provincial del PDC en el norte integrado y se proyecta hacia las elecciones municipales de 2026, con una visi\u00f3n de transformaci\u00f3n para Montero.","og_url":"https:\/\/waracomunicaciones.com\/?p=929","og_site_name":"Wara Comunicaciones","article_publisher":"https:\/\/www.facebook.com\/waracomunicaciones2017","article_published_time":"2025-10-22T17:10:55+00:00","article_modified_time":"2025-10-22T17:10:57+00:00","og_image":[{"width":1280,"height":720,"url":"https:\/\/waracomunicaciones.com\/wp-content\/uploads\/2025\/10\/pdffd.webp","type":"image\/webp"}],"author":"admin","twitter_card":"summary_large_image","twitter_misc":{"Escrito por":"admin","Tiempo de lectura":"3 minutos"},"schema":{"@context":"https:\/\/schema.org","@graph":[{"@type":"Article","@id":"https:\/\/waracomunicaciones.com\/?p=929#article","isPartOf":{"@id":"https:\/\/waracomunicaciones.com\/?p=929"},"author":{"name":"admin","@id":"https:\/\/waracomunicaciones.com\/#\/schema\/person\/e9db934bc91575cc71fe584c5973244a"},"headline":"Nils Rivero, nuevo referente del PDC en Montero: \u201cLo logrado ha sido un \u00e9xito rotundo; ahora vamos por las Subnacionales\u201d","datePublished":"2025-10-22T17:10:55+00:00","dateModified":"2025-10-22T17:10:57+00:00","mainEntityOfPage":{"@id":"https:\/\/waracomunicaciones.com\/?p=929"},"wordCount":531,"commentCount":0,"publisher":{"@id":"https:\/\/waracomunicaciones.com\/#organization"},"image":{"@id":"https:\/\/waracomunicaciones.com\/?p=929#primaryimage"},"thumbnailUrl":"https:\/\/waracomunicaciones.com\/wp-content\/uploads\/2025\/10\/pdffd-1024x576.webp","keywords":["Guabir\u00e1","Nils Rivero","PDC"],"articleSection":["Pol\u00edtica"],"inLanguage":"es","potentialAction":[{"@type":"CommentAction","name":"Comment","target":["https:\/\/waracomunicaciones.com\/?p=929#respond"]}]},{"@type":"WebPage","@id":"https:\/\/waracomunicaciones.com\/?p=929","url":"https:\/\/waracomunicaciones.com\/?p=929","name":"Nils Rivero, nuevo referente del PDC en Montero: \u201cLo logrado ha sido un \u00e9xito rotundo; ahora vamos por las Subnacionales\u201d - Wara Comunicaciones","isPartOf":{"@id":"https:\/\/waracomunicaciones.com\/#website"},"primaryImageOfPage":{"@id":"https:\/\/waracomunicaciones.com\/?p=929#primaryimage"},"image":{"@id":"https:\/\/waracomunicaciones.com\/?p=929#primaryimage"},"thumbnailUrl":"https:\/\/waracomunicaciones.com\/wp-content\/uploads\/2025\/10\/pdffd-1024x576.webp","datePublished":"2025-10-22T17:10:55+00:00","dateModified":"2025-10-22T17:10:57+00:00","breadcrumb":{"@id":"https:\/\/waracomunicaciones.com\/?p=929#breadcrumb"},"inLanguage":"es","potentialAction":[{"@type":"ReadAction","target":["https:\/\/waracomunicaciones.com\/?p=929"]}]},{"@type":"ImageObject","inLanguage":"es","@id":"https:\/\/waracomunicaciones.com\/?p=929#primaryimage","url":"https:\/\/waracomunicaciones.com\/wp-content\/uploads\/2025\/10\/pdffd.webp","contentUrl":"https:\/\/waracomunicaciones.com\/wp-content\/uploads\/2025\/10\/pdffd.webp","width":1280,"height":720},{"@type":"BreadcrumbList","@id":"https:\/\/waracomunicaciones.com\/?p=929#breadcrumb","itemListElement":[{"@type":"ListItem","position":1,"name":"Portada","item":"https:\/\/waracomunicaciones.com\/"},{"@type":"ListItem","position":2,"name":"Nils Rivero, nuevo referente del PDC en Montero: \u201cLo logrado ha sido un \u00e9xito rotundo; ahora vamos por las Subnacionales\u201d"}]},{"@type":"WebSite","@id":"https:\/\/waracomunicaciones.com\/#website","url":"https:\/\/waracomunicaciones.com\/","name":"Wara Comunicaciones","description":"","publisher":{"@id":"https:\/\/waracomunicaciones.com\/#organization"},"potentialAction":[{"@type":"SearchAction","target":{"@type":"EntryPoint","urlTemplate":"https:\/\/waracomunicaciones.com\/?s={search_term_string}"},"query-input":{"@type":"PropertyValueSpecification","valueRequired":true,"valueName":"search_term_string"}}],"inLanguage":"es"},{"@type":"Organization","@id":"https:\/\/waracomunicaciones.com\/#organization","name":"Wara Comunicaciones","url":"https:\/\/waracomunicaciones.com\/","logo":{"@type":"ImageObject","inLanguage":"es","@id":"https:\/\/waracomunicaciones.com\/#\/schema\/logo\/image\/","url":"https:\/\/waracomunicaciones.com\/wp-content\/uploads\/2025\/07\/logo.png","contentUrl":"https:\/\/waracomunicaciones.com\/wp-content\/uploads\/2025\/07\/logo.png","width":400,"height":164,"caption":"Wara Comunicaciones"},"image":{"@id":"https:\/\/waracomunicaciones.com\/#\/schema\/logo\/image\/"},"sameAs":["https:\/\/www.facebook.com\/waracomunicaciones2017"]},{"@type":"Person","@id":"https:\/\/waracomunicaciones.com\/#\/schema\/person\/e9db934bc91575cc71fe584c5973244a","name":"admin","image":{"@type":"ImageObject","inLanguage":"es","@id":"https:\/\/waracomunicaciones.com\/#\/schema\/person\/image\/","url":"https:\/\/secure.gravatar.com\/avatar\/bf27e9186df568254093afa216f887fece17605302c6ff12f3980422fffa52e6?s=96&d=mm&r=g","contentUrl":"https:\/\/secure.gravatar.com\/avatar\/bf27e9186df568254093afa216f887fece17605302c6ff12f3980422fffa52e6?s=96&d=mm&r=g","caption":"admin"},"sameAs":["https:\/\/waracomunicaciones.com\/wp"],"url":"https:\/\/waracomunicaciones.com\/?author=1"}]}},"_links":{"self":[{"href":"https:\/\/waracomunicaciones.com\/index.php?rest_route=\/wp\/v2\/posts\/929","targetHints":{"allow":["GET"]}}],"collection":[{"href":"https:\/\/waracomunicaciones.com\/index.php?rest_route=\/wp\/v2\/posts"}],"about":[{"href":"https:\/\/waracomunicaciones.com\/index.php?rest_route=\/wp\/v2\/types\/post"}],"author":[{"embeddable":true,"href":"https:\/\/waracomunicaciones.com\/index.php?rest_route=\/wp\/v2\/users\/1"}],"replies":[{"embeddable":true,"href":"https:\/\/waracomunicaciones.com\/index.php?rest_route=%2Fwp%2Fv2%2Fcomments&post=929"}],"version-history":[{"count":1,"href":"https:\/\/waracomunicaciones.com\/index.php?rest_route=\/wp\/v2\/posts\/929\/revisions"}],"predecessor-version":[{"id":931,"href":"https:\/\/waracomunicaciones.com\/index.php?rest_route=\/wp\/v2\/posts\/929\/revisions\/931"}],"wp:attachment":[{"href":"https:\/\/waracomunicaciones.com\/index.php?rest_route=%2Fwp%2Fv2%2Fmedia&parent=929"}],"wp:term":[{"taxonomy":"category","embeddable":true,"href":"https:\/\/waracomunicaciones.com\/index.php?rest_route=%2Fwp%2Fv2%2Fcategories&post=929"},{"taxonomy":"post_tag","embeddable":true,"href":"https:\/\/waracomunicaciones.com\/index.php?rest_route=%2Fwp%2Fv2%2Ftags&post=929"}],"curies":[{"name":"wp","href":"https:\/\/api.w.org\/{rel}","templated":true}]}}