{"id":925,"date":"2025-10-22T13:00:16","date_gmt":"2025-10-22T17:00:16","guid":{"rendered":"https:\/\/waracomunicaciones.com\/?p=925"},"modified":"2025-10-22T13:00:18","modified_gmt":"2025-10-22T17:00:18","slug":"juan-de-dios-castro-del-escenario-artistico-y-juridico-a-la-arena-politica-impulsado-por-la-amistad-y-la-lucha-contra-la-corrupcion","status":"publish","type":"post","link":"https:\/\/waracomunicaciones.com\/?p=925","title":{"rendered":"Juan de Dios Castro: del escenario art\u00edstico y jur\u00eddico a la arena pol\u00edtica, impulsado por la amistad y la lucha contra la corrupci\u00f3n"},"content":{"rendered":"\n<figure class=\"wp-block-image size-large\"><img loading=\"lazy\" decoding=\"async\" width=\"1024\" height=\"1016\" src=\"https:\/\/waracomunicaciones.com\/wp-content\/uploads\/2025\/10\/hjusdsgf-1024x1016.webp\" alt=\"\" class=\"wp-image-926\" srcset=\"https:\/\/waracomunicaciones.com\/wp-content\/uploads\/2025\/10\/hjusdsgf-1024x1016.webp 1024w, https:\/\/waracomunicaciones.com\/wp-content\/uploads\/2025\/10\/hjusdsgf-300x298.webp 300w, https:\/\/waracomunicaciones.com\/wp-content\/uploads\/2025\/10\/hjusdsgf-150x150.webp 150w, https:\/\/waracomunicaciones.com\/wp-content\/uploads\/2025\/10\/hjusdsgf-768x762.webp 768w, https:\/\/waracomunicaciones.com\/wp-content\/uploads\/2025\/10\/hjusdsgf.webp 1088w\" sizes=\"auto, (max-width: 1024px) 100vw, 1024px\" \/><figcaption class=\"wp-element-caption\"><em> Juan de Dios Castro Abogado y  activista Pol\u00edtico- Foto Facebook<\/em><\/figcaption><\/figure>\n\n\n<p>El abogado, actor y exempresario de karaoke asegura que su incursi\u00f3n en la pol\u00edtica no responde a ambiciones personales, sino a un compromiso \u00e9tico con la justicia y la lealtad hacia Edman Lara. No descarta una candidatura municipal si hay respaldo popular.<!--more--><\/p>\n<p>Montero 22 octubre 2025.- En una entrevista reveladora y cargada de an\u00e9cdotas, <strong>Juan de Dios Castro Quiroz<\/strong>, abogado de profesi\u00f3n y con un pasado en el arte esc\u00e9nico y el emprendimiento, comparti\u00f3 detalles de su vida, su vocaci\u00f3n de servicio y su sorpresiva entrada al \u00e1mbito pol\u00edtico.<\/p>\n<p>Aunque su nombre ha comenzado a sonar recientemente en c\u00edrculos pol\u00edticos, Castro deja en claro que <strong>su involucramiento en el proceso electoral junto al binomio Rodrigo Paz\u2013Edman Lara<\/strong> fue m\u00e1s un acto de <strong>lealtad personal<\/strong> que una estrategia pol\u00edtica.<\/p>\n<p>\u201cYo no estoy inscrito en ning\u00fan partido, ni he militado nunca. Apoy\u00e9 a un amigo: Edman Lara. Lo defend\u00ed en momentos dif\u00edciles y desde entonces compartimos una lucha com\u00fan contra la corrupci\u00f3n y la injusticia\u201d, afirm\u00f3.<\/p>\n<p><strong>\u201cEl abogado de los pobres\u201d<\/strong><\/p>\n<p>Nacido en Guabir\u00e1 el 8 de marzo de 1962, Juan de Dios estudi\u00f3 en el colegio metodista de Montero, incursion\u00f3 brevemente en la ingenier\u00eda y luego sigui\u00f3 una carrera art\u00edstica que lo llev\u00f3 al teatro, el canto y finalmente al periodismo. Con 48 a\u00f1os retom\u00f3 los estudios universitarios en la Universidad FINOR, gradu\u00e1ndose como abogado.<\/p>\n<p>\u201cMe dediqu\u00e9 a ayudar a los m\u00e1s humildes, y la gente comenz\u00f3 a llamarme \u2018el abogado de los pobres\u2019. Esa es mi verdadera vocaci\u00f3n: la defensa de los derechos\u201d, cont\u00f3 con orgullo.<\/p>\n<p>\u00a0<\/p>\n<p><strong>No busca cargos, pero no cierra la puerta a la pol\u00edtica<\/strong><\/p>\n<p>Castro asegura que no busca puestos en el nuevo gobierno ni cargos en La Paz, pese a que algunos lo han tentado para sumarse al equipo de Edman Lara en la vicepresidencia.<\/p>\n<p>\u201cYo tengo compromisos con la gente que confi\u00f3 en m\u00ed como abogado. No voy a abandonar sus procesos. No estoy para buscar pega ni me interesa figurar\u201d, asegur\u00f3.<\/p>\n<p>Sin embargo, admite que <strong>grupos ciudadanos en Montero<\/strong> lo han comenzado a considerar como posible candidato para las elecciones subnacionales de 2026.<\/p>\n<p>\u201cSi se arma un proyecto ciudadano serio, independiente de los colores pol\u00edticos y con gente sin cola de paja, lo pensar\u00eda. No por ambici\u00f3n, sino por convicci\u00f3n de servicio.\u201d<\/p>\n<p><strong>Una visi\u00f3n cr\u00edtica pero equilibrada de la pol\u00edtica actual<\/strong><\/p>\n<p>Sobre el actual alcalde <strong>Regys Medina<\/strong>, Juan de Dios prefiri\u00f3 mantener una postura prudente.<\/p>\n<p>\u201cNo quiero emitir juicios sin haber seguido su gesti\u00f3n de cerca. No ser\u00eda justo. Escucho opiniones divididas. Yo estuve concentrado en los casos judiciales, no en pol\u00edtica municipal.\u201d<\/p>\n<p>En contraste, s\u00ed tiene una mirada clara sobre lo que deber\u00edan hacer <strong>Rodrigo Paz y Edman Lara<\/strong> a partir del 8 de noviembre.<\/p>\n<p>\u201cDeben comenzar cumpliendo lo prometido. El perdonazo tributario, el 50-50 en salud y educaci\u00f3n, y resolver el tema del di\u00e9sel y la gasolina. Conf\u00edo en que ya tienen mecanismos para cumplirlo\u201d, afirm\u00f3.<\/p>\n<p>Tambi\u00e9n se refiri\u00f3 a la promesa de una auditor\u00eda a las gestiones de altos jefes policiales como un primer paso contundente para recuperar la confianza en la justicia.<\/p>\n<p><strong>Pol\u00edtica con \u00e9tica: un llamado urgente<\/strong><\/p>\n<p>Castro no esquiv\u00f3 el tema del desprestigio que vive hoy la pol\u00edtica boliviana.<\/p>\n<p>\u201cAntes ser pol\u00edtico era sin\u00f3nimo de servicio. Hoy muchos lo ven como un camino r\u00e1pido para enriquecerse. Hay que devolver la \u00e9tica a la pol\u00edtica. No se trata de servirse, sino de servir.\u201d<\/p>\n<p>En ese sentido, reiter\u00f3 que, si alguna vez asume una candidatura, ser\u00e1 para <strong>representar de verdad a los sectores olvidados de Montero<\/strong>, con una gesti\u00f3n transparente, sin compromisos oscuros ni estructuras partidarias corrompidas.<\/p>\n<p>\u00a0<\/p>\n<p><strong>Conclusi\u00f3n<\/strong><\/p>\n<p>Juan de Dios Castro no es un pol\u00edtico tradicional. Su historia lo sit\u00faa como <strong>una figura emergente que conecta con la gente desde la honestidad, la humildad y la vocaci\u00f3n de servicio<\/strong>. Hoy, su nombre comienza a sonar m\u00e1s fuerte en el escenario pol\u00edtico local, no por aspiraciones personales, sino por la confianza que ha sembrado en su comunidad.<\/p>\n<p>\u201cSi alguna vez decido ser candidato, ser\u00e1 con el pueblo. Si no, seguir\u00e9 siendo el abogado de los humildes, defendiendo a los que nadie escucha.\u201d<\/p>\n\n\n<figure class=\"wp-block-image size-large\"><img loading=\"lazy\" decoding=\"async\" width=\"1024\" height=\"1024\" src=\"https:\/\/waracomunicaciones.com\/wp-content\/uploads\/2025\/10\/juttudrsd-1024x1024.webp\" alt=\"\" class=\"wp-image-927\" srcset=\"https:\/\/waracomunicaciones.com\/wp-content\/uploads\/2025\/10\/juttudrsd-1024x1024.webp 1024w, https:\/\/waracomunicaciones.com\/wp-content\/uploads\/2025\/10\/juttudrsd-300x300.webp 300w, https:\/\/waracomunicaciones.com\/wp-content\/uploads\/2025\/10\/juttudrsd-150x150.webp 150w, https:\/\/waracomunicaciones.com\/wp-content\/uploads\/2025\/10\/juttudrsd-768x768.webp 768w, https:\/\/waracomunicaciones.com\/wp-content\/uploads\/2025\/10\/juttudrsd.webp 1080w\" sizes=\"auto, (max-width: 1024px) 100vw, 1024px\" \/><figcaption class=\"wp-element-caption\"><em>El Vicepresidente electo Edman Lara junto a Juan de Dios Castro<\/em> &#8211; <em>Foto Facebook<\/em><\/figcaption><\/figure>\n<div style=\"margin-top: 0px; margin-bottom: 0px;\" class=\"sharethis-inline-reaction-buttons\" ><\/div>","protected":false},"excerpt":{"rendered":"<p>El abogado, actor y exempresario de karaoke asegura que su incursi\u00f3n en la pol\u00edtica no responde a ambiciones personales, sino a un compromiso \u00e9tico con la justicia y la lealtad hacia Edman Lara. No descarta una candidatura municipal si hay respaldo popular.<\/p>\n","protected":false},"author":1,"featured_media":0,"comment_status":"open","ping_status":"open","sticky":false,"template":"","format":"standard","meta":{"footnotes":""},"categories":[42],"tags":[166,192,236,235],"class_list":["post-925","post","type-post","status-publish","format-standard","hentry","category-politica","tag-balotaje","tag-edman-lara","tag-juan-de-dios-castro","tag-pcd"],"yoast_head":"<!-- This site is optimized with the Yoast SEO Premium plugin v25.5 (Yoast SEO v27.1.1) - https:\/\/yoast.com\/product\/yoast-seo-premium-wordpress\/ -->\n<title>Juan de Dios Castro: del escenario art\u00edstico y jur\u00eddico a la arena pol\u00edtica, impulsado por la amistad y la lucha contra la corrupci\u00f3n - Wara Comunicaciones<\/title>\n<meta name=\"robots\" content=\"index, follow, max-snippet:-1, max-image-preview:large, max-video-preview:-1\" \/>\n<link rel=\"canonical\" href=\"https:\/\/waracomunicaciones.com\/?p=925\" \/>\n<meta property=\"og:locale\" content=\"es_ES\" \/>\n<meta property=\"og:type\" content=\"article\" \/>\n<meta property=\"og:title\" content=\"Juan de Dios Castro: del escenario art\u00edstico y jur\u00eddico a la arena pol\u00edtica, impulsado por la amistad y la lucha contra la corrupci\u00f3n\" \/>\n<meta property=\"og:description\" content=\"El abogado, actor y exempresario de karaoke asegura que su incursi\u00f3n en la pol\u00edtica no responde a ambiciones personales, sino a un compromiso \u00e9tico con la justicia y la lealtad hacia Edman Lara. No descarta una candidatura municipal si hay respaldo popular.\" \/>\n<meta property=\"og:url\" content=\"https:\/\/waracomunicaciones.com\/?p=925\" \/>\n<meta property=\"og:site_name\" content=\"Wara Comunicaciones\" \/>\n<meta property=\"article:publisher\" content=\"https:\/\/www.facebook.com\/waracomunicaciones2017\" \/>\n<meta property=\"article:published_time\" content=\"2025-10-22T17:00:16+00:00\" \/>\n<meta property=\"article:modified_time\" content=\"2025-10-22T17:00:18+00:00\" \/>\n<meta property=\"og:image\" content=\"https:\/\/waracomunicaciones.com\/wp-content\/uploads\/2025\/10\/hjusdsgf.webp\" \/>\n\t<meta property=\"og:image:width\" content=\"1088\" \/>\n\t<meta property=\"og:image:height\" content=\"1080\" \/>\n\t<meta property=\"og:image:type\" content=\"image\/webp\" \/>\n<meta name=\"author\" content=\"admin\" \/>\n<meta name=\"twitter:card\" content=\"summary_large_image\" \/>\n<meta name=\"twitter:label1\" content=\"Escrito por\" \/>\n\t<meta name=\"twitter:data1\" content=\"admin\" \/>\n\t<meta name=\"twitter:label2\" content=\"Tiempo de lectura\" \/>\n\t<meta name=\"twitter:data2\" content=\"4 minutos\" \/>\n<script type=\"application\/ld+json\" class=\"yoast-schema-graph\">{\"@context\":\"https:\/\/schema.org\",\"@graph\":[{\"@type\":\"Article\",\"@id\":\"https:\/\/waracomunicaciones.com\/?p=925#article\",\"isPartOf\":{\"@id\":\"https:\/\/waracomunicaciones.com\/?p=925\"},\"author\":{\"name\":\"admin\",\"@id\":\"https:\/\/waracomunicaciones.com\/#\/schema\/person\/e9db934bc91575cc71fe584c5973244a\"},\"headline\":\"Juan de Dios Castro: del escenario art\u00edstico y jur\u00eddico a la arena pol\u00edtica, impulsado por la amistad y la lucha contra la corrupci\u00f3n\",\"datePublished\":\"2025-10-22T17:00:16+00:00\",\"dateModified\":\"2025-10-22T17:00:18+00:00\",\"mainEntityOfPage\":{\"@id\":\"https:\/\/waracomunicaciones.com\/?p=925\"},\"wordCount\":780,\"commentCount\":0,\"publisher\":{\"@id\":\"https:\/\/waracomunicaciones.com\/#organization\"},\"image\":{\"@id\":\"https:\/\/waracomunicaciones.com\/?p=925#primaryimage\"},\"thumbnailUrl\":\"https:\/\/waracomunicaciones.com\/wp-content\/uploads\/2025\/10\/hjusdsgf-1024x1016.webp\",\"keywords\":[\"Balotaje\",\"Edman Lara\",\"Juan de Dios Castro\",\"PCD\"],\"articleSection\":[\"Pol\u00edtica\"],\"inLanguage\":\"es\",\"potentialAction\":[{\"@type\":\"CommentAction\",\"name\":\"Comment\",\"target\":[\"https:\/\/waracomunicaciones.com\/?p=925#respond\"]}]},{\"@type\":\"WebPage\",\"@id\":\"https:\/\/waracomunicaciones.com\/?p=925\",\"url\":\"https:\/\/waracomunicaciones.com\/?p=925\",\"name\":\"Juan de Dios Castro: del escenario art\u00edstico y jur\u00eddico a la arena pol\u00edtica, impulsado por la amistad y la lucha contra la corrupci\u00f3n - Wara Comunicaciones\",\"isPartOf\":{\"@id\":\"https:\/\/waracomunicaciones.com\/#website\"},\"primaryImageOfPage\":{\"@id\":\"https:\/\/waracomunicaciones.com\/?p=925#primaryimage\"},\"image\":{\"@id\":\"https:\/\/waracomunicaciones.com\/?p=925#primaryimage\"},\"thumbnailUrl\":\"https:\/\/waracomunicaciones.com\/wp-content\/uploads\/2025\/10\/hjusdsgf-1024x1016.webp\",\"datePublished\":\"2025-10-22T17:00:16+00:00\",\"dateModified\":\"2025-10-22T17:00:18+00:00\",\"breadcrumb\":{\"@id\":\"https:\/\/waracomunicaciones.com\/?p=925#breadcrumb\"},\"inLanguage\":\"es\",\"potentialAction\":[{\"@type\":\"ReadAction\",\"target\":[\"https:\/\/waracomunicaciones.com\/?p=925\"]}]},{\"@type\":\"ImageObject\",\"inLanguage\":\"es\",\"@id\":\"https:\/\/waracomunicaciones.com\/?p=925#primaryimage\",\"url\":\"https:\/\/waracomunicaciones.com\/wp-content\/uploads\/2025\/10\/hjusdsgf.webp\",\"contentUrl\":\"https:\/\/waracomunicaciones.com\/wp-content\/uploads\/2025\/10\/hjusdsgf.webp\",\"width\":1088,\"height\":1080},{\"@type\":\"BreadcrumbList\",\"@id\":\"https:\/\/waracomunicaciones.com\/?p=925#breadcrumb\",\"itemListElement\":[{\"@type\":\"ListItem\",\"position\":1,\"name\":\"Portada\",\"item\":\"https:\/\/waracomunicaciones.com\/\"},{\"@type\":\"ListItem\",\"position\":2,\"name\":\"Juan de Dios Castro: del escenario art\u00edstico y jur\u00eddico a la arena pol\u00edtica, impulsado por la amistad y la lucha contra la corrupci\u00f3n\"}]},{\"@type\":\"WebSite\",\"@id\":\"https:\/\/waracomunicaciones.com\/#website\",\"url\":\"https:\/\/waracomunicaciones.com\/\",\"name\":\"Wara Comunicaciones\",\"description\":\"\",\"publisher\":{\"@id\":\"https:\/\/waracomunicaciones.com\/#organization\"},\"potentialAction\":[{\"@type\":\"SearchAction\",\"target\":{\"@type\":\"EntryPoint\",\"urlTemplate\":\"https:\/\/waracomunicaciones.com\/?s={search_term_string}\"},\"query-input\":{\"@type\":\"PropertyValueSpecification\",\"valueRequired\":true,\"valueName\":\"search_term_string\"}}],\"inLanguage\":\"es\"},{\"@type\":\"Organization\",\"@id\":\"https:\/\/waracomunicaciones.com\/#organization\",\"name\":\"Wara Comunicaciones\",\"url\":\"https:\/\/waracomunicaciones.com\/\",\"logo\":{\"@type\":\"ImageObject\",\"inLanguage\":\"es\",\"@id\":\"https:\/\/waracomunicaciones.com\/#\/schema\/logo\/image\/\",\"url\":\"https:\/\/waracomunicaciones.com\/wp-content\/uploads\/2025\/07\/logo.png\",\"contentUrl\":\"https:\/\/waracomunicaciones.com\/wp-content\/uploads\/2025\/07\/logo.png\",\"width\":400,\"height\":164,\"caption\":\"Wara Comunicaciones\"},\"image\":{\"@id\":\"https:\/\/waracomunicaciones.com\/#\/schema\/logo\/image\/\"},\"sameAs\":[\"https:\/\/www.facebook.com\/waracomunicaciones2017\"]},{\"@type\":\"Person\",\"@id\":\"https:\/\/waracomunicaciones.com\/#\/schema\/person\/e9db934bc91575cc71fe584c5973244a\",\"name\":\"admin\",\"image\":{\"@type\":\"ImageObject\",\"inLanguage\":\"es\",\"@id\":\"https:\/\/waracomunicaciones.com\/#\/schema\/person\/image\/\",\"url\":\"https:\/\/secure.gravatar.com\/avatar\/bf27e9186df568254093afa216f887fece17605302c6ff12f3980422fffa52e6?s=96&d=mm&r=g\",\"contentUrl\":\"https:\/\/secure.gravatar.com\/avatar\/bf27e9186df568254093afa216f887fece17605302c6ff12f3980422fffa52e6?s=96&d=mm&r=g\",\"caption\":\"admin\"},\"sameAs\":[\"https:\/\/waracomunicaciones.com\/wp\"],\"url\":\"https:\/\/waracomunicaciones.com\/?author=1\"}]}<\/script>\n<!-- \/ Yoast SEO Premium plugin. -->","yoast_head_json":{"title":"Juan de Dios Castro: del escenario art\u00edstico y jur\u00eddico a la arena pol\u00edtica, impulsado por la amistad y la lucha contra la corrupci\u00f3n - Wara Comunicaciones","robots":{"index":"index","follow":"follow","max-snippet":"max-snippet:-1","max-image-preview":"max-image-preview:large","max-video-preview":"max-video-preview:-1"},"canonical":"https:\/\/waracomunicaciones.com\/?p=925","og_locale":"es_ES","og_type":"article","og_title":"Juan de Dios Castro: del escenario art\u00edstico y jur\u00eddico a la arena pol\u00edtica, impulsado por la amistad y la lucha contra la corrupci\u00f3n","og_description":"El abogado, actor y exempresario de karaoke asegura que su incursi\u00f3n en la pol\u00edtica no responde a ambiciones personales, sino a un compromiso \u00e9tico con la justicia y la lealtad hacia Edman Lara. No descarta una candidatura municipal si hay respaldo popular.","og_url":"https:\/\/waracomunicaciones.com\/?p=925","og_site_name":"Wara Comunicaciones","article_publisher":"https:\/\/www.facebook.com\/waracomunicaciones2017","article_published_time":"2025-10-22T17:00:16+00:00","article_modified_time":"2025-10-22T17:00:18+00:00","og_image":[{"width":1088,"height":1080,"url":"https:\/\/waracomunicaciones.com\/wp-content\/uploads\/2025\/10\/hjusdsgf.webp","type":"image\/webp"}],"author":"admin","twitter_card":"summary_large_image","twitter_misc":{"Escrito por":"admin","Tiempo de lectura":"4 minutos"},"schema":{"@context":"https:\/\/schema.org","@graph":[{"@type":"Article","@id":"https:\/\/waracomunicaciones.com\/?p=925#article","isPartOf":{"@id":"https:\/\/waracomunicaciones.com\/?p=925"},"author":{"name":"admin","@id":"https:\/\/waracomunicaciones.com\/#\/schema\/person\/e9db934bc91575cc71fe584c5973244a"},"headline":"Juan de Dios Castro: del escenario art\u00edstico y jur\u00eddico a la arena pol\u00edtica, impulsado por la amistad y la lucha contra la corrupci\u00f3n","datePublished":"2025-10-22T17:00:16+00:00","dateModified":"2025-10-22T17:00:18+00:00","mainEntityOfPage":{"@id":"https:\/\/waracomunicaciones.com\/?p=925"},"wordCount":780,"commentCount":0,"publisher":{"@id":"https:\/\/waracomunicaciones.com\/#organization"},"image":{"@id":"https:\/\/waracomunicaciones.com\/?p=925#primaryimage"},"thumbnailUrl":"https:\/\/waracomunicaciones.com\/wp-content\/uploads\/2025\/10\/hjusdsgf-1024x1016.webp","keywords":["Balotaje","Edman Lara","Juan de Dios Castro","PCD"],"articleSection":["Pol\u00edtica"],"inLanguage":"es","potentialAction":[{"@type":"CommentAction","name":"Comment","target":["https:\/\/waracomunicaciones.com\/?p=925#respond"]}]},{"@type":"WebPage","@id":"https:\/\/waracomunicaciones.com\/?p=925","url":"https:\/\/waracomunicaciones.com\/?p=925","name":"Juan de Dios Castro: del escenario art\u00edstico y jur\u00eddico a la arena pol\u00edtica, impulsado por la amistad y la lucha contra la corrupci\u00f3n - Wara Comunicaciones","isPartOf":{"@id":"https:\/\/waracomunicaciones.com\/#website"},"primaryImageOfPage":{"@id":"https:\/\/waracomunicaciones.com\/?p=925#primaryimage"},"image":{"@id":"https:\/\/waracomunicaciones.com\/?p=925#primaryimage"},"thumbnailUrl":"https:\/\/waracomunicaciones.com\/wp-content\/uploads\/2025\/10\/hjusdsgf-1024x1016.webp","datePublished":"2025-10-22T17:00:16+00:00","dateModified":"2025-10-22T17:00:18+00:00","breadcrumb":{"@id":"https:\/\/waracomunicaciones.com\/?p=925#breadcrumb"},"inLanguage":"es","potentialAction":[{"@type":"ReadAction","target":["https:\/\/waracomunicaciones.com\/?p=925"]}]},{"@type":"ImageObject","inLanguage":"es","@id":"https:\/\/waracomunicaciones.com\/?p=925#primaryimage","url":"https:\/\/waracomunicaciones.com\/wp-content\/uploads\/2025\/10\/hjusdsgf.webp","contentUrl":"https:\/\/waracomunicaciones.com\/wp-content\/uploads\/2025\/10\/hjusdsgf.webp","width":1088,"height":1080},{"@type":"BreadcrumbList","@id":"https:\/\/waracomunicaciones.com\/?p=925#breadcrumb","itemListElement":[{"@type":"ListItem","position":1,"name":"Portada","item":"https:\/\/waracomunicaciones.com\/"},{"@type":"ListItem","position":2,"name":"Juan de Dios Castro: del escenario art\u00edstico y jur\u00eddico a la arena pol\u00edtica, impulsado por la amistad y la lucha contra la corrupci\u00f3n"}]},{"@type":"WebSite","@id":"https:\/\/waracomunicaciones.com\/#website","url":"https:\/\/waracomunicaciones.com\/","name":"Wara Comunicaciones","description":"","publisher":{"@id":"https:\/\/waracomunicaciones.com\/#organization"},"potentialAction":[{"@type":"SearchAction","target":{"@type":"EntryPoint","urlTemplate":"https:\/\/waracomunicaciones.com\/?s={search_term_string}"},"query-input":{"@type":"PropertyValueSpecification","valueRequired":true,"valueName":"search_term_string"}}],"inLanguage":"es"},{"@type":"Organization","@id":"https:\/\/waracomunicaciones.com\/#organization","name":"Wara Comunicaciones","url":"https:\/\/waracomunicaciones.com\/","logo":{"@type":"ImageObject","inLanguage":"es","@id":"https:\/\/waracomunicaciones.com\/#\/schema\/logo\/image\/","url":"https:\/\/waracomunicaciones.com\/wp-content\/uploads\/2025\/07\/logo.png","contentUrl":"https:\/\/waracomunicaciones.com\/wp-content\/uploads\/2025\/07\/logo.png","width":400,"height":164,"caption":"Wara Comunicaciones"},"image":{"@id":"https:\/\/waracomunicaciones.com\/#\/schema\/logo\/image\/"},"sameAs":["https:\/\/www.facebook.com\/waracomunicaciones2017"]},{"@type":"Person","@id":"https:\/\/waracomunicaciones.com\/#\/schema\/person\/e9db934bc91575cc71fe584c5973244a","name":"admin","image":{"@type":"ImageObject","inLanguage":"es","@id":"https:\/\/waracomunicaciones.com\/#\/schema\/person\/image\/","url":"https:\/\/secure.gravatar.com\/avatar\/bf27e9186df568254093afa216f887fece17605302c6ff12f3980422fffa52e6?s=96&d=mm&r=g","contentUrl":"https:\/\/secure.gravatar.com\/avatar\/bf27e9186df568254093afa216f887fece17605302c6ff12f3980422fffa52e6?s=96&d=mm&r=g","caption":"admin"},"sameAs":["https:\/\/waracomunicaciones.com\/wp"],"url":"https:\/\/waracomunicaciones.com\/?author=1"}]}},"_links":{"self":[{"href":"https:\/\/waracomunicaciones.com\/index.php?rest_route=\/wp\/v2\/posts\/925","targetHints":{"allow":["GET"]}}],"collection":[{"href":"https:\/\/waracomunicaciones.com\/index.php?rest_route=\/wp\/v2\/posts"}],"about":[{"href":"https:\/\/waracomunicaciones.com\/index.php?rest_route=\/wp\/v2\/types\/post"}],"author":[{"embeddable":true,"href":"https:\/\/waracomunicaciones.com\/index.php?rest_route=\/wp\/v2\/users\/1"}],"replies":[{"embeddable":true,"href":"https:\/\/waracomunicaciones.com\/index.php?rest_route=%2Fwp%2Fv2%2Fcomments&post=925"}],"version-history":[{"count":1,"href":"https:\/\/waracomunicaciones.com\/index.php?rest_route=\/wp\/v2\/posts\/925\/revisions"}],"predecessor-version":[{"id":928,"href":"https:\/\/waracomunicaciones.com\/index.php?rest_route=\/wp\/v2\/posts\/925\/revisions\/928"}],"wp:attachment":[{"href":"https:\/\/waracomunicaciones.com\/index.php?rest_route=%2Fwp%2Fv2%2Fmedia&parent=925"}],"wp:term":[{"taxonomy":"category","embeddable":true,"href":"https:\/\/waracomunicaciones.com\/index.php?rest_route=%2Fwp%2Fv2%2Fcategories&post=925"},{"taxonomy":"post_tag","embeddable":true,"href":"https:\/\/waracomunicaciones.com\/index.php?rest_route=%2Fwp%2Fv2%2Ftags&post=925"}],"curies":[{"name":"wp","href":"https:\/\/api.w.org\/{rel}","templated":true}]}}