{"id":922,"date":"2025-10-22T12:14:19","date_gmt":"2025-10-22T16:14:19","guid":{"rendered":"https:\/\/waracomunicaciones.com\/?p=922"},"modified":"2025-10-22T12:14:21","modified_gmt":"2025-10-22T16:14:21","slug":"maico-moreno-reconoce-victoria-de-rodrigo-paz-pero-advierte-posibles-indicios-de-fraude-y-una-dura-crisis-economica","status":"publish","type":"post","link":"https:\/\/waracomunicaciones.com\/?p=922","title":{"rendered":"Maico Moreno reconoce victoria de Rodrigo Paz, pero advierte posibles indicios de fraude y una dura crisis econ\u00f3mica"},"content":{"rendered":"\n<figure class=\"wp-block-image size-large\"><img loading=\"lazy\" decoding=\"async\" width=\"1024\" height=\"683\" src=\"https:\/\/waracomunicaciones.com\/wp-content\/uploads\/2025\/10\/miafbhbh-1024x683.webp\" alt=\"\" class=\"wp-image-923\" srcset=\"https:\/\/waracomunicaciones.com\/wp-content\/uploads\/2025\/10\/miafbhbh-1024x683.webp 1024w, https:\/\/waracomunicaciones.com\/wp-content\/uploads\/2025\/10\/miafbhbh-300x200.webp 300w, https:\/\/waracomunicaciones.com\/wp-content\/uploads\/2025\/10\/miafbhbh-768x512.webp 768w, https:\/\/waracomunicaciones.com\/wp-content\/uploads\/2025\/10\/miafbhbh-1536x1025.webp 1536w, https:\/\/waracomunicaciones.com\/wp-content\/uploads\/2025\/10\/miafbhbh.webp 1619w\" sizes=\"auto, (max-width: 1024px) 100vw, 1024px\" \/><figcaption class=\"wp-element-caption\"><em>Maico Moreno jefe de campa\u00f1a C 57 &#8211; Foto Facebook<\/em><\/figcaption><\/figure>\n\n\n<p>El jefe de campa\u00f1a de la alianza Libre en la C-57 acepta los resultados preliminares, pero advierte un escenario de movilizaci\u00f3n ciudadana ante denuncias de irregularidades. Tambi\u00e9n proyecta un voto castigo en las elecciones subnacionales si el nuevo gobierno no responde a la crisis.<!--more--><\/p>\n<p><strong>Montero, Santa Cruz<\/strong> \u2013<br \/>Montero 22 octubre 2025.- Concluida la segunda vuelta presidencial, el dirigente pol\u00edtico y excandidato a diputado uninominal por la alianza <strong>Libre<\/strong>, <strong>Maico Moreno<\/strong>, brind\u00f3 su primera evaluaci\u00f3n postelectoral. Si bien reconoci\u00f3 que los datos oficiales dan como ganador a <strong>Rodrigo Paz<\/strong>, fue enf\u00e1tico en advertir que <strong>existen evidencias de presuntas irregularidades en actas electorales<\/strong> que, de comprobarse, podr\u00edan alterar el escenario pol\u00edtico en los pr\u00f3ximos d\u00edas.<\/p>\n<p>\u201cSeg\u00fan el SIREPRE y el c\u00f3mputo oficial que ya supera el 90%, no hay vuelta que darle, Rodrigo Paz es el ganador. Pero tambi\u00e9n han empezado a circular pruebas claras de actas adulteradas, donde votos de Libre han sido sumados al PDC. Estamos hablando de al menos 15.000 actas en revisi\u00f3n, y eso no puede tomarse a la ligera\u201d, afirm\u00f3 Moreno.<\/p>\n<p><strong>Una Montero dividida en dos<\/strong><\/p>\n<p>En el plano local, Moreno analiz\u00f3 los resultados de <strong>Montero<\/strong>, donde <strong>Libre obtuvo el 53,32% (39.244 votos)<\/strong> frente al <strong>46,68% del PDC (34.359 votos)<\/strong>, destacando el fortalecimiento de su fuerza pol\u00edtica pese a la adversidad del balotaje nacional.<\/p>\n<p>\u201cMontero est\u00e1 claramente dividido en dos. Lo que ha ocurrido es que el masismo \u2013aunque no estuvo oficialmente en la contienda\u2013 <strong>traslad\u00f3 su voto al PDC<\/strong>, como parte de un pacto pol\u00edtico entre Evo Morales y Rodrigo Paz. Ese voto prestado no es genuino, y tendr\u00e1 consecuencias en las pr\u00f3ximas elecciones\u201d, explic\u00f3.<\/p>\n<p><strong>Cr\u00edticas al futuro gobierno y advertencia de crisis<\/strong><\/p>\n<p>Moreno fue especialmente duro al referirse al gobierno que asumir\u00e1 Rodrigo Paz el pr\u00f3ximo 8 de noviembre. Afirm\u00f3 que si se implementa la eliminaci\u00f3n de la subvenci\u00f3n a los combustibles, <strong>se generar\u00e1 una escalada inflacionaria inmediata<\/strong>, afectando directamente al transporte y a los productos de la canasta b\u00e1sica.<\/p>\n<p>\u201cEl precio del pasaje va a subir a cinco o seis bolivianos, los alimentos tambi\u00e9n. La gente que crey\u00f3 que Paz y Edman Lara eran la soluci\u00f3n va a sufrir las consecuencias. Si esto ocurre, como yo creo que pasar\u00e1, no va a durar mucho ese gobierno. Ojal\u00e1 me equivoque, pero lo veo venir\u201d, sentenci\u00f3.<\/p>\n<p>\u00a0<\/p>\n<p><strong>Proyecci\u00f3n rumbo a las elecciones subnacionales<\/strong><\/p>\n<p>Con la mirada puesta en marzo de 2026, Maicol Moreno asegur\u00f3 que el capital pol\u00edtico obtenido por Libre en Montero debe ser <strong>administrado con estrategia y unidad<\/strong>, y aunque no confirm\u00f3 su postulaci\u00f3n, dej\u00f3 abierta la posibilidad.<\/p>\n<p>\u201cNo digo que ser\u00e9 candidato, pero como soldado estoy firme. Mi lucha es contra el socialismo y contra el enga\u00f1o al pueblo. Montero no es basti\u00f3n del MAS, y en las subnacionales no podemos volver a rifar el voto\u201d, afirm\u00f3 con vehemencia.<\/p>\n<p>Adem\u00e1s, advirti\u00f3 que si el PDC no cumple con su promesa de estabilizar la econom\u00eda, podr\u00eda sufrir un <strong>voto castigo<\/strong> en los comicios municipales. \u201cEse 47% que sacaron puede caer al 25% si no solucionan la crisis. La gente no les va a perdonar otro error\u201d, dijo.<\/p>\n<p>\u00a0<\/p>\n<p><strong>Cierre con mensaje pol\u00edtico y agradecimiento<\/strong><\/p>\n<p>A sus 40 a\u00f1os, Moreno se perfila como una figura activa de oposici\u00f3n en Montero, combinando su discurso cr\u00edtico con una visi\u00f3n de futuro electoral. Agradeci\u00f3 el acompa\u00f1amiento de los medios de comunicaci\u00f3n e inst\u00f3 a seguir fortaleciendo la participaci\u00f3n ciudadana informada.<\/p>\n<p>\u201cCada elecci\u00f3n es un aprendizaje. La gente tiene que conocer todas las propuestas y puntos de vista para votar con conciencia. Vamos a seguir firmes en esta lucha por el bienestar de Montero y del pa\u00eds\u201d, concluy\u00f3.<\/p><div style=\"margin-top: 0px; margin-bottom: 0px;\" class=\"sharethis-inline-reaction-buttons\" ><\/div>","protected":false},"excerpt":{"rendered":"<p>El jefe de campa\u00f1a de la alianza Libre en la C-57 acepta los resultados preliminares, pero advierte un escenario de movilizaci\u00f3n ciudadana ante denuncias de irregularidades. Tambi\u00e9n proyecta un voto castigo en las elecciones subnacionales si el nuevo gobierno no responde a la crisis.<\/p>\n","protected":false},"author":1,"featured_media":0,"comment_status":"open","ping_status":"open","sticky":false,"template":"","format":"standard","meta":{"footnotes":""},"categories":[42],"tags":[31,166,28],"class_list":["post-922","post","type-post","status-publish","format-standard","hentry","category-politica","tag-alianza-libre","tag-balotaje","tag-maico-moreno-vaca"],"yoast_head":"<!-- This site is optimized with the Yoast SEO Premium plugin v25.5 (Yoast SEO v27.1.1) - https:\/\/yoast.com\/product\/yoast-seo-premium-wordpress\/ -->\n<title>Maico Moreno reconoce victoria de Rodrigo Paz, pero advierte posibles indicios de fraude y una dura crisis econ\u00f3mica - Wara Comunicaciones<\/title>\n<meta name=\"robots\" content=\"index, follow, max-snippet:-1, max-image-preview:large, max-video-preview:-1\" \/>\n<link rel=\"canonical\" href=\"https:\/\/waracomunicaciones.com\/?p=922\" \/>\n<meta property=\"og:locale\" content=\"es_ES\" \/>\n<meta property=\"og:type\" content=\"article\" \/>\n<meta property=\"og:title\" content=\"Maico Moreno reconoce victoria de Rodrigo Paz, pero advierte posibles indicios de fraude y una dura crisis econ\u00f3mica\" \/>\n<meta property=\"og:description\" content=\"El jefe de campa\u00f1a de la alianza Libre en la C-57 acepta los resultados preliminares, pero advierte un escenario de movilizaci\u00f3n ciudadana ante denuncias de irregularidades. Tambi\u00e9n proyecta un voto castigo en las elecciones subnacionales si el nuevo gobierno no responde a la crisis.\" \/>\n<meta property=\"og:url\" content=\"https:\/\/waracomunicaciones.com\/?p=922\" \/>\n<meta property=\"og:site_name\" content=\"Wara Comunicaciones\" \/>\n<meta property=\"article:publisher\" content=\"https:\/\/www.facebook.com\/waracomunicaciones2017\" \/>\n<meta property=\"article:published_time\" content=\"2025-10-22T16:14:19+00:00\" \/>\n<meta property=\"article:modified_time\" content=\"2025-10-22T16:14:21+00:00\" \/>\n<meta property=\"og:image\" content=\"https:\/\/waracomunicaciones.com\/wp-content\/uploads\/2025\/10\/miafbhbh.webp\" \/>\n\t<meta property=\"og:image:width\" content=\"1619\" \/>\n\t<meta property=\"og:image:height\" content=\"1080\" \/>\n\t<meta property=\"og:image:type\" content=\"image\/webp\" \/>\n<meta name=\"author\" content=\"admin\" \/>\n<meta name=\"twitter:card\" content=\"summary_large_image\" \/>\n<meta name=\"twitter:label1\" content=\"Escrito por\" \/>\n\t<meta name=\"twitter:data1\" content=\"admin\" \/>\n\t<meta name=\"twitter:label2\" content=\"Tiempo de lectura\" \/>\n\t<meta name=\"twitter:data2\" content=\"3 minutos\" \/>\n<script type=\"application\/ld+json\" class=\"yoast-schema-graph\">{\"@context\":\"https:\/\/schema.org\",\"@graph\":[{\"@type\":\"Article\",\"@id\":\"https:\/\/waracomunicaciones.com\/?p=922#article\",\"isPartOf\":{\"@id\":\"https:\/\/waracomunicaciones.com\/?p=922\"},\"author\":{\"name\":\"admin\",\"@id\":\"https:\/\/waracomunicaciones.com\/#\/schema\/person\/e9db934bc91575cc71fe584c5973244a\"},\"headline\":\"Maico Moreno reconoce victoria de Rodrigo Paz, pero advierte posibles indicios de fraude y una dura crisis econ\u00f3mica\",\"datePublished\":\"2025-10-22T16:14:19+00:00\",\"dateModified\":\"2025-10-22T16:14:21+00:00\",\"mainEntityOfPage\":{\"@id\":\"https:\/\/waracomunicaciones.com\/?p=922\"},\"wordCount\":656,\"commentCount\":0,\"publisher\":{\"@id\":\"https:\/\/waracomunicaciones.com\/#organization\"},\"image\":{\"@id\":\"https:\/\/waracomunicaciones.com\/?p=922#primaryimage\"},\"thumbnailUrl\":\"https:\/\/waracomunicaciones.com\/wp-content\/uploads\/2025\/10\/miafbhbh-1024x683.webp\",\"keywords\":[\"Alianza Libre\",\"Balotaje\",\"Maico Moreno Vaca\"],\"articleSection\":[\"Pol\u00edtica\"],\"inLanguage\":\"es\",\"potentialAction\":[{\"@type\":\"CommentAction\",\"name\":\"Comment\",\"target\":[\"https:\/\/waracomunicaciones.com\/?p=922#respond\"]}]},{\"@type\":\"WebPage\",\"@id\":\"https:\/\/waracomunicaciones.com\/?p=922\",\"url\":\"https:\/\/waracomunicaciones.com\/?p=922\",\"name\":\"Maico Moreno reconoce victoria de Rodrigo Paz, pero advierte posibles indicios de fraude y una dura crisis econ\u00f3mica - Wara Comunicaciones\",\"isPartOf\":{\"@id\":\"https:\/\/waracomunicaciones.com\/#website\"},\"primaryImageOfPage\":{\"@id\":\"https:\/\/waracomunicaciones.com\/?p=922#primaryimage\"},\"image\":{\"@id\":\"https:\/\/waracomunicaciones.com\/?p=922#primaryimage\"},\"thumbnailUrl\":\"https:\/\/waracomunicaciones.com\/wp-content\/uploads\/2025\/10\/miafbhbh-1024x683.webp\",\"datePublished\":\"2025-10-22T16:14:19+00:00\",\"dateModified\":\"2025-10-22T16:14:21+00:00\",\"breadcrumb\":{\"@id\":\"https:\/\/waracomunicaciones.com\/?p=922#breadcrumb\"},\"inLanguage\":\"es\",\"potentialAction\":[{\"@type\":\"ReadAction\",\"target\":[\"https:\/\/waracomunicaciones.com\/?p=922\"]}]},{\"@type\":\"ImageObject\",\"inLanguage\":\"es\",\"@id\":\"https:\/\/waracomunicaciones.com\/?p=922#primaryimage\",\"url\":\"https:\/\/waracomunicaciones.com\/wp-content\/uploads\/2025\/10\/miafbhbh.webp\",\"contentUrl\":\"https:\/\/waracomunicaciones.com\/wp-content\/uploads\/2025\/10\/miafbhbh.webp\",\"width\":1619,\"height\":1080},{\"@type\":\"BreadcrumbList\",\"@id\":\"https:\/\/waracomunicaciones.com\/?p=922#breadcrumb\",\"itemListElement\":[{\"@type\":\"ListItem\",\"position\":1,\"name\":\"Portada\",\"item\":\"https:\/\/waracomunicaciones.com\/\"},{\"@type\":\"ListItem\",\"position\":2,\"name\":\"Maico Moreno reconoce victoria de Rodrigo Paz, pero advierte posibles indicios de fraude y una dura crisis econ\u00f3mica\"}]},{\"@type\":\"WebSite\",\"@id\":\"https:\/\/waracomunicaciones.com\/#website\",\"url\":\"https:\/\/waracomunicaciones.com\/\",\"name\":\"Wara Comunicaciones\",\"description\":\"\",\"publisher\":{\"@id\":\"https:\/\/waracomunicaciones.com\/#organization\"},\"potentialAction\":[{\"@type\":\"SearchAction\",\"target\":{\"@type\":\"EntryPoint\",\"urlTemplate\":\"https:\/\/waracomunicaciones.com\/?s={search_term_string}\"},\"query-input\":{\"@type\":\"PropertyValueSpecification\",\"valueRequired\":true,\"valueName\":\"search_term_string\"}}],\"inLanguage\":\"es\"},{\"@type\":\"Organization\",\"@id\":\"https:\/\/waracomunicaciones.com\/#organization\",\"name\":\"Wara Comunicaciones\",\"url\":\"https:\/\/waracomunicaciones.com\/\",\"logo\":{\"@type\":\"ImageObject\",\"inLanguage\":\"es\",\"@id\":\"https:\/\/waracomunicaciones.com\/#\/schema\/logo\/image\/\",\"url\":\"https:\/\/waracomunicaciones.com\/wp-content\/uploads\/2025\/07\/logo.png\",\"contentUrl\":\"https:\/\/waracomunicaciones.com\/wp-content\/uploads\/2025\/07\/logo.png\",\"width\":400,\"height\":164,\"caption\":\"Wara Comunicaciones\"},\"image\":{\"@id\":\"https:\/\/waracomunicaciones.com\/#\/schema\/logo\/image\/\"},\"sameAs\":[\"https:\/\/www.facebook.com\/waracomunicaciones2017\"]},{\"@type\":\"Person\",\"@id\":\"https:\/\/waracomunicaciones.com\/#\/schema\/person\/e9db934bc91575cc71fe584c5973244a\",\"name\":\"admin\",\"image\":{\"@type\":\"ImageObject\",\"inLanguage\":\"es\",\"@id\":\"https:\/\/waracomunicaciones.com\/#\/schema\/person\/image\/\",\"url\":\"https:\/\/secure.gravatar.com\/avatar\/bf27e9186df568254093afa216f887fece17605302c6ff12f3980422fffa52e6?s=96&d=mm&r=g\",\"contentUrl\":\"https:\/\/secure.gravatar.com\/avatar\/bf27e9186df568254093afa216f887fece17605302c6ff12f3980422fffa52e6?s=96&d=mm&r=g\",\"caption\":\"admin\"},\"sameAs\":[\"https:\/\/waracomunicaciones.com\/wp\"],\"url\":\"https:\/\/waracomunicaciones.com\/?author=1\"}]}<\/script>\n<!-- \/ Yoast SEO Premium plugin. -->","yoast_head_json":{"title":"Maico Moreno reconoce victoria de Rodrigo Paz, pero advierte posibles indicios de fraude y una dura crisis econ\u00f3mica - Wara Comunicaciones","robots":{"index":"index","follow":"follow","max-snippet":"max-snippet:-1","max-image-preview":"max-image-preview:large","max-video-preview":"max-video-preview:-1"},"canonical":"https:\/\/waracomunicaciones.com\/?p=922","og_locale":"es_ES","og_type":"article","og_title":"Maico Moreno reconoce victoria de Rodrigo Paz, pero advierte posibles indicios de fraude y una dura crisis econ\u00f3mica","og_description":"El jefe de campa\u00f1a de la alianza Libre en la C-57 acepta los resultados preliminares, pero advierte un escenario de movilizaci\u00f3n ciudadana ante denuncias de irregularidades. Tambi\u00e9n proyecta un voto castigo en las elecciones subnacionales si el nuevo gobierno no responde a la crisis.","og_url":"https:\/\/waracomunicaciones.com\/?p=922","og_site_name":"Wara Comunicaciones","article_publisher":"https:\/\/www.facebook.com\/waracomunicaciones2017","article_published_time":"2025-10-22T16:14:19+00:00","article_modified_time":"2025-10-22T16:14:21+00:00","og_image":[{"width":1619,"height":1080,"url":"https:\/\/waracomunicaciones.com\/wp-content\/uploads\/2025\/10\/miafbhbh.webp","type":"image\/webp"}],"author":"admin","twitter_card":"summary_large_image","twitter_misc":{"Escrito por":"admin","Tiempo de lectura":"3 minutos"},"schema":{"@context":"https:\/\/schema.org","@graph":[{"@type":"Article","@id":"https:\/\/waracomunicaciones.com\/?p=922#article","isPartOf":{"@id":"https:\/\/waracomunicaciones.com\/?p=922"},"author":{"name":"admin","@id":"https:\/\/waracomunicaciones.com\/#\/schema\/person\/e9db934bc91575cc71fe584c5973244a"},"headline":"Maico Moreno reconoce victoria de Rodrigo Paz, pero advierte posibles indicios de fraude y una dura crisis econ\u00f3mica","datePublished":"2025-10-22T16:14:19+00:00","dateModified":"2025-10-22T16:14:21+00:00","mainEntityOfPage":{"@id":"https:\/\/waracomunicaciones.com\/?p=922"},"wordCount":656,"commentCount":0,"publisher":{"@id":"https:\/\/waracomunicaciones.com\/#organization"},"image":{"@id":"https:\/\/waracomunicaciones.com\/?p=922#primaryimage"},"thumbnailUrl":"https:\/\/waracomunicaciones.com\/wp-content\/uploads\/2025\/10\/miafbhbh-1024x683.webp","keywords":["Alianza Libre","Balotaje","Maico Moreno Vaca"],"articleSection":["Pol\u00edtica"],"inLanguage":"es","potentialAction":[{"@type":"CommentAction","name":"Comment","target":["https:\/\/waracomunicaciones.com\/?p=922#respond"]}]},{"@type":"WebPage","@id":"https:\/\/waracomunicaciones.com\/?p=922","url":"https:\/\/waracomunicaciones.com\/?p=922","name":"Maico Moreno reconoce victoria de Rodrigo Paz, pero advierte posibles indicios de fraude y una dura crisis econ\u00f3mica - Wara Comunicaciones","isPartOf":{"@id":"https:\/\/waracomunicaciones.com\/#website"},"primaryImageOfPage":{"@id":"https:\/\/waracomunicaciones.com\/?p=922#primaryimage"},"image":{"@id":"https:\/\/waracomunicaciones.com\/?p=922#primaryimage"},"thumbnailUrl":"https:\/\/waracomunicaciones.com\/wp-content\/uploads\/2025\/10\/miafbhbh-1024x683.webp","datePublished":"2025-10-22T16:14:19+00:00","dateModified":"2025-10-22T16:14:21+00:00","breadcrumb":{"@id":"https:\/\/waracomunicaciones.com\/?p=922#breadcrumb"},"inLanguage":"es","potentialAction":[{"@type":"ReadAction","target":["https:\/\/waracomunicaciones.com\/?p=922"]}]},{"@type":"ImageObject","inLanguage":"es","@id":"https:\/\/waracomunicaciones.com\/?p=922#primaryimage","url":"https:\/\/waracomunicaciones.com\/wp-content\/uploads\/2025\/10\/miafbhbh.webp","contentUrl":"https:\/\/waracomunicaciones.com\/wp-content\/uploads\/2025\/10\/miafbhbh.webp","width":1619,"height":1080},{"@type":"BreadcrumbList","@id":"https:\/\/waracomunicaciones.com\/?p=922#breadcrumb","itemListElement":[{"@type":"ListItem","position":1,"name":"Portada","item":"https:\/\/waracomunicaciones.com\/"},{"@type":"ListItem","position":2,"name":"Maico Moreno reconoce victoria de Rodrigo Paz, pero advierte posibles indicios de fraude y una dura crisis econ\u00f3mica"}]},{"@type":"WebSite","@id":"https:\/\/waracomunicaciones.com\/#website","url":"https:\/\/waracomunicaciones.com\/","name":"Wara Comunicaciones","description":"","publisher":{"@id":"https:\/\/waracomunicaciones.com\/#organization"},"potentialAction":[{"@type":"SearchAction","target":{"@type":"EntryPoint","urlTemplate":"https:\/\/waracomunicaciones.com\/?s={search_term_string}"},"query-input":{"@type":"PropertyValueSpecification","valueRequired":true,"valueName":"search_term_string"}}],"inLanguage":"es"},{"@type":"Organization","@id":"https:\/\/waracomunicaciones.com\/#organization","name":"Wara Comunicaciones","url":"https:\/\/waracomunicaciones.com\/","logo":{"@type":"ImageObject","inLanguage":"es","@id":"https:\/\/waracomunicaciones.com\/#\/schema\/logo\/image\/","url":"https:\/\/waracomunicaciones.com\/wp-content\/uploads\/2025\/07\/logo.png","contentUrl":"https:\/\/waracomunicaciones.com\/wp-content\/uploads\/2025\/07\/logo.png","width":400,"height":164,"caption":"Wara Comunicaciones"},"image":{"@id":"https:\/\/waracomunicaciones.com\/#\/schema\/logo\/image\/"},"sameAs":["https:\/\/www.facebook.com\/waracomunicaciones2017"]},{"@type":"Person","@id":"https:\/\/waracomunicaciones.com\/#\/schema\/person\/e9db934bc91575cc71fe584c5973244a","name":"admin","image":{"@type":"ImageObject","inLanguage":"es","@id":"https:\/\/waracomunicaciones.com\/#\/schema\/person\/image\/","url":"https:\/\/secure.gravatar.com\/avatar\/bf27e9186df568254093afa216f887fece17605302c6ff12f3980422fffa52e6?s=96&d=mm&r=g","contentUrl":"https:\/\/secure.gravatar.com\/avatar\/bf27e9186df568254093afa216f887fece17605302c6ff12f3980422fffa52e6?s=96&d=mm&r=g","caption":"admin"},"sameAs":["https:\/\/waracomunicaciones.com\/wp"],"url":"https:\/\/waracomunicaciones.com\/?author=1"}]}},"_links":{"self":[{"href":"https:\/\/waracomunicaciones.com\/index.php?rest_route=\/wp\/v2\/posts\/922","targetHints":{"allow":["GET"]}}],"collection":[{"href":"https:\/\/waracomunicaciones.com\/index.php?rest_route=\/wp\/v2\/posts"}],"about":[{"href":"https:\/\/waracomunicaciones.com\/index.php?rest_route=\/wp\/v2\/types\/post"}],"author":[{"embeddable":true,"href":"https:\/\/waracomunicaciones.com\/index.php?rest_route=\/wp\/v2\/users\/1"}],"replies":[{"embeddable":true,"href":"https:\/\/waracomunicaciones.com\/index.php?rest_route=%2Fwp%2Fv2%2Fcomments&post=922"}],"version-history":[{"count":1,"href":"https:\/\/waracomunicaciones.com\/index.php?rest_route=\/wp\/v2\/posts\/922\/revisions"}],"predecessor-version":[{"id":924,"href":"https:\/\/waracomunicaciones.com\/index.php?rest_route=\/wp\/v2\/posts\/922\/revisions\/924"}],"wp:attachment":[{"href":"https:\/\/waracomunicaciones.com\/index.php?rest_route=%2Fwp%2Fv2%2Fmedia&parent=922"}],"wp:term":[{"taxonomy":"category","embeddable":true,"href":"https:\/\/waracomunicaciones.com\/index.php?rest_route=%2Fwp%2Fv2%2Fcategories&post=922"},{"taxonomy":"post_tag","embeddable":true,"href":"https:\/\/waracomunicaciones.com\/index.php?rest_route=%2Fwp%2Fv2%2Ftags&post=922"}],"curies":[{"name":"wp","href":"https:\/\/api.w.org\/{rel}","templated":true}]}}