{"id":918,"date":"2025-10-22T09:59:00","date_gmt":"2025-10-22T13:59:00","guid":{"rendered":"https:\/\/waracomunicaciones.com\/?p=918"},"modified":"2025-10-22T09:59:01","modified_gmt":"2025-10-22T13:59:01","slug":"alexander-quinones-celebra-el-crecimiento-del-pdc-y-perfila-su-camino-hacia-las-elecciones-municipales-en-montero","status":"publish","type":"post","link":"https:\/\/waracomunicaciones.com\/?p=918","title":{"rendered":"Alexander Qui\u00f1ones celebra el crecimiento del PDC y perfila su camino hacia las elecciones municipales en Montero"},"content":{"rendered":"\n<figure class=\"wp-block-image size-full\"><img loading=\"lazy\" decoding=\"async\" width=\"664\" height=\"444\" src=\"https:\/\/waracomunicaciones.com\/wp-content\/uploads\/2025\/10\/Proyecto-nuevo-17-2.webp\" alt=\"\" class=\"wp-image-920\" srcset=\"https:\/\/waracomunicaciones.com\/wp-content\/uploads\/2025\/10\/Proyecto-nuevo-17-2.webp 664w, https:\/\/waracomunicaciones.com\/wp-content\/uploads\/2025\/10\/Proyecto-nuevo-17-2-300x201.webp 300w\" sizes=\"auto, (max-width: 664px) 100vw, 664px\" \/><\/figure>\n\n\n<p>El dirigente pol\u00edtico destaca el aumento del 116% en la votaci\u00f3n del Partido Dem\u00f3crata Cristiano (PDC) en la segunda vuelta y anuncia que est\u00e1n listos para la batalla electoral rumbo a 2026.<!--more--><\/p>\n<p><strong>Montero, Santa Cruz.<\/strong><br \/>Montero 22 octubre 2025.- En una entrevista ofrecida a Wara Comunicaciones, el dirigente del PDC, <strong>Alexander Qui\u00f1ones<\/strong>, celebr\u00f3 con entusiasmo los resultados obtenidos en la segunda vuelta electoral, en la que su partido casi duplic\u00f3 su votaci\u00f3n inicial. Con 15.987 votos en la primera vuelta y 34.604 en la segunda, el incremento fue del <strong>116,45%<\/strong>, un resultado que Qui\u00f1ones atribuye al trabajo coordinado del bloque de unidad liderado por <strong>David Rivero<\/strong> a nivel provincial.<\/p>\n<p>\u201cEste equipo de unidad ha tenido un excelente trabajo. Hemos logrado reducir la brecha que exist\u00eda con los candidatos de otras fuerzas en Santa Cruz. Ese crecimiento ha sido fundamental para que el presidente Rodrigo Paz y el vicepresidente sean electos\u201d, declar\u00f3.<\/p>\n<p><strong>En la mira: Elecciones Municipales 2026<\/strong><\/p>\n<p>Mirando hacia el futuro, Qui\u00f1ones confirm\u00f3 que el PDC se encuentra ya en fase de organizaci\u00f3n y definiciones con miras a las elecciones municipales, previstas para <strong>marzo de 2026<\/strong>, cuya convocatoria se emitir\u00e1 en <strong>noviembre de este a\u00f1o<\/strong>.<\/p>\n<p>Aunque no confirm\u00f3 una candidatura propia, dej\u00f3 entrever su inter\u00e9s y disposici\u00f3n:<br \/>\u201cTenemos la capacidad t\u00e9cnica, moral y de transparencia para poder ser autoridad en Montero. Seguramente el equipo definir\u00e1 el rol que me tocar\u00e1 jugar\u201d, dijo.<\/p>\n<p><strong>Cr\u00edtica a la gesti\u00f3n municipal actual<\/strong><\/p>\n<p>Alexander Qui\u00f1ones fue enf\u00e1tico al se\u00f1alar deficiencias en la gesti\u00f3n del actual alcalde <strong>Regys Medina<\/strong>, asegurando que su administraci\u00f3n ha frenado el desarrollo de Montero.<\/p>\n<p>\u201cEsta administraci\u00f3n s\u00f3lo ha hecho obras cosm\u00e9ticas. Necesitamos ver a Montero con una mirada grande. No se trata de hacer 20 paradas de moto m\u00e1s, sino de tener pol\u00edticas p\u00fablicas para reactivar la econom\u00eda, fortalecer la agroindustria y el transporte\u201d, reclam\u00f3.<\/p>\n<p>Adem\u00e1s, denunci\u00f3 discriminaci\u00f3n en la gesti\u00f3n municipal actual:<br \/>\u201cSe ha eliminado a muchos residentes del interior del pa\u00eds. En la gesti\u00f3n pasada hab\u00eda diversidad; ahora se ha desplazado a esos trabajadores\u201d, afirm\u00f3.<\/p>\n<p><strong>Sobre alianzas y reconfiguraci\u00f3n pol\u00edtica<\/strong><\/p>\n<p>Consultado sobre posibles reagrupamientos pol\u00edticos en torno a antiguos bloques como el de Michael Moreno o alianzas pasadas de Tuto Quiroga, Qui\u00f1ones fue claro:<br \/>\u201cNo importa cu\u00e1ntos partidos se unan si no hay gesti\u00f3n. La pregunta es: \u00bfRegys Medina volver\u00e1 a tener apoyo popular? La gente ya no conf\u00eda en su administraci\u00f3n\u201d, sentenci\u00f3.<\/p>\n<p><strong>Desaf\u00edos para Rodrigo Paz y promesas por cumplir<\/strong><\/p>\n<p>Respecto al nuevo gobierno de <strong>Rodrigo Paz<\/strong>, el dirigente reconoci\u00f3 que vienen tiempos dif\u00edciles, especialmente en lo econ\u00f3mico. Sin embargo, expres\u00f3 confianza en el cumplimiento de las promesas de campa\u00f1a.<\/p>\n<p>\u201cEl tema del combustible debe resolverse inmediatamente. Y desde enero de 2026, se debe garantizar el pago de la renta de dignidad de <strong>500 bolivianos<\/strong> para los adultos mayores. Es un compromiso que Rodrigo Paz asumi\u00f3 y que cumplir\u00e1\u201d, asegur\u00f3.<\/p>\n<p>Finalmente, reiter\u00f3 el llamado a la unidad y a la construcci\u00f3n de un nuevo proyecto para Montero:<br \/>\u201cEl pa\u00eds necesita estabilidad econ\u00f3mica, transparencia en la gesti\u00f3n y dignidad para todos. Ese es el rumbo que debemos seguir\u201d, concluy\u00f3.<\/p><div style=\"margin-top: 0px; margin-bottom: 0px;\" class=\"sharethis-inline-reaction-buttons\" ><\/div>","protected":false},"excerpt":{"rendered":"<p>El dirigente pol\u00edtico destaca el aumento del 116% en la votaci\u00f3n del Partido Dem\u00f3crata Cristiano (PDC) en la segunda vuelta y anuncia que est\u00e1n listos para la batalla electoral rumbo a 2026.<\/p>\n","protected":false},"author":1,"featured_media":0,"comment_status":"open","ping_status":"open","sticky":false,"template":"","format":"standard","meta":{"footnotes":""},"categories":[42],"tags":[223,19,235],"class_list":["post-918","post","type-post","status-publish","format-standard","hentry","category-politica","tag-alexander-quinones","tag-montero","tag-pcd"],"yoast_head":"<!-- This site is optimized with the Yoast SEO Premium plugin v25.5 (Yoast SEO v27.1.1) - https:\/\/yoast.com\/product\/yoast-seo-premium-wordpress\/ -->\n<title>Alexander Qui\u00f1ones celebra el crecimiento del PDC y perfila su camino hacia las elecciones municipales en Montero - Wara Comunicaciones<\/title>\n<meta name=\"robots\" content=\"index, follow, max-snippet:-1, max-image-preview:large, max-video-preview:-1\" \/>\n<link rel=\"canonical\" href=\"https:\/\/waracomunicaciones.com\/?p=918\" \/>\n<meta property=\"og:locale\" content=\"es_ES\" \/>\n<meta property=\"og:type\" content=\"article\" \/>\n<meta property=\"og:title\" content=\"Alexander Qui\u00f1ones celebra el crecimiento del PDC y perfila su camino hacia las elecciones municipales en Montero\" \/>\n<meta property=\"og:description\" content=\"El dirigente pol\u00edtico destaca el aumento del 116% en la votaci\u00f3n del Partido Dem\u00f3crata Cristiano (PDC) en la segunda vuelta y anuncia que est\u00e1n listos para la batalla electoral rumbo a 2026.\" \/>\n<meta property=\"og:url\" content=\"https:\/\/waracomunicaciones.com\/?p=918\" \/>\n<meta property=\"og:site_name\" content=\"Wara Comunicaciones\" \/>\n<meta property=\"article:publisher\" content=\"https:\/\/www.facebook.com\/waracomunicaciones2017\" \/>\n<meta property=\"article:published_time\" content=\"2025-10-22T13:59:00+00:00\" \/>\n<meta property=\"article:modified_time\" content=\"2025-10-22T13:59:01+00:00\" \/>\n<meta property=\"og:image\" content=\"https:\/\/waracomunicaciones.com\/wp-content\/uploads\/2025\/10\/Proyecto-nuevo-17-2.webp\" \/>\n\t<meta property=\"og:image:width\" content=\"664\" \/>\n\t<meta property=\"og:image:height\" content=\"444\" \/>\n\t<meta property=\"og:image:type\" content=\"image\/webp\" \/>\n<meta name=\"author\" content=\"admin\" \/>\n<meta name=\"twitter:card\" content=\"summary_large_image\" \/>\n<meta name=\"twitter:label1\" content=\"Escrito por\" \/>\n\t<meta name=\"twitter:data1\" content=\"admin\" \/>\n\t<meta name=\"twitter:label2\" content=\"Tiempo de lectura\" \/>\n\t<meta name=\"twitter:data2\" content=\"3 minutos\" \/>\n<script type=\"application\/ld+json\" class=\"yoast-schema-graph\">{\"@context\":\"https:\/\/schema.org\",\"@graph\":[{\"@type\":\"Article\",\"@id\":\"https:\/\/waracomunicaciones.com\/?p=918#article\",\"isPartOf\":{\"@id\":\"https:\/\/waracomunicaciones.com\/?p=918\"},\"author\":{\"name\":\"admin\",\"@id\":\"https:\/\/waracomunicaciones.com\/#\/schema\/person\/e9db934bc91575cc71fe584c5973244a\"},\"headline\":\"Alexander Qui\u00f1ones celebra el crecimiento del PDC y perfila su camino hacia las elecciones municipales en Montero\",\"datePublished\":\"2025-10-22T13:59:00+00:00\",\"dateModified\":\"2025-10-22T13:59:01+00:00\",\"mainEntityOfPage\":{\"@id\":\"https:\/\/waracomunicaciones.com\/?p=918\"},\"wordCount\":567,\"commentCount\":0,\"publisher\":{\"@id\":\"https:\/\/waracomunicaciones.com\/#organization\"},\"image\":{\"@id\":\"https:\/\/waracomunicaciones.com\/?p=918#primaryimage\"},\"thumbnailUrl\":\"https:\/\/waracomunicaciones.com\/wp-content\/uploads\/2025\/10\/Proyecto-nuevo-17-2.webp\",\"keywords\":[\"Alexander Qui\u00f1ones\",\"Montero\",\"PCD\"],\"articleSection\":[\"Pol\u00edtica\"],\"inLanguage\":\"es\",\"potentialAction\":[{\"@type\":\"CommentAction\",\"name\":\"Comment\",\"target\":[\"https:\/\/waracomunicaciones.com\/?p=918#respond\"]}]},{\"@type\":\"WebPage\",\"@id\":\"https:\/\/waracomunicaciones.com\/?p=918\",\"url\":\"https:\/\/waracomunicaciones.com\/?p=918\",\"name\":\"Alexander Qui\u00f1ones celebra el crecimiento del PDC y perfila su camino hacia las elecciones municipales en Montero - Wara Comunicaciones\",\"isPartOf\":{\"@id\":\"https:\/\/waracomunicaciones.com\/#website\"},\"primaryImageOfPage\":{\"@id\":\"https:\/\/waracomunicaciones.com\/?p=918#primaryimage\"},\"image\":{\"@id\":\"https:\/\/waracomunicaciones.com\/?p=918#primaryimage\"},\"thumbnailUrl\":\"https:\/\/waracomunicaciones.com\/wp-content\/uploads\/2025\/10\/Proyecto-nuevo-17-2.webp\",\"datePublished\":\"2025-10-22T13:59:00+00:00\",\"dateModified\":\"2025-10-22T13:59:01+00:00\",\"breadcrumb\":{\"@id\":\"https:\/\/waracomunicaciones.com\/?p=918#breadcrumb\"},\"inLanguage\":\"es\",\"potentialAction\":[{\"@type\":\"ReadAction\",\"target\":[\"https:\/\/waracomunicaciones.com\/?p=918\"]}]},{\"@type\":\"ImageObject\",\"inLanguage\":\"es\",\"@id\":\"https:\/\/waracomunicaciones.com\/?p=918#primaryimage\",\"url\":\"https:\/\/waracomunicaciones.com\/wp-content\/uploads\/2025\/10\/Proyecto-nuevo-17-2.webp\",\"contentUrl\":\"https:\/\/waracomunicaciones.com\/wp-content\/uploads\/2025\/10\/Proyecto-nuevo-17-2.webp\",\"width\":664,\"height\":444},{\"@type\":\"BreadcrumbList\",\"@id\":\"https:\/\/waracomunicaciones.com\/?p=918#breadcrumb\",\"itemListElement\":[{\"@type\":\"ListItem\",\"position\":1,\"name\":\"Portada\",\"item\":\"https:\/\/waracomunicaciones.com\/\"},{\"@type\":\"ListItem\",\"position\":2,\"name\":\"Alexander Qui\u00f1ones celebra el crecimiento del PDC y perfila su camino hacia las elecciones municipales en Montero\"}]},{\"@type\":\"WebSite\",\"@id\":\"https:\/\/waracomunicaciones.com\/#website\",\"url\":\"https:\/\/waracomunicaciones.com\/\",\"name\":\"Wara Comunicaciones\",\"description\":\"\",\"publisher\":{\"@id\":\"https:\/\/waracomunicaciones.com\/#organization\"},\"potentialAction\":[{\"@type\":\"SearchAction\",\"target\":{\"@type\":\"EntryPoint\",\"urlTemplate\":\"https:\/\/waracomunicaciones.com\/?s={search_term_string}\"},\"query-input\":{\"@type\":\"PropertyValueSpecification\",\"valueRequired\":true,\"valueName\":\"search_term_string\"}}],\"inLanguage\":\"es\"},{\"@type\":\"Organization\",\"@id\":\"https:\/\/waracomunicaciones.com\/#organization\",\"name\":\"Wara Comunicaciones\",\"url\":\"https:\/\/waracomunicaciones.com\/\",\"logo\":{\"@type\":\"ImageObject\",\"inLanguage\":\"es\",\"@id\":\"https:\/\/waracomunicaciones.com\/#\/schema\/logo\/image\/\",\"url\":\"https:\/\/waracomunicaciones.com\/wp-content\/uploads\/2025\/07\/logo.png\",\"contentUrl\":\"https:\/\/waracomunicaciones.com\/wp-content\/uploads\/2025\/07\/logo.png\",\"width\":400,\"height\":164,\"caption\":\"Wara Comunicaciones\"},\"image\":{\"@id\":\"https:\/\/waracomunicaciones.com\/#\/schema\/logo\/image\/\"},\"sameAs\":[\"https:\/\/www.facebook.com\/waracomunicaciones2017\"]},{\"@type\":\"Person\",\"@id\":\"https:\/\/waracomunicaciones.com\/#\/schema\/person\/e9db934bc91575cc71fe584c5973244a\",\"name\":\"admin\",\"image\":{\"@type\":\"ImageObject\",\"inLanguage\":\"es\",\"@id\":\"https:\/\/waracomunicaciones.com\/#\/schema\/person\/image\/\",\"url\":\"https:\/\/secure.gravatar.com\/avatar\/bf27e9186df568254093afa216f887fece17605302c6ff12f3980422fffa52e6?s=96&d=mm&r=g\",\"contentUrl\":\"https:\/\/secure.gravatar.com\/avatar\/bf27e9186df568254093afa216f887fece17605302c6ff12f3980422fffa52e6?s=96&d=mm&r=g\",\"caption\":\"admin\"},\"sameAs\":[\"https:\/\/waracomunicaciones.com\/wp\"],\"url\":\"https:\/\/waracomunicaciones.com\/?author=1\"}]}<\/script>\n<!-- \/ Yoast SEO Premium plugin. -->","yoast_head_json":{"title":"Alexander Qui\u00f1ones celebra el crecimiento del PDC y perfila su camino hacia las elecciones municipales en Montero - Wara Comunicaciones","robots":{"index":"index","follow":"follow","max-snippet":"max-snippet:-1","max-image-preview":"max-image-preview:large","max-video-preview":"max-video-preview:-1"},"canonical":"https:\/\/waracomunicaciones.com\/?p=918","og_locale":"es_ES","og_type":"article","og_title":"Alexander Qui\u00f1ones celebra el crecimiento del PDC y perfila su camino hacia las elecciones municipales en Montero","og_description":"El dirigente pol\u00edtico destaca el aumento del 116% en la votaci\u00f3n del Partido Dem\u00f3crata Cristiano (PDC) en la segunda vuelta y anuncia que est\u00e1n listos para la batalla electoral rumbo a 2026.","og_url":"https:\/\/waracomunicaciones.com\/?p=918","og_site_name":"Wara Comunicaciones","article_publisher":"https:\/\/www.facebook.com\/waracomunicaciones2017","article_published_time":"2025-10-22T13:59:00+00:00","article_modified_time":"2025-10-22T13:59:01+00:00","og_image":[{"width":664,"height":444,"url":"https:\/\/waracomunicaciones.com\/wp-content\/uploads\/2025\/10\/Proyecto-nuevo-17-2.webp","type":"image\/webp"}],"author":"admin","twitter_card":"summary_large_image","twitter_misc":{"Escrito por":"admin","Tiempo de lectura":"3 minutos"},"schema":{"@context":"https:\/\/schema.org","@graph":[{"@type":"Article","@id":"https:\/\/waracomunicaciones.com\/?p=918#article","isPartOf":{"@id":"https:\/\/waracomunicaciones.com\/?p=918"},"author":{"name":"admin","@id":"https:\/\/waracomunicaciones.com\/#\/schema\/person\/e9db934bc91575cc71fe584c5973244a"},"headline":"Alexander Qui\u00f1ones celebra el crecimiento del PDC y perfila su camino hacia las elecciones municipales en Montero","datePublished":"2025-10-22T13:59:00+00:00","dateModified":"2025-10-22T13:59:01+00:00","mainEntityOfPage":{"@id":"https:\/\/waracomunicaciones.com\/?p=918"},"wordCount":567,"commentCount":0,"publisher":{"@id":"https:\/\/waracomunicaciones.com\/#organization"},"image":{"@id":"https:\/\/waracomunicaciones.com\/?p=918#primaryimage"},"thumbnailUrl":"https:\/\/waracomunicaciones.com\/wp-content\/uploads\/2025\/10\/Proyecto-nuevo-17-2.webp","keywords":["Alexander Qui\u00f1ones","Montero","PCD"],"articleSection":["Pol\u00edtica"],"inLanguage":"es","potentialAction":[{"@type":"CommentAction","name":"Comment","target":["https:\/\/waracomunicaciones.com\/?p=918#respond"]}]},{"@type":"WebPage","@id":"https:\/\/waracomunicaciones.com\/?p=918","url":"https:\/\/waracomunicaciones.com\/?p=918","name":"Alexander Qui\u00f1ones celebra el crecimiento del PDC y perfila su camino hacia las elecciones municipales en Montero - Wara Comunicaciones","isPartOf":{"@id":"https:\/\/waracomunicaciones.com\/#website"},"primaryImageOfPage":{"@id":"https:\/\/waracomunicaciones.com\/?p=918#primaryimage"},"image":{"@id":"https:\/\/waracomunicaciones.com\/?p=918#primaryimage"},"thumbnailUrl":"https:\/\/waracomunicaciones.com\/wp-content\/uploads\/2025\/10\/Proyecto-nuevo-17-2.webp","datePublished":"2025-10-22T13:59:00+00:00","dateModified":"2025-10-22T13:59:01+00:00","breadcrumb":{"@id":"https:\/\/waracomunicaciones.com\/?p=918#breadcrumb"},"inLanguage":"es","potentialAction":[{"@type":"ReadAction","target":["https:\/\/waracomunicaciones.com\/?p=918"]}]},{"@type":"ImageObject","inLanguage":"es","@id":"https:\/\/waracomunicaciones.com\/?p=918#primaryimage","url":"https:\/\/waracomunicaciones.com\/wp-content\/uploads\/2025\/10\/Proyecto-nuevo-17-2.webp","contentUrl":"https:\/\/waracomunicaciones.com\/wp-content\/uploads\/2025\/10\/Proyecto-nuevo-17-2.webp","width":664,"height":444},{"@type":"BreadcrumbList","@id":"https:\/\/waracomunicaciones.com\/?p=918#breadcrumb","itemListElement":[{"@type":"ListItem","position":1,"name":"Portada","item":"https:\/\/waracomunicaciones.com\/"},{"@type":"ListItem","position":2,"name":"Alexander Qui\u00f1ones celebra el crecimiento del PDC y perfila su camino hacia las elecciones municipales en Montero"}]},{"@type":"WebSite","@id":"https:\/\/waracomunicaciones.com\/#website","url":"https:\/\/waracomunicaciones.com\/","name":"Wara Comunicaciones","description":"","publisher":{"@id":"https:\/\/waracomunicaciones.com\/#organization"},"potentialAction":[{"@type":"SearchAction","target":{"@type":"EntryPoint","urlTemplate":"https:\/\/waracomunicaciones.com\/?s={search_term_string}"},"query-input":{"@type":"PropertyValueSpecification","valueRequired":true,"valueName":"search_term_string"}}],"inLanguage":"es"},{"@type":"Organization","@id":"https:\/\/waracomunicaciones.com\/#organization","name":"Wara Comunicaciones","url":"https:\/\/waracomunicaciones.com\/","logo":{"@type":"ImageObject","inLanguage":"es","@id":"https:\/\/waracomunicaciones.com\/#\/schema\/logo\/image\/","url":"https:\/\/waracomunicaciones.com\/wp-content\/uploads\/2025\/07\/logo.png","contentUrl":"https:\/\/waracomunicaciones.com\/wp-content\/uploads\/2025\/07\/logo.png","width":400,"height":164,"caption":"Wara Comunicaciones"},"image":{"@id":"https:\/\/waracomunicaciones.com\/#\/schema\/logo\/image\/"},"sameAs":["https:\/\/www.facebook.com\/waracomunicaciones2017"]},{"@type":"Person","@id":"https:\/\/waracomunicaciones.com\/#\/schema\/person\/e9db934bc91575cc71fe584c5973244a","name":"admin","image":{"@type":"ImageObject","inLanguage":"es","@id":"https:\/\/waracomunicaciones.com\/#\/schema\/person\/image\/","url":"https:\/\/secure.gravatar.com\/avatar\/bf27e9186df568254093afa216f887fece17605302c6ff12f3980422fffa52e6?s=96&d=mm&r=g","contentUrl":"https:\/\/secure.gravatar.com\/avatar\/bf27e9186df568254093afa216f887fece17605302c6ff12f3980422fffa52e6?s=96&d=mm&r=g","caption":"admin"},"sameAs":["https:\/\/waracomunicaciones.com\/wp"],"url":"https:\/\/waracomunicaciones.com\/?author=1"}]}},"_links":{"self":[{"href":"https:\/\/waracomunicaciones.com\/index.php?rest_route=\/wp\/v2\/posts\/918","targetHints":{"allow":["GET"]}}],"collection":[{"href":"https:\/\/waracomunicaciones.com\/index.php?rest_route=\/wp\/v2\/posts"}],"about":[{"href":"https:\/\/waracomunicaciones.com\/index.php?rest_route=\/wp\/v2\/types\/post"}],"author":[{"embeddable":true,"href":"https:\/\/waracomunicaciones.com\/index.php?rest_route=\/wp\/v2\/users\/1"}],"replies":[{"embeddable":true,"href":"https:\/\/waracomunicaciones.com\/index.php?rest_route=%2Fwp%2Fv2%2Fcomments&post=918"}],"version-history":[{"count":1,"href":"https:\/\/waracomunicaciones.com\/index.php?rest_route=\/wp\/v2\/posts\/918\/revisions"}],"predecessor-version":[{"id":921,"href":"https:\/\/waracomunicaciones.com\/index.php?rest_route=\/wp\/v2\/posts\/918\/revisions\/921"}],"wp:attachment":[{"href":"https:\/\/waracomunicaciones.com\/index.php?rest_route=%2Fwp%2Fv2%2Fmedia&parent=918"}],"wp:term":[{"taxonomy":"category","embeddable":true,"href":"https:\/\/waracomunicaciones.com\/index.php?rest_route=%2Fwp%2Fv2%2Fcategories&post=918"},{"taxonomy":"post_tag","embeddable":true,"href":"https:\/\/waracomunicaciones.com\/index.php?rest_route=%2Fwp%2Fv2%2Ftags&post=918"}],"curies":[{"name":"wp","href":"https:\/\/api.w.org\/{rel}","templated":true}]}}