{"id":908,"date":"2025-10-21T10:56:31","date_gmt":"2025-10-21T14:56:31","guid":{"rendered":"https:\/\/waracomunicaciones.com\/?p=908"},"modified":"2025-10-21T10:56:33","modified_gmt":"2025-10-21T14:56:33","slug":"con-rodrigo-paz-habemus-presidente-rene-flores-celebra-victoria-y-llama-a-construir-un-nuevo-estado-con-la-filosofia-de-primero-la-gente","status":"publish","type":"post","link":"https:\/\/waracomunicaciones.com\/?p=908","title":{"rendered":"\u201cCon Rodrigo Paz, habemus presidente\u201d: Ren\u00e9 Flores celebra victoria y llama a construir un nuevo Estado con la filosof\u00eda de \u201cPrimero la Gente\u201d"},"content":{"rendered":"\n<figure class=\"wp-block-image size-full\"><img loading=\"lazy\" decoding=\"async\" width=\"1000\" height=\"558\" src=\"https:\/\/waracomunicaciones.com\/wp-content\/uploads\/2025\/10\/1761055305.webp\" alt=\"\" class=\"wp-image-910\" srcset=\"https:\/\/waracomunicaciones.com\/wp-content\/uploads\/2025\/10\/1761055305.webp 1000w, https:\/\/waracomunicaciones.com\/wp-content\/uploads\/2025\/10\/1761055305-300x167.webp 300w, https:\/\/waracomunicaciones.com\/wp-content\/uploads\/2025\/10\/1761055305-768x429.webp 768w\" sizes=\"auto, (max-width: 1000px) 100vw, 1000px\" \/><figcaption class=\"wp-element-caption\">Abogado Ren\u00e9 Flores &#8211; Foto captura de Rua TV<\/figcaption><\/figure>\n\n\n<p><em>Montero, <\/em>\u2013 Bolivia ya tiene presidente electo. Rodrigo Paz fue confirmado como el pr\u00f3ximo mandatario tras la segunda vuelta electoral celebrada este domingo, lo que ha generado reacciones en todo el pa\u00eds. <!--more-->Uno de los primeros en pronunciarse desde Montero fue el dirigente gremial <strong>Ren\u00e9 Flores<\/strong>, quien celebr\u00f3 con entusiasmo el triunfo del proyecto pol\u00edtico que, seg\u00fan afirm\u00f3, <strong>\u201cno nace de una estructura partidaria, sino del cansancio del pueblo boliviano frente al modelo del Estado tranca\u201d<\/strong>.<\/p>\n<p>En contacto con <strong>Wara Comunicaciones<\/strong>, Flores expres\u00f3 su alegr\u00eda y convicci\u00f3n:<\/p>\n<p>\u201cHabemus presidente. El pueblo ya no aguantaba m\u00e1s este modelo. Aqu\u00ed en Bolivia ya hacemos m\u00e1s cola que en Cuba para conseguir combustible. Con Rodrigo Paz se termina el Estado tranca y empieza un Estado que pone primero a la gente\u201d.<\/p>\n<p>Flores, quien es <strong>secretario general de la Confederaci\u00f3n Nacional de Gremialistas de Bolivia<\/strong> y representante de la agrupaci\u00f3n <strong>Primero la Gente<\/strong>, sostuvo que esta victoria es resultado del trabajo de miles de ciudadanos que vieron en Paz una alternativa real al agotado sistema pol\u00edtico vigente.<\/p>\n<p><strong>\u201cPrimero la gente, no primero el Estado\u201d<\/strong><\/p>\n<p>En su intervenci\u00f3n, Ren\u00e9 Flores remarc\u00f3 que el enfoque del nuevo gobierno debe girar en torno a una nueva filosof\u00eda de Estado:<\/p>\n<p>\u201cYa no es primero el Estado, ni primero el presidente. Es primero la gente. Eso significa dejar de ver al ciudadano como fuente de ingresos para sostener al Estado. Eso se termin\u00f3\u201d.<\/p>\n<p>En esa misma l\u00ednea, respondi\u00f3 a las declaraciones del expresidente Evo Morales, quien calific\u00f3 el triunfo de Paz como producto de un \u00abvoto de protesta\u00bb y record\u00f3 que \u201cno es un cheque en blanco\u201d. Morales advirti\u00f3 que el nuevo presidente debe consultar al pueblo y no criminalizar la protesta social.<\/p>\n<p>Flores fue tajante:<\/p>\n<p>\u201cEvo Morales vive en el pasado. Hoy ya nadie es due\u00f1o del voto de nadie. Ning\u00fan boliviano pertenece a otro boliviano. Lo que pedimos ahora es unidad para sacar adelante al pa\u00eds. Ya basta de vivir con miedo, de ver c\u00f3mo la plata se deval\u00faa de un d\u00eda a otro. Estamos cansados\u201d.<\/p>\n<p><strong>Defensa firme del gobierno electo<\/strong><\/p>\n<p>Ante la posibilidad de que actores pol\u00edticos intenten desestabilizar el nuevo gobierno, Flores anticip\u00f3 una defensa activa por parte del sector gremial:<\/p>\n<p>\u201cVamos a defender este gobierno mientras trabaje en favor de la gente. No vamos a permitir que se desestabilice la democracia ni que se repita el caos que se vivi\u00f3 antes. Los gremialistas, los comerciantes, los trabajadores por cuenta propia, hemos apostado por este cambio y lo vamos a cuidar\u201d.<\/p>\n<p>Llam\u00f3 tambi\u00e9n al Congreso Nacional a actuar con responsabilidad, evitando la obstrucci\u00f3n legislativa:<\/p>\n<p>\u201cExhortamos a los diputados y senadores a no cometer los mismos errores de esta gesti\u00f3n saliente. Se necesita gobernabilidad, y eso se construye con acuerdos, no con trabas. El pa\u00eds necesita unidad y resultados\u201d.<\/p>\n<p><strong>Expectativas inmediatas: combustible y econom\u00eda<\/strong><\/p>\n<p>En los pr\u00f3ximos d\u00edas, uno de los temas m\u00e1s urgentes ser\u00e1 la <strong>crisis del combustible<\/strong>, que el presidente electo ha prometido solucionar de forma inmediata. Rodrigo Paz ya responsabiliz\u00f3 al presidente saliente, Luis Arce, por el desabastecimiento.<\/p>\n<p>Flores reafirm\u00f3 su respaldo al mandatario electo en esta batalla:<\/p>\n<p>\u201cEstamos atentos a lo que pase esta semana. El pueblo exige soluciones. Rodrigo Paz se comprometi\u00f3 a distribuir el combustible y a frenar el alza de precios. Si lo logra, ser\u00e1 el primer paso hacia el cambio real que Bolivia necesita\u201d.<\/p>\n<p><strong>\u201cDesde donde estemos, trabajaremos con esta l\u00f3gica\u201d<\/strong><\/p>\n<p>Finalmente, Ren\u00e9 Flores manifest\u00f3 su compromiso personal con el nuevo gobierno y con la filosof\u00eda de \u00abPrimero la Gente\u00bb, desde cualquier rol que le toque desempe\u00f1ar:<\/p>\n<p>\u201cSea como dirigente, funcionario o ciudadano, seguir\u00e9 trabajando con la misma l\u00f3gica que me enamor\u00f3 del proyecto de Rodrigo Paz: pensar siempre en la gente antes que en uno mismo\u201d.<\/p><div style=\"margin-top: 0px; margin-bottom: 0px;\" class=\"sharethis-inline-reaction-buttons\" ><\/div>","protected":false},"excerpt":{"rendered":"<p>Montero, \u2013 Bolivia ya tiene presidente electo. Rodrigo Paz fue confirmado como el pr\u00f3ximo mandatario tras la segunda vuelta electoral celebrada este domingo, lo que ha generado reacciones en todo el pa\u00eds.<\/p>\n","protected":false},"author":1,"featured_media":0,"comment_status":"open","ping_status":"open","sticky":false,"template":"","format":"standard","meta":{"footnotes":""},"categories":[42],"tags":[166,234,153],"class_list":["post-908","post","type-post","status-publish","format-standard","hentry","category-politica","tag-balotaje","tag-rene-flores","tag-rodrigo-paz"],"yoast_head":"<!-- This site is optimized with the Yoast SEO Premium plugin v25.5 (Yoast SEO v27.1.1) - https:\/\/yoast.com\/product\/yoast-seo-premium-wordpress\/ -->\n<title>\u201cCon Rodrigo Paz, habemus presidente\u201d: Ren\u00e9 Flores celebra victoria y llama a construir un nuevo Estado con la filosof\u00eda de \u201cPrimero la Gente\u201d - Wara Comunicaciones<\/title>\n<meta name=\"robots\" content=\"index, follow, max-snippet:-1, max-image-preview:large, max-video-preview:-1\" \/>\n<link rel=\"canonical\" href=\"https:\/\/waracomunicaciones.com\/?p=908\" \/>\n<meta property=\"og:locale\" content=\"es_ES\" \/>\n<meta property=\"og:type\" content=\"article\" \/>\n<meta property=\"og:title\" content=\"\u201cCon Rodrigo Paz, habemus presidente\u201d: Ren\u00e9 Flores celebra victoria y llama a construir un nuevo Estado con la filosof\u00eda de \u201cPrimero la Gente\u201d\" \/>\n<meta property=\"og:description\" content=\"Montero, \u2013 Bolivia ya tiene presidente electo. Rodrigo Paz fue confirmado como el pr\u00f3ximo mandatario tras la segunda vuelta electoral celebrada este domingo, lo que ha generado reacciones en todo el pa\u00eds.\" \/>\n<meta property=\"og:url\" content=\"https:\/\/waracomunicaciones.com\/?p=908\" \/>\n<meta property=\"og:site_name\" content=\"Wara Comunicaciones\" \/>\n<meta property=\"article:publisher\" content=\"https:\/\/www.facebook.com\/waracomunicaciones2017\" \/>\n<meta property=\"article:published_time\" content=\"2025-10-21T14:56:31+00:00\" \/>\n<meta property=\"article:modified_time\" content=\"2025-10-21T14:56:33+00:00\" \/>\n<meta property=\"og:image\" content=\"https:\/\/waracomunicaciones.com\/wp-content\/uploads\/2025\/10\/1761055305.webp\" \/>\n\t<meta property=\"og:image:width\" content=\"1000\" \/>\n\t<meta property=\"og:image:height\" content=\"558\" \/>\n\t<meta property=\"og:image:type\" content=\"image\/webp\" \/>\n<meta name=\"author\" content=\"admin\" \/>\n<meta name=\"twitter:card\" content=\"summary_large_image\" \/>\n<meta name=\"twitter:label1\" content=\"Escrito por\" \/>\n\t<meta name=\"twitter:data1\" content=\"admin\" \/>\n\t<meta name=\"twitter:label2\" content=\"Tiempo de lectura\" \/>\n\t<meta name=\"twitter:data2\" content=\"4 minutos\" \/>\n<script type=\"application\/ld+json\" class=\"yoast-schema-graph\">{\"@context\":\"https:\/\/schema.org\",\"@graph\":[{\"@type\":\"Article\",\"@id\":\"https:\/\/waracomunicaciones.com\/?p=908#article\",\"isPartOf\":{\"@id\":\"https:\/\/waracomunicaciones.com\/?p=908\"},\"author\":{\"name\":\"admin\",\"@id\":\"https:\/\/waracomunicaciones.com\/#\/schema\/person\/e9db934bc91575cc71fe584c5973244a\"},\"headline\":\"\u201cCon Rodrigo Paz, habemus presidente\u201d: Ren\u00e9 Flores celebra victoria y llama a construir un nuevo Estado con la filosof\u00eda de \u201cPrimero la Gente\u201d\",\"datePublished\":\"2025-10-21T14:56:31+00:00\",\"dateModified\":\"2025-10-21T14:56:33+00:00\",\"mainEntityOfPage\":{\"@id\":\"https:\/\/waracomunicaciones.com\/?p=908\"},\"wordCount\":684,\"commentCount\":0,\"publisher\":{\"@id\":\"https:\/\/waracomunicaciones.com\/#organization\"},\"image\":{\"@id\":\"https:\/\/waracomunicaciones.com\/?p=908#primaryimage\"},\"thumbnailUrl\":\"https:\/\/waracomunicaciones.com\/wp-content\/uploads\/2025\/10\/1761055305.webp\",\"keywords\":[\"Balotaje\",\"Ren\u00e9 Flores\",\"Rodrigo Paz\"],\"articleSection\":[\"Pol\u00edtica\"],\"inLanguage\":\"es\",\"potentialAction\":[{\"@type\":\"CommentAction\",\"name\":\"Comment\",\"target\":[\"https:\/\/waracomunicaciones.com\/?p=908#respond\"]}]},{\"@type\":\"WebPage\",\"@id\":\"https:\/\/waracomunicaciones.com\/?p=908\",\"url\":\"https:\/\/waracomunicaciones.com\/?p=908\",\"name\":\"\u201cCon Rodrigo Paz, habemus presidente\u201d: Ren\u00e9 Flores celebra victoria y llama a construir un nuevo Estado con la filosof\u00eda de \u201cPrimero la Gente\u201d - Wara Comunicaciones\",\"isPartOf\":{\"@id\":\"https:\/\/waracomunicaciones.com\/#website\"},\"primaryImageOfPage\":{\"@id\":\"https:\/\/waracomunicaciones.com\/?p=908#primaryimage\"},\"image\":{\"@id\":\"https:\/\/waracomunicaciones.com\/?p=908#primaryimage\"},\"thumbnailUrl\":\"https:\/\/waracomunicaciones.com\/wp-content\/uploads\/2025\/10\/1761055305.webp\",\"datePublished\":\"2025-10-21T14:56:31+00:00\",\"dateModified\":\"2025-10-21T14:56:33+00:00\",\"breadcrumb\":{\"@id\":\"https:\/\/waracomunicaciones.com\/?p=908#breadcrumb\"},\"inLanguage\":\"es\",\"potentialAction\":[{\"@type\":\"ReadAction\",\"target\":[\"https:\/\/waracomunicaciones.com\/?p=908\"]}]},{\"@type\":\"ImageObject\",\"inLanguage\":\"es\",\"@id\":\"https:\/\/waracomunicaciones.com\/?p=908#primaryimage\",\"url\":\"https:\/\/waracomunicaciones.com\/wp-content\/uploads\/2025\/10\/1761055305.webp\",\"contentUrl\":\"https:\/\/waracomunicaciones.com\/wp-content\/uploads\/2025\/10\/1761055305.webp\",\"width\":1000,\"height\":558},{\"@type\":\"BreadcrumbList\",\"@id\":\"https:\/\/waracomunicaciones.com\/?p=908#breadcrumb\",\"itemListElement\":[{\"@type\":\"ListItem\",\"position\":1,\"name\":\"Portada\",\"item\":\"https:\/\/waracomunicaciones.com\/\"},{\"@type\":\"ListItem\",\"position\":2,\"name\":\"\u201cCon Rodrigo Paz, habemus presidente\u201d: Ren\u00e9 Flores celebra victoria y llama a construir un nuevo Estado con la filosof\u00eda de \u201cPrimero la Gente\u201d\"}]},{\"@type\":\"WebSite\",\"@id\":\"https:\/\/waracomunicaciones.com\/#website\",\"url\":\"https:\/\/waracomunicaciones.com\/\",\"name\":\"Wara Comunicaciones\",\"description\":\"\",\"publisher\":{\"@id\":\"https:\/\/waracomunicaciones.com\/#organization\"},\"potentialAction\":[{\"@type\":\"SearchAction\",\"target\":{\"@type\":\"EntryPoint\",\"urlTemplate\":\"https:\/\/waracomunicaciones.com\/?s={search_term_string}\"},\"query-input\":{\"@type\":\"PropertyValueSpecification\",\"valueRequired\":true,\"valueName\":\"search_term_string\"}}],\"inLanguage\":\"es\"},{\"@type\":\"Organization\",\"@id\":\"https:\/\/waracomunicaciones.com\/#organization\",\"name\":\"Wara Comunicaciones\",\"url\":\"https:\/\/waracomunicaciones.com\/\",\"logo\":{\"@type\":\"ImageObject\",\"inLanguage\":\"es\",\"@id\":\"https:\/\/waracomunicaciones.com\/#\/schema\/logo\/image\/\",\"url\":\"https:\/\/waracomunicaciones.com\/wp-content\/uploads\/2025\/07\/logo.png\",\"contentUrl\":\"https:\/\/waracomunicaciones.com\/wp-content\/uploads\/2025\/07\/logo.png\",\"width\":400,\"height\":164,\"caption\":\"Wara Comunicaciones\"},\"image\":{\"@id\":\"https:\/\/waracomunicaciones.com\/#\/schema\/logo\/image\/\"},\"sameAs\":[\"https:\/\/www.facebook.com\/waracomunicaciones2017\"]},{\"@type\":\"Person\",\"@id\":\"https:\/\/waracomunicaciones.com\/#\/schema\/person\/e9db934bc91575cc71fe584c5973244a\",\"name\":\"admin\",\"image\":{\"@type\":\"ImageObject\",\"inLanguage\":\"es\",\"@id\":\"https:\/\/waracomunicaciones.com\/#\/schema\/person\/image\/\",\"url\":\"https:\/\/secure.gravatar.com\/avatar\/bf27e9186df568254093afa216f887fece17605302c6ff12f3980422fffa52e6?s=96&d=mm&r=g\",\"contentUrl\":\"https:\/\/secure.gravatar.com\/avatar\/bf27e9186df568254093afa216f887fece17605302c6ff12f3980422fffa52e6?s=96&d=mm&r=g\",\"caption\":\"admin\"},\"sameAs\":[\"https:\/\/waracomunicaciones.com\/wp\"],\"url\":\"https:\/\/waracomunicaciones.com\/?author=1\"}]}<\/script>\n<!-- \/ Yoast SEO Premium plugin. -->","yoast_head_json":{"title":"\u201cCon Rodrigo Paz, habemus presidente\u201d: Ren\u00e9 Flores celebra victoria y llama a construir un nuevo Estado con la filosof\u00eda de \u201cPrimero la Gente\u201d - Wara Comunicaciones","robots":{"index":"index","follow":"follow","max-snippet":"max-snippet:-1","max-image-preview":"max-image-preview:large","max-video-preview":"max-video-preview:-1"},"canonical":"https:\/\/waracomunicaciones.com\/?p=908","og_locale":"es_ES","og_type":"article","og_title":"\u201cCon Rodrigo Paz, habemus presidente\u201d: Ren\u00e9 Flores celebra victoria y llama a construir un nuevo Estado con la filosof\u00eda de \u201cPrimero la Gente\u201d","og_description":"Montero, \u2013 Bolivia ya tiene presidente electo. Rodrigo Paz fue confirmado como el pr\u00f3ximo mandatario tras la segunda vuelta electoral celebrada este domingo, lo que ha generado reacciones en todo el pa\u00eds.","og_url":"https:\/\/waracomunicaciones.com\/?p=908","og_site_name":"Wara Comunicaciones","article_publisher":"https:\/\/www.facebook.com\/waracomunicaciones2017","article_published_time":"2025-10-21T14:56:31+00:00","article_modified_time":"2025-10-21T14:56:33+00:00","og_image":[{"width":1000,"height":558,"url":"https:\/\/waracomunicaciones.com\/wp-content\/uploads\/2025\/10\/1761055305.webp","type":"image\/webp"}],"author":"admin","twitter_card":"summary_large_image","twitter_misc":{"Escrito por":"admin","Tiempo de lectura":"4 minutos"},"schema":{"@context":"https:\/\/schema.org","@graph":[{"@type":"Article","@id":"https:\/\/waracomunicaciones.com\/?p=908#article","isPartOf":{"@id":"https:\/\/waracomunicaciones.com\/?p=908"},"author":{"name":"admin","@id":"https:\/\/waracomunicaciones.com\/#\/schema\/person\/e9db934bc91575cc71fe584c5973244a"},"headline":"\u201cCon Rodrigo Paz, habemus presidente\u201d: Ren\u00e9 Flores celebra victoria y llama a construir un nuevo Estado con la filosof\u00eda de \u201cPrimero la Gente\u201d","datePublished":"2025-10-21T14:56:31+00:00","dateModified":"2025-10-21T14:56:33+00:00","mainEntityOfPage":{"@id":"https:\/\/waracomunicaciones.com\/?p=908"},"wordCount":684,"commentCount":0,"publisher":{"@id":"https:\/\/waracomunicaciones.com\/#organization"},"image":{"@id":"https:\/\/waracomunicaciones.com\/?p=908#primaryimage"},"thumbnailUrl":"https:\/\/waracomunicaciones.com\/wp-content\/uploads\/2025\/10\/1761055305.webp","keywords":["Balotaje","Ren\u00e9 Flores","Rodrigo Paz"],"articleSection":["Pol\u00edtica"],"inLanguage":"es","potentialAction":[{"@type":"CommentAction","name":"Comment","target":["https:\/\/waracomunicaciones.com\/?p=908#respond"]}]},{"@type":"WebPage","@id":"https:\/\/waracomunicaciones.com\/?p=908","url":"https:\/\/waracomunicaciones.com\/?p=908","name":"\u201cCon Rodrigo Paz, habemus presidente\u201d: Ren\u00e9 Flores celebra victoria y llama a construir un nuevo Estado con la filosof\u00eda de \u201cPrimero la Gente\u201d - Wara Comunicaciones","isPartOf":{"@id":"https:\/\/waracomunicaciones.com\/#website"},"primaryImageOfPage":{"@id":"https:\/\/waracomunicaciones.com\/?p=908#primaryimage"},"image":{"@id":"https:\/\/waracomunicaciones.com\/?p=908#primaryimage"},"thumbnailUrl":"https:\/\/waracomunicaciones.com\/wp-content\/uploads\/2025\/10\/1761055305.webp","datePublished":"2025-10-21T14:56:31+00:00","dateModified":"2025-10-21T14:56:33+00:00","breadcrumb":{"@id":"https:\/\/waracomunicaciones.com\/?p=908#breadcrumb"},"inLanguage":"es","potentialAction":[{"@type":"ReadAction","target":["https:\/\/waracomunicaciones.com\/?p=908"]}]},{"@type":"ImageObject","inLanguage":"es","@id":"https:\/\/waracomunicaciones.com\/?p=908#primaryimage","url":"https:\/\/waracomunicaciones.com\/wp-content\/uploads\/2025\/10\/1761055305.webp","contentUrl":"https:\/\/waracomunicaciones.com\/wp-content\/uploads\/2025\/10\/1761055305.webp","width":1000,"height":558},{"@type":"BreadcrumbList","@id":"https:\/\/waracomunicaciones.com\/?p=908#breadcrumb","itemListElement":[{"@type":"ListItem","position":1,"name":"Portada","item":"https:\/\/waracomunicaciones.com\/"},{"@type":"ListItem","position":2,"name":"\u201cCon Rodrigo Paz, habemus presidente\u201d: Ren\u00e9 Flores celebra victoria y llama a construir un nuevo Estado con la filosof\u00eda de \u201cPrimero la Gente\u201d"}]},{"@type":"WebSite","@id":"https:\/\/waracomunicaciones.com\/#website","url":"https:\/\/waracomunicaciones.com\/","name":"Wara Comunicaciones","description":"","publisher":{"@id":"https:\/\/waracomunicaciones.com\/#organization"},"potentialAction":[{"@type":"SearchAction","target":{"@type":"EntryPoint","urlTemplate":"https:\/\/waracomunicaciones.com\/?s={search_term_string}"},"query-input":{"@type":"PropertyValueSpecification","valueRequired":true,"valueName":"search_term_string"}}],"inLanguage":"es"},{"@type":"Organization","@id":"https:\/\/waracomunicaciones.com\/#organization","name":"Wara Comunicaciones","url":"https:\/\/waracomunicaciones.com\/","logo":{"@type":"ImageObject","inLanguage":"es","@id":"https:\/\/waracomunicaciones.com\/#\/schema\/logo\/image\/","url":"https:\/\/waracomunicaciones.com\/wp-content\/uploads\/2025\/07\/logo.png","contentUrl":"https:\/\/waracomunicaciones.com\/wp-content\/uploads\/2025\/07\/logo.png","width":400,"height":164,"caption":"Wara Comunicaciones"},"image":{"@id":"https:\/\/waracomunicaciones.com\/#\/schema\/logo\/image\/"},"sameAs":["https:\/\/www.facebook.com\/waracomunicaciones2017"]},{"@type":"Person","@id":"https:\/\/waracomunicaciones.com\/#\/schema\/person\/e9db934bc91575cc71fe584c5973244a","name":"admin","image":{"@type":"ImageObject","inLanguage":"es","@id":"https:\/\/waracomunicaciones.com\/#\/schema\/person\/image\/","url":"https:\/\/secure.gravatar.com\/avatar\/bf27e9186df568254093afa216f887fece17605302c6ff12f3980422fffa52e6?s=96&d=mm&r=g","contentUrl":"https:\/\/secure.gravatar.com\/avatar\/bf27e9186df568254093afa216f887fece17605302c6ff12f3980422fffa52e6?s=96&d=mm&r=g","caption":"admin"},"sameAs":["https:\/\/waracomunicaciones.com\/wp"],"url":"https:\/\/waracomunicaciones.com\/?author=1"}]}},"_links":{"self":[{"href":"https:\/\/waracomunicaciones.com\/index.php?rest_route=\/wp\/v2\/posts\/908","targetHints":{"allow":["GET"]}}],"collection":[{"href":"https:\/\/waracomunicaciones.com\/index.php?rest_route=\/wp\/v2\/posts"}],"about":[{"href":"https:\/\/waracomunicaciones.com\/index.php?rest_route=\/wp\/v2\/types\/post"}],"author":[{"embeddable":true,"href":"https:\/\/waracomunicaciones.com\/index.php?rest_route=\/wp\/v2\/users\/1"}],"replies":[{"embeddable":true,"href":"https:\/\/waracomunicaciones.com\/index.php?rest_route=%2Fwp%2Fv2%2Fcomments&post=908"}],"version-history":[{"count":1,"href":"https:\/\/waracomunicaciones.com\/index.php?rest_route=\/wp\/v2\/posts\/908\/revisions"}],"predecessor-version":[{"id":911,"href":"https:\/\/waracomunicaciones.com\/index.php?rest_route=\/wp\/v2\/posts\/908\/revisions\/911"}],"wp:attachment":[{"href":"https:\/\/waracomunicaciones.com\/index.php?rest_route=%2Fwp%2Fv2%2Fmedia&parent=908"}],"wp:term":[{"taxonomy":"category","embeddable":true,"href":"https:\/\/waracomunicaciones.com\/index.php?rest_route=%2Fwp%2Fv2%2Fcategories&post=908"},{"taxonomy":"post_tag","embeddable":true,"href":"https:\/\/waracomunicaciones.com\/index.php?rest_route=%2Fwp%2Fv2%2Ftags&post=908"}],"curies":[{"name":"wp","href":"https:\/\/api.w.org\/{rel}","templated":true}]}}