{"id":905,"date":"2025-10-21T09:49:41","date_gmt":"2025-10-21T13:49:41","guid":{"rendered":"https:\/\/waracomunicaciones.com\/?p=905"},"modified":"2025-10-21T10:59:38","modified_gmt":"2025-10-21T14:59:38","slug":"rodrigo-paz-gana-con-holgura-y-redefine-el-mapa-politico-analistas-anticipan-desafios-inmediatos","status":"publish","type":"post","link":"https:\/\/waracomunicaciones.com\/?p=905","title":{"rendered":"\u00a0\u201cRodrigo Paz gana con holgura y redefine el mapa pol\u00edtico; analistas anticipan desaf\u00edos inmediatos\u201d"},"content":{"rendered":"\n<figure class=\"wp-block-image size-full\"><img loading=\"lazy\" decoding=\"async\" width=\"1000\" height=\"563\" src=\"https:\/\/waracomunicaciones.com\/wp-content\/uploads\/2025\/10\/fsfsfs.webp\" alt=\"\" class=\"wp-image-912\" srcset=\"https:\/\/waracomunicaciones.com\/wp-content\/uploads\/2025\/10\/fsfsfs.webp 1000w, https:\/\/waracomunicaciones.com\/wp-content\/uploads\/2025\/10\/fsfsfs-300x169.webp 300w, https:\/\/waracomunicaciones.com\/wp-content\/uploads\/2025\/10\/fsfsfs-768x432.webp 768w\" sizes=\"auto, (max-width: 1000px) 100vw, 1000px\" \/><\/figure>\n\n\n<p><em>Montero, <\/em>\u2013 En una jornada electoral que marc\u00f3 un punto de inflexi\u00f3n en la pol\u00edtica nacional, la victoria de Rodrigo Paz en la segunda vuelta presidencial ha generado un amplio an\u00e1lisis entre actores y analistas locales. Con un resultado sorpresivo en su diferencia \u2014m\u00e1s de 9 puntos sobre su contrincante Tuto Quiroga\u2014, el nuevo mandatario asume con un mandato fuerte, pero tambi\u00e9n con una ciudadan\u00eda que demanda respuestas inmediatas.<!--more--><\/p>\n<p>En di\u00e1logo con <strong>Wara Comunicaciones<\/strong>, el analista pol\u00edtico y asesor municipal <strong>Orlando \u201cChiqui\u201d Limpias<\/strong> comparti\u00f3 su visi\u00f3n sobre lo ocurrido y lo que viene. Asegur\u00f3 que si bien el triunfo era esperable para cualquiera de los dos candidatos, <strong>la diferencia de votos sorprendi\u00f3 incluso a los m\u00e1s experimentados<\/strong>:<\/p>\n<p>\u201cUn 2 o 3% era previsible, pero 9 puntos marcan un triunfo contundente. Eso cierra la discusi\u00f3n\u201d, afirm\u00f3.<\/p>\n<p>Respecto a las tareas inmediatas del nuevo gobierno, Limpias fue enf\u00e1tico: <strong>\u201cLa gente quiere respuestas ya\u201d<\/strong>, en referencia a los dos problemas m\u00e1s urgentes que mencion\u00f3: la <strong>escasez de combustible<\/strong> y la <strong>escalada del d\u00f3lar<\/strong>, que este lunes alcanz\u00f3 los <strong>18,50 bolivianos<\/strong>, provocando incrementos en productos esenciales como medicamentos.<\/p>\n<p>\u201cLa promesa fue solucionar el tema del combustible y estabilizar el d\u00f3lar. El pueblo boliviano es inmediatista y va a exigir resultados inmediatos\u201d, remarc\u00f3.<\/p>\n<p>Consultado sobre si el nuevo gobierno de Paz cerrar\u00e1 el ciclo del Movimiento al Socialismo (MAS), Limpias record\u00f3 que <strong>la legitimidad de este mandato debe traducirse en firmeza<\/strong>, pero tambi\u00e9n en capacidad de pactar:<\/p>\n<p>\u201cRodrigo Paz habl\u00f3 de unidad y de dejar atr\u00e1s las diferencias. Si no logra generar un pacto pol\u00edtico amplio, no va a tener la fuerza para tomar las medidas que se necesitan.\u201d<\/p>\n<p>En cuanto al papel de Evo Morales, opin\u00f3 que <strong>\u201cel pa\u00eds ya no lo aguanta\u201d<\/strong> y que cualquier intento de desestabilizaci\u00f3n por su parte debe ser enfrentado con firmeza institucional.<\/p>\n<p>\u201cEl nuevo gobierno debe ser claro: Evo Morales tiene cuentas pendientes. Si no hay firmeza, va a aprovechar cualquier debilidad para volver\u201d, advirti\u00f3.<\/p>\n<p><strong>Efectos en el tablero local y departamental<\/strong><\/p>\n<p>Sobre las implicancias de este resultado en el plano Subnacional, el analista indic\u00f3 que <strong>la victoria de Rodrigo Paz podr\u00eda favorecer indirectamente al alcalde de Montero, Regyss Medina<\/strong>, ya que el voto opositor se dispersar\u00e1:<\/p>\n<p>\u201cEl bloque que apoy\u00f3 a Maicol Moreno con Tuto Quiroga qued\u00f3 sin estructura ni gobierno. Es probable que ese voto vuelva a Regys Medina. Mientras tanto, el frente que apoy\u00f3 a Rodrigo Paz podr\u00eda fragmentarse en al menos dos candidaturas\u201d, explic\u00f3.<\/p>\n<p>A nivel departamental, Limpias fue categ\u00f3rico: <strong>Luis Fernando Camacho no tiene rival s\u00f3lido en Santa Cruz<\/strong>, y anticip\u00f3 que, pese a su ausencia durante la campa\u00f1a presidencial, su liderazgo se mantiene vigente:<\/p>\n<p>\u201cLa gente todav\u00eda valora su rol en la resistencia y su tiempo en la c\u00e1rcel. Puede que no tenga el mismo caudal de votos que antes, pero es el favorito indiscutido para la gobernaci\u00f3n\u201d, asegur\u00f3.<\/p>\n<p><strong>En resumen<\/strong><\/p>\n<p>La victoria de Rodrigo Paz representa un nuevo ciclo pol\u00edtico en Bolivia, pero tambi\u00e9n inaugura una etapa de alt\u00edsimas expectativas sociales y presi\u00f3n econ\u00f3mica. Mientras tanto, en lo local, los movimientos hacia las elecciones Subnacionales ya se ponen en marcha, en un escenario de alta volatilidad pol\u00edtica.<\/p>\n<p>Orlando \u201cChiqui\u201d Limpias cerr\u00f3 el contacto con Wara Comunicaciones anticipando que <strong>la campa\u00f1a por las alcald\u00edas y gobernaciones ser\u00e1 incluso m\u00e1s intensa que la presidencial<\/strong>, debido a la cercan\u00eda con la poblaci\u00f3n y a los intereses en juego.<\/p><div style=\"margin-top: 0px; margin-bottom: 0px;\" class=\"sharethis-inline-reaction-buttons\" ><\/div>","protected":false},"excerpt":{"rendered":"<p>Montero, \u2013 En una jornada electoral que marc\u00f3 un punto de inflexi\u00f3n en la pol\u00edtica nacional, la victoria de Rodrigo Paz en la segunda vuelta presidencial ha generado un amplio an\u00e1lisis entre actores y analistas locales. Con un resultado sorpresivo en su diferencia \u2014m\u00e1s de 9 puntos sobre su contrincante Tuto Quiroga\u2014, el nuevo mandatario [&hellip;]<\/p>\n","protected":false},"author":1,"featured_media":0,"comment_status":"open","ping_status":"open","sticky":false,"template":"","format":"standard","meta":{"footnotes":""},"categories":[47],"tags":[233,153],"class_list":["post-905","post","type-post","status-publish","format-standard","hentry","category-politica-nacional","tag-nuevo-presidente","tag-rodrigo-paz"],"yoast_head":"<!-- This site is optimized with the Yoast SEO Premium plugin v25.5 (Yoast SEO v27.1.1) - https:\/\/yoast.com\/product\/yoast-seo-premium-wordpress\/ -->\n<title>\u00a0\u201cRodrigo Paz gana con holgura y redefine el mapa pol\u00edtico; analistas anticipan desaf\u00edos inmediatos\u201d - Wara Comunicaciones<\/title>\n<meta name=\"robots\" content=\"index, follow, max-snippet:-1, max-image-preview:large, max-video-preview:-1\" \/>\n<link rel=\"canonical\" href=\"https:\/\/waracomunicaciones.com\/?p=905\" \/>\n<meta property=\"og:locale\" content=\"es_ES\" \/>\n<meta property=\"og:type\" content=\"article\" \/>\n<meta property=\"og:title\" content=\"\u00a0\u201cRodrigo Paz gana con holgura y redefine el mapa pol\u00edtico; analistas anticipan desaf\u00edos inmediatos\u201d\" \/>\n<meta property=\"og:description\" content=\"Montero, \u2013 En una jornada electoral que marc\u00f3 un punto de inflexi\u00f3n en la pol\u00edtica nacional, la victoria de Rodrigo Paz en la segunda vuelta presidencial ha generado un amplio an\u00e1lisis entre actores y analistas locales. Con un resultado sorpresivo en su diferencia \u2014m\u00e1s de 9 puntos sobre su contrincante Tuto Quiroga\u2014, el nuevo mandatario [&hellip;]\" \/>\n<meta property=\"og:url\" content=\"https:\/\/waracomunicaciones.com\/?p=905\" \/>\n<meta property=\"og:site_name\" content=\"Wara Comunicaciones\" \/>\n<meta property=\"article:publisher\" content=\"https:\/\/www.facebook.com\/waracomunicaciones2017\" \/>\n<meta property=\"article:published_time\" content=\"2025-10-21T13:49:41+00:00\" \/>\n<meta property=\"article:modified_time\" content=\"2025-10-21T14:59:38+00:00\" \/>\n<meta property=\"og:image\" content=\"https:\/\/waracomunicaciones.com\/wp-content\/uploads\/2025\/10\/fsfsfs.webp\" \/>\n\t<meta property=\"og:image:width\" content=\"1000\" \/>\n\t<meta property=\"og:image:height\" content=\"563\" \/>\n\t<meta property=\"og:image:type\" content=\"image\/webp\" \/>\n<meta name=\"author\" content=\"admin\" \/>\n<meta name=\"twitter:card\" content=\"summary_large_image\" \/>\n<meta name=\"twitter:label1\" content=\"Escrito por\" \/>\n\t<meta name=\"twitter:data1\" content=\"admin\" \/>\n\t<meta name=\"twitter:label2\" content=\"Tiempo de lectura\" \/>\n\t<meta name=\"twitter:data2\" content=\"3 minutos\" \/>\n<script type=\"application\/ld+json\" class=\"yoast-schema-graph\">{\"@context\":\"https:\/\/schema.org\",\"@graph\":[{\"@type\":\"Article\",\"@id\":\"https:\/\/waracomunicaciones.com\/?p=905#article\",\"isPartOf\":{\"@id\":\"https:\/\/waracomunicaciones.com\/?p=905\"},\"author\":{\"name\":\"admin\",\"@id\":\"https:\/\/waracomunicaciones.com\/#\/schema\/person\/e9db934bc91575cc71fe584c5973244a\"},\"headline\":\"\u00a0\u201cRodrigo Paz gana con holgura y redefine el mapa pol\u00edtico; analistas anticipan desaf\u00edos inmediatos\u201d\",\"datePublished\":\"2025-10-21T13:49:41+00:00\",\"dateModified\":\"2025-10-21T14:59:38+00:00\",\"mainEntityOfPage\":{\"@id\":\"https:\/\/waracomunicaciones.com\/?p=905\"},\"wordCount\":613,\"commentCount\":0,\"publisher\":{\"@id\":\"https:\/\/waracomunicaciones.com\/#organization\"},\"image\":{\"@id\":\"https:\/\/waracomunicaciones.com\/?p=905#primaryimage\"},\"thumbnailUrl\":\"https:\/\/waracomunicaciones.com\/wp-content\/uploads\/2025\/10\/fsfsfs.webp\",\"keywords\":[\"Nuevo Presidente\",\"Rodrigo Paz\"],\"articleSection\":[\"Pol\u00edtica\"],\"inLanguage\":\"es\",\"potentialAction\":[{\"@type\":\"CommentAction\",\"name\":\"Comment\",\"target\":[\"https:\/\/waracomunicaciones.com\/?p=905#respond\"]}]},{\"@type\":\"WebPage\",\"@id\":\"https:\/\/waracomunicaciones.com\/?p=905\",\"url\":\"https:\/\/waracomunicaciones.com\/?p=905\",\"name\":\"\u00a0\u201cRodrigo Paz gana con holgura y redefine el mapa pol\u00edtico; analistas anticipan desaf\u00edos inmediatos\u201d - Wara Comunicaciones\",\"isPartOf\":{\"@id\":\"https:\/\/waracomunicaciones.com\/#website\"},\"primaryImageOfPage\":{\"@id\":\"https:\/\/waracomunicaciones.com\/?p=905#primaryimage\"},\"image\":{\"@id\":\"https:\/\/waracomunicaciones.com\/?p=905#primaryimage\"},\"thumbnailUrl\":\"https:\/\/waracomunicaciones.com\/wp-content\/uploads\/2025\/10\/fsfsfs.webp\",\"datePublished\":\"2025-10-21T13:49:41+00:00\",\"dateModified\":\"2025-10-21T14:59:38+00:00\",\"breadcrumb\":{\"@id\":\"https:\/\/waracomunicaciones.com\/?p=905#breadcrumb\"},\"inLanguage\":\"es\",\"potentialAction\":[{\"@type\":\"ReadAction\",\"target\":[\"https:\/\/waracomunicaciones.com\/?p=905\"]}]},{\"@type\":\"ImageObject\",\"inLanguage\":\"es\",\"@id\":\"https:\/\/waracomunicaciones.com\/?p=905#primaryimage\",\"url\":\"https:\/\/waracomunicaciones.com\/wp-content\/uploads\/2025\/10\/fsfsfs.webp\",\"contentUrl\":\"https:\/\/waracomunicaciones.com\/wp-content\/uploads\/2025\/10\/fsfsfs.webp\",\"width\":1000,\"height\":563},{\"@type\":\"BreadcrumbList\",\"@id\":\"https:\/\/waracomunicaciones.com\/?p=905#breadcrumb\",\"itemListElement\":[{\"@type\":\"ListItem\",\"position\":1,\"name\":\"Portada\",\"item\":\"https:\/\/waracomunicaciones.com\/\"},{\"@type\":\"ListItem\",\"position\":2,\"name\":\"\u00a0\u201cRodrigo Paz gana con holgura y redefine el mapa pol\u00edtico; analistas anticipan desaf\u00edos inmediatos\u201d\"}]},{\"@type\":\"WebSite\",\"@id\":\"https:\/\/waracomunicaciones.com\/#website\",\"url\":\"https:\/\/waracomunicaciones.com\/\",\"name\":\"Wara Comunicaciones\",\"description\":\"\",\"publisher\":{\"@id\":\"https:\/\/waracomunicaciones.com\/#organization\"},\"potentialAction\":[{\"@type\":\"SearchAction\",\"target\":{\"@type\":\"EntryPoint\",\"urlTemplate\":\"https:\/\/waracomunicaciones.com\/?s={search_term_string}\"},\"query-input\":{\"@type\":\"PropertyValueSpecification\",\"valueRequired\":true,\"valueName\":\"search_term_string\"}}],\"inLanguage\":\"es\"},{\"@type\":\"Organization\",\"@id\":\"https:\/\/waracomunicaciones.com\/#organization\",\"name\":\"Wara Comunicaciones\",\"url\":\"https:\/\/waracomunicaciones.com\/\",\"logo\":{\"@type\":\"ImageObject\",\"inLanguage\":\"es\",\"@id\":\"https:\/\/waracomunicaciones.com\/#\/schema\/logo\/image\/\",\"url\":\"https:\/\/waracomunicaciones.com\/wp-content\/uploads\/2025\/07\/logo.png\",\"contentUrl\":\"https:\/\/waracomunicaciones.com\/wp-content\/uploads\/2025\/07\/logo.png\",\"width\":400,\"height\":164,\"caption\":\"Wara Comunicaciones\"},\"image\":{\"@id\":\"https:\/\/waracomunicaciones.com\/#\/schema\/logo\/image\/\"},\"sameAs\":[\"https:\/\/www.facebook.com\/waracomunicaciones2017\"]},{\"@type\":\"Person\",\"@id\":\"https:\/\/waracomunicaciones.com\/#\/schema\/person\/e9db934bc91575cc71fe584c5973244a\",\"name\":\"admin\",\"image\":{\"@type\":\"ImageObject\",\"inLanguage\":\"es\",\"@id\":\"https:\/\/waracomunicaciones.com\/#\/schema\/person\/image\/\",\"url\":\"https:\/\/secure.gravatar.com\/avatar\/bf27e9186df568254093afa216f887fece17605302c6ff12f3980422fffa52e6?s=96&d=mm&r=g\",\"contentUrl\":\"https:\/\/secure.gravatar.com\/avatar\/bf27e9186df568254093afa216f887fece17605302c6ff12f3980422fffa52e6?s=96&d=mm&r=g\",\"caption\":\"admin\"},\"sameAs\":[\"https:\/\/waracomunicaciones.com\/wp\"],\"url\":\"https:\/\/waracomunicaciones.com\/?author=1\"}]}<\/script>\n<!-- \/ Yoast SEO Premium plugin. -->","yoast_head_json":{"title":"\u00a0\u201cRodrigo Paz gana con holgura y redefine el mapa pol\u00edtico; analistas anticipan desaf\u00edos inmediatos\u201d - Wara Comunicaciones","robots":{"index":"index","follow":"follow","max-snippet":"max-snippet:-1","max-image-preview":"max-image-preview:large","max-video-preview":"max-video-preview:-1"},"canonical":"https:\/\/waracomunicaciones.com\/?p=905","og_locale":"es_ES","og_type":"article","og_title":"\u00a0\u201cRodrigo Paz gana con holgura y redefine el mapa pol\u00edtico; analistas anticipan desaf\u00edos inmediatos\u201d","og_description":"Montero, \u2013 En una jornada electoral que marc\u00f3 un punto de inflexi\u00f3n en la pol\u00edtica nacional, la victoria de Rodrigo Paz en la segunda vuelta presidencial ha generado un amplio an\u00e1lisis entre actores y analistas locales. Con un resultado sorpresivo en su diferencia \u2014m\u00e1s de 9 puntos sobre su contrincante Tuto Quiroga\u2014, el nuevo mandatario [&hellip;]","og_url":"https:\/\/waracomunicaciones.com\/?p=905","og_site_name":"Wara Comunicaciones","article_publisher":"https:\/\/www.facebook.com\/waracomunicaciones2017","article_published_time":"2025-10-21T13:49:41+00:00","article_modified_time":"2025-10-21T14:59:38+00:00","og_image":[{"width":1000,"height":563,"url":"https:\/\/waracomunicaciones.com\/wp-content\/uploads\/2025\/10\/fsfsfs.webp","type":"image\/webp"}],"author":"admin","twitter_card":"summary_large_image","twitter_misc":{"Escrito por":"admin","Tiempo de lectura":"3 minutos"},"schema":{"@context":"https:\/\/schema.org","@graph":[{"@type":"Article","@id":"https:\/\/waracomunicaciones.com\/?p=905#article","isPartOf":{"@id":"https:\/\/waracomunicaciones.com\/?p=905"},"author":{"name":"admin","@id":"https:\/\/waracomunicaciones.com\/#\/schema\/person\/e9db934bc91575cc71fe584c5973244a"},"headline":"\u00a0\u201cRodrigo Paz gana con holgura y redefine el mapa pol\u00edtico; analistas anticipan desaf\u00edos inmediatos\u201d","datePublished":"2025-10-21T13:49:41+00:00","dateModified":"2025-10-21T14:59:38+00:00","mainEntityOfPage":{"@id":"https:\/\/waracomunicaciones.com\/?p=905"},"wordCount":613,"commentCount":0,"publisher":{"@id":"https:\/\/waracomunicaciones.com\/#organization"},"image":{"@id":"https:\/\/waracomunicaciones.com\/?p=905#primaryimage"},"thumbnailUrl":"https:\/\/waracomunicaciones.com\/wp-content\/uploads\/2025\/10\/fsfsfs.webp","keywords":["Nuevo Presidente","Rodrigo Paz"],"articleSection":["Pol\u00edtica"],"inLanguage":"es","potentialAction":[{"@type":"CommentAction","name":"Comment","target":["https:\/\/waracomunicaciones.com\/?p=905#respond"]}]},{"@type":"WebPage","@id":"https:\/\/waracomunicaciones.com\/?p=905","url":"https:\/\/waracomunicaciones.com\/?p=905","name":"\u00a0\u201cRodrigo Paz gana con holgura y redefine el mapa pol\u00edtico; analistas anticipan desaf\u00edos inmediatos\u201d - Wara Comunicaciones","isPartOf":{"@id":"https:\/\/waracomunicaciones.com\/#website"},"primaryImageOfPage":{"@id":"https:\/\/waracomunicaciones.com\/?p=905#primaryimage"},"image":{"@id":"https:\/\/waracomunicaciones.com\/?p=905#primaryimage"},"thumbnailUrl":"https:\/\/waracomunicaciones.com\/wp-content\/uploads\/2025\/10\/fsfsfs.webp","datePublished":"2025-10-21T13:49:41+00:00","dateModified":"2025-10-21T14:59:38+00:00","breadcrumb":{"@id":"https:\/\/waracomunicaciones.com\/?p=905#breadcrumb"},"inLanguage":"es","potentialAction":[{"@type":"ReadAction","target":["https:\/\/waracomunicaciones.com\/?p=905"]}]},{"@type":"ImageObject","inLanguage":"es","@id":"https:\/\/waracomunicaciones.com\/?p=905#primaryimage","url":"https:\/\/waracomunicaciones.com\/wp-content\/uploads\/2025\/10\/fsfsfs.webp","contentUrl":"https:\/\/waracomunicaciones.com\/wp-content\/uploads\/2025\/10\/fsfsfs.webp","width":1000,"height":563},{"@type":"BreadcrumbList","@id":"https:\/\/waracomunicaciones.com\/?p=905#breadcrumb","itemListElement":[{"@type":"ListItem","position":1,"name":"Portada","item":"https:\/\/waracomunicaciones.com\/"},{"@type":"ListItem","position":2,"name":"\u00a0\u201cRodrigo Paz gana con holgura y redefine el mapa pol\u00edtico; analistas anticipan desaf\u00edos inmediatos\u201d"}]},{"@type":"WebSite","@id":"https:\/\/waracomunicaciones.com\/#website","url":"https:\/\/waracomunicaciones.com\/","name":"Wara Comunicaciones","description":"","publisher":{"@id":"https:\/\/waracomunicaciones.com\/#organization"},"potentialAction":[{"@type":"SearchAction","target":{"@type":"EntryPoint","urlTemplate":"https:\/\/waracomunicaciones.com\/?s={search_term_string}"},"query-input":{"@type":"PropertyValueSpecification","valueRequired":true,"valueName":"search_term_string"}}],"inLanguage":"es"},{"@type":"Organization","@id":"https:\/\/waracomunicaciones.com\/#organization","name":"Wara Comunicaciones","url":"https:\/\/waracomunicaciones.com\/","logo":{"@type":"ImageObject","inLanguage":"es","@id":"https:\/\/waracomunicaciones.com\/#\/schema\/logo\/image\/","url":"https:\/\/waracomunicaciones.com\/wp-content\/uploads\/2025\/07\/logo.png","contentUrl":"https:\/\/waracomunicaciones.com\/wp-content\/uploads\/2025\/07\/logo.png","width":400,"height":164,"caption":"Wara Comunicaciones"},"image":{"@id":"https:\/\/waracomunicaciones.com\/#\/schema\/logo\/image\/"},"sameAs":["https:\/\/www.facebook.com\/waracomunicaciones2017"]},{"@type":"Person","@id":"https:\/\/waracomunicaciones.com\/#\/schema\/person\/e9db934bc91575cc71fe584c5973244a","name":"admin","image":{"@type":"ImageObject","inLanguage":"es","@id":"https:\/\/waracomunicaciones.com\/#\/schema\/person\/image\/","url":"https:\/\/secure.gravatar.com\/avatar\/bf27e9186df568254093afa216f887fece17605302c6ff12f3980422fffa52e6?s=96&d=mm&r=g","contentUrl":"https:\/\/secure.gravatar.com\/avatar\/bf27e9186df568254093afa216f887fece17605302c6ff12f3980422fffa52e6?s=96&d=mm&r=g","caption":"admin"},"sameAs":["https:\/\/waracomunicaciones.com\/wp"],"url":"https:\/\/waracomunicaciones.com\/?author=1"}]}},"_links":{"self":[{"href":"https:\/\/waracomunicaciones.com\/index.php?rest_route=\/wp\/v2\/posts\/905","targetHints":{"allow":["GET"]}}],"collection":[{"href":"https:\/\/waracomunicaciones.com\/index.php?rest_route=\/wp\/v2\/posts"}],"about":[{"href":"https:\/\/waracomunicaciones.com\/index.php?rest_route=\/wp\/v2\/types\/post"}],"author":[{"embeddable":true,"href":"https:\/\/waracomunicaciones.com\/index.php?rest_route=\/wp\/v2\/users\/1"}],"replies":[{"embeddable":true,"href":"https:\/\/waracomunicaciones.com\/index.php?rest_route=%2Fwp%2Fv2%2Fcomments&post=905"}],"version-history":[{"count":2,"href":"https:\/\/waracomunicaciones.com\/index.php?rest_route=\/wp\/v2\/posts\/905\/revisions"}],"predecessor-version":[{"id":913,"href":"https:\/\/waracomunicaciones.com\/index.php?rest_route=\/wp\/v2\/posts\/905\/revisions\/913"}],"wp:attachment":[{"href":"https:\/\/waracomunicaciones.com\/index.php?rest_route=%2Fwp%2Fv2%2Fmedia&parent=905"}],"wp:term":[{"taxonomy":"category","embeddable":true,"href":"https:\/\/waracomunicaciones.com\/index.php?rest_route=%2Fwp%2Fv2%2Fcategories&post=905"},{"taxonomy":"post_tag","embeddable":true,"href":"https:\/\/waracomunicaciones.com\/index.php?rest_route=%2Fwp%2Fv2%2Ftags&post=905"}],"curies":[{"name":"wp","href":"https:\/\/api.w.org\/{rel}","templated":true}]}}