{"id":902,"date":"2025-10-21T09:43:27","date_gmt":"2025-10-21T13:43:27","guid":{"rendered":"https:\/\/waracomunicaciones.com\/?p=902"},"modified":"2025-10-21T09:43:29","modified_gmt":"2025-10-21T13:43:29","slug":"miguel-angel-hurtado-celebra-la-victoria-de-rodrigo-paz-y-llama-a-dejar-atras-la-confrontacion","status":"publish","type":"post","link":"https:\/\/waracomunicaciones.com\/?p=902","title":{"rendered":"Miguel \u00c1ngel Hurtado celebra la victoria de Rodrigo Paz y llama a dejar atr\u00e1s la confrontaci\u00f3n"},"content":{"rendered":"\n<figure class=\"wp-block-image size-full\"><img loading=\"lazy\" decoding=\"async\" width=\"1000\" height=\"659\" src=\"https:\/\/waracomunicaciones.com\/wp-content\/uploads\/2025\/10\/ggffg-1.webp\" alt=\"\" class=\"wp-image-903\" srcset=\"https:\/\/waracomunicaciones.com\/wp-content\/uploads\/2025\/10\/ggffg-1.webp 1000w, https:\/\/waracomunicaciones.com\/wp-content\/uploads\/2025\/10\/ggffg-1-300x198.webp 300w, https:\/\/waracomunicaciones.com\/wp-content\/uploads\/2025\/10\/ggffg-1-768x506.webp 768w\" sizes=\"auto, (max-width: 1000px) 100vw, 1000px\" \/><\/figure>\n\n\n<p><em>Montero, &#8211; <\/em>El exalcalde y dirigente pol\u00edtico Miguel \u00c1ngel Hurtado, conocido popularmente como <em>Jichi<\/em>, expres\u00f3 su satisfacci\u00f3n tras los resultados de la reciente elecci\u00f3n presidencial en Bolivia, que dio la victoria a Rodrigo Paz Edman Lara. En una entrevista con el Director de Wara Comunicaciones Tom\u00e1s Coca, Hurtado destac\u00f3 la esperanza que despierta el nuevo gobierno y la necesidad urgente de dejar atr\u00e1s la confrontaci\u00f3n pol\u00edtica.<\/p>\n<p>\u201cEstamos bien contentos con los resultados\u201d, afirm\u00f3 Hurtado, quien respald\u00f3 la candidatura de Paz. Se\u00f1al\u00f3 que el triunfo representa no solo una elecci\u00f3n a favor de un liderazgo renovado, sino tambi\u00e9n el fin de una campa\u00f1a electoral marcada por la \u201ccochinera\u201d, ataques personales y una creciente polarizaci\u00f3n. \u201cOjal\u00e1 que esos efectos pasen lo m\u00e1s antes posible\u201d, a\u00f1adi\u00f3.<\/p>\n<p>El exalcalde enfatiz\u00f3 que el pa\u00eds necesita un liderazgo firme, que gobierne para todos los bolivianos, sin exclusiones, y con un enfoque en resolver la crisis econ\u00f3mica que atraviesa Bolivia. \u201cLa econom\u00eda se est\u00e1 derritiendo\u201d, dijo, criticando la falta de acci\u00f3n del presidente saliente, Luis Arce, a quien calific\u00f3 de \u201ctimorato\u201d.<\/p>\n<p>Hurtado tambi\u00e9n respondi\u00f3 a recientes declaraciones del expresidente Evo Morales, quien afirm\u00f3 que el voto a favor de Paz no representa un \u201ccheque en blanco\u201d y advirti\u00f3 que el nuevo gobierno no debe destruir el Estado Plurinacional ni aplicar medidas neoliberales. \u201cNo sab\u00eda que el pueblo ten\u00eda due\u00f1o\u201d, replic\u00f3 Jichi, subrayando que los sectores que en su momento apoyaron a Evo tambi\u00e9n esperan ahora un liderazgo que una y no divida.<\/p>\n<p>En relaci\u00f3n a los desaf\u00edos que enfrentar\u00e1 Rodrigo Paz, Hurtado mencion\u00f3 que el gobierno deber\u00e1 tomar decisiones graduales pero firmes, especialmente en lo econ\u00f3mico. Tambi\u00e9n se refiri\u00f3 a la necesidad de garantizar el abastecimiento de combustible, fomentar el trabajo y dejar atr\u00e1s la cultura del bloqueo. \u201cNo es con paro, es con trabajo como se saca adelante al pa\u00eds\u201d, declar\u00f3.<\/p>\n<p>Respecto a posibles designaciones dentro del nuevo gobierno, fue claro al se\u00f1alar que \u201clos dirigentes del MAS no tienen cabida en la nueva gesti\u00f3n\u201d. A\u00f1adi\u00f3 que una de las premisas del nuevo mandatario es cumplir con sus promesas y evitar que exfuncionarios vinculados a anteriores gestiones ocupen cargos de poder.<\/p>\n<p>Al abordar el panorama pol\u00edtico Subnacional, Hurtado descart\u00f3 cualquier v\u00ednculo entre el alcalde de Montero, Regys Medina, y la campa\u00f1a de Rodrigo Paz. \u201cNo hubo ning\u00fan trato ni apoyo estructurado desde la alcald\u00eda de Montero\u201d, afirm\u00f3, desmintiendo rumores que circularon durante la campa\u00f1a.<\/p>\n<p>Finalmente, hizo un llamado a la responsabilidad democr\u00e1tica tras los comicios. \u201cEsperemos que la gente sepa perder. Hacer llamados a la resistencia sin pruebas claras de fraude es una irresponsabilidad\u201d, advirti\u00f3. Concluy\u00f3 destacando que el nuevo gobierno debe actuar como \u201cun padre que gobierna para todos sus hijos\u201d.<\/p>\n<p>La entrevista cerr\u00f3 con un mensaje de optimismo: \u201cTenemos que dejar los enfrentamientos y construir el pa\u00eds entre todos. Esa es la verdadera tarea que comienza hoy\u201d.<\/p><div style=\"margin-top: 0px; margin-bottom: 0px;\" class=\"sharethis-inline-reaction-buttons\" ><\/div>","protected":false},"excerpt":{"rendered":"<p>Montero, &#8211; El exalcalde y dirigente pol\u00edtico Miguel \u00c1ngel Hurtado, conocido popularmente como Jichi, expres\u00f3 su satisfacci\u00f3n tras los resultados de la reciente elecci\u00f3n presidencial en Bolivia, que dio la victoria a Rodrigo Paz Edman Lara. En una entrevista con el Director de Wara Comunicaciones Tom\u00e1s Coca, Hurtado destac\u00f3 la esperanza que despierta el nuevo [&hellip;]<\/p>\n","protected":false},"author":1,"featured_media":0,"comment_status":"open","ping_status":"open","sticky":false,"template":"","format":"standard","meta":{"footnotes":""},"categories":[42],"tags":[166,152,153],"class_list":["post-902","post","type-post","status-publish","format-standard","hentry","category-politica","tag-balotaje","tag-miguel-angel-hurtado","tag-rodrigo-paz"],"yoast_head":"<!-- This site is optimized with the Yoast SEO Premium plugin v25.5 (Yoast SEO v27.1.1) - https:\/\/yoast.com\/product\/yoast-seo-premium-wordpress\/ -->\n<title>Miguel \u00c1ngel Hurtado celebra la victoria de Rodrigo Paz y llama a dejar atr\u00e1s la confrontaci\u00f3n - Wara Comunicaciones<\/title>\n<meta name=\"robots\" content=\"index, follow, max-snippet:-1, max-image-preview:large, max-video-preview:-1\" \/>\n<link rel=\"canonical\" href=\"https:\/\/waracomunicaciones.com\/?p=902\" \/>\n<meta property=\"og:locale\" content=\"es_ES\" \/>\n<meta property=\"og:type\" content=\"article\" \/>\n<meta property=\"og:title\" content=\"Miguel \u00c1ngel Hurtado celebra la victoria de Rodrigo Paz y llama a dejar atr\u00e1s la confrontaci\u00f3n\" \/>\n<meta property=\"og:description\" content=\"Montero, &#8211; El exalcalde y dirigente pol\u00edtico Miguel \u00c1ngel Hurtado, conocido popularmente como Jichi, expres\u00f3 su satisfacci\u00f3n tras los resultados de la reciente elecci\u00f3n presidencial en Bolivia, que dio la victoria a Rodrigo Paz Edman Lara. En una entrevista con el Director de Wara Comunicaciones Tom\u00e1s Coca, Hurtado destac\u00f3 la esperanza que despierta el nuevo [&hellip;]\" \/>\n<meta property=\"og:url\" content=\"https:\/\/waracomunicaciones.com\/?p=902\" \/>\n<meta property=\"og:site_name\" content=\"Wara Comunicaciones\" \/>\n<meta property=\"article:publisher\" content=\"https:\/\/www.facebook.com\/waracomunicaciones2017\" \/>\n<meta property=\"article:published_time\" content=\"2025-10-21T13:43:27+00:00\" \/>\n<meta property=\"article:modified_time\" content=\"2025-10-21T13:43:29+00:00\" \/>\n<meta property=\"og:image\" content=\"https:\/\/waracomunicaciones.com\/wp-content\/uploads\/2025\/10\/ggffg-1.webp\" \/>\n\t<meta property=\"og:image:width\" content=\"1000\" \/>\n\t<meta property=\"og:image:height\" content=\"659\" \/>\n\t<meta property=\"og:image:type\" content=\"image\/webp\" \/>\n<meta name=\"author\" content=\"admin\" \/>\n<meta name=\"twitter:card\" content=\"summary_large_image\" \/>\n<meta name=\"twitter:label1\" content=\"Escrito por\" \/>\n\t<meta name=\"twitter:data1\" content=\"admin\" \/>\n\t<meta name=\"twitter:label2\" content=\"Tiempo de lectura\" \/>\n\t<meta name=\"twitter:data2\" content=\"3 minutos\" \/>\n<script type=\"application\/ld+json\" class=\"yoast-schema-graph\">{\"@context\":\"https:\/\/schema.org\",\"@graph\":[{\"@type\":\"Article\",\"@id\":\"https:\/\/waracomunicaciones.com\/?p=902#article\",\"isPartOf\":{\"@id\":\"https:\/\/waracomunicaciones.com\/?p=902\"},\"author\":{\"name\":\"admin\",\"@id\":\"https:\/\/waracomunicaciones.com\/#\/schema\/person\/e9db934bc91575cc71fe584c5973244a\"},\"headline\":\"Miguel \u00c1ngel Hurtado celebra la victoria de Rodrigo Paz y llama a dejar atr\u00e1s la confrontaci\u00f3n\",\"datePublished\":\"2025-10-21T13:43:27+00:00\",\"dateModified\":\"2025-10-21T13:43:29+00:00\",\"mainEntityOfPage\":{\"@id\":\"https:\/\/waracomunicaciones.com\/?p=902\"},\"wordCount\":531,\"commentCount\":0,\"publisher\":{\"@id\":\"https:\/\/waracomunicaciones.com\/#organization\"},\"image\":{\"@id\":\"https:\/\/waracomunicaciones.com\/?p=902#primaryimage\"},\"thumbnailUrl\":\"https:\/\/waracomunicaciones.com\/wp-content\/uploads\/2025\/10\/ggffg-1.webp\",\"keywords\":[\"Balotaje\",\"Miguel \u00c1ngel Hurtado\",\"Rodrigo Paz\"],\"articleSection\":[\"Pol\u00edtica\"],\"inLanguage\":\"es\",\"potentialAction\":[{\"@type\":\"CommentAction\",\"name\":\"Comment\",\"target\":[\"https:\/\/waracomunicaciones.com\/?p=902#respond\"]}]},{\"@type\":\"WebPage\",\"@id\":\"https:\/\/waracomunicaciones.com\/?p=902\",\"url\":\"https:\/\/waracomunicaciones.com\/?p=902\",\"name\":\"Miguel \u00c1ngel Hurtado celebra la victoria de Rodrigo Paz y llama a dejar atr\u00e1s la confrontaci\u00f3n - Wara Comunicaciones\",\"isPartOf\":{\"@id\":\"https:\/\/waracomunicaciones.com\/#website\"},\"primaryImageOfPage\":{\"@id\":\"https:\/\/waracomunicaciones.com\/?p=902#primaryimage\"},\"image\":{\"@id\":\"https:\/\/waracomunicaciones.com\/?p=902#primaryimage\"},\"thumbnailUrl\":\"https:\/\/waracomunicaciones.com\/wp-content\/uploads\/2025\/10\/ggffg-1.webp\",\"datePublished\":\"2025-10-21T13:43:27+00:00\",\"dateModified\":\"2025-10-21T13:43:29+00:00\",\"breadcrumb\":{\"@id\":\"https:\/\/waracomunicaciones.com\/?p=902#breadcrumb\"},\"inLanguage\":\"es\",\"potentialAction\":[{\"@type\":\"ReadAction\",\"target\":[\"https:\/\/waracomunicaciones.com\/?p=902\"]}]},{\"@type\":\"ImageObject\",\"inLanguage\":\"es\",\"@id\":\"https:\/\/waracomunicaciones.com\/?p=902#primaryimage\",\"url\":\"https:\/\/waracomunicaciones.com\/wp-content\/uploads\/2025\/10\/ggffg-1.webp\",\"contentUrl\":\"https:\/\/waracomunicaciones.com\/wp-content\/uploads\/2025\/10\/ggffg-1.webp\",\"width\":1000,\"height\":659},{\"@type\":\"BreadcrumbList\",\"@id\":\"https:\/\/waracomunicaciones.com\/?p=902#breadcrumb\",\"itemListElement\":[{\"@type\":\"ListItem\",\"position\":1,\"name\":\"Portada\",\"item\":\"https:\/\/waracomunicaciones.com\/\"},{\"@type\":\"ListItem\",\"position\":2,\"name\":\"Miguel \u00c1ngel Hurtado celebra la victoria de Rodrigo Paz y llama a dejar atr\u00e1s la confrontaci\u00f3n\"}]},{\"@type\":\"WebSite\",\"@id\":\"https:\/\/waracomunicaciones.com\/#website\",\"url\":\"https:\/\/waracomunicaciones.com\/\",\"name\":\"Wara Comunicaciones\",\"description\":\"\",\"publisher\":{\"@id\":\"https:\/\/waracomunicaciones.com\/#organization\"},\"potentialAction\":[{\"@type\":\"SearchAction\",\"target\":{\"@type\":\"EntryPoint\",\"urlTemplate\":\"https:\/\/waracomunicaciones.com\/?s={search_term_string}\"},\"query-input\":{\"@type\":\"PropertyValueSpecification\",\"valueRequired\":true,\"valueName\":\"search_term_string\"}}],\"inLanguage\":\"es\"},{\"@type\":\"Organization\",\"@id\":\"https:\/\/waracomunicaciones.com\/#organization\",\"name\":\"Wara Comunicaciones\",\"url\":\"https:\/\/waracomunicaciones.com\/\",\"logo\":{\"@type\":\"ImageObject\",\"inLanguage\":\"es\",\"@id\":\"https:\/\/waracomunicaciones.com\/#\/schema\/logo\/image\/\",\"url\":\"https:\/\/waracomunicaciones.com\/wp-content\/uploads\/2025\/07\/logo.png\",\"contentUrl\":\"https:\/\/waracomunicaciones.com\/wp-content\/uploads\/2025\/07\/logo.png\",\"width\":400,\"height\":164,\"caption\":\"Wara Comunicaciones\"},\"image\":{\"@id\":\"https:\/\/waracomunicaciones.com\/#\/schema\/logo\/image\/\"},\"sameAs\":[\"https:\/\/www.facebook.com\/waracomunicaciones2017\"]},{\"@type\":\"Person\",\"@id\":\"https:\/\/waracomunicaciones.com\/#\/schema\/person\/e9db934bc91575cc71fe584c5973244a\",\"name\":\"admin\",\"image\":{\"@type\":\"ImageObject\",\"inLanguage\":\"es\",\"@id\":\"https:\/\/waracomunicaciones.com\/#\/schema\/person\/image\/\",\"url\":\"https:\/\/secure.gravatar.com\/avatar\/bf27e9186df568254093afa216f887fece17605302c6ff12f3980422fffa52e6?s=96&d=mm&r=g\",\"contentUrl\":\"https:\/\/secure.gravatar.com\/avatar\/bf27e9186df568254093afa216f887fece17605302c6ff12f3980422fffa52e6?s=96&d=mm&r=g\",\"caption\":\"admin\"},\"sameAs\":[\"https:\/\/waracomunicaciones.com\/wp\"],\"url\":\"https:\/\/waracomunicaciones.com\/?author=1\"}]}<\/script>\n<!-- \/ Yoast SEO Premium plugin. -->","yoast_head_json":{"title":"Miguel \u00c1ngel Hurtado celebra la victoria de Rodrigo Paz y llama a dejar atr\u00e1s la confrontaci\u00f3n - Wara Comunicaciones","robots":{"index":"index","follow":"follow","max-snippet":"max-snippet:-1","max-image-preview":"max-image-preview:large","max-video-preview":"max-video-preview:-1"},"canonical":"https:\/\/waracomunicaciones.com\/?p=902","og_locale":"es_ES","og_type":"article","og_title":"Miguel \u00c1ngel Hurtado celebra la victoria de Rodrigo Paz y llama a dejar atr\u00e1s la confrontaci\u00f3n","og_description":"Montero, &#8211; El exalcalde y dirigente pol\u00edtico Miguel \u00c1ngel Hurtado, conocido popularmente como Jichi, expres\u00f3 su satisfacci\u00f3n tras los resultados de la reciente elecci\u00f3n presidencial en Bolivia, que dio la victoria a Rodrigo Paz Edman Lara. En una entrevista con el Director de Wara Comunicaciones Tom\u00e1s Coca, Hurtado destac\u00f3 la esperanza que despierta el nuevo [&hellip;]","og_url":"https:\/\/waracomunicaciones.com\/?p=902","og_site_name":"Wara Comunicaciones","article_publisher":"https:\/\/www.facebook.com\/waracomunicaciones2017","article_published_time":"2025-10-21T13:43:27+00:00","article_modified_time":"2025-10-21T13:43:29+00:00","og_image":[{"width":1000,"height":659,"url":"https:\/\/waracomunicaciones.com\/wp-content\/uploads\/2025\/10\/ggffg-1.webp","type":"image\/webp"}],"author":"admin","twitter_card":"summary_large_image","twitter_misc":{"Escrito por":"admin","Tiempo de lectura":"3 minutos"},"schema":{"@context":"https:\/\/schema.org","@graph":[{"@type":"Article","@id":"https:\/\/waracomunicaciones.com\/?p=902#article","isPartOf":{"@id":"https:\/\/waracomunicaciones.com\/?p=902"},"author":{"name":"admin","@id":"https:\/\/waracomunicaciones.com\/#\/schema\/person\/e9db934bc91575cc71fe584c5973244a"},"headline":"Miguel \u00c1ngel Hurtado celebra la victoria de Rodrigo Paz y llama a dejar atr\u00e1s la confrontaci\u00f3n","datePublished":"2025-10-21T13:43:27+00:00","dateModified":"2025-10-21T13:43:29+00:00","mainEntityOfPage":{"@id":"https:\/\/waracomunicaciones.com\/?p=902"},"wordCount":531,"commentCount":0,"publisher":{"@id":"https:\/\/waracomunicaciones.com\/#organization"},"image":{"@id":"https:\/\/waracomunicaciones.com\/?p=902#primaryimage"},"thumbnailUrl":"https:\/\/waracomunicaciones.com\/wp-content\/uploads\/2025\/10\/ggffg-1.webp","keywords":["Balotaje","Miguel \u00c1ngel Hurtado","Rodrigo Paz"],"articleSection":["Pol\u00edtica"],"inLanguage":"es","potentialAction":[{"@type":"CommentAction","name":"Comment","target":["https:\/\/waracomunicaciones.com\/?p=902#respond"]}]},{"@type":"WebPage","@id":"https:\/\/waracomunicaciones.com\/?p=902","url":"https:\/\/waracomunicaciones.com\/?p=902","name":"Miguel \u00c1ngel Hurtado celebra la victoria de Rodrigo Paz y llama a dejar atr\u00e1s la confrontaci\u00f3n - Wara Comunicaciones","isPartOf":{"@id":"https:\/\/waracomunicaciones.com\/#website"},"primaryImageOfPage":{"@id":"https:\/\/waracomunicaciones.com\/?p=902#primaryimage"},"image":{"@id":"https:\/\/waracomunicaciones.com\/?p=902#primaryimage"},"thumbnailUrl":"https:\/\/waracomunicaciones.com\/wp-content\/uploads\/2025\/10\/ggffg-1.webp","datePublished":"2025-10-21T13:43:27+00:00","dateModified":"2025-10-21T13:43:29+00:00","breadcrumb":{"@id":"https:\/\/waracomunicaciones.com\/?p=902#breadcrumb"},"inLanguage":"es","potentialAction":[{"@type":"ReadAction","target":["https:\/\/waracomunicaciones.com\/?p=902"]}]},{"@type":"ImageObject","inLanguage":"es","@id":"https:\/\/waracomunicaciones.com\/?p=902#primaryimage","url":"https:\/\/waracomunicaciones.com\/wp-content\/uploads\/2025\/10\/ggffg-1.webp","contentUrl":"https:\/\/waracomunicaciones.com\/wp-content\/uploads\/2025\/10\/ggffg-1.webp","width":1000,"height":659},{"@type":"BreadcrumbList","@id":"https:\/\/waracomunicaciones.com\/?p=902#breadcrumb","itemListElement":[{"@type":"ListItem","position":1,"name":"Portada","item":"https:\/\/waracomunicaciones.com\/"},{"@type":"ListItem","position":2,"name":"Miguel \u00c1ngel Hurtado celebra la victoria de Rodrigo Paz y llama a dejar atr\u00e1s la confrontaci\u00f3n"}]},{"@type":"WebSite","@id":"https:\/\/waracomunicaciones.com\/#website","url":"https:\/\/waracomunicaciones.com\/","name":"Wara Comunicaciones","description":"","publisher":{"@id":"https:\/\/waracomunicaciones.com\/#organization"},"potentialAction":[{"@type":"SearchAction","target":{"@type":"EntryPoint","urlTemplate":"https:\/\/waracomunicaciones.com\/?s={search_term_string}"},"query-input":{"@type":"PropertyValueSpecification","valueRequired":true,"valueName":"search_term_string"}}],"inLanguage":"es"},{"@type":"Organization","@id":"https:\/\/waracomunicaciones.com\/#organization","name":"Wara Comunicaciones","url":"https:\/\/waracomunicaciones.com\/","logo":{"@type":"ImageObject","inLanguage":"es","@id":"https:\/\/waracomunicaciones.com\/#\/schema\/logo\/image\/","url":"https:\/\/waracomunicaciones.com\/wp-content\/uploads\/2025\/07\/logo.png","contentUrl":"https:\/\/waracomunicaciones.com\/wp-content\/uploads\/2025\/07\/logo.png","width":400,"height":164,"caption":"Wara Comunicaciones"},"image":{"@id":"https:\/\/waracomunicaciones.com\/#\/schema\/logo\/image\/"},"sameAs":["https:\/\/www.facebook.com\/waracomunicaciones2017"]},{"@type":"Person","@id":"https:\/\/waracomunicaciones.com\/#\/schema\/person\/e9db934bc91575cc71fe584c5973244a","name":"admin","image":{"@type":"ImageObject","inLanguage":"es","@id":"https:\/\/waracomunicaciones.com\/#\/schema\/person\/image\/","url":"https:\/\/secure.gravatar.com\/avatar\/bf27e9186df568254093afa216f887fece17605302c6ff12f3980422fffa52e6?s=96&d=mm&r=g","contentUrl":"https:\/\/secure.gravatar.com\/avatar\/bf27e9186df568254093afa216f887fece17605302c6ff12f3980422fffa52e6?s=96&d=mm&r=g","caption":"admin"},"sameAs":["https:\/\/waracomunicaciones.com\/wp"],"url":"https:\/\/waracomunicaciones.com\/?author=1"}]}},"_links":{"self":[{"href":"https:\/\/waracomunicaciones.com\/index.php?rest_route=\/wp\/v2\/posts\/902","targetHints":{"allow":["GET"]}}],"collection":[{"href":"https:\/\/waracomunicaciones.com\/index.php?rest_route=\/wp\/v2\/posts"}],"about":[{"href":"https:\/\/waracomunicaciones.com\/index.php?rest_route=\/wp\/v2\/types\/post"}],"author":[{"embeddable":true,"href":"https:\/\/waracomunicaciones.com\/index.php?rest_route=\/wp\/v2\/users\/1"}],"replies":[{"embeddable":true,"href":"https:\/\/waracomunicaciones.com\/index.php?rest_route=%2Fwp%2Fv2%2Fcomments&post=902"}],"version-history":[{"count":1,"href":"https:\/\/waracomunicaciones.com\/index.php?rest_route=\/wp\/v2\/posts\/902\/revisions"}],"predecessor-version":[{"id":904,"href":"https:\/\/waracomunicaciones.com\/index.php?rest_route=\/wp\/v2\/posts\/902\/revisions\/904"}],"wp:attachment":[{"href":"https:\/\/waracomunicaciones.com\/index.php?rest_route=%2Fwp%2Fv2%2Fmedia&parent=902"}],"wp:term":[{"taxonomy":"category","embeddable":true,"href":"https:\/\/waracomunicaciones.com\/index.php?rest_route=%2Fwp%2Fv2%2Fcategories&post=902"},{"taxonomy":"post_tag","embeddable":true,"href":"https:\/\/waracomunicaciones.com\/index.php?rest_route=%2Fwp%2Fv2%2Ftags&post=902"}],"curies":[{"name":"wp","href":"https:\/\/api.w.org\/{rel}","templated":true}]}}