{"id":90,"date":"2025-07-19T12:43:57","date_gmt":"2025-07-19T16:43:57","guid":{"rendered":"https:\/\/waracomunicaciones.com\/wp\/?p=90"},"modified":"2025-07-24T01:36:21","modified_gmt":"2025-07-24T05:36:21","slug":"maico-walter-moreno-vaca-se-presenta-como-opcion-joven-y-con-experiencia-para-representar-a-montero","status":"publish","type":"post","link":"https:\/\/waracomunicaciones.com\/?p=90","title":{"rendered":"Maico Walter Moreno Vaca se presenta como opci\u00f3n joven y con experiencia para representar a Montero"},"content":{"rendered":"\n<figure class=\"wp-block-image size-full\"><img loading=\"lazy\" decoding=\"async\" width=\"750\" height=\"750\" src=\"https:\/\/waracomunicaciones.com\/wp\/wp-content\/uploads\/2025\/07\/maico.webp\" alt=\"\" class=\"wp-image-91\" srcset=\"https:\/\/waracomunicaciones.com\/wp-content\/uploads\/2025\/07\/maico.webp 750w, https:\/\/waracomunicaciones.com\/wp-content\/uploads\/2025\/07\/maico-300x300.webp 300w, https:\/\/waracomunicaciones.com\/wp-content\/uploads\/2025\/07\/maico-150x150.webp 150w\" sizes=\"auto, (max-width: 750px) 100vw, 750px\" \/><figcaption class=\"wp-element-caption\">Maico Moreno Vaca &#8211; Foto Facebook<\/figcaption><\/figure>\n\n\n<div class=\"itemIntroText\">\n<p><em><i>Montero,\u00a0<\/i><\/em>\u2014 En entrevista,\u00a0<strong><b>Maico Walter Moreno Vaca<\/b><\/strong>\u00a0comparti\u00f3 su historia de vida, trayectoria profesional y visi\u00f3n pol\u00edtica, destac\u00e1ndose como una figura joven pero con experiencia y convicciones firmes.<\/p>\n<\/div>\n<p><!--more--><\/p>\n<div class=\"itemFullText\">\n<p>\u201c<strong><b>Tengo 41 a\u00f1os, soy padre de familia, abogado de profesi\u00f3n y profundamente montere\u00f1o<\/b><\/strong>\u201d.\u00a0<strong><b>Su trayectoria profesional<\/b><\/strong>\u00a0comenz\u00f3 en la\u00a0<strong><b>Defensor\u00eda de la Ni\u00f1ez<\/b><\/strong>\u00a0en Montero. Posteriormente, se incorpor\u00f3 al\u00a0<strong><b>Poder Judicial<\/b><\/strong>, desempe\u00f1\u00e1ndose como actuario secretario, y m\u00e1s tarde, como fiscal de materia en Cochabamba. Su carrera lo llev\u00f3 a distintos cargos p\u00fablicos, como\u00a0<strong><b>asesor legal en la Alcald\u00eda de Santa Cruz<\/b><\/strong>\u00a0y\u00a0<strong><b>jefe regional del Ministerio de Trabajo<\/b><\/strong>\u00a0durante la gesti\u00f3n de Jeanine \u00c1\u00f1ez. Tambi\u00e9n fue\u00a0<strong><b>subgobernador de la provincia Obispo Santistevan<\/b><\/strong>\u00a0durante un periodo de transici\u00f3n, experiencia que le permiti\u00f3 conocer de cerca las realidades del \u00e1rea rural y productiva del norte integrado.<\/p>\n<p>\u201cSoy una persona de derecha, pero con sensibilidad social. Me duele ver que muchos bolivianos sigan en la pobreza, mientras quienes prometieron acabar con ella solo se beneficiaron a s\u00ed mismos\u201d, expres\u00f3, en cr\u00edtica directa al MAS.<\/p>\n<p>Actualmente,\u00a0<strong><b>milita en el partido Dem\u00f3crata<\/b><\/strong>, donde fue nombrado jefe pol\u00edtico en Montero. Agradeci\u00f3 que se le haya cedido ese espacio como una muestra de renovaci\u00f3n partidaria: \u201cMe dijeron: \u2018Ya cumpl\u00ed mi ciclo, conf\u00edo en vos\u2019. Eso fue valioso para m\u00ed. La renovaci\u00f3n es posible\u201d.<\/p>\n<p>Hizo un llamado a la participaci\u00f3n de la juventud en la pol\u00edtica: \u201cEs importante que los j\u00f3venes se involucren, pero tambi\u00e9n que se formen. No basta con levantar la mano, hay que tener conocimiento y experiencia. Como abogado, entiendo c\u00f3mo se hacen las leyes, d\u00f3nde est\u00e1 la injusticia y c\u00f3mo corregirla\u201d.<\/p>\n<p><strong><b>Maico Moreno<\/b><\/strong>\u00a0se perfila as\u00ed como una alternativa pol\u00edtica que combina juventud, experiencia, coherencia ideol\u00f3gica y una fuerte conexi\u00f3n con las realidades sociales y econ\u00f3micas de Montero y el norte cruce\u00f1o.<\/p>\n<\/div><div style=\"margin-top: 0px; margin-bottom: 0px;\" class=\"sharethis-inline-reaction-buttons\" ><\/div>","protected":false},"excerpt":{"rendered":"<p>Montero,\u00a0\u2014 En entrevista,\u00a0Maico Walter Moreno Vaca\u00a0comparti\u00f3 su historia de vida, trayectoria profesional y visi\u00f3n pol\u00edtica, destac\u00e1ndose como una figura joven pero con experiencia y convicciones firmes.<\/p>\n","protected":false},"author":1,"featured_media":91,"comment_status":"open","ping_status":"open","sticky":false,"template":"","format":"standard","meta":{"footnotes":""},"categories":[5],"tags":[28,19,8],"class_list":["post-90","post","type-post","status-publish","format-standard","has-post-thumbnail","hentry","category-local","tag-maico-moreno-vaca","tag-montero","tag-politica"],"yoast_head":"<!-- This site is optimized with the Yoast SEO Premium plugin v25.5 (Yoast SEO v27.1.1) - https:\/\/yoast.com\/product\/yoast-seo-premium-wordpress\/ -->\n<title>Maico Walter Moreno Vaca se presenta como opci\u00f3n joven y con experiencia para representar a Montero - Wara Comunicaciones<\/title>\n<meta name=\"robots\" content=\"index, follow, max-snippet:-1, max-image-preview:large, max-video-preview:-1\" \/>\n<link rel=\"canonical\" href=\"https:\/\/waracomunicaciones.com\/?p=90\" \/>\n<meta property=\"og:locale\" content=\"es_ES\" \/>\n<meta property=\"og:type\" content=\"article\" \/>\n<meta property=\"og:title\" content=\"Maico Walter Moreno Vaca se presenta como opci\u00f3n joven y con experiencia para representar a Montero\" \/>\n<meta property=\"og:description\" content=\"Montero,\u00a0\u2014 En entrevista,\u00a0Maico Walter Moreno Vaca\u00a0comparti\u00f3 su historia de vida, trayectoria profesional y visi\u00f3n pol\u00edtica, destac\u00e1ndose como una figura joven pero con experiencia y convicciones firmes.\" \/>\n<meta property=\"og:url\" content=\"https:\/\/waracomunicaciones.com\/?p=90\" \/>\n<meta property=\"og:site_name\" content=\"Wara Comunicaciones\" \/>\n<meta property=\"article:publisher\" content=\"https:\/\/www.facebook.com\/waracomunicaciones2017\" \/>\n<meta property=\"article:published_time\" content=\"2025-07-19T16:43:57+00:00\" \/>\n<meta property=\"article:modified_time\" content=\"2025-07-24T05:36:21+00:00\" \/>\n<meta property=\"og:image\" content=\"https:\/\/waracomunicaciones.com\/wp-content\/uploads\/2025\/07\/maico.webp\" \/>\n\t<meta property=\"og:image:width\" content=\"750\" \/>\n\t<meta property=\"og:image:height\" content=\"750\" \/>\n\t<meta property=\"og:image:type\" content=\"image\/webp\" \/>\n<meta name=\"author\" content=\"admin\" \/>\n<meta name=\"twitter:card\" content=\"summary_large_image\" \/>\n<meta name=\"twitter:label1\" content=\"Escrito por\" \/>\n\t<meta name=\"twitter:data1\" content=\"admin\" \/>\n\t<meta name=\"twitter:label2\" content=\"Tiempo de lectura\" \/>\n\t<meta name=\"twitter:data2\" content=\"2 minutos\" \/>\n<script type=\"application\/ld+json\" class=\"yoast-schema-graph\">{\"@context\":\"https:\/\/schema.org\",\"@graph\":[{\"@type\":\"Article\",\"@id\":\"https:\/\/waracomunicaciones.com\/?p=90#article\",\"isPartOf\":{\"@id\":\"https:\/\/waracomunicaciones.com\/?p=90\"},\"author\":{\"name\":\"admin\",\"@id\":\"https:\/\/waracomunicaciones.com\/#\/schema\/person\/e9db934bc91575cc71fe584c5973244a\"},\"headline\":\"Maico Walter Moreno Vaca se presenta como opci\u00f3n joven y con experiencia para representar a Montero\",\"datePublished\":\"2025-07-19T16:43:57+00:00\",\"dateModified\":\"2025-07-24T05:36:21+00:00\",\"mainEntityOfPage\":{\"@id\":\"https:\/\/waracomunicaciones.com\/?p=90\"},\"wordCount\":351,\"commentCount\":0,\"publisher\":{\"@id\":\"https:\/\/waracomunicaciones.com\/#organization\"},\"image\":{\"@id\":\"https:\/\/waracomunicaciones.com\/?p=90#primaryimage\"},\"thumbnailUrl\":\"https:\/\/waracomunicaciones.com\/wp-content\/uploads\/2025\/07\/maico.webp\",\"keywords\":[\"Maico Moreno Vaca\",\"Montero\",\"Pol\u00edtica\"],\"articleSection\":[\"LOCAL\"],\"inLanguage\":\"es\",\"potentialAction\":[{\"@type\":\"CommentAction\",\"name\":\"Comment\",\"target\":[\"https:\/\/waracomunicaciones.com\/?p=90#respond\"]}]},{\"@type\":\"WebPage\",\"@id\":\"https:\/\/waracomunicaciones.com\/?p=90\",\"url\":\"https:\/\/waracomunicaciones.com\/?p=90\",\"name\":\"Maico Walter Moreno Vaca se presenta como opci\u00f3n joven y con experiencia para representar a Montero - Wara Comunicaciones\",\"isPartOf\":{\"@id\":\"https:\/\/waracomunicaciones.com\/#website\"},\"primaryImageOfPage\":{\"@id\":\"https:\/\/waracomunicaciones.com\/?p=90#primaryimage\"},\"image\":{\"@id\":\"https:\/\/waracomunicaciones.com\/?p=90#primaryimage\"},\"thumbnailUrl\":\"https:\/\/waracomunicaciones.com\/wp-content\/uploads\/2025\/07\/maico.webp\",\"datePublished\":\"2025-07-19T16:43:57+00:00\",\"dateModified\":\"2025-07-24T05:36:21+00:00\",\"breadcrumb\":{\"@id\":\"https:\/\/waracomunicaciones.com\/?p=90#breadcrumb\"},\"inLanguage\":\"es\",\"potentialAction\":[{\"@type\":\"ReadAction\",\"target\":[\"https:\/\/waracomunicaciones.com\/?p=90\"]}]},{\"@type\":\"ImageObject\",\"inLanguage\":\"es\",\"@id\":\"https:\/\/waracomunicaciones.com\/?p=90#primaryimage\",\"url\":\"https:\/\/waracomunicaciones.com\/wp-content\/uploads\/2025\/07\/maico.webp\",\"contentUrl\":\"https:\/\/waracomunicaciones.com\/wp-content\/uploads\/2025\/07\/maico.webp\",\"width\":750,\"height\":750},{\"@type\":\"BreadcrumbList\",\"@id\":\"https:\/\/waracomunicaciones.com\/?p=90#breadcrumb\",\"itemListElement\":[{\"@type\":\"ListItem\",\"position\":1,\"name\":\"Portada\",\"item\":\"https:\/\/waracomunicaciones.com\/\"},{\"@type\":\"ListItem\",\"position\":2,\"name\":\"Maico Walter Moreno Vaca se presenta como opci\u00f3n joven y con experiencia para representar a Montero\"}]},{\"@type\":\"WebSite\",\"@id\":\"https:\/\/waracomunicaciones.com\/#website\",\"url\":\"https:\/\/waracomunicaciones.com\/\",\"name\":\"Wara Comunicaciones\",\"description\":\"\",\"publisher\":{\"@id\":\"https:\/\/waracomunicaciones.com\/#organization\"},\"potentialAction\":[{\"@type\":\"SearchAction\",\"target\":{\"@type\":\"EntryPoint\",\"urlTemplate\":\"https:\/\/waracomunicaciones.com\/?s={search_term_string}\"},\"query-input\":{\"@type\":\"PropertyValueSpecification\",\"valueRequired\":true,\"valueName\":\"search_term_string\"}}],\"inLanguage\":\"es\"},{\"@type\":\"Organization\",\"@id\":\"https:\/\/waracomunicaciones.com\/#organization\",\"name\":\"Wara Comunicaciones\",\"url\":\"https:\/\/waracomunicaciones.com\/\",\"logo\":{\"@type\":\"ImageObject\",\"inLanguage\":\"es\",\"@id\":\"https:\/\/waracomunicaciones.com\/#\/schema\/logo\/image\/\",\"url\":\"https:\/\/waracomunicaciones.com\/wp-content\/uploads\/2025\/07\/logo.png\",\"contentUrl\":\"https:\/\/waracomunicaciones.com\/wp-content\/uploads\/2025\/07\/logo.png\",\"width\":400,\"height\":164,\"caption\":\"Wara Comunicaciones\"},\"image\":{\"@id\":\"https:\/\/waracomunicaciones.com\/#\/schema\/logo\/image\/\"},\"sameAs\":[\"https:\/\/www.facebook.com\/waracomunicaciones2017\"]},{\"@type\":\"Person\",\"@id\":\"https:\/\/waracomunicaciones.com\/#\/schema\/person\/e9db934bc91575cc71fe584c5973244a\",\"name\":\"admin\",\"image\":{\"@type\":\"ImageObject\",\"inLanguage\":\"es\",\"@id\":\"https:\/\/waracomunicaciones.com\/#\/schema\/person\/image\/\",\"url\":\"https:\/\/secure.gravatar.com\/avatar\/bf27e9186df568254093afa216f887fece17605302c6ff12f3980422fffa52e6?s=96&d=mm&r=g\",\"contentUrl\":\"https:\/\/secure.gravatar.com\/avatar\/bf27e9186df568254093afa216f887fece17605302c6ff12f3980422fffa52e6?s=96&d=mm&r=g\",\"caption\":\"admin\"},\"sameAs\":[\"https:\/\/waracomunicaciones.com\/wp\"],\"url\":\"https:\/\/waracomunicaciones.com\/?author=1\"}]}<\/script>\n<!-- \/ Yoast SEO Premium plugin. -->","yoast_head_json":{"title":"Maico Walter Moreno Vaca se presenta como opci\u00f3n joven y con experiencia para representar a Montero - Wara Comunicaciones","robots":{"index":"index","follow":"follow","max-snippet":"max-snippet:-1","max-image-preview":"max-image-preview:large","max-video-preview":"max-video-preview:-1"},"canonical":"https:\/\/waracomunicaciones.com\/?p=90","og_locale":"es_ES","og_type":"article","og_title":"Maico Walter Moreno Vaca se presenta como opci\u00f3n joven y con experiencia para representar a Montero","og_description":"Montero,\u00a0\u2014 En entrevista,\u00a0Maico Walter Moreno Vaca\u00a0comparti\u00f3 su historia de vida, trayectoria profesional y visi\u00f3n pol\u00edtica, destac\u00e1ndose como una figura joven pero con experiencia y convicciones firmes.","og_url":"https:\/\/waracomunicaciones.com\/?p=90","og_site_name":"Wara Comunicaciones","article_publisher":"https:\/\/www.facebook.com\/waracomunicaciones2017","article_published_time":"2025-07-19T16:43:57+00:00","article_modified_time":"2025-07-24T05:36:21+00:00","og_image":[{"width":750,"height":750,"url":"https:\/\/waracomunicaciones.com\/wp-content\/uploads\/2025\/07\/maico.webp","type":"image\/webp"}],"author":"admin","twitter_card":"summary_large_image","twitter_misc":{"Escrito por":"admin","Tiempo de lectura":"2 minutos"},"schema":{"@context":"https:\/\/schema.org","@graph":[{"@type":"Article","@id":"https:\/\/waracomunicaciones.com\/?p=90#article","isPartOf":{"@id":"https:\/\/waracomunicaciones.com\/?p=90"},"author":{"name":"admin","@id":"https:\/\/waracomunicaciones.com\/#\/schema\/person\/e9db934bc91575cc71fe584c5973244a"},"headline":"Maico Walter Moreno Vaca se presenta como opci\u00f3n joven y con experiencia para representar a Montero","datePublished":"2025-07-19T16:43:57+00:00","dateModified":"2025-07-24T05:36:21+00:00","mainEntityOfPage":{"@id":"https:\/\/waracomunicaciones.com\/?p=90"},"wordCount":351,"commentCount":0,"publisher":{"@id":"https:\/\/waracomunicaciones.com\/#organization"},"image":{"@id":"https:\/\/waracomunicaciones.com\/?p=90#primaryimage"},"thumbnailUrl":"https:\/\/waracomunicaciones.com\/wp-content\/uploads\/2025\/07\/maico.webp","keywords":["Maico Moreno Vaca","Montero","Pol\u00edtica"],"articleSection":["LOCAL"],"inLanguage":"es","potentialAction":[{"@type":"CommentAction","name":"Comment","target":["https:\/\/waracomunicaciones.com\/?p=90#respond"]}]},{"@type":"WebPage","@id":"https:\/\/waracomunicaciones.com\/?p=90","url":"https:\/\/waracomunicaciones.com\/?p=90","name":"Maico Walter Moreno Vaca se presenta como opci\u00f3n joven y con experiencia para representar a Montero - Wara Comunicaciones","isPartOf":{"@id":"https:\/\/waracomunicaciones.com\/#website"},"primaryImageOfPage":{"@id":"https:\/\/waracomunicaciones.com\/?p=90#primaryimage"},"image":{"@id":"https:\/\/waracomunicaciones.com\/?p=90#primaryimage"},"thumbnailUrl":"https:\/\/waracomunicaciones.com\/wp-content\/uploads\/2025\/07\/maico.webp","datePublished":"2025-07-19T16:43:57+00:00","dateModified":"2025-07-24T05:36:21+00:00","breadcrumb":{"@id":"https:\/\/waracomunicaciones.com\/?p=90#breadcrumb"},"inLanguage":"es","potentialAction":[{"@type":"ReadAction","target":["https:\/\/waracomunicaciones.com\/?p=90"]}]},{"@type":"ImageObject","inLanguage":"es","@id":"https:\/\/waracomunicaciones.com\/?p=90#primaryimage","url":"https:\/\/waracomunicaciones.com\/wp-content\/uploads\/2025\/07\/maico.webp","contentUrl":"https:\/\/waracomunicaciones.com\/wp-content\/uploads\/2025\/07\/maico.webp","width":750,"height":750},{"@type":"BreadcrumbList","@id":"https:\/\/waracomunicaciones.com\/?p=90#breadcrumb","itemListElement":[{"@type":"ListItem","position":1,"name":"Portada","item":"https:\/\/waracomunicaciones.com\/"},{"@type":"ListItem","position":2,"name":"Maico Walter Moreno Vaca se presenta como opci\u00f3n joven y con experiencia para representar a Montero"}]},{"@type":"WebSite","@id":"https:\/\/waracomunicaciones.com\/#website","url":"https:\/\/waracomunicaciones.com\/","name":"Wara Comunicaciones","description":"","publisher":{"@id":"https:\/\/waracomunicaciones.com\/#organization"},"potentialAction":[{"@type":"SearchAction","target":{"@type":"EntryPoint","urlTemplate":"https:\/\/waracomunicaciones.com\/?s={search_term_string}"},"query-input":{"@type":"PropertyValueSpecification","valueRequired":true,"valueName":"search_term_string"}}],"inLanguage":"es"},{"@type":"Organization","@id":"https:\/\/waracomunicaciones.com\/#organization","name":"Wara Comunicaciones","url":"https:\/\/waracomunicaciones.com\/","logo":{"@type":"ImageObject","inLanguage":"es","@id":"https:\/\/waracomunicaciones.com\/#\/schema\/logo\/image\/","url":"https:\/\/waracomunicaciones.com\/wp-content\/uploads\/2025\/07\/logo.png","contentUrl":"https:\/\/waracomunicaciones.com\/wp-content\/uploads\/2025\/07\/logo.png","width":400,"height":164,"caption":"Wara Comunicaciones"},"image":{"@id":"https:\/\/waracomunicaciones.com\/#\/schema\/logo\/image\/"},"sameAs":["https:\/\/www.facebook.com\/waracomunicaciones2017"]},{"@type":"Person","@id":"https:\/\/waracomunicaciones.com\/#\/schema\/person\/e9db934bc91575cc71fe584c5973244a","name":"admin","image":{"@type":"ImageObject","inLanguage":"es","@id":"https:\/\/waracomunicaciones.com\/#\/schema\/person\/image\/","url":"https:\/\/secure.gravatar.com\/avatar\/bf27e9186df568254093afa216f887fece17605302c6ff12f3980422fffa52e6?s=96&d=mm&r=g","contentUrl":"https:\/\/secure.gravatar.com\/avatar\/bf27e9186df568254093afa216f887fece17605302c6ff12f3980422fffa52e6?s=96&d=mm&r=g","caption":"admin"},"sameAs":["https:\/\/waracomunicaciones.com\/wp"],"url":"https:\/\/waracomunicaciones.com\/?author=1"}]}},"_links":{"self":[{"href":"https:\/\/waracomunicaciones.com\/index.php?rest_route=\/wp\/v2\/posts\/90","targetHints":{"allow":["GET"]}}],"collection":[{"href":"https:\/\/waracomunicaciones.com\/index.php?rest_route=\/wp\/v2\/posts"}],"about":[{"href":"https:\/\/waracomunicaciones.com\/index.php?rest_route=\/wp\/v2\/types\/post"}],"author":[{"embeddable":true,"href":"https:\/\/waracomunicaciones.com\/index.php?rest_route=\/wp\/v2\/users\/1"}],"replies":[{"embeddable":true,"href":"https:\/\/waracomunicaciones.com\/index.php?rest_route=%2Fwp%2Fv2%2Fcomments&post=90"}],"version-history":[{"count":2,"href":"https:\/\/waracomunicaciones.com\/index.php?rest_route=\/wp\/v2\/posts\/90\/revisions"}],"predecessor-version":[{"id":133,"href":"https:\/\/waracomunicaciones.com\/index.php?rest_route=\/wp\/v2\/posts\/90\/revisions\/133"}],"wp:featuredmedia":[{"embeddable":true,"href":"https:\/\/waracomunicaciones.com\/index.php?rest_route=\/wp\/v2\/media\/91"}],"wp:attachment":[{"href":"https:\/\/waracomunicaciones.com\/index.php?rest_route=%2Fwp%2Fv2%2Fmedia&parent=90"}],"wp:term":[{"taxonomy":"category","embeddable":true,"href":"https:\/\/waracomunicaciones.com\/index.php?rest_route=%2Fwp%2Fv2%2Fcategories&post=90"},{"taxonomy":"post_tag","embeddable":true,"href":"https:\/\/waracomunicaciones.com\/index.php?rest_route=%2Fwp%2Fv2%2Ftags&post=90"}],"curies":[{"name":"wp","href":"https:\/\/api.w.org\/{rel}","templated":true}]}}