{"id":897,"date":"2025-10-18T10:19:04","date_gmt":"2025-10-18T14:19:04","guid":{"rendered":"https:\/\/waracomunicaciones.com\/?p=897"},"modified":"2025-10-18T10:20:58","modified_gmt":"2025-10-18T14:20:58","slug":"juan-carlos-maciel-es-ratificado-como-subgobernador-de-obispo-santistevan-y-anuncia-medidas-para-las-elecciones-del-19-de-octubre","status":"publish","type":"post","link":"https:\/\/waracomunicaciones.com\/?p=897","title":{"rendered":"Juan Carlos Maciel es ratificado como subgobernador de Obispo Santistevan y anuncia medidas para las elecciones del 19 de octubre"},"content":{"rendered":"\n<figure class=\"wp-block-image size-full\"><img loading=\"lazy\" decoding=\"async\" width=\"1000\" height=\"562\" src=\"https:\/\/waracomunicaciones.com\/wp-content\/uploads\/2025\/10\/maciel.webp\" alt=\"\" class=\"wp-image-898\" srcset=\"https:\/\/waracomunicaciones.com\/wp-content\/uploads\/2025\/10\/maciel.webp 1000w, https:\/\/waracomunicaciones.com\/wp-content\/uploads\/2025\/10\/maciel-300x169.webp 300w, https:\/\/waracomunicaciones.com\/wp-content\/uploads\/2025\/10\/maciel-768x432.webp 768w\" sizes=\"auto, (max-width: 1000px) 100vw, 1000px\" \/><figcaption class=\"wp-element-caption\"><em>Juan Carlos Maciel Sub Gobernador de la Provincia Obispo Santistevan <\/em><\/figcaption><\/figure>\n\n\n<p><strong>Montero, <\/strong>\u00a0\u2013 En medio de un contexto pol\u00edtico y econ\u00f3mico complejo, el subgobernador de la provincia Obispo Santistevan, <strong>Juan Carlos Maciel<\/strong>, confirm\u00f3 en una entrevista su <strong>ratificaci\u00f3n en el cargo<\/strong> por parte del gobernador departamental <strong>Luis Fernando Camacho<\/strong>.<!--more--> Maciel continuar\u00e1 al frente de la subgobernaci\u00f3n, donde asegura que su prioridad es dar continuidad a los proyectos productivos, de infraestructura y servicios b\u00e1sicos, especialmente en coordinaci\u00f3n con los cinco municipios de la provincia.<\/p>\n<p>\u201cEs un cargo que puede terminar en cualquier momento, pero lo importante es sembrar una base s\u00f3lida para que las futuras autoridades puedan dar continuidad al trabajo\u201d, expres\u00f3 Maciel.<\/p>\n<p>Durante su gesti\u00f3n, el subgobernador destac\u00f3 que <strong>asumi\u00f3 funciones en un momento cr\u00edtico<\/strong>, con serias limitaciones econ\u00f3micas. Sin embargo, logr\u00f3 gestionar convenios por m\u00e1s de <strong>medio mill\u00f3n de bolivianos<\/strong> para la mejora de v\u00edas departamentales, con el aporte de los productores locales que facilitaron <strong>m\u00e1s de 10.000 litros de di\u00e9sel<\/strong>. Tambi\u00e9n se han realizado trabajos de <strong>mantenimiento de pozos de agua<\/strong>, <strong>sistemas de riego<\/strong>, y <strong>formaci\u00f3n para emprendedores y adultos mayores<\/strong>, adem\u00e1s de proyectar el fortalecimiento de un <strong>instituto t\u00e9cnico<\/strong> que permita posicionar a Montero como un eje acad\u00e9mico y productivo del norte cruce\u00f1o.<\/p>\n<h3>Decreto 508: en vigencia el Auto de Buen Gobierno<\/h3>\n<p>En el marco del proceso electoral que culmina este <strong>domingo 19 de octubre<\/strong> con la segunda vuelta presidencial, Maciel inform\u00f3 la entrada en vigencia del <strong>Decreto Departamental 508<\/strong>, que establece el <strong>Auto de Buen Gobierno<\/strong> en Santa Cruz, con medidas estrictas para garantizar una jornada democr\u00e1tica y pac\u00edfica.<\/p>\n<p>Desde las <strong>00:00 horas del jueves 16 hasta las 08:00 del lunes 20 de octubre<\/strong>, se proh\u00edben:<\/p>\n<ul>\n<li>La venta y consumo de bebidas alcoh\u00f3licas en lugares p\u00fablicos y privados.<\/li>\n<li>Portar armas de fuego, armas blancas u objetos contundentes.<\/li>\n<li>Actos p\u00fablicos de campa\u00f1a o manifestaciones pol\u00edticas.<\/li>\n<li>Reuniones y espect\u00e1culos p\u00fablicos.<\/li>\n<li>El traslado de votantes de un recinto a otro.<\/li>\n<li>La circulaci\u00f3n de veh\u00edculos p\u00fablicos y privados, salvo aquellos con autorizaci\u00f3n del Tribunal Electoral o pertenecientes a la Polic\u00eda, Fuerzas Armadas, ambulancias y bomberos.<\/li>\n<\/ul>\n<p>Adem\u00e1s, queda suspendido el transporte interdepartamental e interprovincial por cualquier v\u00eda el <strong>domingo 19<\/strong>.<\/p>\n<p>Maciel exhort\u00f3 a las autoridades municipales y poblaci\u00f3n en general a <strong>cumplir con lo estipulado<\/strong> en el decreto, y pidi\u00f3 a los ciudadanos vivir esta jornada electoral como una oportunidad de reconstruir el rumbo del pa\u00eds.<\/p>\n<p>\u201cQue este domingo sea un d\u00eda familiar, de ejercicio democr\u00e1tico. Esperamos que las nuevas autoridades nacionales lleven adelante al pa\u00eds y mejoren la calidad de vida de todos los bolivianos\u201d, concluy\u00f3.<\/p><div style=\"margin-top: 0px; margin-bottom: 0px;\" class=\"sharethis-inline-reaction-buttons\" ><\/div>","protected":false},"excerpt":{"rendered":"<p>Montero, \u00a0\u2013 En medio de un contexto pol\u00edtico y econ\u00f3mico complejo, el subgobernador de la provincia Obispo Santistevan, Juan Carlos Maciel, confirm\u00f3 en una entrevista su ratificaci\u00f3n en el cargo por parte del gobernador departamental Luis Fernando Camacho.<\/p>\n","protected":false},"author":1,"featured_media":0,"comment_status":"open","ping_status":"open","sticky":false,"template":"","format":"standard","meta":{"footnotes":""},"categories":[42],"tags":[139,232],"class_list":["post-897","post","type-post","status-publish","format-standard","hentry","category-politica","tag-juan-carlos-maciel","tag-obispo-santistevan"],"yoast_head":"<!-- This site is optimized with the Yoast SEO Premium plugin v25.5 (Yoast SEO v27.1.1) - https:\/\/yoast.com\/product\/yoast-seo-premium-wordpress\/ -->\n<title>Juan Carlos Maciel es ratificado como subgobernador de Obispo Santistevan y anuncia medidas para las elecciones del 19 de octubre - Wara Comunicaciones<\/title>\n<meta name=\"robots\" content=\"index, follow, max-snippet:-1, max-image-preview:large, max-video-preview:-1\" \/>\n<link rel=\"canonical\" href=\"https:\/\/waracomunicaciones.com\/?p=897\" \/>\n<meta property=\"og:locale\" content=\"es_ES\" \/>\n<meta property=\"og:type\" content=\"article\" \/>\n<meta property=\"og:title\" content=\"Juan Carlos Maciel es ratificado como subgobernador de Obispo Santistevan y anuncia medidas para las elecciones del 19 de octubre\" \/>\n<meta property=\"og:description\" content=\"Montero, \u00a0\u2013 En medio de un contexto pol\u00edtico y econ\u00f3mico complejo, el subgobernador de la provincia Obispo Santistevan, Juan Carlos Maciel, confirm\u00f3 en una entrevista su ratificaci\u00f3n en el cargo por parte del gobernador departamental Luis Fernando Camacho.\" \/>\n<meta property=\"og:url\" content=\"https:\/\/waracomunicaciones.com\/?p=897\" \/>\n<meta property=\"og:site_name\" content=\"Wara Comunicaciones\" \/>\n<meta property=\"article:publisher\" content=\"https:\/\/www.facebook.com\/waracomunicaciones2017\" \/>\n<meta property=\"article:published_time\" content=\"2025-10-18T14:19:04+00:00\" \/>\n<meta property=\"article:modified_time\" content=\"2025-10-18T14:20:58+00:00\" \/>\n<meta property=\"og:image\" content=\"https:\/\/waracomunicaciones.com\/wp-content\/uploads\/2025\/10\/maciel.webp\" \/>\n\t<meta property=\"og:image:width\" content=\"1000\" \/>\n\t<meta property=\"og:image:height\" content=\"562\" \/>\n\t<meta property=\"og:image:type\" content=\"image\/webp\" \/>\n<meta name=\"author\" content=\"admin\" \/>\n<meta name=\"twitter:card\" content=\"summary_large_image\" \/>\n<meta name=\"twitter:label1\" content=\"Escrito por\" \/>\n\t<meta name=\"twitter:data1\" content=\"admin\" \/>\n\t<meta name=\"twitter:label2\" content=\"Tiempo de lectura\" \/>\n\t<meta name=\"twitter:data2\" content=\"3 minutos\" \/>\n<script type=\"application\/ld+json\" class=\"yoast-schema-graph\">{\"@context\":\"https:\/\/schema.org\",\"@graph\":[{\"@type\":\"Article\",\"@id\":\"https:\/\/waracomunicaciones.com\/?p=897#article\",\"isPartOf\":{\"@id\":\"https:\/\/waracomunicaciones.com\/?p=897\"},\"author\":{\"name\":\"admin\",\"@id\":\"https:\/\/waracomunicaciones.com\/#\/schema\/person\/e9db934bc91575cc71fe584c5973244a\"},\"headline\":\"Juan Carlos Maciel es ratificado como subgobernador de Obispo Santistevan y anuncia medidas para las elecciones del 19 de octubre\",\"datePublished\":\"2025-10-18T14:19:04+00:00\",\"dateModified\":\"2025-10-18T14:20:58+00:00\",\"mainEntityOfPage\":{\"@id\":\"https:\/\/waracomunicaciones.com\/?p=897\"},\"wordCount\":477,\"commentCount\":0,\"publisher\":{\"@id\":\"https:\/\/waracomunicaciones.com\/#organization\"},\"image\":{\"@id\":\"https:\/\/waracomunicaciones.com\/?p=897#primaryimage\"},\"thumbnailUrl\":\"https:\/\/waracomunicaciones.com\/wp-content\/uploads\/2025\/10\/maciel.webp\",\"keywords\":[\"Juan Carlos Maciel\",\"Obispo Santistevan\"],\"articleSection\":[\"Pol\u00edtica\"],\"inLanguage\":\"es\",\"potentialAction\":[{\"@type\":\"CommentAction\",\"name\":\"Comment\",\"target\":[\"https:\/\/waracomunicaciones.com\/?p=897#respond\"]}]},{\"@type\":\"WebPage\",\"@id\":\"https:\/\/waracomunicaciones.com\/?p=897\",\"url\":\"https:\/\/waracomunicaciones.com\/?p=897\",\"name\":\"Juan Carlos Maciel es ratificado como subgobernador de Obispo Santistevan y anuncia medidas para las elecciones del 19 de octubre - Wara Comunicaciones\",\"isPartOf\":{\"@id\":\"https:\/\/waracomunicaciones.com\/#website\"},\"primaryImageOfPage\":{\"@id\":\"https:\/\/waracomunicaciones.com\/?p=897#primaryimage\"},\"image\":{\"@id\":\"https:\/\/waracomunicaciones.com\/?p=897#primaryimage\"},\"thumbnailUrl\":\"https:\/\/waracomunicaciones.com\/wp-content\/uploads\/2025\/10\/maciel.webp\",\"datePublished\":\"2025-10-18T14:19:04+00:00\",\"dateModified\":\"2025-10-18T14:20:58+00:00\",\"breadcrumb\":{\"@id\":\"https:\/\/waracomunicaciones.com\/?p=897#breadcrumb\"},\"inLanguage\":\"es\",\"potentialAction\":[{\"@type\":\"ReadAction\",\"target\":[\"https:\/\/waracomunicaciones.com\/?p=897\"]}]},{\"@type\":\"ImageObject\",\"inLanguage\":\"es\",\"@id\":\"https:\/\/waracomunicaciones.com\/?p=897#primaryimage\",\"url\":\"https:\/\/waracomunicaciones.com\/wp-content\/uploads\/2025\/10\/maciel.webp\",\"contentUrl\":\"https:\/\/waracomunicaciones.com\/wp-content\/uploads\/2025\/10\/maciel.webp\",\"width\":1000,\"height\":562},{\"@type\":\"BreadcrumbList\",\"@id\":\"https:\/\/waracomunicaciones.com\/?p=897#breadcrumb\",\"itemListElement\":[{\"@type\":\"ListItem\",\"position\":1,\"name\":\"Portada\",\"item\":\"https:\/\/waracomunicaciones.com\/\"},{\"@type\":\"ListItem\",\"position\":2,\"name\":\"Juan Carlos Maciel es ratificado como subgobernador de Obispo Santistevan y anuncia medidas para las elecciones del 19 de octubre\"}]},{\"@type\":\"WebSite\",\"@id\":\"https:\/\/waracomunicaciones.com\/#website\",\"url\":\"https:\/\/waracomunicaciones.com\/\",\"name\":\"Wara Comunicaciones\",\"description\":\"\",\"publisher\":{\"@id\":\"https:\/\/waracomunicaciones.com\/#organization\"},\"potentialAction\":[{\"@type\":\"SearchAction\",\"target\":{\"@type\":\"EntryPoint\",\"urlTemplate\":\"https:\/\/waracomunicaciones.com\/?s={search_term_string}\"},\"query-input\":{\"@type\":\"PropertyValueSpecification\",\"valueRequired\":true,\"valueName\":\"search_term_string\"}}],\"inLanguage\":\"es\"},{\"@type\":\"Organization\",\"@id\":\"https:\/\/waracomunicaciones.com\/#organization\",\"name\":\"Wara Comunicaciones\",\"url\":\"https:\/\/waracomunicaciones.com\/\",\"logo\":{\"@type\":\"ImageObject\",\"inLanguage\":\"es\",\"@id\":\"https:\/\/waracomunicaciones.com\/#\/schema\/logo\/image\/\",\"url\":\"https:\/\/waracomunicaciones.com\/wp-content\/uploads\/2025\/07\/logo.png\",\"contentUrl\":\"https:\/\/waracomunicaciones.com\/wp-content\/uploads\/2025\/07\/logo.png\",\"width\":400,\"height\":164,\"caption\":\"Wara Comunicaciones\"},\"image\":{\"@id\":\"https:\/\/waracomunicaciones.com\/#\/schema\/logo\/image\/\"},\"sameAs\":[\"https:\/\/www.facebook.com\/waracomunicaciones2017\"]},{\"@type\":\"Person\",\"@id\":\"https:\/\/waracomunicaciones.com\/#\/schema\/person\/e9db934bc91575cc71fe584c5973244a\",\"name\":\"admin\",\"image\":{\"@type\":\"ImageObject\",\"inLanguage\":\"es\",\"@id\":\"https:\/\/waracomunicaciones.com\/#\/schema\/person\/image\/\",\"url\":\"https:\/\/secure.gravatar.com\/avatar\/bf27e9186df568254093afa216f887fece17605302c6ff12f3980422fffa52e6?s=96&d=mm&r=g\",\"contentUrl\":\"https:\/\/secure.gravatar.com\/avatar\/bf27e9186df568254093afa216f887fece17605302c6ff12f3980422fffa52e6?s=96&d=mm&r=g\",\"caption\":\"admin\"},\"sameAs\":[\"https:\/\/waracomunicaciones.com\/wp\"],\"url\":\"https:\/\/waracomunicaciones.com\/?author=1\"}]}<\/script>\n<!-- \/ Yoast SEO Premium plugin. -->","yoast_head_json":{"title":"Juan Carlos Maciel es ratificado como subgobernador de Obispo Santistevan y anuncia medidas para las elecciones del 19 de octubre - Wara Comunicaciones","robots":{"index":"index","follow":"follow","max-snippet":"max-snippet:-1","max-image-preview":"max-image-preview:large","max-video-preview":"max-video-preview:-1"},"canonical":"https:\/\/waracomunicaciones.com\/?p=897","og_locale":"es_ES","og_type":"article","og_title":"Juan Carlos Maciel es ratificado como subgobernador de Obispo Santistevan y anuncia medidas para las elecciones del 19 de octubre","og_description":"Montero, \u00a0\u2013 En medio de un contexto pol\u00edtico y econ\u00f3mico complejo, el subgobernador de la provincia Obispo Santistevan, Juan Carlos Maciel, confirm\u00f3 en una entrevista su ratificaci\u00f3n en el cargo por parte del gobernador departamental Luis Fernando Camacho.","og_url":"https:\/\/waracomunicaciones.com\/?p=897","og_site_name":"Wara Comunicaciones","article_publisher":"https:\/\/www.facebook.com\/waracomunicaciones2017","article_published_time":"2025-10-18T14:19:04+00:00","article_modified_time":"2025-10-18T14:20:58+00:00","og_image":[{"width":1000,"height":562,"url":"https:\/\/waracomunicaciones.com\/wp-content\/uploads\/2025\/10\/maciel.webp","type":"image\/webp"}],"author":"admin","twitter_card":"summary_large_image","twitter_misc":{"Escrito por":"admin","Tiempo de lectura":"3 minutos"},"schema":{"@context":"https:\/\/schema.org","@graph":[{"@type":"Article","@id":"https:\/\/waracomunicaciones.com\/?p=897#article","isPartOf":{"@id":"https:\/\/waracomunicaciones.com\/?p=897"},"author":{"name":"admin","@id":"https:\/\/waracomunicaciones.com\/#\/schema\/person\/e9db934bc91575cc71fe584c5973244a"},"headline":"Juan Carlos Maciel es ratificado como subgobernador de Obispo Santistevan y anuncia medidas para las elecciones del 19 de octubre","datePublished":"2025-10-18T14:19:04+00:00","dateModified":"2025-10-18T14:20:58+00:00","mainEntityOfPage":{"@id":"https:\/\/waracomunicaciones.com\/?p=897"},"wordCount":477,"commentCount":0,"publisher":{"@id":"https:\/\/waracomunicaciones.com\/#organization"},"image":{"@id":"https:\/\/waracomunicaciones.com\/?p=897#primaryimage"},"thumbnailUrl":"https:\/\/waracomunicaciones.com\/wp-content\/uploads\/2025\/10\/maciel.webp","keywords":["Juan Carlos Maciel","Obispo Santistevan"],"articleSection":["Pol\u00edtica"],"inLanguage":"es","potentialAction":[{"@type":"CommentAction","name":"Comment","target":["https:\/\/waracomunicaciones.com\/?p=897#respond"]}]},{"@type":"WebPage","@id":"https:\/\/waracomunicaciones.com\/?p=897","url":"https:\/\/waracomunicaciones.com\/?p=897","name":"Juan Carlos Maciel es ratificado como subgobernador de Obispo Santistevan y anuncia medidas para las elecciones del 19 de octubre - Wara Comunicaciones","isPartOf":{"@id":"https:\/\/waracomunicaciones.com\/#website"},"primaryImageOfPage":{"@id":"https:\/\/waracomunicaciones.com\/?p=897#primaryimage"},"image":{"@id":"https:\/\/waracomunicaciones.com\/?p=897#primaryimage"},"thumbnailUrl":"https:\/\/waracomunicaciones.com\/wp-content\/uploads\/2025\/10\/maciel.webp","datePublished":"2025-10-18T14:19:04+00:00","dateModified":"2025-10-18T14:20:58+00:00","breadcrumb":{"@id":"https:\/\/waracomunicaciones.com\/?p=897#breadcrumb"},"inLanguage":"es","potentialAction":[{"@type":"ReadAction","target":["https:\/\/waracomunicaciones.com\/?p=897"]}]},{"@type":"ImageObject","inLanguage":"es","@id":"https:\/\/waracomunicaciones.com\/?p=897#primaryimage","url":"https:\/\/waracomunicaciones.com\/wp-content\/uploads\/2025\/10\/maciel.webp","contentUrl":"https:\/\/waracomunicaciones.com\/wp-content\/uploads\/2025\/10\/maciel.webp","width":1000,"height":562},{"@type":"BreadcrumbList","@id":"https:\/\/waracomunicaciones.com\/?p=897#breadcrumb","itemListElement":[{"@type":"ListItem","position":1,"name":"Portada","item":"https:\/\/waracomunicaciones.com\/"},{"@type":"ListItem","position":2,"name":"Juan Carlos Maciel es ratificado como subgobernador de Obispo Santistevan y anuncia medidas para las elecciones del 19 de octubre"}]},{"@type":"WebSite","@id":"https:\/\/waracomunicaciones.com\/#website","url":"https:\/\/waracomunicaciones.com\/","name":"Wara Comunicaciones","description":"","publisher":{"@id":"https:\/\/waracomunicaciones.com\/#organization"},"potentialAction":[{"@type":"SearchAction","target":{"@type":"EntryPoint","urlTemplate":"https:\/\/waracomunicaciones.com\/?s={search_term_string}"},"query-input":{"@type":"PropertyValueSpecification","valueRequired":true,"valueName":"search_term_string"}}],"inLanguage":"es"},{"@type":"Organization","@id":"https:\/\/waracomunicaciones.com\/#organization","name":"Wara Comunicaciones","url":"https:\/\/waracomunicaciones.com\/","logo":{"@type":"ImageObject","inLanguage":"es","@id":"https:\/\/waracomunicaciones.com\/#\/schema\/logo\/image\/","url":"https:\/\/waracomunicaciones.com\/wp-content\/uploads\/2025\/07\/logo.png","contentUrl":"https:\/\/waracomunicaciones.com\/wp-content\/uploads\/2025\/07\/logo.png","width":400,"height":164,"caption":"Wara Comunicaciones"},"image":{"@id":"https:\/\/waracomunicaciones.com\/#\/schema\/logo\/image\/"},"sameAs":["https:\/\/www.facebook.com\/waracomunicaciones2017"]},{"@type":"Person","@id":"https:\/\/waracomunicaciones.com\/#\/schema\/person\/e9db934bc91575cc71fe584c5973244a","name":"admin","image":{"@type":"ImageObject","inLanguage":"es","@id":"https:\/\/waracomunicaciones.com\/#\/schema\/person\/image\/","url":"https:\/\/secure.gravatar.com\/avatar\/bf27e9186df568254093afa216f887fece17605302c6ff12f3980422fffa52e6?s=96&d=mm&r=g","contentUrl":"https:\/\/secure.gravatar.com\/avatar\/bf27e9186df568254093afa216f887fece17605302c6ff12f3980422fffa52e6?s=96&d=mm&r=g","caption":"admin"},"sameAs":["https:\/\/waracomunicaciones.com\/wp"],"url":"https:\/\/waracomunicaciones.com\/?author=1"}]}},"_links":{"self":[{"href":"https:\/\/waracomunicaciones.com\/index.php?rest_route=\/wp\/v2\/posts\/897","targetHints":{"allow":["GET"]}}],"collection":[{"href":"https:\/\/waracomunicaciones.com\/index.php?rest_route=\/wp\/v2\/posts"}],"about":[{"href":"https:\/\/waracomunicaciones.com\/index.php?rest_route=\/wp\/v2\/types\/post"}],"author":[{"embeddable":true,"href":"https:\/\/waracomunicaciones.com\/index.php?rest_route=\/wp\/v2\/users\/1"}],"replies":[{"embeddable":true,"href":"https:\/\/waracomunicaciones.com\/index.php?rest_route=%2Fwp%2Fv2%2Fcomments&post=897"}],"version-history":[{"count":1,"href":"https:\/\/waracomunicaciones.com\/index.php?rest_route=\/wp\/v2\/posts\/897\/revisions"}],"predecessor-version":[{"id":899,"href":"https:\/\/waracomunicaciones.com\/index.php?rest_route=\/wp\/v2\/posts\/897\/revisions\/899"}],"wp:attachment":[{"href":"https:\/\/waracomunicaciones.com\/index.php?rest_route=%2Fwp%2Fv2%2Fmedia&parent=897"}],"wp:term":[{"taxonomy":"category","embeddable":true,"href":"https:\/\/waracomunicaciones.com\/index.php?rest_route=%2Fwp%2Fv2%2Fcategories&post=897"},{"taxonomy":"post_tag","embeddable":true,"href":"https:\/\/waracomunicaciones.com\/index.php?rest_route=%2Fwp%2Fv2%2Ftags&post=897"}],"curies":[{"name":"wp","href":"https:\/\/api.w.org\/{rel}","templated":true}]}}