{"id":894,"date":"2025-10-18T10:00:21","date_gmt":"2025-10-18T14:00:21","guid":{"rendered":"https:\/\/waracomunicaciones.com\/?p=894"},"modified":"2025-10-18T10:00:22","modified_gmt":"2025-10-18T14:00:22","slug":"la-batalla-contra-la-ceguera-cataratas-y-hongos-oculares-las-amenazas-mas-comunes-en-bolivia","status":"publish","type":"post","link":"https:\/\/waracomunicaciones.com\/?p=894","title":{"rendered":"La batalla contra la ceguera: cataratas y hongos oculares, las amenazas m\u00e1s comunes en Bolivia"},"content":{"rendered":"\n<figure class=\"wp-block-image size-full\"><img loading=\"lazy\" decoding=\"async\" width=\"1000\" height=\"1000\" src=\"https:\/\/waracomunicaciones.com\/wp-content\/uploads\/2025\/10\/nokk.webp\" alt=\"\" class=\"wp-image-895\" srcset=\"https:\/\/waracomunicaciones.com\/wp-content\/uploads\/2025\/10\/nokk.webp 1000w, https:\/\/waracomunicaciones.com\/wp-content\/uploads\/2025\/10\/nokk-300x300.webp 300w, https:\/\/waracomunicaciones.com\/wp-content\/uploads\/2025\/10\/nokk-150x150.webp 150w, https:\/\/waracomunicaciones.com\/wp-content\/uploads\/2025\/10\/nokk-768x768.webp 768w\" sizes=\"auto, (max-width: 1000px) 100vw, 1000px\" \/><\/figure>\n\n\n<p><strong>Montero <\/strong>\u2013 En una entrevista exclusiva, el reconocido oftalm\u00f3logo boliviano Dr. Edwin Olmos, director gerente general de la cl\u00ednica \u00abOjitos\u00bb, comparti\u00f3 importantes datos sobre los principales problemas visuales que afectan a la poblaci\u00f3n boliviana, especialmente en el oriente del pa\u00eds.<!--more--> Entre ellos destacan las cataratas, que son la causa m\u00e1s frecuente de ceguera reversible a nivel mundial, y las infecciones f\u00fangicas en la c\u00f3rnea, provocadas por condiciones ambientales y laborales espec\u00edficas de la regi\u00f3n tropical.<\/p>\n<p><strong>Cataratas: la cirug\u00eda m\u00e1s realizada en el mundo<\/strong><\/p>\n<p>La cirug\u00eda de cataratas se posiciona como la intervenci\u00f3n ocular m\u00e1s com\u00fan a nivel global. \u201cCada a\u00f1o, m\u00e1s de 20 millones de personas en el mundo requieren esta cirug\u00eda para recuperar la visi\u00f3n. Es una verdadera guerra contra la ceguera\u201d, explic\u00f3 el Dr. Olmos.<\/p>\n<p>Sin embargo, a pesar de los grandes avances tecnol\u00f3gicos en el campo de la oftalmolog\u00eda \u2013incluyendo la rob\u00f3tica y la inteligencia artificial\u2013, la cirug\u00eda de cataratas no est\u00e1 exenta de riesgos. Seg\u00fan el especialista, las estad\u00edsticas internacionales muestran un 70% de \u00e9xito, mientras que el 30% de los casos puede presentar complicaciones, como inflamaci\u00f3n, sangrado o p\u00e9rdida de la visi\u00f3n, especialmente en pacientes mayores.<\/p>\n<p>\u201cEl ojo de un paciente de 70 a\u00f1os no tiene la misma resistencia que uno joven. Incluso si la cirug\u00eda es t\u00e9cnicamente perfecta, puede haber otros da\u00f1os, como problemas en la m\u00e1cula, que afectan el resultado final\u201d, detall\u00f3.<\/p>\n<p><strong>Infecciones f\u00fangicas: una amenaza creciente en el tr\u00f3pico boliviano<\/strong><\/p>\n<p>Otro de los temas preocupantes abordados por el Dr. Olmos es la creciente presencia de infecciones por hongos en la c\u00f3rnea, detectadas con frecuencia en zonas como Yapacan\u00ed y otras \u00e1reas del tr\u00f3pico cruce\u00f1o.<\/p>\n<p>\u201cEn los \u00faltimos cinco a\u00f1os hemos estudiado una alta incidencia de infecciones corneales por hongos. No es un problema nuevo, pero s\u00ed cada vez m\u00e1s frecuente y severo. Los hongos pueden perforar la c\u00f3rnea y dejar cicatrices que afectan permanentemente la visi\u00f3n\u201d, explic\u00f3.<\/p>\n<p>Estas infecciones est\u00e1n relacionadas con el ambiente agr\u00edcola de la regi\u00f3n, donde los cultivos atacados por hongos requieren pesticidas e insecticidas. \u201cLa exposici\u00f3n a estos productos y el contacto directo con las plantas pueden facilitar la entrada de esporas en los ojos\u201d, advirti\u00f3.<\/p>\n<p>El tratamiento inicial incluye cauterizaci\u00f3n con l\u00e1ser o m\u00e9todos t\u00e9rmicos especiales para eliminar las cepas f\u00fangicas, seguido de medicamentos antiinflamatorios. El diagn\u00f3stico y tratamiento temprano son clave para evitar da\u00f1os irreversibles.<\/p>\n<p><strong>Prevenci\u00f3n: el mejor tratamiento<\/strong><\/p>\n<p>El Dr. Olmos tambi\u00e9n hizo un llamado a la prevenci\u00f3n, tanto en la ni\u00f1ez como en el entorno laboral. Una alimentaci\u00f3n rica en vitamina A \u2014presente en alimentos como zanahoria, espinaca, acelga e h\u00edgado de vaca\u2014 es fundamental para la salud ocular infantil.<\/p>\n<p>En el \u00e1mbito laboral, especialmente en actividades industriales, el especialista insisti\u00f3 en el uso obligatorio de lentes de protecci\u00f3n. \u201cRecibimos muchos pacientes con esquirlas met\u00e1licas incrustadas en la c\u00f3rnea. La chispa caliente puede perforar el ojo. Todo cuerpo extra\u00f1o debe ser extra\u00eddo en las primeras 72 horas para evitar da\u00f1os permanentes\u201d, recomend\u00f3.<\/p>\n<p><strong>Conclusi\u00f3n<\/strong><\/p>\n<p>La oftalmolog\u00eda boliviana avanza de la mano con la ciencia global, pero los desaf\u00edos siguen presentes. Las cataratas y las infecciones por hongos son enemigos silenciosos de la visi\u00f3n, pero con prevenci\u00f3n, diagn\u00f3stico temprano y tecnolog\u00eda adecuada, se puede enfrentar esta batalla con esperanza.<\/p>\n\n\n<p><\/p>\n<div style=\"margin-top: 0px; margin-bottom: 0px;\" class=\"sharethis-inline-reaction-buttons\" ><\/div>","protected":false},"excerpt":{"rendered":"<p>Montero \u2013 En una entrevista exclusiva, el reconocido oftalm\u00f3logo boliviano Dr. Edwin Olmos, director gerente general de la cl\u00ednica \u00abOjitos\u00bb, comparti\u00f3 importantes datos sobre los principales problemas visuales que afectan a la poblaci\u00f3n boliviana, especialmente en el oriente del pa\u00eds.<\/p>\n","protected":false},"author":1,"featured_media":0,"comment_status":"open","ping_status":"open","sticky":false,"template":"","format":"standard","meta":{"footnotes":""},"categories":[144],"tags":[125,126,163],"class_list":["post-894","post","type-post","status-publish","format-standard","hentry","category-salud-local","tag-dr-edwin-olmos-zapata","tag-oftalmologia","tag-yapacani-2"],"yoast_head":"<!-- This site is optimized with the Yoast SEO Premium plugin v25.5 (Yoast SEO v27.1.1) - https:\/\/yoast.com\/product\/yoast-seo-premium-wordpress\/ -->\n<title>La batalla contra la ceguera: cataratas y hongos oculares, las amenazas m\u00e1s comunes en Bolivia - Wara Comunicaciones<\/title>\n<meta name=\"robots\" content=\"index, follow, max-snippet:-1, max-image-preview:large, max-video-preview:-1\" \/>\n<link rel=\"canonical\" href=\"https:\/\/waracomunicaciones.com\/?p=894\" \/>\n<meta property=\"og:locale\" content=\"es_ES\" \/>\n<meta property=\"og:type\" content=\"article\" \/>\n<meta property=\"og:title\" content=\"La batalla contra la ceguera: cataratas y hongos oculares, las amenazas m\u00e1s comunes en Bolivia\" \/>\n<meta property=\"og:description\" content=\"Montero \u2013 En una entrevista exclusiva, el reconocido oftalm\u00f3logo boliviano Dr. Edwin Olmos, director gerente general de la cl\u00ednica \u00abOjitos\u00bb, comparti\u00f3 importantes datos sobre los principales problemas visuales que afectan a la poblaci\u00f3n boliviana, especialmente en el oriente del pa\u00eds.\" \/>\n<meta property=\"og:url\" content=\"https:\/\/waracomunicaciones.com\/?p=894\" \/>\n<meta property=\"og:site_name\" content=\"Wara Comunicaciones\" \/>\n<meta property=\"article:publisher\" content=\"https:\/\/www.facebook.com\/waracomunicaciones2017\" \/>\n<meta property=\"article:published_time\" content=\"2025-10-18T14:00:21+00:00\" \/>\n<meta property=\"article:modified_time\" content=\"2025-10-18T14:00:22+00:00\" \/>\n<meta property=\"og:image\" content=\"https:\/\/waracomunicaciones.com\/wp-content\/uploads\/2025\/10\/nokk.webp\" \/>\n\t<meta property=\"og:image:width\" content=\"1000\" \/>\n\t<meta property=\"og:image:height\" content=\"1000\" \/>\n\t<meta property=\"og:image:type\" content=\"image\/webp\" \/>\n<meta name=\"author\" content=\"admin\" \/>\n<meta name=\"twitter:card\" content=\"summary_large_image\" \/>\n<meta name=\"twitter:label1\" content=\"Escrito por\" \/>\n\t<meta name=\"twitter:data1\" content=\"admin\" \/>\n\t<meta name=\"twitter:label2\" content=\"Tiempo de lectura\" \/>\n\t<meta name=\"twitter:data2\" content=\"3 minutos\" \/>\n<script type=\"application\/ld+json\" class=\"yoast-schema-graph\">{\"@context\":\"https:\/\/schema.org\",\"@graph\":[{\"@type\":\"Article\",\"@id\":\"https:\/\/waracomunicaciones.com\/?p=894#article\",\"isPartOf\":{\"@id\":\"https:\/\/waracomunicaciones.com\/?p=894\"},\"author\":{\"name\":\"admin\",\"@id\":\"https:\/\/waracomunicaciones.com\/#\/schema\/person\/e9db934bc91575cc71fe584c5973244a\"},\"headline\":\"La batalla contra la ceguera: cataratas y hongos oculares, las amenazas m\u00e1s comunes en Bolivia\",\"datePublished\":\"2025-10-18T14:00:21+00:00\",\"dateModified\":\"2025-10-18T14:00:22+00:00\",\"mainEntityOfPage\":{\"@id\":\"https:\/\/waracomunicaciones.com\/?p=894\"},\"wordCount\":615,\"commentCount\":0,\"publisher\":{\"@id\":\"https:\/\/waracomunicaciones.com\/#organization\"},\"image\":{\"@id\":\"https:\/\/waracomunicaciones.com\/?p=894#primaryimage\"},\"thumbnailUrl\":\"https:\/\/waracomunicaciones.com\/wp-content\/uploads\/2025\/10\/nokk.webp\",\"keywords\":[\"Dr. Edwin Olmos Zapata\",\"Oftalmolog\u00eda\",\"Yapacan\u00ed\"],\"articleSection\":[\"Salud\"],\"inLanguage\":\"es\",\"potentialAction\":[{\"@type\":\"CommentAction\",\"name\":\"Comment\",\"target\":[\"https:\/\/waracomunicaciones.com\/?p=894#respond\"]}]},{\"@type\":\"WebPage\",\"@id\":\"https:\/\/waracomunicaciones.com\/?p=894\",\"url\":\"https:\/\/waracomunicaciones.com\/?p=894\",\"name\":\"La batalla contra la ceguera: cataratas y hongos oculares, las amenazas m\u00e1s comunes en Bolivia - Wara Comunicaciones\",\"isPartOf\":{\"@id\":\"https:\/\/waracomunicaciones.com\/#website\"},\"primaryImageOfPage\":{\"@id\":\"https:\/\/waracomunicaciones.com\/?p=894#primaryimage\"},\"image\":{\"@id\":\"https:\/\/waracomunicaciones.com\/?p=894#primaryimage\"},\"thumbnailUrl\":\"https:\/\/waracomunicaciones.com\/wp-content\/uploads\/2025\/10\/nokk.webp\",\"datePublished\":\"2025-10-18T14:00:21+00:00\",\"dateModified\":\"2025-10-18T14:00:22+00:00\",\"breadcrumb\":{\"@id\":\"https:\/\/waracomunicaciones.com\/?p=894#breadcrumb\"},\"inLanguage\":\"es\",\"potentialAction\":[{\"@type\":\"ReadAction\",\"target\":[\"https:\/\/waracomunicaciones.com\/?p=894\"]}]},{\"@type\":\"ImageObject\",\"inLanguage\":\"es\",\"@id\":\"https:\/\/waracomunicaciones.com\/?p=894#primaryimage\",\"url\":\"https:\/\/waracomunicaciones.com\/wp-content\/uploads\/2025\/10\/nokk.webp\",\"contentUrl\":\"https:\/\/waracomunicaciones.com\/wp-content\/uploads\/2025\/10\/nokk.webp\",\"width\":1000,\"height\":1000},{\"@type\":\"BreadcrumbList\",\"@id\":\"https:\/\/waracomunicaciones.com\/?p=894#breadcrumb\",\"itemListElement\":[{\"@type\":\"ListItem\",\"position\":1,\"name\":\"Portada\",\"item\":\"https:\/\/waracomunicaciones.com\/\"},{\"@type\":\"ListItem\",\"position\":2,\"name\":\"La batalla contra la ceguera: cataratas y hongos oculares, las amenazas m\u00e1s comunes en Bolivia\"}]},{\"@type\":\"WebSite\",\"@id\":\"https:\/\/waracomunicaciones.com\/#website\",\"url\":\"https:\/\/waracomunicaciones.com\/\",\"name\":\"Wara Comunicaciones\",\"description\":\"\",\"publisher\":{\"@id\":\"https:\/\/waracomunicaciones.com\/#organization\"},\"potentialAction\":[{\"@type\":\"SearchAction\",\"target\":{\"@type\":\"EntryPoint\",\"urlTemplate\":\"https:\/\/waracomunicaciones.com\/?s={search_term_string}\"},\"query-input\":{\"@type\":\"PropertyValueSpecification\",\"valueRequired\":true,\"valueName\":\"search_term_string\"}}],\"inLanguage\":\"es\"},{\"@type\":\"Organization\",\"@id\":\"https:\/\/waracomunicaciones.com\/#organization\",\"name\":\"Wara Comunicaciones\",\"url\":\"https:\/\/waracomunicaciones.com\/\",\"logo\":{\"@type\":\"ImageObject\",\"inLanguage\":\"es\",\"@id\":\"https:\/\/waracomunicaciones.com\/#\/schema\/logo\/image\/\",\"url\":\"https:\/\/waracomunicaciones.com\/wp-content\/uploads\/2025\/07\/logo.png\",\"contentUrl\":\"https:\/\/waracomunicaciones.com\/wp-content\/uploads\/2025\/07\/logo.png\",\"width\":400,\"height\":164,\"caption\":\"Wara Comunicaciones\"},\"image\":{\"@id\":\"https:\/\/waracomunicaciones.com\/#\/schema\/logo\/image\/\"},\"sameAs\":[\"https:\/\/www.facebook.com\/waracomunicaciones2017\"]},{\"@type\":\"Person\",\"@id\":\"https:\/\/waracomunicaciones.com\/#\/schema\/person\/e9db934bc91575cc71fe584c5973244a\",\"name\":\"admin\",\"image\":{\"@type\":\"ImageObject\",\"inLanguage\":\"es\",\"@id\":\"https:\/\/waracomunicaciones.com\/#\/schema\/person\/image\/\",\"url\":\"https:\/\/secure.gravatar.com\/avatar\/bf27e9186df568254093afa216f887fece17605302c6ff12f3980422fffa52e6?s=96&d=mm&r=g\",\"contentUrl\":\"https:\/\/secure.gravatar.com\/avatar\/bf27e9186df568254093afa216f887fece17605302c6ff12f3980422fffa52e6?s=96&d=mm&r=g\",\"caption\":\"admin\"},\"sameAs\":[\"https:\/\/waracomunicaciones.com\/wp\"],\"url\":\"https:\/\/waracomunicaciones.com\/?author=1\"}]}<\/script>\n<!-- \/ Yoast SEO Premium plugin. -->","yoast_head_json":{"title":"La batalla contra la ceguera: cataratas y hongos oculares, las amenazas m\u00e1s comunes en Bolivia - Wara Comunicaciones","robots":{"index":"index","follow":"follow","max-snippet":"max-snippet:-1","max-image-preview":"max-image-preview:large","max-video-preview":"max-video-preview:-1"},"canonical":"https:\/\/waracomunicaciones.com\/?p=894","og_locale":"es_ES","og_type":"article","og_title":"La batalla contra la ceguera: cataratas y hongos oculares, las amenazas m\u00e1s comunes en Bolivia","og_description":"Montero \u2013 En una entrevista exclusiva, el reconocido oftalm\u00f3logo boliviano Dr. Edwin Olmos, director gerente general de la cl\u00ednica \u00abOjitos\u00bb, comparti\u00f3 importantes datos sobre los principales problemas visuales que afectan a la poblaci\u00f3n boliviana, especialmente en el oriente del pa\u00eds.","og_url":"https:\/\/waracomunicaciones.com\/?p=894","og_site_name":"Wara Comunicaciones","article_publisher":"https:\/\/www.facebook.com\/waracomunicaciones2017","article_published_time":"2025-10-18T14:00:21+00:00","article_modified_time":"2025-10-18T14:00:22+00:00","og_image":[{"width":1000,"height":1000,"url":"https:\/\/waracomunicaciones.com\/wp-content\/uploads\/2025\/10\/nokk.webp","type":"image\/webp"}],"author":"admin","twitter_card":"summary_large_image","twitter_misc":{"Escrito por":"admin","Tiempo de lectura":"3 minutos"},"schema":{"@context":"https:\/\/schema.org","@graph":[{"@type":"Article","@id":"https:\/\/waracomunicaciones.com\/?p=894#article","isPartOf":{"@id":"https:\/\/waracomunicaciones.com\/?p=894"},"author":{"name":"admin","@id":"https:\/\/waracomunicaciones.com\/#\/schema\/person\/e9db934bc91575cc71fe584c5973244a"},"headline":"La batalla contra la ceguera: cataratas y hongos oculares, las amenazas m\u00e1s comunes en Bolivia","datePublished":"2025-10-18T14:00:21+00:00","dateModified":"2025-10-18T14:00:22+00:00","mainEntityOfPage":{"@id":"https:\/\/waracomunicaciones.com\/?p=894"},"wordCount":615,"commentCount":0,"publisher":{"@id":"https:\/\/waracomunicaciones.com\/#organization"},"image":{"@id":"https:\/\/waracomunicaciones.com\/?p=894#primaryimage"},"thumbnailUrl":"https:\/\/waracomunicaciones.com\/wp-content\/uploads\/2025\/10\/nokk.webp","keywords":["Dr. Edwin Olmos Zapata","Oftalmolog\u00eda","Yapacan\u00ed"],"articleSection":["Salud"],"inLanguage":"es","potentialAction":[{"@type":"CommentAction","name":"Comment","target":["https:\/\/waracomunicaciones.com\/?p=894#respond"]}]},{"@type":"WebPage","@id":"https:\/\/waracomunicaciones.com\/?p=894","url":"https:\/\/waracomunicaciones.com\/?p=894","name":"La batalla contra la ceguera: cataratas y hongos oculares, las amenazas m\u00e1s comunes en Bolivia - Wara Comunicaciones","isPartOf":{"@id":"https:\/\/waracomunicaciones.com\/#website"},"primaryImageOfPage":{"@id":"https:\/\/waracomunicaciones.com\/?p=894#primaryimage"},"image":{"@id":"https:\/\/waracomunicaciones.com\/?p=894#primaryimage"},"thumbnailUrl":"https:\/\/waracomunicaciones.com\/wp-content\/uploads\/2025\/10\/nokk.webp","datePublished":"2025-10-18T14:00:21+00:00","dateModified":"2025-10-18T14:00:22+00:00","breadcrumb":{"@id":"https:\/\/waracomunicaciones.com\/?p=894#breadcrumb"},"inLanguage":"es","potentialAction":[{"@type":"ReadAction","target":["https:\/\/waracomunicaciones.com\/?p=894"]}]},{"@type":"ImageObject","inLanguage":"es","@id":"https:\/\/waracomunicaciones.com\/?p=894#primaryimage","url":"https:\/\/waracomunicaciones.com\/wp-content\/uploads\/2025\/10\/nokk.webp","contentUrl":"https:\/\/waracomunicaciones.com\/wp-content\/uploads\/2025\/10\/nokk.webp","width":1000,"height":1000},{"@type":"BreadcrumbList","@id":"https:\/\/waracomunicaciones.com\/?p=894#breadcrumb","itemListElement":[{"@type":"ListItem","position":1,"name":"Portada","item":"https:\/\/waracomunicaciones.com\/"},{"@type":"ListItem","position":2,"name":"La batalla contra la ceguera: cataratas y hongos oculares, las amenazas m\u00e1s comunes en Bolivia"}]},{"@type":"WebSite","@id":"https:\/\/waracomunicaciones.com\/#website","url":"https:\/\/waracomunicaciones.com\/","name":"Wara Comunicaciones","description":"","publisher":{"@id":"https:\/\/waracomunicaciones.com\/#organization"},"potentialAction":[{"@type":"SearchAction","target":{"@type":"EntryPoint","urlTemplate":"https:\/\/waracomunicaciones.com\/?s={search_term_string}"},"query-input":{"@type":"PropertyValueSpecification","valueRequired":true,"valueName":"search_term_string"}}],"inLanguage":"es"},{"@type":"Organization","@id":"https:\/\/waracomunicaciones.com\/#organization","name":"Wara Comunicaciones","url":"https:\/\/waracomunicaciones.com\/","logo":{"@type":"ImageObject","inLanguage":"es","@id":"https:\/\/waracomunicaciones.com\/#\/schema\/logo\/image\/","url":"https:\/\/waracomunicaciones.com\/wp-content\/uploads\/2025\/07\/logo.png","contentUrl":"https:\/\/waracomunicaciones.com\/wp-content\/uploads\/2025\/07\/logo.png","width":400,"height":164,"caption":"Wara Comunicaciones"},"image":{"@id":"https:\/\/waracomunicaciones.com\/#\/schema\/logo\/image\/"},"sameAs":["https:\/\/www.facebook.com\/waracomunicaciones2017"]},{"@type":"Person","@id":"https:\/\/waracomunicaciones.com\/#\/schema\/person\/e9db934bc91575cc71fe584c5973244a","name":"admin","image":{"@type":"ImageObject","inLanguage":"es","@id":"https:\/\/waracomunicaciones.com\/#\/schema\/person\/image\/","url":"https:\/\/secure.gravatar.com\/avatar\/bf27e9186df568254093afa216f887fece17605302c6ff12f3980422fffa52e6?s=96&d=mm&r=g","contentUrl":"https:\/\/secure.gravatar.com\/avatar\/bf27e9186df568254093afa216f887fece17605302c6ff12f3980422fffa52e6?s=96&d=mm&r=g","caption":"admin"},"sameAs":["https:\/\/waracomunicaciones.com\/wp"],"url":"https:\/\/waracomunicaciones.com\/?author=1"}]}},"_links":{"self":[{"href":"https:\/\/waracomunicaciones.com\/index.php?rest_route=\/wp\/v2\/posts\/894","targetHints":{"allow":["GET"]}}],"collection":[{"href":"https:\/\/waracomunicaciones.com\/index.php?rest_route=\/wp\/v2\/posts"}],"about":[{"href":"https:\/\/waracomunicaciones.com\/index.php?rest_route=\/wp\/v2\/types\/post"}],"author":[{"embeddable":true,"href":"https:\/\/waracomunicaciones.com\/index.php?rest_route=\/wp\/v2\/users\/1"}],"replies":[{"embeddable":true,"href":"https:\/\/waracomunicaciones.com\/index.php?rest_route=%2Fwp%2Fv2%2Fcomments&post=894"}],"version-history":[{"count":1,"href":"https:\/\/waracomunicaciones.com\/index.php?rest_route=\/wp\/v2\/posts\/894\/revisions"}],"predecessor-version":[{"id":896,"href":"https:\/\/waracomunicaciones.com\/index.php?rest_route=\/wp\/v2\/posts\/894\/revisions\/896"}],"wp:attachment":[{"href":"https:\/\/waracomunicaciones.com\/index.php?rest_route=%2Fwp%2Fv2%2Fmedia&parent=894"}],"wp:term":[{"taxonomy":"category","embeddable":true,"href":"https:\/\/waracomunicaciones.com\/index.php?rest_route=%2Fwp%2Fv2%2Fcategories&post=894"},{"taxonomy":"post_tag","embeddable":true,"href":"https:\/\/waracomunicaciones.com\/index.php?rest_route=%2Fwp%2Fv2%2Ftags&post=894"}],"curies":[{"name":"wp","href":"https:\/\/api.w.org\/{rel}","templated":true}]}}