{"id":891,"date":"2025-10-15T19:04:46","date_gmt":"2025-10-15T23:04:46","guid":{"rendered":"https:\/\/waracomunicaciones.com\/?p=891"},"modified":"2025-10-15T19:04:47","modified_gmt":"2025-10-15T23:04:47","slug":"miguel-angel-hurtado-nos-estan-dejando-el-pais-hecho-pedazos-y-todavia-quieren-hacer-revocatorio","status":"publish","type":"post","link":"https:\/\/waracomunicaciones.com\/?p=891","title":{"rendered":"Miguel \u00c1ngel Hurtado: \u201cNos est\u00e1n dejando el pa\u00eds hecho pedazos y todav\u00eda quieren hacer revocatorio\u201d"},"content":{"rendered":"\n<figure class=\"wp-block-image size-full\"><img loading=\"lazy\" decoding=\"async\" width=\"1000\" height=\"523\" src=\"https:\/\/waracomunicaciones.com\/wp-content\/uploads\/2025\/10\/sffvgg.webp\" alt=\"\" class=\"wp-image-892\" srcset=\"https:\/\/waracomunicaciones.com\/wp-content\/uploads\/2025\/10\/sffvgg.webp 1000w, https:\/\/waracomunicaciones.com\/wp-content\/uploads\/2025\/10\/sffvgg-300x157.webp 300w, https:\/\/waracomunicaciones.com\/wp-content\/uploads\/2025\/10\/sffvgg-768x402.webp 768w\" sizes=\"auto, (max-width: 1000px) 100vw, 1000px\" \/><\/figure>\n\n\n<p><strong>Montero, <\/strong>\u2014 A pocos d\u00edas del decisivo balotaje presidencial, el exalcalde de Montero y dirigente pol\u00edtico <strong>Miguel \u00c1ngel Hurtado<\/strong>, conocido popularmente como \u201cJichy\u201d, se pronunci\u00f3 sobre el panorama pol\u00edtico nacional, las propuestas de los candidatos, la crisis del combustible y la creciente tensi\u00f3n en el pa\u00eds.<!--more--> Lo hizo en una entrevista radial con <strong>Tom\u00e1s Coca<\/strong> en el programa matutino de <em>Wara Comunicaciones<\/em>.<\/p>\n<p>Con su habitual tono frontal y sin eufemismos, Hurtado expres\u00f3 su preocupaci\u00f3n por la inestabilidad pol\u00edtica que, seg\u00fan \u00e9l, est\u00e1n promoviendo sectores afines al oficialismo, incluso antes de conocerse los resultados de la segunda vuelta electoral.<\/p>\n<p><em>\u201cNos est\u00e1n dejando el pa\u00eds hecho pedazos y todav\u00eda quieren crear inestabilidad. Ya hablan de revocatorio contra el nuevo gobierno antes de que siquiera asuma. Es una locura. Estos sinverg\u00fcenzas quieren seguir usufructuando los beneficios que han tenido por m\u00e1s de 20 a\u00f1os\u201d<\/em>, denunci\u00f3.<\/p>\n<p><strong>Sobre las encuestas: \u201cYa nadie cree\u201d<\/strong><\/p>\n<p>El dirigente cuestion\u00f3 la credibilidad de las encuestas electorales que circulan en los medios de comunicaci\u00f3n, asegurando que la poblaci\u00f3n ha aprendido a desconfiar de ellas:<\/p>\n<p><em>\u201cEn la primera vuelta, las encuestas fallaron. Si la gente les hubiera cre\u00eddo, Rodrigo Paz no habr\u00eda llegado al balotaje. Hoy ya nadie se deja enga\u00f1ar, la gente vota con conciencia\u201d<\/em>, afirm\u00f3.<\/p>\n<p>Hurtado tambi\u00e9n destac\u00f3 que en esta segunda vuelta los factores sociales, ideol\u00f3gicos y regionales pesan m\u00e1s que los porcentajes presentados por las encuestadoras.<\/p>\n<p><em>\u201cAhora es uno contra uno, y eso cambia todo. Aqu\u00ed lo que define es el deseo de una Bolivia pr\u00f3spera y libre de corrupci\u00f3n, no una encuesta de escritorio\u201d<\/em>, subray\u00f3.<\/p>\n<p><strong>Debate y propuestas econ\u00f3micas: Rodrigo Paz gana terreno<\/strong><\/p>\n<p>Al referirse al reciente debate presidencial, Hurtado elogi\u00f3 el desempe\u00f1o del candidato de <strong>PDC<\/strong>, <strong>Rodrigo Paz<\/strong>, por su capacidad de comunicaci\u00f3n y claridad en las propuestas.<\/p>\n<p><em>\u201cRodrigo no se guard\u00f3 nada. Fue directo, explic\u00f3 su plan y demostr\u00f3 autoridad. Adem\u00e1s, est\u00e1 proponiendo medidas reales como los 3.500 millones de d\u00f3lares ya aprobados por organismos internacionales, que solo necesitan aval legislativo para ser desembolsados\u201d<\/em>, se\u00f1al\u00f3.<\/p>\n<p>En contraste, cuestion\u00f3 el plan del candidato <strong>Jorge Quiroga<\/strong>, especialmente su propuesta de entregar a cada boliviano una garant\u00eda de $1.500 en acciones:<\/p>\n<p><em>\u201cEso ya lo escuchamos de Goni. No tiene sentido ofrecer acciones de algo que ni siquiera est\u00e1 certificado. Es una idea sin pies ni cabeza\u201d<\/em>, sentenci\u00f3.<\/p>\n<p><strong>Crisis del combustible: \u201cEsto parece premeditado\u201d<\/strong><\/p>\n<p>Otro tema central fue la aguda escasez de combustibles, que en d\u00edas recientes ha generado largas filas, protestas e incluso bloqueos en regiones como Cochabamba y Santa Cruz. Hurtado no descart\u00f3 que haya una intenci\u00f3n pol\u00edtica detr\u00e1s de la crisis:<\/p>\n<p><em>\u201cYo estuve ayer todo el d\u00eda en una fila para cargar combustible. Muchos comentaban que esto podr\u00eda estar siendo manejado por el gobierno para perjudicar o beneficiar pol\u00edticamente. Pero m\u00e1s all\u00e1 de teor\u00edas, lo real es que no hay gasolina y eso est\u00e1 paralizando al pa\u00eds\u201d<\/em>, advirti\u00f3.<\/p>\n<p>Tambi\u00e9n critic\u00f3 a la Asamblea Legislativa por no aprobar cr\u00e9ditos internacionales que podr\u00edan aliviar la crisis:<\/p>\n<p><em>\u201cHay 100 millones de d\u00f3lares del JICA pr\u00e1cticamente a fondo perdido y nuestros diputados no lo aprueban. Est\u00e1n da\u00f1ando al pa\u00eds. Esos fondos podr\u00edan estabilizar la compra de combustible y evitar que perdamos la pr\u00f3xima cosecha. Es criminal lo que est\u00e1n haciendo\u201d<\/em>, afirm\u00f3 con dureza.<\/p>\n<p><strong>Sobre la descentralizaci\u00f3n: \u201cS\u00ed, pero con control\u201d<\/strong><\/p>\n<p>Finalmente, Hurtado se refiri\u00f3 al debate sobre la descentralizaci\u00f3n fiscal planteada por ambos candidatos, con propuestas que oscilan entre el <strong>50-50<\/strong> y el <strong>60-40<\/strong> en la redistribuci\u00f3n de recursos hacia los gobiernos subnacionales.<\/p>\n<p><em>\u201cLuchar por m\u00e1s recursos para las alcald\u00edas es justo. Pero tambi\u00e9n debe haber control y una administraci\u00f3n responsable. No se trata de soltar plata sin fiscalizaci\u00f3n\u201d<\/em>, enfatiz\u00f3.<\/p>\n<p>Concluy\u00f3 se\u00f1alando que, a pocas horas del inicio del silencio electoral, lo importante ahora es que la ciudadan\u00eda acuda a las urnas con conciencia:<\/p>\n<p><em>\u201cEste domingo se define el futuro del pa\u00eds. Ojal\u00e1 que el pueblo vote con la cabeza y no con el miedo. El que gane, que trabaje y no nos hunda m\u00e1s\u201d<\/em>, finaliz\u00f3.<\/p><div style=\"margin-top: 0px; margin-bottom: 0px;\" class=\"sharethis-inline-reaction-buttons\" ><\/div>","protected":false},"excerpt":{"rendered":"<p>Montero, \u2014 A pocos d\u00edas del decisivo balotaje presidencial, el exalcalde de Montero y dirigente pol\u00edtico Miguel \u00c1ngel Hurtado, conocido popularmente como \u201cJichy\u201d, se pronunci\u00f3 sobre el panorama pol\u00edtico nacional, las propuestas de los candidatos, la crisis del combustible y la creciente tensi\u00f3n en el pa\u00eds.<\/p>\n","protected":false},"author":1,"featured_media":0,"comment_status":"open","ping_status":"open","sticky":false,"template":"","format":"standard","meta":{"footnotes":""},"categories":[48],"tags":[230,231,152],"class_list":["post-891","post","type-post","status-publish","format-standard","hentry","category-economia-nacional","tag-crisis","tag-dolar","tag-miguel-angel-hurtado"],"yoast_head":"<!-- This site is optimized with the Yoast SEO Premium plugin v25.5 (Yoast SEO v27.1.1) - https:\/\/yoast.com\/product\/yoast-seo-premium-wordpress\/ -->\n<title>Miguel \u00c1ngel Hurtado: \u201cNos est\u00e1n dejando el pa\u00eds hecho pedazos y todav\u00eda quieren hacer revocatorio\u201d - Wara Comunicaciones<\/title>\n<meta name=\"robots\" content=\"index, follow, max-snippet:-1, max-image-preview:large, max-video-preview:-1\" \/>\n<link rel=\"canonical\" href=\"https:\/\/waracomunicaciones.com\/?p=891\" \/>\n<meta property=\"og:locale\" content=\"es_ES\" \/>\n<meta property=\"og:type\" content=\"article\" \/>\n<meta property=\"og:title\" content=\"Miguel \u00c1ngel Hurtado: \u201cNos est\u00e1n dejando el pa\u00eds hecho pedazos y todav\u00eda quieren hacer revocatorio\u201d\" \/>\n<meta property=\"og:description\" content=\"Montero, \u2014 A pocos d\u00edas del decisivo balotaje presidencial, el exalcalde de Montero y dirigente pol\u00edtico Miguel \u00c1ngel Hurtado, conocido popularmente como \u201cJichy\u201d, se pronunci\u00f3 sobre el panorama pol\u00edtico nacional, las propuestas de los candidatos, la crisis del combustible y la creciente tensi\u00f3n en el pa\u00eds.\" \/>\n<meta property=\"og:url\" content=\"https:\/\/waracomunicaciones.com\/?p=891\" \/>\n<meta property=\"og:site_name\" content=\"Wara Comunicaciones\" \/>\n<meta property=\"article:publisher\" content=\"https:\/\/www.facebook.com\/waracomunicaciones2017\" \/>\n<meta property=\"article:published_time\" content=\"2025-10-15T23:04:46+00:00\" \/>\n<meta property=\"article:modified_time\" content=\"2025-10-15T23:04:47+00:00\" \/>\n<meta property=\"og:image\" content=\"https:\/\/waracomunicaciones.com\/wp-content\/uploads\/2025\/10\/sffvgg.webp\" \/>\n\t<meta property=\"og:image:width\" content=\"1000\" \/>\n\t<meta property=\"og:image:height\" content=\"523\" \/>\n\t<meta property=\"og:image:type\" content=\"image\/webp\" \/>\n<meta name=\"author\" content=\"admin\" \/>\n<meta name=\"twitter:card\" content=\"summary_large_image\" \/>\n<meta name=\"twitter:label1\" content=\"Escrito por\" \/>\n\t<meta name=\"twitter:data1\" content=\"admin\" \/>\n\t<meta name=\"twitter:label2\" content=\"Tiempo de lectura\" \/>\n\t<meta name=\"twitter:data2\" content=\"4 minutos\" \/>\n<script type=\"application\/ld+json\" class=\"yoast-schema-graph\">{\"@context\":\"https:\/\/schema.org\",\"@graph\":[{\"@type\":\"Article\",\"@id\":\"https:\/\/waracomunicaciones.com\/?p=891#article\",\"isPartOf\":{\"@id\":\"https:\/\/waracomunicaciones.com\/?p=891\"},\"author\":{\"name\":\"admin\",\"@id\":\"https:\/\/waracomunicaciones.com\/#\/schema\/person\/e9db934bc91575cc71fe584c5973244a\"},\"headline\":\"Miguel \u00c1ngel Hurtado: \u201cNos est\u00e1n dejando el pa\u00eds hecho pedazos y todav\u00eda quieren hacer revocatorio\u201d\",\"datePublished\":\"2025-10-15T23:04:46+00:00\",\"dateModified\":\"2025-10-15T23:04:47+00:00\",\"mainEntityOfPage\":{\"@id\":\"https:\/\/waracomunicaciones.com\/?p=891\"},\"wordCount\":736,\"commentCount\":0,\"publisher\":{\"@id\":\"https:\/\/waracomunicaciones.com\/#organization\"},\"image\":{\"@id\":\"https:\/\/waracomunicaciones.com\/?p=891#primaryimage\"},\"thumbnailUrl\":\"https:\/\/waracomunicaciones.com\/wp-content\/uploads\/2025\/10\/sffvgg.webp\",\"keywords\":[\"Crisis\",\"Dolar\",\"Miguel \u00c1ngel Hurtado\"],\"articleSection\":[\"Econom\u00eda\"],\"inLanguage\":\"es\",\"potentialAction\":[{\"@type\":\"CommentAction\",\"name\":\"Comment\",\"target\":[\"https:\/\/waracomunicaciones.com\/?p=891#respond\"]}]},{\"@type\":\"WebPage\",\"@id\":\"https:\/\/waracomunicaciones.com\/?p=891\",\"url\":\"https:\/\/waracomunicaciones.com\/?p=891\",\"name\":\"Miguel \u00c1ngel Hurtado: \u201cNos est\u00e1n dejando el pa\u00eds hecho pedazos y todav\u00eda quieren hacer revocatorio\u201d - Wara Comunicaciones\",\"isPartOf\":{\"@id\":\"https:\/\/waracomunicaciones.com\/#website\"},\"primaryImageOfPage\":{\"@id\":\"https:\/\/waracomunicaciones.com\/?p=891#primaryimage\"},\"image\":{\"@id\":\"https:\/\/waracomunicaciones.com\/?p=891#primaryimage\"},\"thumbnailUrl\":\"https:\/\/waracomunicaciones.com\/wp-content\/uploads\/2025\/10\/sffvgg.webp\",\"datePublished\":\"2025-10-15T23:04:46+00:00\",\"dateModified\":\"2025-10-15T23:04:47+00:00\",\"breadcrumb\":{\"@id\":\"https:\/\/waracomunicaciones.com\/?p=891#breadcrumb\"},\"inLanguage\":\"es\",\"potentialAction\":[{\"@type\":\"ReadAction\",\"target\":[\"https:\/\/waracomunicaciones.com\/?p=891\"]}]},{\"@type\":\"ImageObject\",\"inLanguage\":\"es\",\"@id\":\"https:\/\/waracomunicaciones.com\/?p=891#primaryimage\",\"url\":\"https:\/\/waracomunicaciones.com\/wp-content\/uploads\/2025\/10\/sffvgg.webp\",\"contentUrl\":\"https:\/\/waracomunicaciones.com\/wp-content\/uploads\/2025\/10\/sffvgg.webp\",\"width\":1000,\"height\":523},{\"@type\":\"BreadcrumbList\",\"@id\":\"https:\/\/waracomunicaciones.com\/?p=891#breadcrumb\",\"itemListElement\":[{\"@type\":\"ListItem\",\"position\":1,\"name\":\"Portada\",\"item\":\"https:\/\/waracomunicaciones.com\/\"},{\"@type\":\"ListItem\",\"position\":2,\"name\":\"Miguel \u00c1ngel Hurtado: \u201cNos est\u00e1n dejando el pa\u00eds hecho pedazos y todav\u00eda quieren hacer revocatorio\u201d\"}]},{\"@type\":\"WebSite\",\"@id\":\"https:\/\/waracomunicaciones.com\/#website\",\"url\":\"https:\/\/waracomunicaciones.com\/\",\"name\":\"Wara Comunicaciones\",\"description\":\"\",\"publisher\":{\"@id\":\"https:\/\/waracomunicaciones.com\/#organization\"},\"potentialAction\":[{\"@type\":\"SearchAction\",\"target\":{\"@type\":\"EntryPoint\",\"urlTemplate\":\"https:\/\/waracomunicaciones.com\/?s={search_term_string}\"},\"query-input\":{\"@type\":\"PropertyValueSpecification\",\"valueRequired\":true,\"valueName\":\"search_term_string\"}}],\"inLanguage\":\"es\"},{\"@type\":\"Organization\",\"@id\":\"https:\/\/waracomunicaciones.com\/#organization\",\"name\":\"Wara Comunicaciones\",\"url\":\"https:\/\/waracomunicaciones.com\/\",\"logo\":{\"@type\":\"ImageObject\",\"inLanguage\":\"es\",\"@id\":\"https:\/\/waracomunicaciones.com\/#\/schema\/logo\/image\/\",\"url\":\"https:\/\/waracomunicaciones.com\/wp-content\/uploads\/2025\/07\/logo.png\",\"contentUrl\":\"https:\/\/waracomunicaciones.com\/wp-content\/uploads\/2025\/07\/logo.png\",\"width\":400,\"height\":164,\"caption\":\"Wara Comunicaciones\"},\"image\":{\"@id\":\"https:\/\/waracomunicaciones.com\/#\/schema\/logo\/image\/\"},\"sameAs\":[\"https:\/\/www.facebook.com\/waracomunicaciones2017\"]},{\"@type\":\"Person\",\"@id\":\"https:\/\/waracomunicaciones.com\/#\/schema\/person\/e9db934bc91575cc71fe584c5973244a\",\"name\":\"admin\",\"image\":{\"@type\":\"ImageObject\",\"inLanguage\":\"es\",\"@id\":\"https:\/\/waracomunicaciones.com\/#\/schema\/person\/image\/\",\"url\":\"https:\/\/secure.gravatar.com\/avatar\/bf27e9186df568254093afa216f887fece17605302c6ff12f3980422fffa52e6?s=96&d=mm&r=g\",\"contentUrl\":\"https:\/\/secure.gravatar.com\/avatar\/bf27e9186df568254093afa216f887fece17605302c6ff12f3980422fffa52e6?s=96&d=mm&r=g\",\"caption\":\"admin\"},\"sameAs\":[\"https:\/\/waracomunicaciones.com\/wp\"],\"url\":\"https:\/\/waracomunicaciones.com\/?author=1\"}]}<\/script>\n<!-- \/ Yoast SEO Premium plugin. -->","yoast_head_json":{"title":"Miguel \u00c1ngel Hurtado: \u201cNos est\u00e1n dejando el pa\u00eds hecho pedazos y todav\u00eda quieren hacer revocatorio\u201d - Wara Comunicaciones","robots":{"index":"index","follow":"follow","max-snippet":"max-snippet:-1","max-image-preview":"max-image-preview:large","max-video-preview":"max-video-preview:-1"},"canonical":"https:\/\/waracomunicaciones.com\/?p=891","og_locale":"es_ES","og_type":"article","og_title":"Miguel \u00c1ngel Hurtado: \u201cNos est\u00e1n dejando el pa\u00eds hecho pedazos y todav\u00eda quieren hacer revocatorio\u201d","og_description":"Montero, \u2014 A pocos d\u00edas del decisivo balotaje presidencial, el exalcalde de Montero y dirigente pol\u00edtico Miguel \u00c1ngel Hurtado, conocido popularmente como \u201cJichy\u201d, se pronunci\u00f3 sobre el panorama pol\u00edtico nacional, las propuestas de los candidatos, la crisis del combustible y la creciente tensi\u00f3n en el pa\u00eds.","og_url":"https:\/\/waracomunicaciones.com\/?p=891","og_site_name":"Wara Comunicaciones","article_publisher":"https:\/\/www.facebook.com\/waracomunicaciones2017","article_published_time":"2025-10-15T23:04:46+00:00","article_modified_time":"2025-10-15T23:04:47+00:00","og_image":[{"width":1000,"height":523,"url":"https:\/\/waracomunicaciones.com\/wp-content\/uploads\/2025\/10\/sffvgg.webp","type":"image\/webp"}],"author":"admin","twitter_card":"summary_large_image","twitter_misc":{"Escrito por":"admin","Tiempo de lectura":"4 minutos"},"schema":{"@context":"https:\/\/schema.org","@graph":[{"@type":"Article","@id":"https:\/\/waracomunicaciones.com\/?p=891#article","isPartOf":{"@id":"https:\/\/waracomunicaciones.com\/?p=891"},"author":{"name":"admin","@id":"https:\/\/waracomunicaciones.com\/#\/schema\/person\/e9db934bc91575cc71fe584c5973244a"},"headline":"Miguel \u00c1ngel Hurtado: \u201cNos est\u00e1n dejando el pa\u00eds hecho pedazos y todav\u00eda quieren hacer revocatorio\u201d","datePublished":"2025-10-15T23:04:46+00:00","dateModified":"2025-10-15T23:04:47+00:00","mainEntityOfPage":{"@id":"https:\/\/waracomunicaciones.com\/?p=891"},"wordCount":736,"commentCount":0,"publisher":{"@id":"https:\/\/waracomunicaciones.com\/#organization"},"image":{"@id":"https:\/\/waracomunicaciones.com\/?p=891#primaryimage"},"thumbnailUrl":"https:\/\/waracomunicaciones.com\/wp-content\/uploads\/2025\/10\/sffvgg.webp","keywords":["Crisis","Dolar","Miguel \u00c1ngel Hurtado"],"articleSection":["Econom\u00eda"],"inLanguage":"es","potentialAction":[{"@type":"CommentAction","name":"Comment","target":["https:\/\/waracomunicaciones.com\/?p=891#respond"]}]},{"@type":"WebPage","@id":"https:\/\/waracomunicaciones.com\/?p=891","url":"https:\/\/waracomunicaciones.com\/?p=891","name":"Miguel \u00c1ngel Hurtado: \u201cNos est\u00e1n dejando el pa\u00eds hecho pedazos y todav\u00eda quieren hacer revocatorio\u201d - Wara Comunicaciones","isPartOf":{"@id":"https:\/\/waracomunicaciones.com\/#website"},"primaryImageOfPage":{"@id":"https:\/\/waracomunicaciones.com\/?p=891#primaryimage"},"image":{"@id":"https:\/\/waracomunicaciones.com\/?p=891#primaryimage"},"thumbnailUrl":"https:\/\/waracomunicaciones.com\/wp-content\/uploads\/2025\/10\/sffvgg.webp","datePublished":"2025-10-15T23:04:46+00:00","dateModified":"2025-10-15T23:04:47+00:00","breadcrumb":{"@id":"https:\/\/waracomunicaciones.com\/?p=891#breadcrumb"},"inLanguage":"es","potentialAction":[{"@type":"ReadAction","target":["https:\/\/waracomunicaciones.com\/?p=891"]}]},{"@type":"ImageObject","inLanguage":"es","@id":"https:\/\/waracomunicaciones.com\/?p=891#primaryimage","url":"https:\/\/waracomunicaciones.com\/wp-content\/uploads\/2025\/10\/sffvgg.webp","contentUrl":"https:\/\/waracomunicaciones.com\/wp-content\/uploads\/2025\/10\/sffvgg.webp","width":1000,"height":523},{"@type":"BreadcrumbList","@id":"https:\/\/waracomunicaciones.com\/?p=891#breadcrumb","itemListElement":[{"@type":"ListItem","position":1,"name":"Portada","item":"https:\/\/waracomunicaciones.com\/"},{"@type":"ListItem","position":2,"name":"Miguel \u00c1ngel Hurtado: \u201cNos est\u00e1n dejando el pa\u00eds hecho pedazos y todav\u00eda quieren hacer revocatorio\u201d"}]},{"@type":"WebSite","@id":"https:\/\/waracomunicaciones.com\/#website","url":"https:\/\/waracomunicaciones.com\/","name":"Wara Comunicaciones","description":"","publisher":{"@id":"https:\/\/waracomunicaciones.com\/#organization"},"potentialAction":[{"@type":"SearchAction","target":{"@type":"EntryPoint","urlTemplate":"https:\/\/waracomunicaciones.com\/?s={search_term_string}"},"query-input":{"@type":"PropertyValueSpecification","valueRequired":true,"valueName":"search_term_string"}}],"inLanguage":"es"},{"@type":"Organization","@id":"https:\/\/waracomunicaciones.com\/#organization","name":"Wara Comunicaciones","url":"https:\/\/waracomunicaciones.com\/","logo":{"@type":"ImageObject","inLanguage":"es","@id":"https:\/\/waracomunicaciones.com\/#\/schema\/logo\/image\/","url":"https:\/\/waracomunicaciones.com\/wp-content\/uploads\/2025\/07\/logo.png","contentUrl":"https:\/\/waracomunicaciones.com\/wp-content\/uploads\/2025\/07\/logo.png","width":400,"height":164,"caption":"Wara Comunicaciones"},"image":{"@id":"https:\/\/waracomunicaciones.com\/#\/schema\/logo\/image\/"},"sameAs":["https:\/\/www.facebook.com\/waracomunicaciones2017"]},{"@type":"Person","@id":"https:\/\/waracomunicaciones.com\/#\/schema\/person\/e9db934bc91575cc71fe584c5973244a","name":"admin","image":{"@type":"ImageObject","inLanguage":"es","@id":"https:\/\/waracomunicaciones.com\/#\/schema\/person\/image\/","url":"https:\/\/secure.gravatar.com\/avatar\/bf27e9186df568254093afa216f887fece17605302c6ff12f3980422fffa52e6?s=96&d=mm&r=g","contentUrl":"https:\/\/secure.gravatar.com\/avatar\/bf27e9186df568254093afa216f887fece17605302c6ff12f3980422fffa52e6?s=96&d=mm&r=g","caption":"admin"},"sameAs":["https:\/\/waracomunicaciones.com\/wp"],"url":"https:\/\/waracomunicaciones.com\/?author=1"}]}},"_links":{"self":[{"href":"https:\/\/waracomunicaciones.com\/index.php?rest_route=\/wp\/v2\/posts\/891","targetHints":{"allow":["GET"]}}],"collection":[{"href":"https:\/\/waracomunicaciones.com\/index.php?rest_route=\/wp\/v2\/posts"}],"about":[{"href":"https:\/\/waracomunicaciones.com\/index.php?rest_route=\/wp\/v2\/types\/post"}],"author":[{"embeddable":true,"href":"https:\/\/waracomunicaciones.com\/index.php?rest_route=\/wp\/v2\/users\/1"}],"replies":[{"embeddable":true,"href":"https:\/\/waracomunicaciones.com\/index.php?rest_route=%2Fwp%2Fv2%2Fcomments&post=891"}],"version-history":[{"count":1,"href":"https:\/\/waracomunicaciones.com\/index.php?rest_route=\/wp\/v2\/posts\/891\/revisions"}],"predecessor-version":[{"id":893,"href":"https:\/\/waracomunicaciones.com\/index.php?rest_route=\/wp\/v2\/posts\/891\/revisions\/893"}],"wp:attachment":[{"href":"https:\/\/waracomunicaciones.com\/index.php?rest_route=%2Fwp%2Fv2%2Fmedia&parent=891"}],"wp:term":[{"taxonomy":"category","embeddable":true,"href":"https:\/\/waracomunicaciones.com\/index.php?rest_route=%2Fwp%2Fv2%2Fcategories&post=891"},{"taxonomy":"post_tag","embeddable":true,"href":"https:\/\/waracomunicaciones.com\/index.php?rest_route=%2Fwp%2Fv2%2Ftags&post=891"}],"curies":[{"name":"wp","href":"https:\/\/api.w.org\/{rel}","templated":true}]}}