{"id":888,"date":"2025-10-15T18:56:40","date_gmt":"2025-10-15T22:56:40","guid":{"rendered":"https:\/\/waracomunicaciones.com\/?p=888"},"modified":"2025-10-15T18:56:43","modified_gmt":"2025-10-15T22:56:43","slug":"maicol-moreno-la-gente-ya-no-habla-de-salud-ni-de-educacion-habla-de-combustible","status":"publish","type":"post","link":"https:\/\/waracomunicaciones.com\/?p=888","title":{"rendered":"Maicol Moreno: \u201cLa gente ya no habla de salud ni de educaci\u00f3n, habla de combustible\u201d"},"content":{"rendered":"\n<figure class=\"wp-block-image size-full\"><img loading=\"lazy\" decoding=\"async\" width=\"1000\" height=\"563\" src=\"https:\/\/waracomunicaciones.com\/wp-content\/uploads\/2025\/10\/FILAS.webp\" alt=\"\" class=\"wp-image-889\" srcset=\"https:\/\/waracomunicaciones.com\/wp-content\/uploads\/2025\/10\/FILAS.webp 1000w, https:\/\/waracomunicaciones.com\/wp-content\/uploads\/2025\/10\/FILAS-300x169.webp 300w, https:\/\/waracomunicaciones.com\/wp-content\/uploads\/2025\/10\/FILAS-768x432.webp 768w\" sizes=\"auto, (max-width: 1000px) 100vw, 1000px\" \/><\/figure>\n\n\n<p><strong>Santa Cruz, <\/strong>\u00a0\u2014 En la recta final de la campa\u00f1a electoral rumbo al balotaje del pr\u00f3ximo 19 de octubre, el jefe de campa\u00f1a de la alianza C-57 en Santa Cruz, <strong>Maicol Moreno<\/strong>, ofreci\u00f3 un balance del cierre de actividades proselitistas y se refiri\u00f3 a los principales temas que marcan la agenda electoral: la crisis del combustible, la econom\u00eda y la necesidad de respuestas inmediatas a las demandas ciudadanas.<!--more--><\/p>\n<p>Durante una entrevista con <strong>Wara Comunicaciones<\/strong>, Moreno destac\u00f3 el acto de cierre de campa\u00f1a realizado la noche anterior en la ciudad de Santa Cruz, donde el candidato <strong>Jorge Tuto Quiroga<\/strong> y su binomio <strong>Juan Pablo Velasco<\/strong> encabezaron un evento \u201ccolorido y folcl\u00f3rico\u201d, con representaci\u00f3n cultural de las 15 provincias del departamento.<\/p>\n<p><em>\u201cFue un cierre de campa\u00f1a que mostr\u00f3 la diversidad cultural de Santa Cruz, con la participaci\u00f3n de la Chiquitan\u00eda, Guarayos, los valles. Se reflej\u00f3 la unidad que queremos para Bolivia y se reafirm\u00f3 que somos la opci\u00f3n para sacar al pa\u00eds de la crisis econ\u00f3mica\u201d<\/em>, expres\u00f3 Moreno.<\/p>\n<p><strong>La crisis del combustible como tema central<\/strong><\/p>\n<p>Uno de los puntos m\u00e1s destacados de la entrevista fue la respuesta de Moreno a las declaraciones del candidato Rodrigo Paz, quien acus\u00f3 tanto al oficialismo como a Tuto Quiroga de <strong>hacer uso pol\u00edtico de la crisis del combustible<\/strong>. Al respecto, Moreno fue contundente:<\/p>\n<p><em>\u201cEs inevitable hablar del combustible. Es el problema m\u00e1s urgente que hoy afecta a todos: transportistas, productores, comerciantes. No hablar de esto ser\u00eda ignorar lo que m\u00e1s le importa a la gente en este momento\u201d<\/em>, sostuvo.<\/p>\n<p>Seg\u00fan explic\u00f3, la crisis del di\u00e9sel y la gasolina est\u00e1 generando un impacto directo en el precio de los alimentos, el transporte y el acceso a bienes b\u00e1sicos, y afecta especialmente a los sectores m\u00e1s vulnerables.<\/p>\n<p><em>\u201cHoy ya no se habla de salud, de carreteras o de educaci\u00f3n. La gente solo quiere saber si va a poder trabajar ma\u00f1ana, si va a haber combustible. Por eso estamos hablando de esto y proponiendo soluciones viables. Tuto tiene un plan claro para traer d\u00f3lares, importar combustible y normalizar la situaci\u00f3n\u201d<\/em>, remarc\u00f3.<\/p>\n<p>Moreno tambi\u00e9n critic\u00f3 la falta de propuestas concretas de otros candidatos:<\/p>\n<p><em>\u201cRodrigo Paz acusa, pero no tiene un plan real para resolver la crisis. Nosotros s\u00ed lo tenemos. No se trata de aprovecharse pol\u00edticamente, se trata de dar soluciones\u201d<\/em>, se\u00f1al\u00f3.<\/p>\n<p><strong>Trabajo de base y organizaci\u00f3n para el d\u00eda de la elecci\u00f3n<\/strong><\/p>\n<p>Consultado sobre las actividades pendientes en la campa\u00f1a, Moreno inform\u00f3 que el equipo de C-57 contin\u00faa desplegado en todo el departamento en tareas de difusi\u00f3n, capacitaci\u00f3n y log\u00edstica electoral.<\/p>\n<p><em>\u201cHoy es el \u00faltimo d\u00eda antes del silencio electoral. Estamos entregando panfletos, informando a la ciudadan\u00eda y ultimando los detalles con nuestros delegados y el sistema de c\u00f3mputo. Queremos asegurar el control de las mesas el d\u00eda de la elecci\u00f3n\u201d<\/em>, indic\u00f3.<\/p>\n<p>Finalmente, expres\u00f3 su esperanza de que el pr\u00f3ximo domingo Bolivia elija el camino de la soluci\u00f3n y no de la incertidumbre:<\/p>\n<p><em>\u201cNo vamos a resolver la crisis el primer d\u00eda, eso ser\u00eda pedir magia. Pero hay una luz al final del t\u00fanel y se llama Tuto Quiroga. Tenemos una propuesta seria para recuperar la econom\u00eda y devolverle la esperanza a la gente\u201d<\/em>, concluy\u00f3.<\/p><div style=\"margin-top: 0px; margin-bottom: 0px;\" class=\"sharethis-inline-reaction-buttons\" ><\/div>","protected":false},"excerpt":{"rendered":"<p>Santa Cruz, \u00a0\u2014 En la recta final de la campa\u00f1a electoral rumbo al balotaje del pr\u00f3ximo 19 de octubre, el jefe de campa\u00f1a de la alianza C-57 en Santa Cruz, Maicol Moreno, ofreci\u00f3 un balance del cierre de actividades proselitistas y se refiri\u00f3 a los principales temas que marcan la agenda electoral: la crisis del [&hellip;]<\/p>\n","protected":false},"author":1,"featured_media":0,"comment_status":"open","ping_status":"open","sticky":false,"template":"","format":"standard","meta":{"footnotes":""},"categories":[42],"tags":[31,166,229,28],"class_list":["post-888","post","type-post","status-publish","format-standard","hentry","category-politica","tag-alianza-libre","tag-balotaje","tag-combustible","tag-maico-moreno-vaca"],"yoast_head":"<!-- This site is optimized with the Yoast SEO Premium plugin v25.5 (Yoast SEO v27.1.1) - https:\/\/yoast.com\/product\/yoast-seo-premium-wordpress\/ -->\n<title>Maicol Moreno: \u201cLa gente ya no habla de salud ni de educaci\u00f3n, habla de combustible\u201d - Wara Comunicaciones<\/title>\n<meta name=\"robots\" content=\"index, follow, max-snippet:-1, max-image-preview:large, max-video-preview:-1\" \/>\n<link rel=\"canonical\" href=\"https:\/\/waracomunicaciones.com\/?p=888\" \/>\n<meta property=\"og:locale\" content=\"es_ES\" \/>\n<meta property=\"og:type\" content=\"article\" \/>\n<meta property=\"og:title\" content=\"Maicol Moreno: \u201cLa gente ya no habla de salud ni de educaci\u00f3n, habla de combustible\u201d\" \/>\n<meta property=\"og:description\" content=\"Santa Cruz, \u00a0\u2014 En la recta final de la campa\u00f1a electoral rumbo al balotaje del pr\u00f3ximo 19 de octubre, el jefe de campa\u00f1a de la alianza C-57 en Santa Cruz, Maicol Moreno, ofreci\u00f3 un balance del cierre de actividades proselitistas y se refiri\u00f3 a los principales temas que marcan la agenda electoral: la crisis del [&hellip;]\" \/>\n<meta property=\"og:url\" content=\"https:\/\/waracomunicaciones.com\/?p=888\" \/>\n<meta property=\"og:site_name\" content=\"Wara Comunicaciones\" \/>\n<meta property=\"article:publisher\" content=\"https:\/\/www.facebook.com\/waracomunicaciones2017\" \/>\n<meta property=\"article:published_time\" content=\"2025-10-15T22:56:40+00:00\" \/>\n<meta property=\"article:modified_time\" content=\"2025-10-15T22:56:43+00:00\" \/>\n<meta property=\"og:image\" content=\"https:\/\/waracomunicaciones.com\/wp-content\/uploads\/2025\/10\/FILAS.webp\" \/>\n\t<meta property=\"og:image:width\" content=\"1000\" \/>\n\t<meta property=\"og:image:height\" content=\"563\" \/>\n\t<meta property=\"og:image:type\" content=\"image\/webp\" \/>\n<meta name=\"author\" content=\"admin\" \/>\n<meta name=\"twitter:card\" content=\"summary_large_image\" \/>\n<meta name=\"twitter:label1\" content=\"Escrito por\" \/>\n\t<meta name=\"twitter:data1\" content=\"admin\" \/>\n\t<meta name=\"twitter:label2\" content=\"Tiempo de lectura\" \/>\n\t<meta name=\"twitter:data2\" content=\"3 minutos\" \/>\n<script type=\"application\/ld+json\" class=\"yoast-schema-graph\">{\"@context\":\"https:\/\/schema.org\",\"@graph\":[{\"@type\":\"Article\",\"@id\":\"https:\/\/waracomunicaciones.com\/?p=888#article\",\"isPartOf\":{\"@id\":\"https:\/\/waracomunicaciones.com\/?p=888\"},\"author\":{\"name\":\"admin\",\"@id\":\"https:\/\/waracomunicaciones.com\/#\/schema\/person\/e9db934bc91575cc71fe584c5973244a\"},\"headline\":\"Maicol Moreno: \u201cLa gente ya no habla de salud ni de educaci\u00f3n, habla de combustible\u201d\",\"datePublished\":\"2025-10-15T22:56:40+00:00\",\"dateModified\":\"2025-10-15T22:56:43+00:00\",\"mainEntityOfPage\":{\"@id\":\"https:\/\/waracomunicaciones.com\/?p=888\"},\"wordCount\":587,\"commentCount\":0,\"publisher\":{\"@id\":\"https:\/\/waracomunicaciones.com\/#organization\"},\"image\":{\"@id\":\"https:\/\/waracomunicaciones.com\/?p=888#primaryimage\"},\"thumbnailUrl\":\"https:\/\/waracomunicaciones.com\/wp-content\/uploads\/2025\/10\/FILAS.webp\",\"keywords\":[\"Alianza Libre\",\"Balotaje\",\"Combustible\",\"Maico Moreno Vaca\"],\"articleSection\":[\"Pol\u00edtica\"],\"inLanguage\":\"es\",\"potentialAction\":[{\"@type\":\"CommentAction\",\"name\":\"Comment\",\"target\":[\"https:\/\/waracomunicaciones.com\/?p=888#respond\"]}]},{\"@type\":\"WebPage\",\"@id\":\"https:\/\/waracomunicaciones.com\/?p=888\",\"url\":\"https:\/\/waracomunicaciones.com\/?p=888\",\"name\":\"Maicol Moreno: \u201cLa gente ya no habla de salud ni de educaci\u00f3n, habla de combustible\u201d - Wara Comunicaciones\",\"isPartOf\":{\"@id\":\"https:\/\/waracomunicaciones.com\/#website\"},\"primaryImageOfPage\":{\"@id\":\"https:\/\/waracomunicaciones.com\/?p=888#primaryimage\"},\"image\":{\"@id\":\"https:\/\/waracomunicaciones.com\/?p=888#primaryimage\"},\"thumbnailUrl\":\"https:\/\/waracomunicaciones.com\/wp-content\/uploads\/2025\/10\/FILAS.webp\",\"datePublished\":\"2025-10-15T22:56:40+00:00\",\"dateModified\":\"2025-10-15T22:56:43+00:00\",\"breadcrumb\":{\"@id\":\"https:\/\/waracomunicaciones.com\/?p=888#breadcrumb\"},\"inLanguage\":\"es\",\"potentialAction\":[{\"@type\":\"ReadAction\",\"target\":[\"https:\/\/waracomunicaciones.com\/?p=888\"]}]},{\"@type\":\"ImageObject\",\"inLanguage\":\"es\",\"@id\":\"https:\/\/waracomunicaciones.com\/?p=888#primaryimage\",\"url\":\"https:\/\/waracomunicaciones.com\/wp-content\/uploads\/2025\/10\/FILAS.webp\",\"contentUrl\":\"https:\/\/waracomunicaciones.com\/wp-content\/uploads\/2025\/10\/FILAS.webp\",\"width\":1000,\"height\":563},{\"@type\":\"BreadcrumbList\",\"@id\":\"https:\/\/waracomunicaciones.com\/?p=888#breadcrumb\",\"itemListElement\":[{\"@type\":\"ListItem\",\"position\":1,\"name\":\"Portada\",\"item\":\"https:\/\/waracomunicaciones.com\/\"},{\"@type\":\"ListItem\",\"position\":2,\"name\":\"Maicol Moreno: \u201cLa gente ya no habla de salud ni de educaci\u00f3n, habla de combustible\u201d\"}]},{\"@type\":\"WebSite\",\"@id\":\"https:\/\/waracomunicaciones.com\/#website\",\"url\":\"https:\/\/waracomunicaciones.com\/\",\"name\":\"Wara Comunicaciones\",\"description\":\"\",\"publisher\":{\"@id\":\"https:\/\/waracomunicaciones.com\/#organization\"},\"potentialAction\":[{\"@type\":\"SearchAction\",\"target\":{\"@type\":\"EntryPoint\",\"urlTemplate\":\"https:\/\/waracomunicaciones.com\/?s={search_term_string}\"},\"query-input\":{\"@type\":\"PropertyValueSpecification\",\"valueRequired\":true,\"valueName\":\"search_term_string\"}}],\"inLanguage\":\"es\"},{\"@type\":\"Organization\",\"@id\":\"https:\/\/waracomunicaciones.com\/#organization\",\"name\":\"Wara Comunicaciones\",\"url\":\"https:\/\/waracomunicaciones.com\/\",\"logo\":{\"@type\":\"ImageObject\",\"inLanguage\":\"es\",\"@id\":\"https:\/\/waracomunicaciones.com\/#\/schema\/logo\/image\/\",\"url\":\"https:\/\/waracomunicaciones.com\/wp-content\/uploads\/2025\/07\/logo.png\",\"contentUrl\":\"https:\/\/waracomunicaciones.com\/wp-content\/uploads\/2025\/07\/logo.png\",\"width\":400,\"height\":164,\"caption\":\"Wara Comunicaciones\"},\"image\":{\"@id\":\"https:\/\/waracomunicaciones.com\/#\/schema\/logo\/image\/\"},\"sameAs\":[\"https:\/\/www.facebook.com\/waracomunicaciones2017\"]},{\"@type\":\"Person\",\"@id\":\"https:\/\/waracomunicaciones.com\/#\/schema\/person\/e9db934bc91575cc71fe584c5973244a\",\"name\":\"admin\",\"image\":{\"@type\":\"ImageObject\",\"inLanguage\":\"es\",\"@id\":\"https:\/\/waracomunicaciones.com\/#\/schema\/person\/image\/\",\"url\":\"https:\/\/secure.gravatar.com\/avatar\/bf27e9186df568254093afa216f887fece17605302c6ff12f3980422fffa52e6?s=96&d=mm&r=g\",\"contentUrl\":\"https:\/\/secure.gravatar.com\/avatar\/bf27e9186df568254093afa216f887fece17605302c6ff12f3980422fffa52e6?s=96&d=mm&r=g\",\"caption\":\"admin\"},\"sameAs\":[\"https:\/\/waracomunicaciones.com\/wp\"],\"url\":\"https:\/\/waracomunicaciones.com\/?author=1\"}]}<\/script>\n<!-- \/ Yoast SEO Premium plugin. -->","yoast_head_json":{"title":"Maicol Moreno: \u201cLa gente ya no habla de salud ni de educaci\u00f3n, habla de combustible\u201d - Wara Comunicaciones","robots":{"index":"index","follow":"follow","max-snippet":"max-snippet:-1","max-image-preview":"max-image-preview:large","max-video-preview":"max-video-preview:-1"},"canonical":"https:\/\/waracomunicaciones.com\/?p=888","og_locale":"es_ES","og_type":"article","og_title":"Maicol Moreno: \u201cLa gente ya no habla de salud ni de educaci\u00f3n, habla de combustible\u201d","og_description":"Santa Cruz, \u00a0\u2014 En la recta final de la campa\u00f1a electoral rumbo al balotaje del pr\u00f3ximo 19 de octubre, el jefe de campa\u00f1a de la alianza C-57 en Santa Cruz, Maicol Moreno, ofreci\u00f3 un balance del cierre de actividades proselitistas y se refiri\u00f3 a los principales temas que marcan la agenda electoral: la crisis del [&hellip;]","og_url":"https:\/\/waracomunicaciones.com\/?p=888","og_site_name":"Wara Comunicaciones","article_publisher":"https:\/\/www.facebook.com\/waracomunicaciones2017","article_published_time":"2025-10-15T22:56:40+00:00","article_modified_time":"2025-10-15T22:56:43+00:00","og_image":[{"width":1000,"height":563,"url":"https:\/\/waracomunicaciones.com\/wp-content\/uploads\/2025\/10\/FILAS.webp","type":"image\/webp"}],"author":"admin","twitter_card":"summary_large_image","twitter_misc":{"Escrito por":"admin","Tiempo de lectura":"3 minutos"},"schema":{"@context":"https:\/\/schema.org","@graph":[{"@type":"Article","@id":"https:\/\/waracomunicaciones.com\/?p=888#article","isPartOf":{"@id":"https:\/\/waracomunicaciones.com\/?p=888"},"author":{"name":"admin","@id":"https:\/\/waracomunicaciones.com\/#\/schema\/person\/e9db934bc91575cc71fe584c5973244a"},"headline":"Maicol Moreno: \u201cLa gente ya no habla de salud ni de educaci\u00f3n, habla de combustible\u201d","datePublished":"2025-10-15T22:56:40+00:00","dateModified":"2025-10-15T22:56:43+00:00","mainEntityOfPage":{"@id":"https:\/\/waracomunicaciones.com\/?p=888"},"wordCount":587,"commentCount":0,"publisher":{"@id":"https:\/\/waracomunicaciones.com\/#organization"},"image":{"@id":"https:\/\/waracomunicaciones.com\/?p=888#primaryimage"},"thumbnailUrl":"https:\/\/waracomunicaciones.com\/wp-content\/uploads\/2025\/10\/FILAS.webp","keywords":["Alianza Libre","Balotaje","Combustible","Maico Moreno Vaca"],"articleSection":["Pol\u00edtica"],"inLanguage":"es","potentialAction":[{"@type":"CommentAction","name":"Comment","target":["https:\/\/waracomunicaciones.com\/?p=888#respond"]}]},{"@type":"WebPage","@id":"https:\/\/waracomunicaciones.com\/?p=888","url":"https:\/\/waracomunicaciones.com\/?p=888","name":"Maicol Moreno: \u201cLa gente ya no habla de salud ni de educaci\u00f3n, habla de combustible\u201d - Wara Comunicaciones","isPartOf":{"@id":"https:\/\/waracomunicaciones.com\/#website"},"primaryImageOfPage":{"@id":"https:\/\/waracomunicaciones.com\/?p=888#primaryimage"},"image":{"@id":"https:\/\/waracomunicaciones.com\/?p=888#primaryimage"},"thumbnailUrl":"https:\/\/waracomunicaciones.com\/wp-content\/uploads\/2025\/10\/FILAS.webp","datePublished":"2025-10-15T22:56:40+00:00","dateModified":"2025-10-15T22:56:43+00:00","breadcrumb":{"@id":"https:\/\/waracomunicaciones.com\/?p=888#breadcrumb"},"inLanguage":"es","potentialAction":[{"@type":"ReadAction","target":["https:\/\/waracomunicaciones.com\/?p=888"]}]},{"@type":"ImageObject","inLanguage":"es","@id":"https:\/\/waracomunicaciones.com\/?p=888#primaryimage","url":"https:\/\/waracomunicaciones.com\/wp-content\/uploads\/2025\/10\/FILAS.webp","contentUrl":"https:\/\/waracomunicaciones.com\/wp-content\/uploads\/2025\/10\/FILAS.webp","width":1000,"height":563},{"@type":"BreadcrumbList","@id":"https:\/\/waracomunicaciones.com\/?p=888#breadcrumb","itemListElement":[{"@type":"ListItem","position":1,"name":"Portada","item":"https:\/\/waracomunicaciones.com\/"},{"@type":"ListItem","position":2,"name":"Maicol Moreno: \u201cLa gente ya no habla de salud ni de educaci\u00f3n, habla de combustible\u201d"}]},{"@type":"WebSite","@id":"https:\/\/waracomunicaciones.com\/#website","url":"https:\/\/waracomunicaciones.com\/","name":"Wara Comunicaciones","description":"","publisher":{"@id":"https:\/\/waracomunicaciones.com\/#organization"},"potentialAction":[{"@type":"SearchAction","target":{"@type":"EntryPoint","urlTemplate":"https:\/\/waracomunicaciones.com\/?s={search_term_string}"},"query-input":{"@type":"PropertyValueSpecification","valueRequired":true,"valueName":"search_term_string"}}],"inLanguage":"es"},{"@type":"Organization","@id":"https:\/\/waracomunicaciones.com\/#organization","name":"Wara Comunicaciones","url":"https:\/\/waracomunicaciones.com\/","logo":{"@type":"ImageObject","inLanguage":"es","@id":"https:\/\/waracomunicaciones.com\/#\/schema\/logo\/image\/","url":"https:\/\/waracomunicaciones.com\/wp-content\/uploads\/2025\/07\/logo.png","contentUrl":"https:\/\/waracomunicaciones.com\/wp-content\/uploads\/2025\/07\/logo.png","width":400,"height":164,"caption":"Wara Comunicaciones"},"image":{"@id":"https:\/\/waracomunicaciones.com\/#\/schema\/logo\/image\/"},"sameAs":["https:\/\/www.facebook.com\/waracomunicaciones2017"]},{"@type":"Person","@id":"https:\/\/waracomunicaciones.com\/#\/schema\/person\/e9db934bc91575cc71fe584c5973244a","name":"admin","image":{"@type":"ImageObject","inLanguage":"es","@id":"https:\/\/waracomunicaciones.com\/#\/schema\/person\/image\/","url":"https:\/\/secure.gravatar.com\/avatar\/bf27e9186df568254093afa216f887fece17605302c6ff12f3980422fffa52e6?s=96&d=mm&r=g","contentUrl":"https:\/\/secure.gravatar.com\/avatar\/bf27e9186df568254093afa216f887fece17605302c6ff12f3980422fffa52e6?s=96&d=mm&r=g","caption":"admin"},"sameAs":["https:\/\/waracomunicaciones.com\/wp"],"url":"https:\/\/waracomunicaciones.com\/?author=1"}]}},"_links":{"self":[{"href":"https:\/\/waracomunicaciones.com\/index.php?rest_route=\/wp\/v2\/posts\/888","targetHints":{"allow":["GET"]}}],"collection":[{"href":"https:\/\/waracomunicaciones.com\/index.php?rest_route=\/wp\/v2\/posts"}],"about":[{"href":"https:\/\/waracomunicaciones.com\/index.php?rest_route=\/wp\/v2\/types\/post"}],"author":[{"embeddable":true,"href":"https:\/\/waracomunicaciones.com\/index.php?rest_route=\/wp\/v2\/users\/1"}],"replies":[{"embeddable":true,"href":"https:\/\/waracomunicaciones.com\/index.php?rest_route=%2Fwp%2Fv2%2Fcomments&post=888"}],"version-history":[{"count":1,"href":"https:\/\/waracomunicaciones.com\/index.php?rest_route=\/wp\/v2\/posts\/888\/revisions"}],"predecessor-version":[{"id":890,"href":"https:\/\/waracomunicaciones.com\/index.php?rest_route=\/wp\/v2\/posts\/888\/revisions\/890"}],"wp:attachment":[{"href":"https:\/\/waracomunicaciones.com\/index.php?rest_route=%2Fwp%2Fv2%2Fmedia&parent=888"}],"wp:term":[{"taxonomy":"category","embeddable":true,"href":"https:\/\/waracomunicaciones.com\/index.php?rest_route=%2Fwp%2Fv2%2Fcategories&post=888"},{"taxonomy":"post_tag","embeddable":true,"href":"https:\/\/waracomunicaciones.com\/index.php?rest_route=%2Fwp%2Fv2%2Ftags&post=888"}],"curies":[{"name":"wp","href":"https:\/\/api.w.org\/{rel}","templated":true}]}}