{"id":885,"date":"2025-10-15T18:48:57","date_gmt":"2025-10-15T22:48:57","guid":{"rendered":"https:\/\/waracomunicaciones.com\/?p=885"},"modified":"2025-10-15T18:48:58","modified_gmt":"2025-10-15T22:48:58","slug":"gerardo-rosado-bolivia-necesita-un-proyecto-que-abrace-a-todos-y-no-abandone-a-los-mas-necesitados","status":"publish","type":"post","link":"https:\/\/waracomunicaciones.com\/?p=885","title":{"rendered":"Gerardo Rosado: \u201cBolivia necesita un proyecto que abrace a todos y no abandone a los m\u00e1s necesitados\u201d"},"content":{"rendered":"\n<figure class=\"wp-block-image size-full is-style-default\"><img loading=\"lazy\" decoding=\"async\" width=\"1000\" height=\"757\" src=\"https:\/\/waracomunicaciones.com\/wp-content\/uploads\/2025\/10\/1760562262.webp\" alt=\"\" class=\"wp-image-886\" srcset=\"https:\/\/waracomunicaciones.com\/wp-content\/uploads\/2025\/10\/1760562262.webp 1000w, https:\/\/waracomunicaciones.com\/wp-content\/uploads\/2025\/10\/1760562262-300x227.webp 300w, https:\/\/waracomunicaciones.com\/wp-content\/uploads\/2025\/10\/1760562262-768x581.webp 768w\" sizes=\"auto, (max-width: 1000px) 100vw, 1000px\" \/><figcaption class=\"wp-element-caption\"><em>Gerardo Rosado en apoyo a la candidatura de Rodrigo Paz de PDC &#8211; Foto Facebook<\/em><\/figcaption><\/figure>\n\n\n<p><strong>Santa Cruz, \u2014<\/strong> En el marco del cierre de campa\u00f1a electoral y a pocas horas de iniciarse el silencio electoral, el jefe departamental del Movimiento Nacionalista Revolucionario (MNR) en Santa Cruz, <strong>Dr. Gerardo Rosado<\/strong>, ofreci\u00f3 una extensa reflexi\u00f3n sobre el proceso pol\u00edtico que vive el pa\u00eds de cara a la segunda vuelta presidencial, se\u00f1alando que Bolivia se encuentra ante una elecci\u00f3n crucial que definir\u00e1 el rumbo econ\u00f3mico y social del pa\u00eds.<!--more--><\/p>\n<p>Durante su intervenci\u00f3n en el espacio de <strong>Wara Comunicaciones<\/strong>, Rosado calific\u00f3 esta campa\u00f1a como <strong>\u201cin\u00e9dita\u201d<\/strong>, destacando que, por primera vez en muchos a\u00f1os, se presencia un balotaje que evidencia no solo la fragmentaci\u00f3n de las fuerzas pol\u00edticas tradicionales, sino tambi\u00e9n una profunda desconfianza de la ciudadan\u00eda hacia los actores pol\u00edticos.<\/p>\n<p><em>\u201cEsta campa\u00f1a comenz\u00f3 hace a\u00f1os, no en estos \u00faltimos meses. Empez\u00f3 con la decepci\u00f3n de la gente hacia quienes deb\u00edan unirse y no lo hicieron. La mal llamada mesa de unidad fue solo un escenario de divisi\u00f3n, y eso dej\u00f3 a los bolivianos nuevamente sin una alternativa clara\u201d,<\/em> afirm\u00f3.<\/p>\n<p><strong>El rol del MNR: entre la unidad y el retiro estrat\u00e9gico<\/strong><\/p>\n<p>El l\u00edder movimientista explic\u00f3 que, ante el escenario de dispersi\u00f3n pol\u00edtica, el MNR opt\u00f3 por <strong>retirarse de la contienda electoral el pasado 11 de mayo<\/strong>, tanto a nivel institucional como personal, en un intento de abrir el camino hacia una posible unidad opositora. Sin embargo, ante la falta de compromiso de los principales frentes pol\u00edticos, el partido decidi\u00f3 <strong>no postular candidato propio<\/strong> ni formar alianzas.<\/p>\n<p><em>\u201cEl MNR intent\u00f3 ser un factor de unidad, pero no hubo compromiso real por Bolivia. Por eso decidimos dar libertad a nuestra militancia para que elijan seg\u00fan su conciencia, siempre en funci\u00f3n de un proyecto nacional que respete a los m\u00e1s necesitados\u201d,<\/em> enfatiz\u00f3 Rosado.<\/p>\n<p><strong>Apoyo a Rodrigo Paz: una decisi\u00f3n program\u00e1tica<\/strong><\/p>\n<p>Consultado sobre la postura del MNR en el balotaje, Rosado fue claro al declarar su <strong>respaldo al proyecto pol\u00edtico liderado por Rodrigo Paz<\/strong>, destacando su enfoque en un cambio econ\u00f3mico <strong>gradual, inclusivo y con contenido social<\/strong>, en contraste con lo que denomin\u00f3 como propuestas de \u201cradicalismo de derecha\u201d o \u201ccriollismo pol\u00edtico\u201d.<\/p>\n<p><em>\u201cRodrigo Paz representa un rostro nuevo, una alternativa multisectorial y moderna que no abandona a los pobres, sino que los incluye en la construcci\u00f3n de un Estado productivo y solidario. No nos enamoramos de personas, sino de programas que respeten los valores hist\u00f3ricos del MNR\u201d,<\/em> subray\u00f3.<\/p>\n<p>Asimismo, valor\u00f3 la incorporaci\u00f3n de un equipo t\u00e9cnico s\u00f3lido en el proyecto de Paz, destacando la experiencia y visi\u00f3n econ\u00f3mica de su entorno, que \u2014seg\u00fan dijo\u2014 \u201cpuede generar riqueza, empleo y modernizaci\u00f3n sin provocar m\u00e1s sufrimiento social\u201d.<\/p>\n<p><strong>Una elecci\u00f3n entre dos caminos<\/strong><\/p>\n<p>Rosado plante\u00f3 el balotaje como una disyuntiva clara: <strong>persistir en un modelo excluyente y radical<\/strong> o construir una alternativa nacional-popular con enfoque social y productivo.<\/p>\n<p><em>\u201cEl pa\u00eds necesita un proyecto que abrace a todos, que no abandone a los pobres, pero que tambi\u00e9n valore a quienes invierten y generan riqueza. Esa fue siempre la visi\u00f3n del MNR, desde 1952 hasta nuestras reformas en los a\u00f1os 90 con la Ley de Participaci\u00f3n Popular y los programas de inclusi\u00f3n\u201d,<\/em> record\u00f3.<\/p>\n<p><strong>Llamado al voto consciente<\/strong><\/p>\n<p>En su despedida, Gerardo Rosado hizo un llamado a la ciudadan\u00eda a <strong>votar con libertad y conciencia<\/strong>, pensando en el futuro inmediato del pa\u00eds.<\/p>\n<p><em>\u201cEstamos al borde de un colapso social si no se toman decisiones responsables. Bolivia necesita l\u00edderes comprometidos con la justicia social, con la reconstrucci\u00f3n econ\u00f3mica y con un proyecto que piense en las pr\u00f3ximas generaciones. Que el voto sea limpio, sin influencias, y que garantice el futuro del pa\u00eds\u201d,<\/em> concluy\u00f3.<\/p>\n<p>Con estas declaraciones, el MNR reafirma su presencia pol\u00edtica en esta coyuntura electoral, no desde la candidatura, sino desde el <strong>an\u00e1lisis ideol\u00f3gico y el respaldo a una propuesta program\u00e1tica<\/strong>, manteni\u00e9ndose fiel a su historia y visi\u00f3n de desarrollo nacional.<\/p><div style=\"margin-top: 0px; margin-bottom: 0px;\" class=\"sharethis-inline-reaction-buttons\" ><\/div>","protected":false},"excerpt":{"rendered":"<p>Santa Cruz, \u2014 En el marco del cierre de campa\u00f1a electoral y a pocas horas de iniciarse el silencio electoral, el jefe departamental del Movimiento Nacionalista Revolucionario (MNR) en Santa Cruz, Dr. Gerardo Rosado, ofreci\u00f3 una extensa reflexi\u00f3n sobre el proceso pol\u00edtico que vive el pa\u00eds de cara a la segunda vuelta presidencial, se\u00f1alando que [&hellip;]<\/p>\n","protected":false},"author":1,"featured_media":0,"comment_status":"open","ping_status":"open","sticky":false,"template":"","format":"standard","meta":{"footnotes":""},"categories":[47],"tags":[166,11,131,61,154],"class_list":["post-885","post","type-post","status-publish","format-standard","hentry","category-politica-nacional","tag-balotaje","tag-elecciones-nacionales-2025","tag-gerardo-rosado","tag-mnr","tag-pdc"],"yoast_head":"<!-- This site is optimized with the Yoast SEO Premium plugin v25.5 (Yoast SEO v27.1.1) - https:\/\/yoast.com\/product\/yoast-seo-premium-wordpress\/ -->\n<title>Gerardo Rosado: \u201cBolivia necesita un proyecto que abrace a todos y no abandone a los m\u00e1s necesitados\u201d - Wara Comunicaciones<\/title>\n<meta name=\"robots\" content=\"index, follow, max-snippet:-1, max-image-preview:large, max-video-preview:-1\" \/>\n<link rel=\"canonical\" href=\"https:\/\/waracomunicaciones.com\/?p=885\" \/>\n<meta property=\"og:locale\" content=\"es_ES\" \/>\n<meta property=\"og:type\" content=\"article\" \/>\n<meta property=\"og:title\" content=\"Gerardo Rosado: \u201cBolivia necesita un proyecto que abrace a todos y no abandone a los m\u00e1s necesitados\u201d\" \/>\n<meta property=\"og:description\" content=\"Santa Cruz, \u2014 En el marco del cierre de campa\u00f1a electoral y a pocas horas de iniciarse el silencio electoral, el jefe departamental del Movimiento Nacionalista Revolucionario (MNR) en Santa Cruz, Dr. Gerardo Rosado, ofreci\u00f3 una extensa reflexi\u00f3n sobre el proceso pol\u00edtico que vive el pa\u00eds de cara a la segunda vuelta presidencial, se\u00f1alando que [&hellip;]\" \/>\n<meta property=\"og:url\" content=\"https:\/\/waracomunicaciones.com\/?p=885\" \/>\n<meta property=\"og:site_name\" content=\"Wara Comunicaciones\" \/>\n<meta property=\"article:publisher\" content=\"https:\/\/www.facebook.com\/waracomunicaciones2017\" \/>\n<meta property=\"article:published_time\" content=\"2025-10-15T22:48:57+00:00\" \/>\n<meta property=\"article:modified_time\" content=\"2025-10-15T22:48:58+00:00\" \/>\n<meta property=\"og:image\" content=\"https:\/\/waracomunicaciones.com\/wp-content\/uploads\/2025\/10\/1760562262.webp\" \/>\n\t<meta property=\"og:image:width\" content=\"1000\" \/>\n\t<meta property=\"og:image:height\" content=\"757\" \/>\n\t<meta property=\"og:image:type\" content=\"image\/webp\" \/>\n<meta name=\"author\" content=\"admin\" \/>\n<meta name=\"twitter:card\" content=\"summary_large_image\" \/>\n<meta name=\"twitter:label1\" content=\"Escrito por\" \/>\n\t<meta name=\"twitter:data1\" content=\"admin\" \/>\n\t<meta name=\"twitter:label2\" content=\"Tiempo de lectura\" \/>\n\t<meta name=\"twitter:data2\" content=\"4 minutos\" \/>\n<script type=\"application\/ld+json\" class=\"yoast-schema-graph\">{\"@context\":\"https:\/\/schema.org\",\"@graph\":[{\"@type\":\"Article\",\"@id\":\"https:\/\/waracomunicaciones.com\/?p=885#article\",\"isPartOf\":{\"@id\":\"https:\/\/waracomunicaciones.com\/?p=885\"},\"author\":{\"name\":\"admin\",\"@id\":\"https:\/\/waracomunicaciones.com\/#\/schema\/person\/e9db934bc91575cc71fe584c5973244a\"},\"headline\":\"Gerardo Rosado: \u201cBolivia necesita un proyecto que abrace a todos y no abandone a los m\u00e1s necesitados\u201d\",\"datePublished\":\"2025-10-15T22:48:57+00:00\",\"dateModified\":\"2025-10-15T22:48:58+00:00\",\"mainEntityOfPage\":{\"@id\":\"https:\/\/waracomunicaciones.com\/?p=885\"},\"wordCount\":725,\"commentCount\":0,\"publisher\":{\"@id\":\"https:\/\/waracomunicaciones.com\/#organization\"},\"image\":{\"@id\":\"https:\/\/waracomunicaciones.com\/?p=885#primaryimage\"},\"thumbnailUrl\":\"https:\/\/waracomunicaciones.com\/wp-content\/uploads\/2025\/10\/1760562262.webp\",\"keywords\":[\"Balotaje\",\"Elecciones Nacionales 2025\",\"Gerardo Rosado\",\"MNR\",\"PDC\"],\"articleSection\":[\"Pol\u00edtica\"],\"inLanguage\":\"es\",\"potentialAction\":[{\"@type\":\"CommentAction\",\"name\":\"Comment\",\"target\":[\"https:\/\/waracomunicaciones.com\/?p=885#respond\"]}]},{\"@type\":\"WebPage\",\"@id\":\"https:\/\/waracomunicaciones.com\/?p=885\",\"url\":\"https:\/\/waracomunicaciones.com\/?p=885\",\"name\":\"Gerardo Rosado: \u201cBolivia necesita un proyecto que abrace a todos y no abandone a los m\u00e1s necesitados\u201d - Wara Comunicaciones\",\"isPartOf\":{\"@id\":\"https:\/\/waracomunicaciones.com\/#website\"},\"primaryImageOfPage\":{\"@id\":\"https:\/\/waracomunicaciones.com\/?p=885#primaryimage\"},\"image\":{\"@id\":\"https:\/\/waracomunicaciones.com\/?p=885#primaryimage\"},\"thumbnailUrl\":\"https:\/\/waracomunicaciones.com\/wp-content\/uploads\/2025\/10\/1760562262.webp\",\"datePublished\":\"2025-10-15T22:48:57+00:00\",\"dateModified\":\"2025-10-15T22:48:58+00:00\",\"breadcrumb\":{\"@id\":\"https:\/\/waracomunicaciones.com\/?p=885#breadcrumb\"},\"inLanguage\":\"es\",\"potentialAction\":[{\"@type\":\"ReadAction\",\"target\":[\"https:\/\/waracomunicaciones.com\/?p=885\"]}]},{\"@type\":\"ImageObject\",\"inLanguage\":\"es\",\"@id\":\"https:\/\/waracomunicaciones.com\/?p=885#primaryimage\",\"url\":\"https:\/\/waracomunicaciones.com\/wp-content\/uploads\/2025\/10\/1760562262.webp\",\"contentUrl\":\"https:\/\/waracomunicaciones.com\/wp-content\/uploads\/2025\/10\/1760562262.webp\",\"width\":1000,\"height\":757},{\"@type\":\"BreadcrumbList\",\"@id\":\"https:\/\/waracomunicaciones.com\/?p=885#breadcrumb\",\"itemListElement\":[{\"@type\":\"ListItem\",\"position\":1,\"name\":\"Portada\",\"item\":\"https:\/\/waracomunicaciones.com\/\"},{\"@type\":\"ListItem\",\"position\":2,\"name\":\"Gerardo Rosado: \u201cBolivia necesita un proyecto que abrace a todos y no abandone a los m\u00e1s necesitados\u201d\"}]},{\"@type\":\"WebSite\",\"@id\":\"https:\/\/waracomunicaciones.com\/#website\",\"url\":\"https:\/\/waracomunicaciones.com\/\",\"name\":\"Wara Comunicaciones\",\"description\":\"\",\"publisher\":{\"@id\":\"https:\/\/waracomunicaciones.com\/#organization\"},\"potentialAction\":[{\"@type\":\"SearchAction\",\"target\":{\"@type\":\"EntryPoint\",\"urlTemplate\":\"https:\/\/waracomunicaciones.com\/?s={search_term_string}\"},\"query-input\":{\"@type\":\"PropertyValueSpecification\",\"valueRequired\":true,\"valueName\":\"search_term_string\"}}],\"inLanguage\":\"es\"},{\"@type\":\"Organization\",\"@id\":\"https:\/\/waracomunicaciones.com\/#organization\",\"name\":\"Wara Comunicaciones\",\"url\":\"https:\/\/waracomunicaciones.com\/\",\"logo\":{\"@type\":\"ImageObject\",\"inLanguage\":\"es\",\"@id\":\"https:\/\/waracomunicaciones.com\/#\/schema\/logo\/image\/\",\"url\":\"https:\/\/waracomunicaciones.com\/wp-content\/uploads\/2025\/07\/logo.png\",\"contentUrl\":\"https:\/\/waracomunicaciones.com\/wp-content\/uploads\/2025\/07\/logo.png\",\"width\":400,\"height\":164,\"caption\":\"Wara Comunicaciones\"},\"image\":{\"@id\":\"https:\/\/waracomunicaciones.com\/#\/schema\/logo\/image\/\"},\"sameAs\":[\"https:\/\/www.facebook.com\/waracomunicaciones2017\"]},{\"@type\":\"Person\",\"@id\":\"https:\/\/waracomunicaciones.com\/#\/schema\/person\/e9db934bc91575cc71fe584c5973244a\",\"name\":\"admin\",\"image\":{\"@type\":\"ImageObject\",\"inLanguage\":\"es\",\"@id\":\"https:\/\/waracomunicaciones.com\/#\/schema\/person\/image\/\",\"url\":\"https:\/\/secure.gravatar.com\/avatar\/bf27e9186df568254093afa216f887fece17605302c6ff12f3980422fffa52e6?s=96&d=mm&r=g\",\"contentUrl\":\"https:\/\/secure.gravatar.com\/avatar\/bf27e9186df568254093afa216f887fece17605302c6ff12f3980422fffa52e6?s=96&d=mm&r=g\",\"caption\":\"admin\"},\"sameAs\":[\"https:\/\/waracomunicaciones.com\/wp\"],\"url\":\"https:\/\/waracomunicaciones.com\/?author=1\"}]}<\/script>\n<!-- \/ Yoast SEO Premium plugin. -->","yoast_head_json":{"title":"Gerardo Rosado: \u201cBolivia necesita un proyecto que abrace a todos y no abandone a los m\u00e1s necesitados\u201d - Wara Comunicaciones","robots":{"index":"index","follow":"follow","max-snippet":"max-snippet:-1","max-image-preview":"max-image-preview:large","max-video-preview":"max-video-preview:-1"},"canonical":"https:\/\/waracomunicaciones.com\/?p=885","og_locale":"es_ES","og_type":"article","og_title":"Gerardo Rosado: \u201cBolivia necesita un proyecto que abrace a todos y no abandone a los m\u00e1s necesitados\u201d","og_description":"Santa Cruz, \u2014 En el marco del cierre de campa\u00f1a electoral y a pocas horas de iniciarse el silencio electoral, el jefe departamental del Movimiento Nacionalista Revolucionario (MNR) en Santa Cruz, Dr. Gerardo Rosado, ofreci\u00f3 una extensa reflexi\u00f3n sobre el proceso pol\u00edtico que vive el pa\u00eds de cara a la segunda vuelta presidencial, se\u00f1alando que [&hellip;]","og_url":"https:\/\/waracomunicaciones.com\/?p=885","og_site_name":"Wara Comunicaciones","article_publisher":"https:\/\/www.facebook.com\/waracomunicaciones2017","article_published_time":"2025-10-15T22:48:57+00:00","article_modified_time":"2025-10-15T22:48:58+00:00","og_image":[{"width":1000,"height":757,"url":"https:\/\/waracomunicaciones.com\/wp-content\/uploads\/2025\/10\/1760562262.webp","type":"image\/webp"}],"author":"admin","twitter_card":"summary_large_image","twitter_misc":{"Escrito por":"admin","Tiempo de lectura":"4 minutos"},"schema":{"@context":"https:\/\/schema.org","@graph":[{"@type":"Article","@id":"https:\/\/waracomunicaciones.com\/?p=885#article","isPartOf":{"@id":"https:\/\/waracomunicaciones.com\/?p=885"},"author":{"name":"admin","@id":"https:\/\/waracomunicaciones.com\/#\/schema\/person\/e9db934bc91575cc71fe584c5973244a"},"headline":"Gerardo Rosado: \u201cBolivia necesita un proyecto que abrace a todos y no abandone a los m\u00e1s necesitados\u201d","datePublished":"2025-10-15T22:48:57+00:00","dateModified":"2025-10-15T22:48:58+00:00","mainEntityOfPage":{"@id":"https:\/\/waracomunicaciones.com\/?p=885"},"wordCount":725,"commentCount":0,"publisher":{"@id":"https:\/\/waracomunicaciones.com\/#organization"},"image":{"@id":"https:\/\/waracomunicaciones.com\/?p=885#primaryimage"},"thumbnailUrl":"https:\/\/waracomunicaciones.com\/wp-content\/uploads\/2025\/10\/1760562262.webp","keywords":["Balotaje","Elecciones Nacionales 2025","Gerardo Rosado","MNR","PDC"],"articleSection":["Pol\u00edtica"],"inLanguage":"es","potentialAction":[{"@type":"CommentAction","name":"Comment","target":["https:\/\/waracomunicaciones.com\/?p=885#respond"]}]},{"@type":"WebPage","@id":"https:\/\/waracomunicaciones.com\/?p=885","url":"https:\/\/waracomunicaciones.com\/?p=885","name":"Gerardo Rosado: \u201cBolivia necesita un proyecto que abrace a todos y no abandone a los m\u00e1s necesitados\u201d - Wara Comunicaciones","isPartOf":{"@id":"https:\/\/waracomunicaciones.com\/#website"},"primaryImageOfPage":{"@id":"https:\/\/waracomunicaciones.com\/?p=885#primaryimage"},"image":{"@id":"https:\/\/waracomunicaciones.com\/?p=885#primaryimage"},"thumbnailUrl":"https:\/\/waracomunicaciones.com\/wp-content\/uploads\/2025\/10\/1760562262.webp","datePublished":"2025-10-15T22:48:57+00:00","dateModified":"2025-10-15T22:48:58+00:00","breadcrumb":{"@id":"https:\/\/waracomunicaciones.com\/?p=885#breadcrumb"},"inLanguage":"es","potentialAction":[{"@type":"ReadAction","target":["https:\/\/waracomunicaciones.com\/?p=885"]}]},{"@type":"ImageObject","inLanguage":"es","@id":"https:\/\/waracomunicaciones.com\/?p=885#primaryimage","url":"https:\/\/waracomunicaciones.com\/wp-content\/uploads\/2025\/10\/1760562262.webp","contentUrl":"https:\/\/waracomunicaciones.com\/wp-content\/uploads\/2025\/10\/1760562262.webp","width":1000,"height":757},{"@type":"BreadcrumbList","@id":"https:\/\/waracomunicaciones.com\/?p=885#breadcrumb","itemListElement":[{"@type":"ListItem","position":1,"name":"Portada","item":"https:\/\/waracomunicaciones.com\/"},{"@type":"ListItem","position":2,"name":"Gerardo Rosado: \u201cBolivia necesita un proyecto que abrace a todos y no abandone a los m\u00e1s necesitados\u201d"}]},{"@type":"WebSite","@id":"https:\/\/waracomunicaciones.com\/#website","url":"https:\/\/waracomunicaciones.com\/","name":"Wara Comunicaciones","description":"","publisher":{"@id":"https:\/\/waracomunicaciones.com\/#organization"},"potentialAction":[{"@type":"SearchAction","target":{"@type":"EntryPoint","urlTemplate":"https:\/\/waracomunicaciones.com\/?s={search_term_string}"},"query-input":{"@type":"PropertyValueSpecification","valueRequired":true,"valueName":"search_term_string"}}],"inLanguage":"es"},{"@type":"Organization","@id":"https:\/\/waracomunicaciones.com\/#organization","name":"Wara Comunicaciones","url":"https:\/\/waracomunicaciones.com\/","logo":{"@type":"ImageObject","inLanguage":"es","@id":"https:\/\/waracomunicaciones.com\/#\/schema\/logo\/image\/","url":"https:\/\/waracomunicaciones.com\/wp-content\/uploads\/2025\/07\/logo.png","contentUrl":"https:\/\/waracomunicaciones.com\/wp-content\/uploads\/2025\/07\/logo.png","width":400,"height":164,"caption":"Wara Comunicaciones"},"image":{"@id":"https:\/\/waracomunicaciones.com\/#\/schema\/logo\/image\/"},"sameAs":["https:\/\/www.facebook.com\/waracomunicaciones2017"]},{"@type":"Person","@id":"https:\/\/waracomunicaciones.com\/#\/schema\/person\/e9db934bc91575cc71fe584c5973244a","name":"admin","image":{"@type":"ImageObject","inLanguage":"es","@id":"https:\/\/waracomunicaciones.com\/#\/schema\/person\/image\/","url":"https:\/\/secure.gravatar.com\/avatar\/bf27e9186df568254093afa216f887fece17605302c6ff12f3980422fffa52e6?s=96&d=mm&r=g","contentUrl":"https:\/\/secure.gravatar.com\/avatar\/bf27e9186df568254093afa216f887fece17605302c6ff12f3980422fffa52e6?s=96&d=mm&r=g","caption":"admin"},"sameAs":["https:\/\/waracomunicaciones.com\/wp"],"url":"https:\/\/waracomunicaciones.com\/?author=1"}]}},"_links":{"self":[{"href":"https:\/\/waracomunicaciones.com\/index.php?rest_route=\/wp\/v2\/posts\/885","targetHints":{"allow":["GET"]}}],"collection":[{"href":"https:\/\/waracomunicaciones.com\/index.php?rest_route=\/wp\/v2\/posts"}],"about":[{"href":"https:\/\/waracomunicaciones.com\/index.php?rest_route=\/wp\/v2\/types\/post"}],"author":[{"embeddable":true,"href":"https:\/\/waracomunicaciones.com\/index.php?rest_route=\/wp\/v2\/users\/1"}],"replies":[{"embeddable":true,"href":"https:\/\/waracomunicaciones.com\/index.php?rest_route=%2Fwp%2Fv2%2Fcomments&post=885"}],"version-history":[{"count":1,"href":"https:\/\/waracomunicaciones.com\/index.php?rest_route=\/wp\/v2\/posts\/885\/revisions"}],"predecessor-version":[{"id":887,"href":"https:\/\/waracomunicaciones.com\/index.php?rest_route=\/wp\/v2\/posts\/885\/revisions\/887"}],"wp:attachment":[{"href":"https:\/\/waracomunicaciones.com\/index.php?rest_route=%2Fwp%2Fv2%2Fmedia&parent=885"}],"wp:term":[{"taxonomy":"category","embeddable":true,"href":"https:\/\/waracomunicaciones.com\/index.php?rest_route=%2Fwp%2Fv2%2Fcategories&post=885"},{"taxonomy":"post_tag","embeddable":true,"href":"https:\/\/waracomunicaciones.com\/index.php?rest_route=%2Fwp%2Fv2%2Ftags&post=885"}],"curies":[{"name":"wp","href":"https:\/\/api.w.org\/{rel}","templated":true}]}}