{"id":877,"date":"2025-10-12T06:39:24","date_gmt":"2025-10-12T10:39:24","guid":{"rendered":"https:\/\/waracomunicaciones.com\/?p=877"},"modified":"2025-10-12T07:02:12","modified_gmt":"2025-10-12T11:02:12","slug":"a-43-anos-del-retorno-a-la-democracia-william-baca-moreno-reflexiona-sobre-los-desafios-historicos-y-actuales-de-bolivia","status":"publish","type":"post","link":"https:\/\/waracomunicaciones.com\/?p=877","title":{"rendered":"A 43 a\u00f1os del retorno a la democracia, William Vaca Moreno reflexiona sobre los desaf\u00edos hist\u00f3ricos y actuales de Bolivia"},"content":{"rendered":"\n<figure class=\"wp-block-image size-full\"><img loading=\"lazy\" decoding=\"async\" width=\"1000\" height=\"558\" src=\"https:\/\/waracomunicaciones.com\/wp-content\/uploads\/2025\/10\/1760265294.webp\" alt=\"\" class=\"wp-image-878\" srcset=\"https:\/\/waracomunicaciones.com\/wp-content\/uploads\/2025\/10\/1760265294.webp 1000w, https:\/\/waracomunicaciones.com\/wp-content\/uploads\/2025\/10\/1760265294-300x167.webp 300w, https:\/\/waracomunicaciones.com\/wp-content\/uploads\/2025\/10\/1760265294-768x429.webp 768w\" sizes=\"auto, (max-width: 1000px) 100vw, 1000px\" \/><figcaption class=\"wp-element-caption\"><em>Retorno a la democracia \/Gobierno de la UDP &#8211; 1982\/<\/em> &#8211; Foto Archivo<\/figcaption><\/figure>\n\n\n<p><strong>Montero, 10 de octubre de 2025.<\/strong> \u2013 En conmemoraci\u00f3n de los <strong>43 a\u00f1os de vida democr\u00e1tica en Bolivia<\/strong>, el ingeniero <strong>William Benjam\u00edn Vaca Moreno<\/strong> comparti\u00f3 sus reflexiones sobre el presente pol\u00edtico y econ\u00f3mico del pa\u00eds, en una entrevista realizada este 10 de octubre, fecha hist\u00f3rica que marc\u00f3 el retorno a la democracia en 1982 con la asunci\u00f3n al poder de <strong>Hern\u00e1n Siles Suazo<\/strong> y <strong>Jaime Paz Zamora<\/strong> de la Unidad Democr\u00e1tica y Popular (UDP).<!--more--><\/p>\n<p>\u00abEn 1982 ya trabajaba en la alcald\u00eda de Montero y ven\u00edamos de una sucesi\u00f3n de gobiernos militares. El retorno a la democracia, pese a los errores, fue una puerta que se abri\u00f3 con esperanza\u00bb, rememor\u00f3 Baca. Sin embargo, advirti\u00f3 que la historia se repite si no se aprende de ella. En ese sentido, hizo un paralelismo entre la <strong>crisis econ\u00f3mica y pol\u00edtica de los a\u00f1os 80<\/strong> y la situaci\u00f3n que atraviesa Bolivia en 2025.<\/p>\n<p>\u201cEl pa\u00eds enfrenta nuevamente escenarios econ\u00f3micos complejos: inflaci\u00f3n creciente, presi\u00f3n sobre la devaluaci\u00f3n y posibles ajustes a los subsidios. Si no se toman decisiones serias y consensuadas, podr\u00edamos retroceder 20 a\u00f1os en la lucha contra la pobreza\u201d, advirti\u00f3.<\/p>\n<p>Vaca tambi\u00e9n compar\u00f3 las alianzas pol\u00edticas del pasado con el actual escenario electoral. Record\u00f3 que en 1989, tras elecciones fragmentadas, partidos que antes eran rivales, como el MIR de Jaime Paz y ADN de Hugo Banzer, lograron acuerdos para gobernar, dejando entrever que la <strong>unidad y el consenso pol\u00edtico<\/strong> fueron clave para enfrentar la crisis. \u00abHoy, los l\u00edderes pol\u00edticos deber\u00edan buscar acuerdos en lugar de atacarse. Porque un solo partido o un solo hombre no podr\u00e1 sacar adelante el pa\u00eds por s\u00ed mismo\u00bb, enfatiz\u00f3.<\/p>\n<p>Adem\u00e1s, remarc\u00f3 que el posible levantamiento de subsidios a los combustibles y la falta de medidas estructurales podr\u00edan agravar a\u00fan m\u00e1s la situaci\u00f3n econ\u00f3mica. \u201cNo hay soluciones m\u00e1gicas. Se necesitar\u00e1 coraje pol\u00edtico, concertaci\u00f3n y responsabilidad para enfrentar lo que viene\u201d.<\/p>\n<p>Finalmente, Vaca record\u00f3 la c\u00e9lebre frase de Winston Churchill: <em>\u00abLa democracia no es el mejor sistema, pero no conocemos uno mejor\u00bb<\/em>, e inst\u00f3 a los ciudadanos y l\u00edderes a valorar este sistema que cost\u00f3 tanto recuperar en 1982.<\/p><div style=\"margin-top: 0px; margin-bottom: 0px;\" class=\"sharethis-inline-reaction-buttons\" ><\/div>","protected":false},"excerpt":{"rendered":"<p>Montero, 10 de octubre de 2025. \u2013 En conmemoraci\u00f3n de los 43 a\u00f1os de vida democr\u00e1tica en Bolivia, el ingeniero William Benjam\u00edn Vaca Moreno comparti\u00f3 sus reflexiones sobre el presente pol\u00edtico y econ\u00f3mico del pa\u00eds, en una entrevista realizada este 10 de octubre, fecha hist\u00f3rica que marc\u00f3 el retorno a la democracia en 1982 con [&hellip;]<\/p>\n","protected":false},"author":1,"featured_media":0,"comment_status":"open","ping_status":"open","sticky":false,"template":"","format":"standard","meta":{"footnotes":""},"categories":[47],"tags":[225,226,227,190],"class_list":["post-877","post","type-post","status-publish","format-standard","hentry","category-politica-nacional","tag-democracia","tag-mir","tag-udp","tag-william-vaca"],"yoast_head":"<!-- This site is optimized with the Yoast SEO Premium plugin v25.5 (Yoast SEO v27.1.1) - https:\/\/yoast.com\/product\/yoast-seo-premium-wordpress\/ -->\n<title>A 43 a\u00f1os del retorno a la democracia, William Vaca Moreno reflexiona sobre los desaf\u00edos hist\u00f3ricos y actuales de Bolivia - Wara Comunicaciones<\/title>\n<meta name=\"robots\" content=\"index, follow, max-snippet:-1, max-image-preview:large, max-video-preview:-1\" \/>\n<link rel=\"canonical\" href=\"https:\/\/waracomunicaciones.com\/?p=877\" \/>\n<meta property=\"og:locale\" content=\"es_ES\" \/>\n<meta property=\"og:type\" content=\"article\" \/>\n<meta property=\"og:title\" content=\"A 43 a\u00f1os del retorno a la democracia, William Vaca Moreno reflexiona sobre los desaf\u00edos hist\u00f3ricos y actuales de Bolivia\" \/>\n<meta property=\"og:description\" content=\"Montero, 10 de octubre de 2025. \u2013 En conmemoraci\u00f3n de los 43 a\u00f1os de vida democr\u00e1tica en Bolivia, el ingeniero William Benjam\u00edn Vaca Moreno comparti\u00f3 sus reflexiones sobre el presente pol\u00edtico y econ\u00f3mico del pa\u00eds, en una entrevista realizada este 10 de octubre, fecha hist\u00f3rica que marc\u00f3 el retorno a la democracia en 1982 con [&hellip;]\" \/>\n<meta property=\"og:url\" content=\"https:\/\/waracomunicaciones.com\/?p=877\" \/>\n<meta property=\"og:site_name\" content=\"Wara Comunicaciones\" \/>\n<meta property=\"article:publisher\" content=\"https:\/\/www.facebook.com\/waracomunicaciones2017\" \/>\n<meta property=\"article:published_time\" content=\"2025-10-12T10:39:24+00:00\" \/>\n<meta property=\"article:modified_time\" content=\"2025-10-12T11:02:12+00:00\" \/>\n<meta property=\"og:image\" content=\"https:\/\/waracomunicaciones.com\/wp-content\/uploads\/2025\/10\/1760265294.webp\" \/>\n\t<meta property=\"og:image:width\" content=\"1000\" \/>\n\t<meta property=\"og:image:height\" content=\"558\" \/>\n\t<meta property=\"og:image:type\" content=\"image\/webp\" \/>\n<meta name=\"author\" content=\"admin\" \/>\n<meta name=\"twitter:card\" content=\"summary_large_image\" \/>\n<meta name=\"twitter:label1\" content=\"Escrito por\" \/>\n\t<meta name=\"twitter:data1\" content=\"admin\" \/>\n\t<meta name=\"twitter:label2\" content=\"Tiempo de lectura\" \/>\n\t<meta name=\"twitter:data2\" content=\"2 minutos\" \/>\n<script type=\"application\/ld+json\" class=\"yoast-schema-graph\">{\"@context\":\"https:\/\/schema.org\",\"@graph\":[{\"@type\":\"Article\",\"@id\":\"https:\/\/waracomunicaciones.com\/?p=877#article\",\"isPartOf\":{\"@id\":\"https:\/\/waracomunicaciones.com\/?p=877\"},\"author\":{\"name\":\"admin\",\"@id\":\"https:\/\/waracomunicaciones.com\/#\/schema\/person\/e9db934bc91575cc71fe584c5973244a\"},\"headline\":\"A 43 a\u00f1os del retorno a la democracia, William Vaca Moreno reflexiona sobre los desaf\u00edos hist\u00f3ricos y actuales de Bolivia\",\"datePublished\":\"2025-10-12T10:39:24+00:00\",\"dateModified\":\"2025-10-12T11:02:12+00:00\",\"mainEntityOfPage\":{\"@id\":\"https:\/\/waracomunicaciones.com\/?p=877\"},\"wordCount\":413,\"commentCount\":0,\"publisher\":{\"@id\":\"https:\/\/waracomunicaciones.com\/#organization\"},\"image\":{\"@id\":\"https:\/\/waracomunicaciones.com\/?p=877#primaryimage\"},\"thumbnailUrl\":\"https:\/\/waracomunicaciones.com\/wp-content\/uploads\/2025\/10\/1760265294.webp\",\"keywords\":[\"Democracia\",\"MIR\",\"UDP\",\"William Vaca\"],\"articleSection\":[\"Pol\u00edtica\"],\"inLanguage\":\"es\",\"potentialAction\":[{\"@type\":\"CommentAction\",\"name\":\"Comment\",\"target\":[\"https:\/\/waracomunicaciones.com\/?p=877#respond\"]}]},{\"@type\":\"WebPage\",\"@id\":\"https:\/\/waracomunicaciones.com\/?p=877\",\"url\":\"https:\/\/waracomunicaciones.com\/?p=877\",\"name\":\"A 43 a\u00f1os del retorno a la democracia, William Vaca Moreno reflexiona sobre los desaf\u00edos hist\u00f3ricos y actuales de Bolivia - Wara Comunicaciones\",\"isPartOf\":{\"@id\":\"https:\/\/waracomunicaciones.com\/#website\"},\"primaryImageOfPage\":{\"@id\":\"https:\/\/waracomunicaciones.com\/?p=877#primaryimage\"},\"image\":{\"@id\":\"https:\/\/waracomunicaciones.com\/?p=877#primaryimage\"},\"thumbnailUrl\":\"https:\/\/waracomunicaciones.com\/wp-content\/uploads\/2025\/10\/1760265294.webp\",\"datePublished\":\"2025-10-12T10:39:24+00:00\",\"dateModified\":\"2025-10-12T11:02:12+00:00\",\"breadcrumb\":{\"@id\":\"https:\/\/waracomunicaciones.com\/?p=877#breadcrumb\"},\"inLanguage\":\"es\",\"potentialAction\":[{\"@type\":\"ReadAction\",\"target\":[\"https:\/\/waracomunicaciones.com\/?p=877\"]}]},{\"@type\":\"ImageObject\",\"inLanguage\":\"es\",\"@id\":\"https:\/\/waracomunicaciones.com\/?p=877#primaryimage\",\"url\":\"https:\/\/waracomunicaciones.com\/wp-content\/uploads\/2025\/10\/1760265294.webp\",\"contentUrl\":\"https:\/\/waracomunicaciones.com\/wp-content\/uploads\/2025\/10\/1760265294.webp\",\"width\":1000,\"height\":558},{\"@type\":\"BreadcrumbList\",\"@id\":\"https:\/\/waracomunicaciones.com\/?p=877#breadcrumb\",\"itemListElement\":[{\"@type\":\"ListItem\",\"position\":1,\"name\":\"Portada\",\"item\":\"https:\/\/waracomunicaciones.com\/\"},{\"@type\":\"ListItem\",\"position\":2,\"name\":\"A 43 a\u00f1os del retorno a la democracia, William Vaca Moreno reflexiona sobre los desaf\u00edos hist\u00f3ricos y actuales de Bolivia\"}]},{\"@type\":\"WebSite\",\"@id\":\"https:\/\/waracomunicaciones.com\/#website\",\"url\":\"https:\/\/waracomunicaciones.com\/\",\"name\":\"Wara Comunicaciones\",\"description\":\"\",\"publisher\":{\"@id\":\"https:\/\/waracomunicaciones.com\/#organization\"},\"potentialAction\":[{\"@type\":\"SearchAction\",\"target\":{\"@type\":\"EntryPoint\",\"urlTemplate\":\"https:\/\/waracomunicaciones.com\/?s={search_term_string}\"},\"query-input\":{\"@type\":\"PropertyValueSpecification\",\"valueRequired\":true,\"valueName\":\"search_term_string\"}}],\"inLanguage\":\"es\"},{\"@type\":\"Organization\",\"@id\":\"https:\/\/waracomunicaciones.com\/#organization\",\"name\":\"Wara Comunicaciones\",\"url\":\"https:\/\/waracomunicaciones.com\/\",\"logo\":{\"@type\":\"ImageObject\",\"inLanguage\":\"es\",\"@id\":\"https:\/\/waracomunicaciones.com\/#\/schema\/logo\/image\/\",\"url\":\"https:\/\/waracomunicaciones.com\/wp-content\/uploads\/2025\/07\/logo.png\",\"contentUrl\":\"https:\/\/waracomunicaciones.com\/wp-content\/uploads\/2025\/07\/logo.png\",\"width\":400,\"height\":164,\"caption\":\"Wara Comunicaciones\"},\"image\":{\"@id\":\"https:\/\/waracomunicaciones.com\/#\/schema\/logo\/image\/\"},\"sameAs\":[\"https:\/\/www.facebook.com\/waracomunicaciones2017\"]},{\"@type\":\"Person\",\"@id\":\"https:\/\/waracomunicaciones.com\/#\/schema\/person\/e9db934bc91575cc71fe584c5973244a\",\"name\":\"admin\",\"image\":{\"@type\":\"ImageObject\",\"inLanguage\":\"es\",\"@id\":\"https:\/\/waracomunicaciones.com\/#\/schema\/person\/image\/\",\"url\":\"https:\/\/secure.gravatar.com\/avatar\/bf27e9186df568254093afa216f887fece17605302c6ff12f3980422fffa52e6?s=96&d=mm&r=g\",\"contentUrl\":\"https:\/\/secure.gravatar.com\/avatar\/bf27e9186df568254093afa216f887fece17605302c6ff12f3980422fffa52e6?s=96&d=mm&r=g\",\"caption\":\"admin\"},\"sameAs\":[\"https:\/\/waracomunicaciones.com\/wp\"],\"url\":\"https:\/\/waracomunicaciones.com\/?author=1\"}]}<\/script>\n<!-- \/ Yoast SEO Premium plugin. -->","yoast_head_json":{"title":"A 43 a\u00f1os del retorno a la democracia, William Vaca Moreno reflexiona sobre los desaf\u00edos hist\u00f3ricos y actuales de Bolivia - Wara Comunicaciones","robots":{"index":"index","follow":"follow","max-snippet":"max-snippet:-1","max-image-preview":"max-image-preview:large","max-video-preview":"max-video-preview:-1"},"canonical":"https:\/\/waracomunicaciones.com\/?p=877","og_locale":"es_ES","og_type":"article","og_title":"A 43 a\u00f1os del retorno a la democracia, William Vaca Moreno reflexiona sobre los desaf\u00edos hist\u00f3ricos y actuales de Bolivia","og_description":"Montero, 10 de octubre de 2025. \u2013 En conmemoraci\u00f3n de los 43 a\u00f1os de vida democr\u00e1tica en Bolivia, el ingeniero William Benjam\u00edn Vaca Moreno comparti\u00f3 sus reflexiones sobre el presente pol\u00edtico y econ\u00f3mico del pa\u00eds, en una entrevista realizada este 10 de octubre, fecha hist\u00f3rica que marc\u00f3 el retorno a la democracia en 1982 con [&hellip;]","og_url":"https:\/\/waracomunicaciones.com\/?p=877","og_site_name":"Wara Comunicaciones","article_publisher":"https:\/\/www.facebook.com\/waracomunicaciones2017","article_published_time":"2025-10-12T10:39:24+00:00","article_modified_time":"2025-10-12T11:02:12+00:00","og_image":[{"width":1000,"height":558,"url":"https:\/\/waracomunicaciones.com\/wp-content\/uploads\/2025\/10\/1760265294.webp","type":"image\/webp"}],"author":"admin","twitter_card":"summary_large_image","twitter_misc":{"Escrito por":"admin","Tiempo de lectura":"2 minutos"},"schema":{"@context":"https:\/\/schema.org","@graph":[{"@type":"Article","@id":"https:\/\/waracomunicaciones.com\/?p=877#article","isPartOf":{"@id":"https:\/\/waracomunicaciones.com\/?p=877"},"author":{"name":"admin","@id":"https:\/\/waracomunicaciones.com\/#\/schema\/person\/e9db934bc91575cc71fe584c5973244a"},"headline":"A 43 a\u00f1os del retorno a la democracia, William Vaca Moreno reflexiona sobre los desaf\u00edos hist\u00f3ricos y actuales de Bolivia","datePublished":"2025-10-12T10:39:24+00:00","dateModified":"2025-10-12T11:02:12+00:00","mainEntityOfPage":{"@id":"https:\/\/waracomunicaciones.com\/?p=877"},"wordCount":413,"commentCount":0,"publisher":{"@id":"https:\/\/waracomunicaciones.com\/#organization"},"image":{"@id":"https:\/\/waracomunicaciones.com\/?p=877#primaryimage"},"thumbnailUrl":"https:\/\/waracomunicaciones.com\/wp-content\/uploads\/2025\/10\/1760265294.webp","keywords":["Democracia","MIR","UDP","William Vaca"],"articleSection":["Pol\u00edtica"],"inLanguage":"es","potentialAction":[{"@type":"CommentAction","name":"Comment","target":["https:\/\/waracomunicaciones.com\/?p=877#respond"]}]},{"@type":"WebPage","@id":"https:\/\/waracomunicaciones.com\/?p=877","url":"https:\/\/waracomunicaciones.com\/?p=877","name":"A 43 a\u00f1os del retorno a la democracia, William Vaca Moreno reflexiona sobre los desaf\u00edos hist\u00f3ricos y actuales de Bolivia - Wara Comunicaciones","isPartOf":{"@id":"https:\/\/waracomunicaciones.com\/#website"},"primaryImageOfPage":{"@id":"https:\/\/waracomunicaciones.com\/?p=877#primaryimage"},"image":{"@id":"https:\/\/waracomunicaciones.com\/?p=877#primaryimage"},"thumbnailUrl":"https:\/\/waracomunicaciones.com\/wp-content\/uploads\/2025\/10\/1760265294.webp","datePublished":"2025-10-12T10:39:24+00:00","dateModified":"2025-10-12T11:02:12+00:00","breadcrumb":{"@id":"https:\/\/waracomunicaciones.com\/?p=877#breadcrumb"},"inLanguage":"es","potentialAction":[{"@type":"ReadAction","target":["https:\/\/waracomunicaciones.com\/?p=877"]}]},{"@type":"ImageObject","inLanguage":"es","@id":"https:\/\/waracomunicaciones.com\/?p=877#primaryimage","url":"https:\/\/waracomunicaciones.com\/wp-content\/uploads\/2025\/10\/1760265294.webp","contentUrl":"https:\/\/waracomunicaciones.com\/wp-content\/uploads\/2025\/10\/1760265294.webp","width":1000,"height":558},{"@type":"BreadcrumbList","@id":"https:\/\/waracomunicaciones.com\/?p=877#breadcrumb","itemListElement":[{"@type":"ListItem","position":1,"name":"Portada","item":"https:\/\/waracomunicaciones.com\/"},{"@type":"ListItem","position":2,"name":"A 43 a\u00f1os del retorno a la democracia, William Vaca Moreno reflexiona sobre los desaf\u00edos hist\u00f3ricos y actuales de Bolivia"}]},{"@type":"WebSite","@id":"https:\/\/waracomunicaciones.com\/#website","url":"https:\/\/waracomunicaciones.com\/","name":"Wara Comunicaciones","description":"","publisher":{"@id":"https:\/\/waracomunicaciones.com\/#organization"},"potentialAction":[{"@type":"SearchAction","target":{"@type":"EntryPoint","urlTemplate":"https:\/\/waracomunicaciones.com\/?s={search_term_string}"},"query-input":{"@type":"PropertyValueSpecification","valueRequired":true,"valueName":"search_term_string"}}],"inLanguage":"es"},{"@type":"Organization","@id":"https:\/\/waracomunicaciones.com\/#organization","name":"Wara Comunicaciones","url":"https:\/\/waracomunicaciones.com\/","logo":{"@type":"ImageObject","inLanguage":"es","@id":"https:\/\/waracomunicaciones.com\/#\/schema\/logo\/image\/","url":"https:\/\/waracomunicaciones.com\/wp-content\/uploads\/2025\/07\/logo.png","contentUrl":"https:\/\/waracomunicaciones.com\/wp-content\/uploads\/2025\/07\/logo.png","width":400,"height":164,"caption":"Wara Comunicaciones"},"image":{"@id":"https:\/\/waracomunicaciones.com\/#\/schema\/logo\/image\/"},"sameAs":["https:\/\/www.facebook.com\/waracomunicaciones2017"]},{"@type":"Person","@id":"https:\/\/waracomunicaciones.com\/#\/schema\/person\/e9db934bc91575cc71fe584c5973244a","name":"admin","image":{"@type":"ImageObject","inLanguage":"es","@id":"https:\/\/waracomunicaciones.com\/#\/schema\/person\/image\/","url":"https:\/\/secure.gravatar.com\/avatar\/bf27e9186df568254093afa216f887fece17605302c6ff12f3980422fffa52e6?s=96&d=mm&r=g","contentUrl":"https:\/\/secure.gravatar.com\/avatar\/bf27e9186df568254093afa216f887fece17605302c6ff12f3980422fffa52e6?s=96&d=mm&r=g","caption":"admin"},"sameAs":["https:\/\/waracomunicaciones.com\/wp"],"url":"https:\/\/waracomunicaciones.com\/?author=1"}]}},"_links":{"self":[{"href":"https:\/\/waracomunicaciones.com\/index.php?rest_route=\/wp\/v2\/posts\/877","targetHints":{"allow":["GET"]}}],"collection":[{"href":"https:\/\/waracomunicaciones.com\/index.php?rest_route=\/wp\/v2\/posts"}],"about":[{"href":"https:\/\/waracomunicaciones.com\/index.php?rest_route=\/wp\/v2\/types\/post"}],"author":[{"embeddable":true,"href":"https:\/\/waracomunicaciones.com\/index.php?rest_route=\/wp\/v2\/users\/1"}],"replies":[{"embeddable":true,"href":"https:\/\/waracomunicaciones.com\/index.php?rest_route=%2Fwp%2Fv2%2Fcomments&post=877"}],"version-history":[{"count":2,"href":"https:\/\/waracomunicaciones.com\/index.php?rest_route=\/wp\/v2\/posts\/877\/revisions"}],"predecessor-version":[{"id":884,"href":"https:\/\/waracomunicaciones.com\/index.php?rest_route=\/wp\/v2\/posts\/877\/revisions\/884"}],"wp:attachment":[{"href":"https:\/\/waracomunicaciones.com\/index.php?rest_route=%2Fwp%2Fv2%2Fmedia&parent=877"}],"wp:term":[{"taxonomy":"category","embeddable":true,"href":"https:\/\/waracomunicaciones.com\/index.php?rest_route=%2Fwp%2Fv2%2Fcategories&post=877"},{"taxonomy":"post_tag","embeddable":true,"href":"https:\/\/waracomunicaciones.com\/index.php?rest_route=%2Fwp%2Fv2%2Ftags&post=877"}],"curies":[{"name":"wp","href":"https:\/\/api.w.org\/{rel}","templated":true}]}}