{"id":874,"date":"2025-10-11T15:13:01","date_gmt":"2025-10-11T19:13:01","guid":{"rendered":"https:\/\/waracomunicaciones.com\/?p=874"},"modified":"2025-10-11T15:13:02","modified_gmt":"2025-10-11T19:13:02","slug":"montero-impulsa-la-celebracion-del-dia-del-director-en-coincidencia-con-el-dia-mundial-del-docente","status":"publish","type":"post","link":"https:\/\/waracomunicaciones.com\/?p=874","title":{"rendered":"Montero impulsa la celebraci\u00f3n del D\u00eda del Director en coincidencia con el D\u00eda Mundial del Docente"},"content":{"rendered":"\n<figure class=\"wp-block-image size-large\"><img loading=\"lazy\" decoding=\"async\" width=\"1024\" height=\"576\" src=\"https:\/\/waracomunicaciones.com\/wp-content\/uploads\/2025\/10\/fdfffsfs-1024x576.jpg\" alt=\"\" class=\"wp-image-875\" srcset=\"https:\/\/waracomunicaciones.com\/wp-content\/uploads\/2025\/10\/fdfffsfs-1024x576.jpg 1024w, https:\/\/waracomunicaciones.com\/wp-content\/uploads\/2025\/10\/fdfffsfs-300x169.jpg 300w, https:\/\/waracomunicaciones.com\/wp-content\/uploads\/2025\/10\/fdfffsfs-768x432.jpg 768w, https:\/\/waracomunicaciones.com\/wp-content\/uploads\/2025\/10\/fdfffsfs.jpg 1280w\" sizes=\"auto, (max-width: 1024px) 100vw, 1024px\" \/><figcaption class=\"wp-element-caption\"><em>Reconocimiento al Director <strong>Efra\u00edn Ramos Parada<\/strong> &#8211; Foto Facebook<\/em><\/figcaption><\/figure>\n\n\n<p>Montero, 10 de octubre de 2025. \u2013 En una iniciativa que naci\u00f3 del Director Efra\u00edn Ramos Parada, en el municipio de Montero se ha comenzado a celebrar el <strong>D\u00eda del Director de Unidad Educativa<\/strong> el 5 de octubre, en coincidencia con el <strong>D\u00eda Mundial del Docente<\/strong>, fecha establecida por la UNESCO para reconocer la labor de los maestros a nivel global.<!--more--><\/p>\n<p>Esta conmemoraci\u00f3n, aunque no oficializada a nivel nacional ni reconocida a\u00fan por el Ministerio de Educaci\u00f3n, ha sido adoptada por varios municipios del pa\u00eds, como una forma de valorar y visibilizar el trabajo que realizan las y los directores en el sistema educativo.<\/p>\n<p>El profesor <strong>Efra\u00edn Ramos Parada<\/strong>, uno de los impulsores de esta propuesta, manifest\u00f3 que la idea ha comenzado a extenderse m\u00e1s all\u00e1 de Montero, llegando a otros distritos y ciudades del pa\u00eds. \u201cEs una forma de fortalecer, valorar y reconocer el esfuerzo y liderazgo que los directores asumen d\u00eda a d\u00eda en las unidades educativas\u201d, se\u00f1al\u00f3 el educador, quien tambi\u00e9n recientemente celebr\u00f3 su cumplea\u00f1os el pasado 8 de octubre.<\/p>\n<p>Durante una entrevista radial, el profesor Ramos tambi\u00e9n comparti\u00f3 una reflexi\u00f3n sobre el valor de la democracia, recordando que un d\u00eda como hoy, <strong>10 de octubre de 1982<\/strong>, se marc\u00f3 un hito en la historia del pa\u00eds con el retorno a la democracia, tras a\u00f1os de dictaduras militares. En aquella fecha, <strong>Hern\u00e1n Siles Suazo y Jaime Paz Zamora<\/strong>, de la Unidad Democr\u00e1tica y Popular (UDP), asumieron el mando del gobierno nacional.<\/p>\n<p>\u201cFue una \u00e9poca muy dura, con escasez de alimentos y largas colas para conseguir productos b\u00e1sicos\u201d, record\u00f3 Ramos, quien por entonces culminaba sus estudios en la Escuela Normal de La Paz. Tambi\u00e9n rememor\u00f3 c\u00f3mo la esperanza del pueblo se fue desvaneciendo tras el incumplimiento de promesas como la resoluci\u00f3n de la crisis nacional en 100 d\u00edas.<\/p>\n<p>\u201cSon hechos que nuestros j\u00f3venes deben conocer, porque m\u00e1s del 70% de la poblaci\u00f3n actual no vivi\u00f3 esos tiempos, y es fundamental valorar el poder vivir hoy en democracia\u201d, subray\u00f3 el educador.<\/p>\n<p>La entrevista concluy\u00f3 con una cordial invitaci\u00f3n del profesor Ramos a participar de las actividades culturales programadas en la Casa de la Cultura y a compartir un almuerzo conmemorativo.<\/p><div style=\"margin-top: 0px; margin-bottom: 0px;\" class=\"sharethis-inline-reaction-buttons\" ><\/div>","protected":false},"excerpt":{"rendered":"<p>Montero, 10 de octubre de 2025. \u2013 En una iniciativa que naci\u00f3 del Director Efra\u00edn Ramos Parada, en el municipio de Montero se ha comenzado a celebrar el D\u00eda del Director de Unidad Educativa el 5 de octubre, en coincidencia con el D\u00eda Mundial del Docente, fecha establecida por la UNESCO para reconocer la labor [&hellip;]<\/p>\n","protected":false},"author":1,"featured_media":0,"comment_status":"open","ping_status":"open","sticky":false,"template":"","format":"standard","meta":{"footnotes":""},"categories":[44],"tags":[180],"class_list":["post-874","post","type-post","status-publish","format-standard","hentry","category-educacion","tag-efrain-ramos"],"yoast_head":"<!-- This site is optimized with the Yoast SEO Premium plugin v25.5 (Yoast SEO v27.1.1) - https:\/\/yoast.com\/product\/yoast-seo-premium-wordpress\/ -->\n<title>Montero impulsa la celebraci\u00f3n del D\u00eda del Director en coincidencia con el D\u00eda Mundial del Docente - Wara Comunicaciones<\/title>\n<meta name=\"robots\" content=\"index, follow, max-snippet:-1, max-image-preview:large, max-video-preview:-1\" \/>\n<link rel=\"canonical\" href=\"https:\/\/waracomunicaciones.com\/?p=874\" \/>\n<meta property=\"og:locale\" content=\"es_ES\" \/>\n<meta property=\"og:type\" content=\"article\" \/>\n<meta property=\"og:title\" content=\"Montero impulsa la celebraci\u00f3n del D\u00eda del Director en coincidencia con el D\u00eda Mundial del Docente\" \/>\n<meta property=\"og:description\" content=\"Montero, 10 de octubre de 2025. \u2013 En una iniciativa que naci\u00f3 del Director Efra\u00edn Ramos Parada, en el municipio de Montero se ha comenzado a celebrar el D\u00eda del Director de Unidad Educativa el 5 de octubre, en coincidencia con el D\u00eda Mundial del Docente, fecha establecida por la UNESCO para reconocer la labor [&hellip;]\" \/>\n<meta property=\"og:url\" content=\"https:\/\/waracomunicaciones.com\/?p=874\" \/>\n<meta property=\"og:site_name\" content=\"Wara Comunicaciones\" \/>\n<meta property=\"article:publisher\" content=\"https:\/\/www.facebook.com\/waracomunicaciones2017\" \/>\n<meta property=\"article:published_time\" content=\"2025-10-11T19:13:01+00:00\" \/>\n<meta property=\"article:modified_time\" content=\"2025-10-11T19:13:02+00:00\" \/>\n<meta property=\"og:image\" content=\"https:\/\/waracomunicaciones.com\/wp-content\/uploads\/2025\/10\/fdfffsfs.jpg\" \/>\n\t<meta property=\"og:image:width\" content=\"1280\" \/>\n\t<meta property=\"og:image:height\" content=\"720\" \/>\n\t<meta property=\"og:image:type\" content=\"image\/jpeg\" \/>\n<meta name=\"author\" content=\"admin\" \/>\n<meta name=\"twitter:card\" content=\"summary_large_image\" \/>\n<meta name=\"twitter:label1\" content=\"Escrito por\" \/>\n\t<meta name=\"twitter:data1\" content=\"admin\" \/>\n\t<meta name=\"twitter:label2\" content=\"Tiempo de lectura\" \/>\n\t<meta name=\"twitter:data2\" content=\"2 minutos\" \/>\n<script type=\"application\/ld+json\" class=\"yoast-schema-graph\">{\"@context\":\"https:\/\/schema.org\",\"@graph\":[{\"@type\":\"Article\",\"@id\":\"https:\/\/waracomunicaciones.com\/?p=874#article\",\"isPartOf\":{\"@id\":\"https:\/\/waracomunicaciones.com\/?p=874\"},\"author\":{\"name\":\"admin\",\"@id\":\"https:\/\/waracomunicaciones.com\/#\/schema\/person\/e9db934bc91575cc71fe584c5973244a\"},\"headline\":\"Montero impulsa la celebraci\u00f3n del D\u00eda del Director en coincidencia con el D\u00eda Mundial del Docente\",\"datePublished\":\"2025-10-11T19:13:01+00:00\",\"dateModified\":\"2025-10-11T19:13:02+00:00\",\"mainEntityOfPage\":{\"@id\":\"https:\/\/waracomunicaciones.com\/?p=874\"},\"wordCount\":412,\"commentCount\":0,\"publisher\":{\"@id\":\"https:\/\/waracomunicaciones.com\/#organization\"},\"image\":{\"@id\":\"https:\/\/waracomunicaciones.com\/?p=874#primaryimage\"},\"thumbnailUrl\":\"https:\/\/waracomunicaciones.com\/wp-content\/uploads\/2025\/10\/fdfffsfs-1024x576.jpg\",\"keywords\":[\"Efra\u00edn Ramos\"],\"articleSection\":[\"Educaci\u00f3n\"],\"inLanguage\":\"es\",\"potentialAction\":[{\"@type\":\"CommentAction\",\"name\":\"Comment\",\"target\":[\"https:\/\/waracomunicaciones.com\/?p=874#respond\"]}]},{\"@type\":\"WebPage\",\"@id\":\"https:\/\/waracomunicaciones.com\/?p=874\",\"url\":\"https:\/\/waracomunicaciones.com\/?p=874\",\"name\":\"Montero impulsa la celebraci\u00f3n del D\u00eda del Director en coincidencia con el D\u00eda Mundial del Docente - Wara Comunicaciones\",\"isPartOf\":{\"@id\":\"https:\/\/waracomunicaciones.com\/#website\"},\"primaryImageOfPage\":{\"@id\":\"https:\/\/waracomunicaciones.com\/?p=874#primaryimage\"},\"image\":{\"@id\":\"https:\/\/waracomunicaciones.com\/?p=874#primaryimage\"},\"thumbnailUrl\":\"https:\/\/waracomunicaciones.com\/wp-content\/uploads\/2025\/10\/fdfffsfs-1024x576.jpg\",\"datePublished\":\"2025-10-11T19:13:01+00:00\",\"dateModified\":\"2025-10-11T19:13:02+00:00\",\"breadcrumb\":{\"@id\":\"https:\/\/waracomunicaciones.com\/?p=874#breadcrumb\"},\"inLanguage\":\"es\",\"potentialAction\":[{\"@type\":\"ReadAction\",\"target\":[\"https:\/\/waracomunicaciones.com\/?p=874\"]}]},{\"@type\":\"ImageObject\",\"inLanguage\":\"es\",\"@id\":\"https:\/\/waracomunicaciones.com\/?p=874#primaryimage\",\"url\":\"https:\/\/waracomunicaciones.com\/wp-content\/uploads\/2025\/10\/fdfffsfs.jpg\",\"contentUrl\":\"https:\/\/waracomunicaciones.com\/wp-content\/uploads\/2025\/10\/fdfffsfs.jpg\",\"width\":1280,\"height\":720},{\"@type\":\"BreadcrumbList\",\"@id\":\"https:\/\/waracomunicaciones.com\/?p=874#breadcrumb\",\"itemListElement\":[{\"@type\":\"ListItem\",\"position\":1,\"name\":\"Portada\",\"item\":\"https:\/\/waracomunicaciones.com\/\"},{\"@type\":\"ListItem\",\"position\":2,\"name\":\"Montero impulsa la celebraci\u00f3n del D\u00eda del Director en coincidencia con el D\u00eda Mundial del Docente\"}]},{\"@type\":\"WebSite\",\"@id\":\"https:\/\/waracomunicaciones.com\/#website\",\"url\":\"https:\/\/waracomunicaciones.com\/\",\"name\":\"Wara Comunicaciones\",\"description\":\"\",\"publisher\":{\"@id\":\"https:\/\/waracomunicaciones.com\/#organization\"},\"potentialAction\":[{\"@type\":\"SearchAction\",\"target\":{\"@type\":\"EntryPoint\",\"urlTemplate\":\"https:\/\/waracomunicaciones.com\/?s={search_term_string}\"},\"query-input\":{\"@type\":\"PropertyValueSpecification\",\"valueRequired\":true,\"valueName\":\"search_term_string\"}}],\"inLanguage\":\"es\"},{\"@type\":\"Organization\",\"@id\":\"https:\/\/waracomunicaciones.com\/#organization\",\"name\":\"Wara Comunicaciones\",\"url\":\"https:\/\/waracomunicaciones.com\/\",\"logo\":{\"@type\":\"ImageObject\",\"inLanguage\":\"es\",\"@id\":\"https:\/\/waracomunicaciones.com\/#\/schema\/logo\/image\/\",\"url\":\"https:\/\/waracomunicaciones.com\/wp-content\/uploads\/2025\/07\/logo.png\",\"contentUrl\":\"https:\/\/waracomunicaciones.com\/wp-content\/uploads\/2025\/07\/logo.png\",\"width\":400,\"height\":164,\"caption\":\"Wara Comunicaciones\"},\"image\":{\"@id\":\"https:\/\/waracomunicaciones.com\/#\/schema\/logo\/image\/\"},\"sameAs\":[\"https:\/\/www.facebook.com\/waracomunicaciones2017\"]},{\"@type\":\"Person\",\"@id\":\"https:\/\/waracomunicaciones.com\/#\/schema\/person\/e9db934bc91575cc71fe584c5973244a\",\"name\":\"admin\",\"image\":{\"@type\":\"ImageObject\",\"inLanguage\":\"es\",\"@id\":\"https:\/\/waracomunicaciones.com\/#\/schema\/person\/image\/\",\"url\":\"https:\/\/secure.gravatar.com\/avatar\/bf27e9186df568254093afa216f887fece17605302c6ff12f3980422fffa52e6?s=96&d=mm&r=g\",\"contentUrl\":\"https:\/\/secure.gravatar.com\/avatar\/bf27e9186df568254093afa216f887fece17605302c6ff12f3980422fffa52e6?s=96&d=mm&r=g\",\"caption\":\"admin\"},\"sameAs\":[\"https:\/\/waracomunicaciones.com\/wp\"],\"url\":\"https:\/\/waracomunicaciones.com\/?author=1\"}]}<\/script>\n<!-- \/ Yoast SEO Premium plugin. -->","yoast_head_json":{"title":"Montero impulsa la celebraci\u00f3n del D\u00eda del Director en coincidencia con el D\u00eda Mundial del Docente - Wara Comunicaciones","robots":{"index":"index","follow":"follow","max-snippet":"max-snippet:-1","max-image-preview":"max-image-preview:large","max-video-preview":"max-video-preview:-1"},"canonical":"https:\/\/waracomunicaciones.com\/?p=874","og_locale":"es_ES","og_type":"article","og_title":"Montero impulsa la celebraci\u00f3n del D\u00eda del Director en coincidencia con el D\u00eda Mundial del Docente","og_description":"Montero, 10 de octubre de 2025. \u2013 En una iniciativa que naci\u00f3 del Director Efra\u00edn Ramos Parada, en el municipio de Montero se ha comenzado a celebrar el D\u00eda del Director de Unidad Educativa el 5 de octubre, en coincidencia con el D\u00eda Mundial del Docente, fecha establecida por la UNESCO para reconocer la labor [&hellip;]","og_url":"https:\/\/waracomunicaciones.com\/?p=874","og_site_name":"Wara Comunicaciones","article_publisher":"https:\/\/www.facebook.com\/waracomunicaciones2017","article_published_time":"2025-10-11T19:13:01+00:00","article_modified_time":"2025-10-11T19:13:02+00:00","og_image":[{"width":1280,"height":720,"url":"https:\/\/waracomunicaciones.com\/wp-content\/uploads\/2025\/10\/fdfffsfs.jpg","type":"image\/jpeg"}],"author":"admin","twitter_card":"summary_large_image","twitter_misc":{"Escrito por":"admin","Tiempo de lectura":"2 minutos"},"schema":{"@context":"https:\/\/schema.org","@graph":[{"@type":"Article","@id":"https:\/\/waracomunicaciones.com\/?p=874#article","isPartOf":{"@id":"https:\/\/waracomunicaciones.com\/?p=874"},"author":{"name":"admin","@id":"https:\/\/waracomunicaciones.com\/#\/schema\/person\/e9db934bc91575cc71fe584c5973244a"},"headline":"Montero impulsa la celebraci\u00f3n del D\u00eda del Director en coincidencia con el D\u00eda Mundial del Docente","datePublished":"2025-10-11T19:13:01+00:00","dateModified":"2025-10-11T19:13:02+00:00","mainEntityOfPage":{"@id":"https:\/\/waracomunicaciones.com\/?p=874"},"wordCount":412,"commentCount":0,"publisher":{"@id":"https:\/\/waracomunicaciones.com\/#organization"},"image":{"@id":"https:\/\/waracomunicaciones.com\/?p=874#primaryimage"},"thumbnailUrl":"https:\/\/waracomunicaciones.com\/wp-content\/uploads\/2025\/10\/fdfffsfs-1024x576.jpg","keywords":["Efra\u00edn Ramos"],"articleSection":["Educaci\u00f3n"],"inLanguage":"es","potentialAction":[{"@type":"CommentAction","name":"Comment","target":["https:\/\/waracomunicaciones.com\/?p=874#respond"]}]},{"@type":"WebPage","@id":"https:\/\/waracomunicaciones.com\/?p=874","url":"https:\/\/waracomunicaciones.com\/?p=874","name":"Montero impulsa la celebraci\u00f3n del D\u00eda del Director en coincidencia con el D\u00eda Mundial del Docente - Wara Comunicaciones","isPartOf":{"@id":"https:\/\/waracomunicaciones.com\/#website"},"primaryImageOfPage":{"@id":"https:\/\/waracomunicaciones.com\/?p=874#primaryimage"},"image":{"@id":"https:\/\/waracomunicaciones.com\/?p=874#primaryimage"},"thumbnailUrl":"https:\/\/waracomunicaciones.com\/wp-content\/uploads\/2025\/10\/fdfffsfs-1024x576.jpg","datePublished":"2025-10-11T19:13:01+00:00","dateModified":"2025-10-11T19:13:02+00:00","breadcrumb":{"@id":"https:\/\/waracomunicaciones.com\/?p=874#breadcrumb"},"inLanguage":"es","potentialAction":[{"@type":"ReadAction","target":["https:\/\/waracomunicaciones.com\/?p=874"]}]},{"@type":"ImageObject","inLanguage":"es","@id":"https:\/\/waracomunicaciones.com\/?p=874#primaryimage","url":"https:\/\/waracomunicaciones.com\/wp-content\/uploads\/2025\/10\/fdfffsfs.jpg","contentUrl":"https:\/\/waracomunicaciones.com\/wp-content\/uploads\/2025\/10\/fdfffsfs.jpg","width":1280,"height":720},{"@type":"BreadcrumbList","@id":"https:\/\/waracomunicaciones.com\/?p=874#breadcrumb","itemListElement":[{"@type":"ListItem","position":1,"name":"Portada","item":"https:\/\/waracomunicaciones.com\/"},{"@type":"ListItem","position":2,"name":"Montero impulsa la celebraci\u00f3n del D\u00eda del Director en coincidencia con el D\u00eda Mundial del Docente"}]},{"@type":"WebSite","@id":"https:\/\/waracomunicaciones.com\/#website","url":"https:\/\/waracomunicaciones.com\/","name":"Wara Comunicaciones","description":"","publisher":{"@id":"https:\/\/waracomunicaciones.com\/#organization"},"potentialAction":[{"@type":"SearchAction","target":{"@type":"EntryPoint","urlTemplate":"https:\/\/waracomunicaciones.com\/?s={search_term_string}"},"query-input":{"@type":"PropertyValueSpecification","valueRequired":true,"valueName":"search_term_string"}}],"inLanguage":"es"},{"@type":"Organization","@id":"https:\/\/waracomunicaciones.com\/#organization","name":"Wara Comunicaciones","url":"https:\/\/waracomunicaciones.com\/","logo":{"@type":"ImageObject","inLanguage":"es","@id":"https:\/\/waracomunicaciones.com\/#\/schema\/logo\/image\/","url":"https:\/\/waracomunicaciones.com\/wp-content\/uploads\/2025\/07\/logo.png","contentUrl":"https:\/\/waracomunicaciones.com\/wp-content\/uploads\/2025\/07\/logo.png","width":400,"height":164,"caption":"Wara Comunicaciones"},"image":{"@id":"https:\/\/waracomunicaciones.com\/#\/schema\/logo\/image\/"},"sameAs":["https:\/\/www.facebook.com\/waracomunicaciones2017"]},{"@type":"Person","@id":"https:\/\/waracomunicaciones.com\/#\/schema\/person\/e9db934bc91575cc71fe584c5973244a","name":"admin","image":{"@type":"ImageObject","inLanguage":"es","@id":"https:\/\/waracomunicaciones.com\/#\/schema\/person\/image\/","url":"https:\/\/secure.gravatar.com\/avatar\/bf27e9186df568254093afa216f887fece17605302c6ff12f3980422fffa52e6?s=96&d=mm&r=g","contentUrl":"https:\/\/secure.gravatar.com\/avatar\/bf27e9186df568254093afa216f887fece17605302c6ff12f3980422fffa52e6?s=96&d=mm&r=g","caption":"admin"},"sameAs":["https:\/\/waracomunicaciones.com\/wp"],"url":"https:\/\/waracomunicaciones.com\/?author=1"}]}},"_links":{"self":[{"href":"https:\/\/waracomunicaciones.com\/index.php?rest_route=\/wp\/v2\/posts\/874","targetHints":{"allow":["GET"]}}],"collection":[{"href":"https:\/\/waracomunicaciones.com\/index.php?rest_route=\/wp\/v2\/posts"}],"about":[{"href":"https:\/\/waracomunicaciones.com\/index.php?rest_route=\/wp\/v2\/types\/post"}],"author":[{"embeddable":true,"href":"https:\/\/waracomunicaciones.com\/index.php?rest_route=\/wp\/v2\/users\/1"}],"replies":[{"embeddable":true,"href":"https:\/\/waracomunicaciones.com\/index.php?rest_route=%2Fwp%2Fv2%2Fcomments&post=874"}],"version-history":[{"count":1,"href":"https:\/\/waracomunicaciones.com\/index.php?rest_route=\/wp\/v2\/posts\/874\/revisions"}],"predecessor-version":[{"id":876,"href":"https:\/\/waracomunicaciones.com\/index.php?rest_route=\/wp\/v2\/posts\/874\/revisions\/876"}],"wp:attachment":[{"href":"https:\/\/waracomunicaciones.com\/index.php?rest_route=%2Fwp%2Fv2%2Fmedia&parent=874"}],"wp:term":[{"taxonomy":"category","embeddable":true,"href":"https:\/\/waracomunicaciones.com\/index.php?rest_route=%2Fwp%2Fv2%2Fcategories&post=874"},{"taxonomy":"post_tag","embeddable":true,"href":"https:\/\/waracomunicaciones.com\/index.php?rest_route=%2Fwp%2Fv2%2Ftags&post=874"}],"curies":[{"name":"wp","href":"https:\/\/api.w.org\/{rel}","templated":true}]}}