{"id":870,"date":"2025-10-10T10:21:59","date_gmt":"2025-10-10T14:21:59","guid":{"rendered":"https:\/\/waracomunicaciones.com\/?p=870"},"modified":"2025-10-10T10:22:01","modified_gmt":"2025-10-10T14:22:01","slug":"william-vaca-llama-a-la-unidad-y-advierte-sobre-el-riesgo-de-una-campana-basada-en-el-odio-el-pais-necesita-acuerdos-no-enfrentamientos","status":"publish","type":"post","link":"https:\/\/waracomunicaciones.com\/?p=870","title":{"rendered":"William Vaca llama a la unidad y advierte sobre el riesgo de una campa\u00f1a basada en el odio: \u201cEl pa\u00eds necesita acuerdos, no enfrentamientos\u201d"},"content":{"rendered":"\n<figure class=\"wp-block-image size-full\"><img loading=\"lazy\" decoding=\"async\" width=\"750\" height=\"462\" src=\"https:\/\/waracomunicaciones.com\/wp-content\/uploads\/2025\/10\/Proyecto-nuevo-15.webp\" alt=\"\" class=\"wp-image-871\" srcset=\"https:\/\/waracomunicaciones.com\/wp-content\/uploads\/2025\/10\/Proyecto-nuevo-15.webp 750w, https:\/\/waracomunicaciones.com\/wp-content\/uploads\/2025\/10\/Proyecto-nuevo-15-300x185.webp 300w\" sizes=\"auto, (max-width: 750px) 100vw, 750px\" \/><figcaption class=\"wp-element-caption\"><em>Ing. William Vaca &#8211; Foto archivo Facebook<\/em><\/figcaption><\/figure>\n\n\n<p><strong>Montero, 10 de octubre de 2025.<\/strong> \u2013 A pocos d\u00edas de las elecciones presidenciales del pr\u00f3ximo <strong>19 de octubre<\/strong>, el reconocido pol\u00edtico montere\u00f1o <strong>William Benjam\u00edn Vaca Moreno<\/strong> ofreci\u00f3 una profunda reflexi\u00f3n sobre el panorama electoral actual, marcado por la incertidumbre, la polarizaci\u00f3n y la falta de confianza en las encuestas.<!--more--><\/p>\n<p>Vaca, ex concejal, ex asamble\u00edsta nacional, ex prefecto y ex subgobernador, se\u00f1al\u00f3 que el pa\u00eds atraviesa una campa\u00f1a electoral \u201cferoz\u201d, en la que las descalificaciones personales han sustituido al debate de propuestas. A sus m\u00e1s de 70 a\u00f1os, asegura que sigue comprometido con el an\u00e1lisis pol\u00edtico y el bienestar del pa\u00eds.<\/p>\n<p>\u201cEsta ha sido una campa\u00f1a donde el uno ofende al otro, donde hay acusaciones que ni tiempo hay de investigar. Hay noticias verdaderas, pero tambi\u00e9n mucha desinformaci\u00f3n que solo confunde al votante\u201d, afirm\u00f3 en di\u00e1logo con el periodista Tom\u00e1s Coca, durante un programa Agenda Matinal.<\/p>\n<p><strong>Llamado a la madurez pol\u00edtica y a una posible coalici\u00f3n<\/strong><\/p>\n<p>Para el ingeniero Vaca, el enfrentamiento entre los principales candidatos \u2014<strong>Tuto Quiroga<\/strong> y <strong>Rodrigo Paz<\/strong>\u2014 debi\u00f3 dar paso a un di\u00e1logo responsable que contemple una <strong>coalici\u00f3n de gobierno<\/strong> post-electoral.<\/p>\n<p>\u201cAmbos deber\u00edan sentarse y decir: \u2018Paremos esto\u2019. Porque el pa\u00eds necesita acuerdos para superar la crisis. No se puede gobernar si no hay capacidad de entendimiento entre quienes tienen el poder pol\u00edtico\u201d, sostuvo.<\/p>\n<p>Record\u00f3 que <strong>Paz Pereira cuenta con mayor\u00eda en ambas c\u00e1maras<\/strong>, aunque no con los dos tercios, lo que obligar\u00e1 a buscar consensos para aprobar leyes clave, especialmente aquellas relacionadas con la recuperaci\u00f3n de recursos desviados y la reforma del sistema judicial.<\/p>\n<p>\u201cNo se puede gobernar solo. Ma\u00f1ana se van a ver las caras en el Parlamento y en las calles. La vida no se acaba despu\u00e9s de las elecciones\u201d, reflexion\u00f3.<\/p>\n<p><strong>Desconfianza en encuestas y en el sistema electoral<\/strong><\/p>\n<p>Vaca tambi\u00e9n manifest\u00f3 su escepticismo respecto a la credibilidad de las encuestas, cuestionando tanto su metodolog\u00eda como su imparcialidad. \u201cLas encuestas han perdido confianza. Ya nadie se anima a decir con certeza qui\u00e9n va a ganar. Y no solo eso, tambi\u00e9n hay dudas sobre si realmente se respetar\u00e1 el voto de la gente\u201d, dijo.<\/p>\n<p>A\u00f1adi\u00f3 que los factores t\u00e9cnicos del proceso electoral \u2014delegados, recintos, cortes departamentales y nacionales\u2014 generan desconfianza ciudadana, y subray\u00f3 que m\u00e1s all\u00e1 del discurso p\u00fablico de los pol\u00edticos, muchas decisiones pasan por mecanismos informales o incluso manipulados.<\/p>\n<p><strong>Cr\u00edtica a la guerra sucia y a la manipulaci\u00f3n emocional<\/strong><\/p>\n<p>En otro momento, el ex prefecto advirti\u00f3 sobre el uso de estrategias de <strong>manipulaci\u00f3n emocional<\/strong> en las campa\u00f1as, como el miedo, el resentimiento y el odio, para polarizar a la poblaci\u00f3n y ganar simpat\u00edas pol\u00edticas. \u201cLa guerra sucia es peligrosa. Cuando se queman todos los puentes, luego no hay forma de construir gobernabilidad\u201d, advirti\u00f3.<\/p>\n<p><strong>\u201cLa responsabilidad tambi\u00e9n es del votante\u201d<\/strong><\/p>\n<p>Frente a la pregunta sobre por qui\u00e9n votar o qui\u00e9n podr\u00eda ganar, Vaca evit\u00f3 dar nombres, pero dej\u00f3 un mensaje directo al electorado:<\/p>\n<p>\u201cYo no recomiendo candidatos. Lo que s\u00ed digo es que se vote con conciencia. El ciudadano ya ha tomado su decisi\u00f3n en la primera vuelta, y ahora debe actuar con madurez. No podemos seguir eligiendo solo con la emoci\u00f3n o el odio como gu\u00eda\u201d.<\/p>\n<p>Finalmente, William Vaca concluy\u00f3 con un llamado a mirar m\u00e1s all\u00e1 del 19 de octubre: \u201cGane quien gane, el pa\u00eds necesita acuerdos, estabilidad y un compromiso con la verdad. De lo contrario, el problema no ser\u00e1 qui\u00e9n gane o pierda, sino que el verdadero perdedor ser\u00e1 el pueblo boliviano\u201d.<\/p><div style=\"margin-top: 0px; margin-bottom: 0px;\" class=\"sharethis-inline-reaction-buttons\" ><\/div>","protected":false},"excerpt":{"rendered":"<p>Montero, 10 de octubre de 2025. \u2013 A pocos d\u00edas de las elecciones presidenciales del pr\u00f3ximo 19 de octubre, el reconocido pol\u00edtico montere\u00f1o William Benjam\u00edn Vaca Moreno ofreci\u00f3 una profunda reflexi\u00f3n sobre el panorama electoral actual, marcado por la incertidumbre, la polarizaci\u00f3n y la falta de confianza en las encuestas.<\/p>\n","protected":false},"author":1,"featured_media":0,"comment_status":"open","ping_status":"open","sticky":false,"template":"","format":"standard","meta":{"footnotes":""},"categories":[47],"tags":[166,11,190],"class_list":["post-870","post","type-post","status-publish","format-standard","hentry","category-politica-nacional","tag-balotaje","tag-elecciones-nacionales-2025","tag-william-vaca"],"yoast_head":"<!-- This site is optimized with the Yoast SEO Premium plugin v25.5 (Yoast SEO v27.1.1) - https:\/\/yoast.com\/product\/yoast-seo-premium-wordpress\/ -->\n<title>William Vaca llama a la unidad y advierte sobre el riesgo de una campa\u00f1a basada en el odio: \u201cEl pa\u00eds necesita acuerdos, no enfrentamientos\u201d - Wara Comunicaciones<\/title>\n<meta name=\"robots\" content=\"index, follow, max-snippet:-1, max-image-preview:large, max-video-preview:-1\" \/>\n<link rel=\"canonical\" href=\"https:\/\/waracomunicaciones.com\/?p=870\" \/>\n<meta property=\"og:locale\" content=\"es_ES\" \/>\n<meta property=\"og:type\" content=\"article\" \/>\n<meta property=\"og:title\" content=\"William Vaca llama a la unidad y advierte sobre el riesgo de una campa\u00f1a basada en el odio: \u201cEl pa\u00eds necesita acuerdos, no enfrentamientos\u201d\" \/>\n<meta property=\"og:description\" content=\"Montero, 10 de octubre de 2025. \u2013 A pocos d\u00edas de las elecciones presidenciales del pr\u00f3ximo 19 de octubre, el reconocido pol\u00edtico montere\u00f1o William Benjam\u00edn Vaca Moreno ofreci\u00f3 una profunda reflexi\u00f3n sobre el panorama electoral actual, marcado por la incertidumbre, la polarizaci\u00f3n y la falta de confianza en las encuestas.\" \/>\n<meta property=\"og:url\" content=\"https:\/\/waracomunicaciones.com\/?p=870\" \/>\n<meta property=\"og:site_name\" content=\"Wara Comunicaciones\" \/>\n<meta property=\"article:publisher\" content=\"https:\/\/www.facebook.com\/waracomunicaciones2017\" \/>\n<meta property=\"article:published_time\" content=\"2025-10-10T14:21:59+00:00\" \/>\n<meta property=\"article:modified_time\" content=\"2025-10-10T14:22:01+00:00\" \/>\n<meta property=\"og:image\" content=\"https:\/\/waracomunicaciones.com\/wp-content\/uploads\/2025\/10\/Proyecto-nuevo-15.webp\" \/>\n\t<meta property=\"og:image:width\" content=\"750\" \/>\n\t<meta property=\"og:image:height\" content=\"462\" \/>\n\t<meta property=\"og:image:type\" content=\"image\/webp\" \/>\n<meta name=\"author\" content=\"admin\" \/>\n<meta name=\"twitter:card\" content=\"summary_large_image\" \/>\n<meta name=\"twitter:label1\" content=\"Escrito por\" \/>\n\t<meta name=\"twitter:data1\" content=\"admin\" \/>\n\t<meta name=\"twitter:label2\" content=\"Tiempo de lectura\" \/>\n\t<meta name=\"twitter:data2\" content=\"3 minutos\" \/>\n<script type=\"application\/ld+json\" class=\"yoast-schema-graph\">{\"@context\":\"https:\/\/schema.org\",\"@graph\":[{\"@type\":\"Article\",\"@id\":\"https:\/\/waracomunicaciones.com\/?p=870#article\",\"isPartOf\":{\"@id\":\"https:\/\/waracomunicaciones.com\/?p=870\"},\"author\":{\"name\":\"admin\",\"@id\":\"https:\/\/waracomunicaciones.com\/#\/schema\/person\/e9db934bc91575cc71fe584c5973244a\"},\"headline\":\"William Vaca llama a la unidad y advierte sobre el riesgo de una campa\u00f1a basada en el odio: \u201cEl pa\u00eds necesita acuerdos, no enfrentamientos\u201d\",\"datePublished\":\"2025-10-10T14:21:59+00:00\",\"dateModified\":\"2025-10-10T14:22:01+00:00\",\"mainEntityOfPage\":{\"@id\":\"https:\/\/waracomunicaciones.com\/?p=870\"},\"wordCount\":659,\"commentCount\":0,\"publisher\":{\"@id\":\"https:\/\/waracomunicaciones.com\/#organization\"},\"image\":{\"@id\":\"https:\/\/waracomunicaciones.com\/?p=870#primaryimage\"},\"thumbnailUrl\":\"https:\/\/waracomunicaciones.com\/wp-content\/uploads\/2025\/10\/Proyecto-nuevo-15.webp\",\"keywords\":[\"Balotaje\",\"Elecciones Nacionales 2025\",\"William Vaca\"],\"articleSection\":[\"Pol\u00edtica\"],\"inLanguage\":\"es\",\"potentialAction\":[{\"@type\":\"CommentAction\",\"name\":\"Comment\",\"target\":[\"https:\/\/waracomunicaciones.com\/?p=870#respond\"]}]},{\"@type\":\"WebPage\",\"@id\":\"https:\/\/waracomunicaciones.com\/?p=870\",\"url\":\"https:\/\/waracomunicaciones.com\/?p=870\",\"name\":\"William Vaca llama a la unidad y advierte sobre el riesgo de una campa\u00f1a basada en el odio: \u201cEl pa\u00eds necesita acuerdos, no enfrentamientos\u201d - Wara Comunicaciones\",\"isPartOf\":{\"@id\":\"https:\/\/waracomunicaciones.com\/#website\"},\"primaryImageOfPage\":{\"@id\":\"https:\/\/waracomunicaciones.com\/?p=870#primaryimage\"},\"image\":{\"@id\":\"https:\/\/waracomunicaciones.com\/?p=870#primaryimage\"},\"thumbnailUrl\":\"https:\/\/waracomunicaciones.com\/wp-content\/uploads\/2025\/10\/Proyecto-nuevo-15.webp\",\"datePublished\":\"2025-10-10T14:21:59+00:00\",\"dateModified\":\"2025-10-10T14:22:01+00:00\",\"breadcrumb\":{\"@id\":\"https:\/\/waracomunicaciones.com\/?p=870#breadcrumb\"},\"inLanguage\":\"es\",\"potentialAction\":[{\"@type\":\"ReadAction\",\"target\":[\"https:\/\/waracomunicaciones.com\/?p=870\"]}]},{\"@type\":\"ImageObject\",\"inLanguage\":\"es\",\"@id\":\"https:\/\/waracomunicaciones.com\/?p=870#primaryimage\",\"url\":\"https:\/\/waracomunicaciones.com\/wp-content\/uploads\/2025\/10\/Proyecto-nuevo-15.webp\",\"contentUrl\":\"https:\/\/waracomunicaciones.com\/wp-content\/uploads\/2025\/10\/Proyecto-nuevo-15.webp\",\"width\":750,\"height\":462},{\"@type\":\"BreadcrumbList\",\"@id\":\"https:\/\/waracomunicaciones.com\/?p=870#breadcrumb\",\"itemListElement\":[{\"@type\":\"ListItem\",\"position\":1,\"name\":\"Portada\",\"item\":\"https:\/\/waracomunicaciones.com\/\"},{\"@type\":\"ListItem\",\"position\":2,\"name\":\"William Vaca llama a la unidad y advierte sobre el riesgo de una campa\u00f1a basada en el odio: \u201cEl pa\u00eds necesita acuerdos, no enfrentamientos\u201d\"}]},{\"@type\":\"WebSite\",\"@id\":\"https:\/\/waracomunicaciones.com\/#website\",\"url\":\"https:\/\/waracomunicaciones.com\/\",\"name\":\"Wara Comunicaciones\",\"description\":\"\",\"publisher\":{\"@id\":\"https:\/\/waracomunicaciones.com\/#organization\"},\"potentialAction\":[{\"@type\":\"SearchAction\",\"target\":{\"@type\":\"EntryPoint\",\"urlTemplate\":\"https:\/\/waracomunicaciones.com\/?s={search_term_string}\"},\"query-input\":{\"@type\":\"PropertyValueSpecification\",\"valueRequired\":true,\"valueName\":\"search_term_string\"}}],\"inLanguage\":\"es\"},{\"@type\":\"Organization\",\"@id\":\"https:\/\/waracomunicaciones.com\/#organization\",\"name\":\"Wara Comunicaciones\",\"url\":\"https:\/\/waracomunicaciones.com\/\",\"logo\":{\"@type\":\"ImageObject\",\"inLanguage\":\"es\",\"@id\":\"https:\/\/waracomunicaciones.com\/#\/schema\/logo\/image\/\",\"url\":\"https:\/\/waracomunicaciones.com\/wp-content\/uploads\/2025\/07\/logo.png\",\"contentUrl\":\"https:\/\/waracomunicaciones.com\/wp-content\/uploads\/2025\/07\/logo.png\",\"width\":400,\"height\":164,\"caption\":\"Wara Comunicaciones\"},\"image\":{\"@id\":\"https:\/\/waracomunicaciones.com\/#\/schema\/logo\/image\/\"},\"sameAs\":[\"https:\/\/www.facebook.com\/waracomunicaciones2017\"]},{\"@type\":\"Person\",\"@id\":\"https:\/\/waracomunicaciones.com\/#\/schema\/person\/e9db934bc91575cc71fe584c5973244a\",\"name\":\"admin\",\"image\":{\"@type\":\"ImageObject\",\"inLanguage\":\"es\",\"@id\":\"https:\/\/waracomunicaciones.com\/#\/schema\/person\/image\/\",\"url\":\"https:\/\/secure.gravatar.com\/avatar\/bf27e9186df568254093afa216f887fece17605302c6ff12f3980422fffa52e6?s=96&d=mm&r=g\",\"contentUrl\":\"https:\/\/secure.gravatar.com\/avatar\/bf27e9186df568254093afa216f887fece17605302c6ff12f3980422fffa52e6?s=96&d=mm&r=g\",\"caption\":\"admin\"},\"sameAs\":[\"https:\/\/waracomunicaciones.com\/wp\"],\"url\":\"https:\/\/waracomunicaciones.com\/?author=1\"}]}<\/script>\n<!-- \/ Yoast SEO Premium plugin. -->","yoast_head_json":{"title":"William Vaca llama a la unidad y advierte sobre el riesgo de una campa\u00f1a basada en el odio: \u201cEl pa\u00eds necesita acuerdos, no enfrentamientos\u201d - Wara Comunicaciones","robots":{"index":"index","follow":"follow","max-snippet":"max-snippet:-1","max-image-preview":"max-image-preview:large","max-video-preview":"max-video-preview:-1"},"canonical":"https:\/\/waracomunicaciones.com\/?p=870","og_locale":"es_ES","og_type":"article","og_title":"William Vaca llama a la unidad y advierte sobre el riesgo de una campa\u00f1a basada en el odio: \u201cEl pa\u00eds necesita acuerdos, no enfrentamientos\u201d","og_description":"Montero, 10 de octubre de 2025. \u2013 A pocos d\u00edas de las elecciones presidenciales del pr\u00f3ximo 19 de octubre, el reconocido pol\u00edtico montere\u00f1o William Benjam\u00edn Vaca Moreno ofreci\u00f3 una profunda reflexi\u00f3n sobre el panorama electoral actual, marcado por la incertidumbre, la polarizaci\u00f3n y la falta de confianza en las encuestas.","og_url":"https:\/\/waracomunicaciones.com\/?p=870","og_site_name":"Wara Comunicaciones","article_publisher":"https:\/\/www.facebook.com\/waracomunicaciones2017","article_published_time":"2025-10-10T14:21:59+00:00","article_modified_time":"2025-10-10T14:22:01+00:00","og_image":[{"width":750,"height":462,"url":"https:\/\/waracomunicaciones.com\/wp-content\/uploads\/2025\/10\/Proyecto-nuevo-15.webp","type":"image\/webp"}],"author":"admin","twitter_card":"summary_large_image","twitter_misc":{"Escrito por":"admin","Tiempo de lectura":"3 minutos"},"schema":{"@context":"https:\/\/schema.org","@graph":[{"@type":"Article","@id":"https:\/\/waracomunicaciones.com\/?p=870#article","isPartOf":{"@id":"https:\/\/waracomunicaciones.com\/?p=870"},"author":{"name":"admin","@id":"https:\/\/waracomunicaciones.com\/#\/schema\/person\/e9db934bc91575cc71fe584c5973244a"},"headline":"William Vaca llama a la unidad y advierte sobre el riesgo de una campa\u00f1a basada en el odio: \u201cEl pa\u00eds necesita acuerdos, no enfrentamientos\u201d","datePublished":"2025-10-10T14:21:59+00:00","dateModified":"2025-10-10T14:22:01+00:00","mainEntityOfPage":{"@id":"https:\/\/waracomunicaciones.com\/?p=870"},"wordCount":659,"commentCount":0,"publisher":{"@id":"https:\/\/waracomunicaciones.com\/#organization"},"image":{"@id":"https:\/\/waracomunicaciones.com\/?p=870#primaryimage"},"thumbnailUrl":"https:\/\/waracomunicaciones.com\/wp-content\/uploads\/2025\/10\/Proyecto-nuevo-15.webp","keywords":["Balotaje","Elecciones Nacionales 2025","William Vaca"],"articleSection":["Pol\u00edtica"],"inLanguage":"es","potentialAction":[{"@type":"CommentAction","name":"Comment","target":["https:\/\/waracomunicaciones.com\/?p=870#respond"]}]},{"@type":"WebPage","@id":"https:\/\/waracomunicaciones.com\/?p=870","url":"https:\/\/waracomunicaciones.com\/?p=870","name":"William Vaca llama a la unidad y advierte sobre el riesgo de una campa\u00f1a basada en el odio: \u201cEl pa\u00eds necesita acuerdos, no enfrentamientos\u201d - Wara Comunicaciones","isPartOf":{"@id":"https:\/\/waracomunicaciones.com\/#website"},"primaryImageOfPage":{"@id":"https:\/\/waracomunicaciones.com\/?p=870#primaryimage"},"image":{"@id":"https:\/\/waracomunicaciones.com\/?p=870#primaryimage"},"thumbnailUrl":"https:\/\/waracomunicaciones.com\/wp-content\/uploads\/2025\/10\/Proyecto-nuevo-15.webp","datePublished":"2025-10-10T14:21:59+00:00","dateModified":"2025-10-10T14:22:01+00:00","breadcrumb":{"@id":"https:\/\/waracomunicaciones.com\/?p=870#breadcrumb"},"inLanguage":"es","potentialAction":[{"@type":"ReadAction","target":["https:\/\/waracomunicaciones.com\/?p=870"]}]},{"@type":"ImageObject","inLanguage":"es","@id":"https:\/\/waracomunicaciones.com\/?p=870#primaryimage","url":"https:\/\/waracomunicaciones.com\/wp-content\/uploads\/2025\/10\/Proyecto-nuevo-15.webp","contentUrl":"https:\/\/waracomunicaciones.com\/wp-content\/uploads\/2025\/10\/Proyecto-nuevo-15.webp","width":750,"height":462},{"@type":"BreadcrumbList","@id":"https:\/\/waracomunicaciones.com\/?p=870#breadcrumb","itemListElement":[{"@type":"ListItem","position":1,"name":"Portada","item":"https:\/\/waracomunicaciones.com\/"},{"@type":"ListItem","position":2,"name":"William Vaca llama a la unidad y advierte sobre el riesgo de una campa\u00f1a basada en el odio: \u201cEl pa\u00eds necesita acuerdos, no enfrentamientos\u201d"}]},{"@type":"WebSite","@id":"https:\/\/waracomunicaciones.com\/#website","url":"https:\/\/waracomunicaciones.com\/","name":"Wara Comunicaciones","description":"","publisher":{"@id":"https:\/\/waracomunicaciones.com\/#organization"},"potentialAction":[{"@type":"SearchAction","target":{"@type":"EntryPoint","urlTemplate":"https:\/\/waracomunicaciones.com\/?s={search_term_string}"},"query-input":{"@type":"PropertyValueSpecification","valueRequired":true,"valueName":"search_term_string"}}],"inLanguage":"es"},{"@type":"Organization","@id":"https:\/\/waracomunicaciones.com\/#organization","name":"Wara Comunicaciones","url":"https:\/\/waracomunicaciones.com\/","logo":{"@type":"ImageObject","inLanguage":"es","@id":"https:\/\/waracomunicaciones.com\/#\/schema\/logo\/image\/","url":"https:\/\/waracomunicaciones.com\/wp-content\/uploads\/2025\/07\/logo.png","contentUrl":"https:\/\/waracomunicaciones.com\/wp-content\/uploads\/2025\/07\/logo.png","width":400,"height":164,"caption":"Wara Comunicaciones"},"image":{"@id":"https:\/\/waracomunicaciones.com\/#\/schema\/logo\/image\/"},"sameAs":["https:\/\/www.facebook.com\/waracomunicaciones2017"]},{"@type":"Person","@id":"https:\/\/waracomunicaciones.com\/#\/schema\/person\/e9db934bc91575cc71fe584c5973244a","name":"admin","image":{"@type":"ImageObject","inLanguage":"es","@id":"https:\/\/waracomunicaciones.com\/#\/schema\/person\/image\/","url":"https:\/\/secure.gravatar.com\/avatar\/bf27e9186df568254093afa216f887fece17605302c6ff12f3980422fffa52e6?s=96&d=mm&r=g","contentUrl":"https:\/\/secure.gravatar.com\/avatar\/bf27e9186df568254093afa216f887fece17605302c6ff12f3980422fffa52e6?s=96&d=mm&r=g","caption":"admin"},"sameAs":["https:\/\/waracomunicaciones.com\/wp"],"url":"https:\/\/waracomunicaciones.com\/?author=1"}]}},"_links":{"self":[{"href":"https:\/\/waracomunicaciones.com\/index.php?rest_route=\/wp\/v2\/posts\/870","targetHints":{"allow":["GET"]}}],"collection":[{"href":"https:\/\/waracomunicaciones.com\/index.php?rest_route=\/wp\/v2\/posts"}],"about":[{"href":"https:\/\/waracomunicaciones.com\/index.php?rest_route=\/wp\/v2\/types\/post"}],"author":[{"embeddable":true,"href":"https:\/\/waracomunicaciones.com\/index.php?rest_route=\/wp\/v2\/users\/1"}],"replies":[{"embeddable":true,"href":"https:\/\/waracomunicaciones.com\/index.php?rest_route=%2Fwp%2Fv2%2Fcomments&post=870"}],"version-history":[{"count":1,"href":"https:\/\/waracomunicaciones.com\/index.php?rest_route=\/wp\/v2\/posts\/870\/revisions"}],"predecessor-version":[{"id":872,"href":"https:\/\/waracomunicaciones.com\/index.php?rest_route=\/wp\/v2\/posts\/870\/revisions\/872"}],"wp:attachment":[{"href":"https:\/\/waracomunicaciones.com\/index.php?rest_route=%2Fwp%2Fv2%2Fmedia&parent=870"}],"wp:term":[{"taxonomy":"category","embeddable":true,"href":"https:\/\/waracomunicaciones.com\/index.php?rest_route=%2Fwp%2Fv2%2Fcategories&post=870"},{"taxonomy":"post_tag","embeddable":true,"href":"https:\/\/waracomunicaciones.com\/index.php?rest_route=%2Fwp%2Fv2%2Ftags&post=870"}],"curies":[{"name":"wp","href":"https:\/\/api.w.org\/{rel}","templated":true}]}}