{"id":87,"date":"2025-07-19T12:19:47","date_gmt":"2025-07-19T16:19:47","guid":{"rendered":"https:\/\/waracomunicaciones.com\/wp\/?p=87"},"modified":"2025-07-24T01:10:59","modified_gmt":"2025-07-24T05:10:59","slug":"centro-femto-celebra-la-graduacion-de-145-nuevos-tecnicos-capacitados-en-montero","status":"publish","type":"post","link":"https:\/\/waracomunicaciones.com\/?p=87","title":{"rendered":"Centro FEMTO celebra la graduaci\u00f3n de 145 nuevos t\u00e9cnicos capacitados en Montero"},"content":{"rendered":"\n<figure class=\"wp-block-image size-full\"><img loading=\"lazy\" decoding=\"async\" width=\"750\" height=\"338\" src=\"https:\/\/waracomunicaciones.com\/wp\/wp-content\/uploads\/2025\/07\/Imagen-de-WhatsApp-2025-07-19-a-las-06.21.00_68754f4d.webp\" alt=\"\" class=\"wp-image-88\" srcset=\"https:\/\/waracomunicaciones.com\/wp-content\/uploads\/2025\/07\/Imagen-de-WhatsApp-2025-07-19-a-las-06.21.00_68754f4d.webp 750w, https:\/\/waracomunicaciones.com\/wp-content\/uploads\/2025\/07\/Imagen-de-WhatsApp-2025-07-19-a-las-06.21.00_68754f4d-300x135.webp 300w\" sizes=\"auto, (max-width: 750px) 100vw, 750px\" \/><\/figure>\n\n\n<div class=\"itemIntroText\">\n<p><em><i>Este viernes18 julio,\u00a0<\/i><\/em>\u00a0se vivi\u00f3 una jornada llena de orgullo y emoci\u00f3n en la casa municipal de cultura por \u00a0la culminaci\u00f3n exitosa del programa de formaci\u00f3n t\u00e9cnica desarrollado en alianza entre la Secretar\u00eda de Desarrollo Econ\u00f3mico Productivo del Gobierno Aut\u00f3nomo Municipal de Montero y Centro de Capacitaci\u00f3n T\u00e9cnica Norte Integrado FEMTO con Resoluci\u00f3n Ministerial.<\/p>\n<\/div>\n<p><!--more--><\/p>\n<div class=\"itemFullText\">\n<p>Este ambicioso programa, respaldado por resoluci\u00f3n ministerial, tuvo una duraci\u00f3n de 300 horas acad\u00e9micas y se desarroll\u00f3 entre el 12 de marzo y el 11 de julio de este a\u00f1o. Se impartieron cursos 100% pr\u00e1cticos en las \u00e1reas de pasteler\u00eda, barber\u00eda, belleza y costura, beneficiando a un total de\u00a0<strong><b>175 participantes<\/b><\/strong>:<\/p>\n<p>Los cursos tuvieron una duraci\u00f3n de 300 horas acad\u00e9micas 100% pr\u00e1cticas en las \u00e1reas de pasteler\u00eda, peluquer\u00eda &#8211; barber\u00eda y belleza beneficiando a un total de\u00a0<strong><b>145 participantes<\/b><\/strong>:<\/p>\n<ul>\n<li><b><\/b><strong><b>100 personas en Pasteler\u00eda<\/b><\/strong><\/li>\n<li><b><\/b><strong><b>15 en Barber\u00eda<\/b><\/strong><\/li>\n<li><b><\/b><strong><b>30 en Belleza<\/b><\/strong><\/li>\n<\/ul>\n<p>Los cursos ofrecieron una experiencia de aprendizaje real, din\u00e1mica y orientada al mundo laboral, gracias al compromiso y profesionalismo del equipo de facilitadores del Centro FEMTO. Pero, sobre todo, el \u00e9xito alcanzado es m\u00e9rito de la dedicaci\u00f3n, esfuerzo y perseverancia de cada uno de los graduados.<\/p>\n<p>\u201cHoy no solo celebramos conocimientos adquiridos, sino tambi\u00e9n sue\u00f1os construidos y oportunidades creadas. Estamos convencidos de que esta formaci\u00f3n les abrir\u00e1 nuevas puertas hacia empleos dignos o emprendimientos sostenibles\u201d dijo la Lic. Femida Guti\u00e9rrez directora de FEMTO<\/p>\n<p>A los nuevos t\u00e9cnicos capacitados, el mensaje de la Directora fue claro: \u201cGracias por creer, por comprometerse y por demostrar que s\u00ed se puede. Les deseamos muchos \u00e9xitos en este nuevo camino. Recuerden siempre nuestro lema:\u00a0<em><i>Cursos cortos\u2026 con trabajo seguro. \u00a1Aprende y Emprende!<\/i><\/em>\u201d.<\/p>\n<p>Con esta iniciativa, el Centro FEMTO reafirma su compromiso con el desarrollo humano y productivo de la regi\u00f3n, apostando por una capacitaci\u00f3n t\u00e9cnica accesible, de calidad y con impacto real en la vida de las personas.<\/p>\n<\/div><div style=\"margin-top: 0px; margin-bottom: 0px;\" class=\"sharethis-inline-reaction-buttons\" ><\/div>","protected":false},"excerpt":{"rendered":"<p>Este viernes18 julio,\u00a0\u00a0se vivi\u00f3 una jornada llena de orgullo y emoci\u00f3n en la casa municipal de cultura por \u00a0la culminaci\u00f3n exitosa del programa de formaci\u00f3n t\u00e9cnica desarrollado en alianza entre la Secretar\u00eda de Desarrollo Econ\u00f3mico Productivo del Gobierno Aut\u00f3nomo Municipal de Montero y Centro de Capacitaci\u00f3n T\u00e9cnica Norte Integrado FEMTO con Resoluci\u00f3n Ministerial.<\/p>\n","protected":false},"author":1,"featured_media":88,"comment_status":"open","ping_status":"open","sticky":false,"template":"","format":"standard","meta":{"footnotes":""},"categories":[5],"tags":[21,27,19],"class_list":["post-87","post","type-post","status-publish","format-standard","has-post-thumbnail","hentry","category-local","tag-educacion","tag-femto","tag-montero"],"yoast_head":"<!-- This site is optimized with the Yoast SEO Premium plugin v25.5 (Yoast SEO v27.1.1) - https:\/\/yoast.com\/product\/yoast-seo-premium-wordpress\/ -->\n<title>Centro FEMTO celebra la graduaci\u00f3n de 145 nuevos t\u00e9cnicos capacitados en Montero - Wara Comunicaciones<\/title>\n<meta name=\"robots\" content=\"index, follow, max-snippet:-1, max-image-preview:large, max-video-preview:-1\" \/>\n<link rel=\"canonical\" href=\"https:\/\/waracomunicaciones.com\/?p=87\" \/>\n<meta property=\"og:locale\" content=\"es_ES\" \/>\n<meta property=\"og:type\" content=\"article\" \/>\n<meta property=\"og:title\" content=\"Centro FEMTO celebra la graduaci\u00f3n de 145 nuevos t\u00e9cnicos capacitados en Montero\" \/>\n<meta property=\"og:description\" content=\"Este viernes18 julio,\u00a0\u00a0se vivi\u00f3 una jornada llena de orgullo y emoci\u00f3n en la casa municipal de cultura por \u00a0la culminaci\u00f3n exitosa del programa de formaci\u00f3n t\u00e9cnica desarrollado en alianza entre la Secretar\u00eda de Desarrollo Econ\u00f3mico Productivo del Gobierno Aut\u00f3nomo Municipal de Montero y Centro de Capacitaci\u00f3n T\u00e9cnica Norte Integrado FEMTO con Resoluci\u00f3n Ministerial.\" \/>\n<meta property=\"og:url\" content=\"https:\/\/waracomunicaciones.com\/?p=87\" \/>\n<meta property=\"og:site_name\" content=\"Wara Comunicaciones\" \/>\n<meta property=\"article:publisher\" content=\"https:\/\/www.facebook.com\/waracomunicaciones2017\" \/>\n<meta property=\"article:published_time\" content=\"2025-07-19T16:19:47+00:00\" \/>\n<meta property=\"article:modified_time\" content=\"2025-07-24T05:10:59+00:00\" \/>\n<meta property=\"og:image\" content=\"https:\/\/waracomunicaciones.com\/wp-content\/uploads\/2025\/07\/Imagen-de-WhatsApp-2025-07-19-a-las-06.21.00_68754f4d.webp\" \/>\n\t<meta property=\"og:image:width\" content=\"750\" \/>\n\t<meta property=\"og:image:height\" content=\"338\" \/>\n\t<meta property=\"og:image:type\" content=\"image\/webp\" \/>\n<meta name=\"author\" content=\"admin\" \/>\n<meta name=\"twitter:card\" content=\"summary_large_image\" \/>\n<meta name=\"twitter:label1\" content=\"Escrito por\" \/>\n\t<meta name=\"twitter:data1\" content=\"admin\" \/>\n\t<meta name=\"twitter:label2\" content=\"Tiempo de lectura\" \/>\n\t<meta name=\"twitter:data2\" content=\"2 minutos\" \/>\n<script type=\"application\/ld+json\" class=\"yoast-schema-graph\">{\"@context\":\"https:\/\/schema.org\",\"@graph\":[{\"@type\":\"Article\",\"@id\":\"https:\/\/waracomunicaciones.com\/?p=87#article\",\"isPartOf\":{\"@id\":\"https:\/\/waracomunicaciones.com\/?p=87\"},\"author\":{\"name\":\"admin\",\"@id\":\"https:\/\/waracomunicaciones.com\/#\/schema\/person\/e9db934bc91575cc71fe584c5973244a\"},\"headline\":\"Centro FEMTO celebra la graduaci\u00f3n de 145 nuevos t\u00e9cnicos capacitados en Montero\",\"datePublished\":\"2025-07-19T16:19:47+00:00\",\"dateModified\":\"2025-07-24T05:10:59+00:00\",\"mainEntityOfPage\":{\"@id\":\"https:\/\/waracomunicaciones.com\/?p=87\"},\"wordCount\":344,\"commentCount\":0,\"publisher\":{\"@id\":\"https:\/\/waracomunicaciones.com\/#organization\"},\"image\":{\"@id\":\"https:\/\/waracomunicaciones.com\/?p=87#primaryimage\"},\"thumbnailUrl\":\"https:\/\/waracomunicaciones.com\/wp-content\/uploads\/2025\/07\/Imagen-de-WhatsApp-2025-07-19-a-las-06.21.00_68754f4d.webp\",\"keywords\":[\"Educaci\u00f3n\",\"FEMTO\",\"Montero\"],\"articleSection\":[\"LOCAL\"],\"inLanguage\":\"es\",\"potentialAction\":[{\"@type\":\"CommentAction\",\"name\":\"Comment\",\"target\":[\"https:\/\/waracomunicaciones.com\/?p=87#respond\"]}]},{\"@type\":\"WebPage\",\"@id\":\"https:\/\/waracomunicaciones.com\/?p=87\",\"url\":\"https:\/\/waracomunicaciones.com\/?p=87\",\"name\":\"Centro FEMTO celebra la graduaci\u00f3n de 145 nuevos t\u00e9cnicos capacitados en Montero - Wara Comunicaciones\",\"isPartOf\":{\"@id\":\"https:\/\/waracomunicaciones.com\/#website\"},\"primaryImageOfPage\":{\"@id\":\"https:\/\/waracomunicaciones.com\/?p=87#primaryimage\"},\"image\":{\"@id\":\"https:\/\/waracomunicaciones.com\/?p=87#primaryimage\"},\"thumbnailUrl\":\"https:\/\/waracomunicaciones.com\/wp-content\/uploads\/2025\/07\/Imagen-de-WhatsApp-2025-07-19-a-las-06.21.00_68754f4d.webp\",\"datePublished\":\"2025-07-19T16:19:47+00:00\",\"dateModified\":\"2025-07-24T05:10:59+00:00\",\"breadcrumb\":{\"@id\":\"https:\/\/waracomunicaciones.com\/?p=87#breadcrumb\"},\"inLanguage\":\"es\",\"potentialAction\":[{\"@type\":\"ReadAction\",\"target\":[\"https:\/\/waracomunicaciones.com\/?p=87\"]}]},{\"@type\":\"ImageObject\",\"inLanguage\":\"es\",\"@id\":\"https:\/\/waracomunicaciones.com\/?p=87#primaryimage\",\"url\":\"https:\/\/waracomunicaciones.com\/wp-content\/uploads\/2025\/07\/Imagen-de-WhatsApp-2025-07-19-a-las-06.21.00_68754f4d.webp\",\"contentUrl\":\"https:\/\/waracomunicaciones.com\/wp-content\/uploads\/2025\/07\/Imagen-de-WhatsApp-2025-07-19-a-las-06.21.00_68754f4d.webp\",\"width\":750,\"height\":338},{\"@type\":\"BreadcrumbList\",\"@id\":\"https:\/\/waracomunicaciones.com\/?p=87#breadcrumb\",\"itemListElement\":[{\"@type\":\"ListItem\",\"position\":1,\"name\":\"Portada\",\"item\":\"https:\/\/waracomunicaciones.com\/\"},{\"@type\":\"ListItem\",\"position\":2,\"name\":\"Centro FEMTO celebra la graduaci\u00f3n de 145 nuevos t\u00e9cnicos capacitados en Montero\"}]},{\"@type\":\"WebSite\",\"@id\":\"https:\/\/waracomunicaciones.com\/#website\",\"url\":\"https:\/\/waracomunicaciones.com\/\",\"name\":\"Wara Comunicaciones\",\"description\":\"\",\"publisher\":{\"@id\":\"https:\/\/waracomunicaciones.com\/#organization\"},\"potentialAction\":[{\"@type\":\"SearchAction\",\"target\":{\"@type\":\"EntryPoint\",\"urlTemplate\":\"https:\/\/waracomunicaciones.com\/?s={search_term_string}\"},\"query-input\":{\"@type\":\"PropertyValueSpecification\",\"valueRequired\":true,\"valueName\":\"search_term_string\"}}],\"inLanguage\":\"es\"},{\"@type\":\"Organization\",\"@id\":\"https:\/\/waracomunicaciones.com\/#organization\",\"name\":\"Wara Comunicaciones\",\"url\":\"https:\/\/waracomunicaciones.com\/\",\"logo\":{\"@type\":\"ImageObject\",\"inLanguage\":\"es\",\"@id\":\"https:\/\/waracomunicaciones.com\/#\/schema\/logo\/image\/\",\"url\":\"https:\/\/waracomunicaciones.com\/wp-content\/uploads\/2025\/07\/logo.png\",\"contentUrl\":\"https:\/\/waracomunicaciones.com\/wp-content\/uploads\/2025\/07\/logo.png\",\"width\":400,\"height\":164,\"caption\":\"Wara Comunicaciones\"},\"image\":{\"@id\":\"https:\/\/waracomunicaciones.com\/#\/schema\/logo\/image\/\"},\"sameAs\":[\"https:\/\/www.facebook.com\/waracomunicaciones2017\"]},{\"@type\":\"Person\",\"@id\":\"https:\/\/waracomunicaciones.com\/#\/schema\/person\/e9db934bc91575cc71fe584c5973244a\",\"name\":\"admin\",\"image\":{\"@type\":\"ImageObject\",\"inLanguage\":\"es\",\"@id\":\"https:\/\/waracomunicaciones.com\/#\/schema\/person\/image\/\",\"url\":\"https:\/\/secure.gravatar.com\/avatar\/bf27e9186df568254093afa216f887fece17605302c6ff12f3980422fffa52e6?s=96&d=mm&r=g\",\"contentUrl\":\"https:\/\/secure.gravatar.com\/avatar\/bf27e9186df568254093afa216f887fece17605302c6ff12f3980422fffa52e6?s=96&d=mm&r=g\",\"caption\":\"admin\"},\"sameAs\":[\"https:\/\/waracomunicaciones.com\/wp\"],\"url\":\"https:\/\/waracomunicaciones.com\/?author=1\"}]}<\/script>\n<!-- \/ Yoast SEO Premium plugin. -->","yoast_head_json":{"title":"Centro FEMTO celebra la graduaci\u00f3n de 145 nuevos t\u00e9cnicos capacitados en Montero - Wara Comunicaciones","robots":{"index":"index","follow":"follow","max-snippet":"max-snippet:-1","max-image-preview":"max-image-preview:large","max-video-preview":"max-video-preview:-1"},"canonical":"https:\/\/waracomunicaciones.com\/?p=87","og_locale":"es_ES","og_type":"article","og_title":"Centro FEMTO celebra la graduaci\u00f3n de 145 nuevos t\u00e9cnicos capacitados en Montero","og_description":"Este viernes18 julio,\u00a0\u00a0se vivi\u00f3 una jornada llena de orgullo y emoci\u00f3n en la casa municipal de cultura por \u00a0la culminaci\u00f3n exitosa del programa de formaci\u00f3n t\u00e9cnica desarrollado en alianza entre la Secretar\u00eda de Desarrollo Econ\u00f3mico Productivo del Gobierno Aut\u00f3nomo Municipal de Montero y Centro de Capacitaci\u00f3n T\u00e9cnica Norte Integrado FEMTO con Resoluci\u00f3n Ministerial.","og_url":"https:\/\/waracomunicaciones.com\/?p=87","og_site_name":"Wara Comunicaciones","article_publisher":"https:\/\/www.facebook.com\/waracomunicaciones2017","article_published_time":"2025-07-19T16:19:47+00:00","article_modified_time":"2025-07-24T05:10:59+00:00","og_image":[{"width":750,"height":338,"url":"https:\/\/waracomunicaciones.com\/wp-content\/uploads\/2025\/07\/Imagen-de-WhatsApp-2025-07-19-a-las-06.21.00_68754f4d.webp","type":"image\/webp"}],"author":"admin","twitter_card":"summary_large_image","twitter_misc":{"Escrito por":"admin","Tiempo de lectura":"2 minutos"},"schema":{"@context":"https:\/\/schema.org","@graph":[{"@type":"Article","@id":"https:\/\/waracomunicaciones.com\/?p=87#article","isPartOf":{"@id":"https:\/\/waracomunicaciones.com\/?p=87"},"author":{"name":"admin","@id":"https:\/\/waracomunicaciones.com\/#\/schema\/person\/e9db934bc91575cc71fe584c5973244a"},"headline":"Centro FEMTO celebra la graduaci\u00f3n de 145 nuevos t\u00e9cnicos capacitados en Montero","datePublished":"2025-07-19T16:19:47+00:00","dateModified":"2025-07-24T05:10:59+00:00","mainEntityOfPage":{"@id":"https:\/\/waracomunicaciones.com\/?p=87"},"wordCount":344,"commentCount":0,"publisher":{"@id":"https:\/\/waracomunicaciones.com\/#organization"},"image":{"@id":"https:\/\/waracomunicaciones.com\/?p=87#primaryimage"},"thumbnailUrl":"https:\/\/waracomunicaciones.com\/wp-content\/uploads\/2025\/07\/Imagen-de-WhatsApp-2025-07-19-a-las-06.21.00_68754f4d.webp","keywords":["Educaci\u00f3n","FEMTO","Montero"],"articleSection":["LOCAL"],"inLanguage":"es","potentialAction":[{"@type":"CommentAction","name":"Comment","target":["https:\/\/waracomunicaciones.com\/?p=87#respond"]}]},{"@type":"WebPage","@id":"https:\/\/waracomunicaciones.com\/?p=87","url":"https:\/\/waracomunicaciones.com\/?p=87","name":"Centro FEMTO celebra la graduaci\u00f3n de 145 nuevos t\u00e9cnicos capacitados en Montero - Wara Comunicaciones","isPartOf":{"@id":"https:\/\/waracomunicaciones.com\/#website"},"primaryImageOfPage":{"@id":"https:\/\/waracomunicaciones.com\/?p=87#primaryimage"},"image":{"@id":"https:\/\/waracomunicaciones.com\/?p=87#primaryimage"},"thumbnailUrl":"https:\/\/waracomunicaciones.com\/wp-content\/uploads\/2025\/07\/Imagen-de-WhatsApp-2025-07-19-a-las-06.21.00_68754f4d.webp","datePublished":"2025-07-19T16:19:47+00:00","dateModified":"2025-07-24T05:10:59+00:00","breadcrumb":{"@id":"https:\/\/waracomunicaciones.com\/?p=87#breadcrumb"},"inLanguage":"es","potentialAction":[{"@type":"ReadAction","target":["https:\/\/waracomunicaciones.com\/?p=87"]}]},{"@type":"ImageObject","inLanguage":"es","@id":"https:\/\/waracomunicaciones.com\/?p=87#primaryimage","url":"https:\/\/waracomunicaciones.com\/wp-content\/uploads\/2025\/07\/Imagen-de-WhatsApp-2025-07-19-a-las-06.21.00_68754f4d.webp","contentUrl":"https:\/\/waracomunicaciones.com\/wp-content\/uploads\/2025\/07\/Imagen-de-WhatsApp-2025-07-19-a-las-06.21.00_68754f4d.webp","width":750,"height":338},{"@type":"BreadcrumbList","@id":"https:\/\/waracomunicaciones.com\/?p=87#breadcrumb","itemListElement":[{"@type":"ListItem","position":1,"name":"Portada","item":"https:\/\/waracomunicaciones.com\/"},{"@type":"ListItem","position":2,"name":"Centro FEMTO celebra la graduaci\u00f3n de 145 nuevos t\u00e9cnicos capacitados en Montero"}]},{"@type":"WebSite","@id":"https:\/\/waracomunicaciones.com\/#website","url":"https:\/\/waracomunicaciones.com\/","name":"Wara Comunicaciones","description":"","publisher":{"@id":"https:\/\/waracomunicaciones.com\/#organization"},"potentialAction":[{"@type":"SearchAction","target":{"@type":"EntryPoint","urlTemplate":"https:\/\/waracomunicaciones.com\/?s={search_term_string}"},"query-input":{"@type":"PropertyValueSpecification","valueRequired":true,"valueName":"search_term_string"}}],"inLanguage":"es"},{"@type":"Organization","@id":"https:\/\/waracomunicaciones.com\/#organization","name":"Wara Comunicaciones","url":"https:\/\/waracomunicaciones.com\/","logo":{"@type":"ImageObject","inLanguage":"es","@id":"https:\/\/waracomunicaciones.com\/#\/schema\/logo\/image\/","url":"https:\/\/waracomunicaciones.com\/wp-content\/uploads\/2025\/07\/logo.png","contentUrl":"https:\/\/waracomunicaciones.com\/wp-content\/uploads\/2025\/07\/logo.png","width":400,"height":164,"caption":"Wara Comunicaciones"},"image":{"@id":"https:\/\/waracomunicaciones.com\/#\/schema\/logo\/image\/"},"sameAs":["https:\/\/www.facebook.com\/waracomunicaciones2017"]},{"@type":"Person","@id":"https:\/\/waracomunicaciones.com\/#\/schema\/person\/e9db934bc91575cc71fe584c5973244a","name":"admin","image":{"@type":"ImageObject","inLanguage":"es","@id":"https:\/\/waracomunicaciones.com\/#\/schema\/person\/image\/","url":"https:\/\/secure.gravatar.com\/avatar\/bf27e9186df568254093afa216f887fece17605302c6ff12f3980422fffa52e6?s=96&d=mm&r=g","contentUrl":"https:\/\/secure.gravatar.com\/avatar\/bf27e9186df568254093afa216f887fece17605302c6ff12f3980422fffa52e6?s=96&d=mm&r=g","caption":"admin"},"sameAs":["https:\/\/waracomunicaciones.com\/wp"],"url":"https:\/\/waracomunicaciones.com\/?author=1"}]}},"_links":{"self":[{"href":"https:\/\/waracomunicaciones.com\/index.php?rest_route=\/wp\/v2\/posts\/87","targetHints":{"allow":["GET"]}}],"collection":[{"href":"https:\/\/waracomunicaciones.com\/index.php?rest_route=\/wp\/v2\/posts"}],"about":[{"href":"https:\/\/waracomunicaciones.com\/index.php?rest_route=\/wp\/v2\/types\/post"}],"author":[{"embeddable":true,"href":"https:\/\/waracomunicaciones.com\/index.php?rest_route=\/wp\/v2\/users\/1"}],"replies":[{"embeddable":true,"href":"https:\/\/waracomunicaciones.com\/index.php?rest_route=%2Fwp%2Fv2%2Fcomments&post=87"}],"version-history":[{"count":1,"href":"https:\/\/waracomunicaciones.com\/index.php?rest_route=\/wp\/v2\/posts\/87\/revisions"}],"predecessor-version":[{"id":89,"href":"https:\/\/waracomunicaciones.com\/index.php?rest_route=\/wp\/v2\/posts\/87\/revisions\/89"}],"wp:featuredmedia":[{"embeddable":true,"href":"https:\/\/waracomunicaciones.com\/index.php?rest_route=\/wp\/v2\/media\/88"}],"wp:attachment":[{"href":"https:\/\/waracomunicaciones.com\/index.php?rest_route=%2Fwp%2Fv2%2Fmedia&parent=87"}],"wp:term":[{"taxonomy":"category","embeddable":true,"href":"https:\/\/waracomunicaciones.com\/index.php?rest_route=%2Fwp%2Fv2%2Fcategories&post=87"},{"taxonomy":"post_tag","embeddable":true,"href":"https:\/\/waracomunicaciones.com\/index.php?rest_route=%2Fwp%2Fv2%2Ftags&post=87"}],"curies":[{"name":"wp","href":"https:\/\/api.w.org\/{rel}","templated":true}]}}