{"id":867,"date":"2025-10-10T10:14:43","date_gmt":"2025-10-10T14:14:43","guid":{"rendered":"https:\/\/waracomunicaciones.com\/?p=867"},"modified":"2025-10-10T10:14:45","modified_gmt":"2025-10-10T14:14:45","slug":"cospugebul-celebra-54-anos-y-su-presidente-hector-rojas-opina-sobre-el-incierto-panorama-electoral","status":"publish","type":"post","link":"https:\/\/waracomunicaciones.com\/?p=867","title":{"rendered":"COSPUGEBUL celebra 54 a\u00f1os y su presidente, H\u00e9ctor Rojas, opina sobre el incierto panorama electoral"},"content":{"rendered":"\n<figure class=\"wp-block-image size-full\"><img loading=\"lazy\" decoding=\"async\" width=\"1000\" height=\"738\" src=\"https:\/\/waracomunicaciones.com\/wp-content\/uploads\/2025\/10\/cospenn.webp\" alt=\"\" class=\"wp-image-868\" srcset=\"https:\/\/waracomunicaciones.com\/wp-content\/uploads\/2025\/10\/cospenn.webp 1000w, https:\/\/waracomunicaciones.com\/wp-content\/uploads\/2025\/10\/cospenn-300x221.webp 300w, https:\/\/waracomunicaciones.com\/wp-content\/uploads\/2025\/10\/cospenn-768x567.webp 768w\" sizes=\"auto, (max-width: 1000px) 100vw, 1000px\" \/><\/figure>\n\n\n<p><strong>Yapacan\u00ed, <\/strong>\u2013 En contacto con medios locales, el presidente del Consejo de Administraci\u00f3n de la <strong>Cooperativa de Servicios P\u00fablicos de Yapacan\u00ed (COSPUGEBUL)<\/strong>, <strong>H\u00e9ctor Rojas Santos<\/strong>, comparti\u00f3 detalles sobre los preparativos del aniversario n\u00famero <strong>54 de la cooperativa<\/strong>, al tiempo que reflexion\u00f3 sobre el actual proceso electoral que vive Bolivia, de cara a los comicios del <strong>19 de octubre<\/strong>.<!--more--><\/p>\n<p>Rojas \u00a0di\u00e1logo con el periodista Tom\u00e1s Coca en el Programa Agenda Matinal de Wara Comunicaciones, \u00a0quien detall\u00f3 que la cooperativa est\u00e1 organizando una semana de actividades con participaci\u00f3n comunitaria para celebrar m\u00e1s de medio siglo de vida institucional.<\/p>\n<p>\u201cQueremos que nuestros ni\u00f1os y adultos participen. Tendremos un campeonato rel\u00e1mpago por barrios o instituciones, adem\u00e1s de premios y actividades en la parroquia. Es una celebraci\u00f3n pensada para confraternizar entre todos los asociados\u201d, explic\u00f3.<\/p>\n<p><strong>Elecciones: \u201cSer\u00e1 una competencia cerrada\u201d<\/strong><\/p>\n<p>Sobre el panorama pol\u00edtico nacional, y con solo <strong>seis d\u00edas<\/strong> restantes para el cierre oficial de campa\u00f1as, Rojas admiti\u00f3 la incertidumbre que se vive en el pa\u00eds. \u201cLa verdad, no s\u00e9 qui\u00e9n va a ganar. Ya con lo que pas\u00f3 el 17 de agosto, uno no sabe qu\u00e9 puede suceder\u201d, coment\u00f3.<\/p>\n<p>En ese sentido, lament\u00f3 que las encuestadoras hayan perdido credibilidad y que las \u00faltimas semanas transcurran sin nuevos estudios de opini\u00f3n confiables. \u201cParece que hasta las encuestadoras tienen miedo a equivocarse\u201d, dijo, recordando que la \u00faltima encuesta conocida fue la de <strong>CIES-MORI para Unitel<\/strong>, publicada el 25 de septiembre, que daba ventaja a <strong>Tuto Quiroga<\/strong> sobre <strong>Rodrigo Paz<\/strong>.<\/p>\n<p>Sin embargo, Rojas dej\u00f3 claro su criterio personal al respecto del tipo de pa\u00eds que se debe construir:<\/p>\n<p>\u201cHay que pensar bien. No se trata de votar por votar. No quiero que Bolivia se convierta en una segunda Venezuela. Hay grupos que siempre han gobernado, y eso es peligroso para el pa\u00eds. Necesitamos un gobierno liberal que permita crear empresas, que no abuse del poder.\u201d<\/p>\n<p>Rojas tambi\u00e9n hizo un llamado a la reflexi\u00f3n profunda en esta etapa decisiva del proceso electoral: \u201cHay que marcar bien nuestro camino, elegir con conciencia, para no arrepentirnos despu\u00e9s.\u201d<\/p><div style=\"margin-top: 0px; margin-bottom: 0px;\" class=\"sharethis-inline-reaction-buttons\" ><\/div>","protected":false},"excerpt":{"rendered":"<p>Yapacan\u00ed, \u2013 En contacto con medios locales, el presidente del Consejo de Administraci\u00f3n de la Cooperativa de Servicios P\u00fablicos de Yapacan\u00ed (COSPUGEBUL), H\u00e9ctor Rojas Santos, comparti\u00f3 detalles sobre los preparativos del aniversario n\u00famero 54 de la cooperativa, al tiempo que reflexion\u00f3 sobre el actual proceso electoral que vive Bolivia, de cara a los comicios del [&hellip;]<\/p>\n","protected":false},"author":1,"featured_media":0,"comment_status":"open","ping_status":"open","sticky":false,"template":"","format":"standard","meta":{"footnotes":""},"categories":[45],"tags":[224,164,163],"class_list":["post-867","post","type-post","status-publish","format-standard","hentry","category-sociedad","tag-cospugebul","tag-hector-rojas","tag-yapacani-2"],"yoast_head":"<!-- This site is optimized with the Yoast SEO Premium plugin v25.5 (Yoast SEO v27.1.1) - https:\/\/yoast.com\/product\/yoast-seo-premium-wordpress\/ -->\n<title>COSPUGEBUL celebra 54 a\u00f1os y su presidente, H\u00e9ctor Rojas, opina sobre el incierto panorama electoral - Wara Comunicaciones<\/title>\n<meta name=\"robots\" content=\"index, follow, max-snippet:-1, max-image-preview:large, max-video-preview:-1\" \/>\n<link rel=\"canonical\" href=\"https:\/\/waracomunicaciones.com\/?p=867\" \/>\n<meta property=\"og:locale\" content=\"es_ES\" \/>\n<meta property=\"og:type\" content=\"article\" \/>\n<meta property=\"og:title\" content=\"COSPUGEBUL celebra 54 a\u00f1os y su presidente, H\u00e9ctor Rojas, opina sobre el incierto panorama electoral\" \/>\n<meta property=\"og:description\" content=\"Yapacan\u00ed, \u2013 En contacto con medios locales, el presidente del Consejo de Administraci\u00f3n de la Cooperativa de Servicios P\u00fablicos de Yapacan\u00ed (COSPUGEBUL), H\u00e9ctor Rojas Santos, comparti\u00f3 detalles sobre los preparativos del aniversario n\u00famero 54 de la cooperativa, al tiempo que reflexion\u00f3 sobre el actual proceso electoral que vive Bolivia, de cara a los comicios del [&hellip;]\" \/>\n<meta property=\"og:url\" content=\"https:\/\/waracomunicaciones.com\/?p=867\" \/>\n<meta property=\"og:site_name\" content=\"Wara Comunicaciones\" \/>\n<meta property=\"article:publisher\" content=\"https:\/\/www.facebook.com\/waracomunicaciones2017\" \/>\n<meta property=\"article:published_time\" content=\"2025-10-10T14:14:43+00:00\" \/>\n<meta property=\"article:modified_time\" content=\"2025-10-10T14:14:45+00:00\" \/>\n<meta property=\"og:image\" content=\"https:\/\/waracomunicaciones.com\/wp-content\/uploads\/2025\/10\/cospenn.webp\" \/>\n\t<meta property=\"og:image:width\" content=\"1000\" \/>\n\t<meta property=\"og:image:height\" content=\"738\" \/>\n\t<meta property=\"og:image:type\" content=\"image\/webp\" \/>\n<meta name=\"author\" content=\"admin\" \/>\n<meta name=\"twitter:card\" content=\"summary_large_image\" \/>\n<meta name=\"twitter:label1\" content=\"Escrito por\" \/>\n\t<meta name=\"twitter:data1\" content=\"admin\" \/>\n\t<meta name=\"twitter:label2\" content=\"Tiempo de lectura\" \/>\n\t<meta name=\"twitter:data2\" content=\"2 minutos\" \/>\n<script type=\"application\/ld+json\" class=\"yoast-schema-graph\">{\"@context\":\"https:\/\/schema.org\",\"@graph\":[{\"@type\":\"Article\",\"@id\":\"https:\/\/waracomunicaciones.com\/?p=867#article\",\"isPartOf\":{\"@id\":\"https:\/\/waracomunicaciones.com\/?p=867\"},\"author\":{\"name\":\"admin\",\"@id\":\"https:\/\/waracomunicaciones.com\/#\/schema\/person\/e9db934bc91575cc71fe584c5973244a\"},\"headline\":\"COSPUGEBUL celebra 54 a\u00f1os y su presidente, H\u00e9ctor Rojas, opina sobre el incierto panorama electoral\",\"datePublished\":\"2025-10-10T14:14:43+00:00\",\"dateModified\":\"2025-10-10T14:14:45+00:00\",\"mainEntityOfPage\":{\"@id\":\"https:\/\/waracomunicaciones.com\/?p=867\"},\"wordCount\":372,\"commentCount\":0,\"publisher\":{\"@id\":\"https:\/\/waracomunicaciones.com\/#organization\"},\"image\":{\"@id\":\"https:\/\/waracomunicaciones.com\/?p=867#primaryimage\"},\"thumbnailUrl\":\"https:\/\/waracomunicaciones.com\/wp-content\/uploads\/2025\/10\/cospenn.webp\",\"keywords\":[\"COSPUGEBUL\",\"H\u00e9ctor Rojas\",\"Yapacan\u00ed\"],\"articleSection\":[\"Sociedad\"],\"inLanguage\":\"es\",\"potentialAction\":[{\"@type\":\"CommentAction\",\"name\":\"Comment\",\"target\":[\"https:\/\/waracomunicaciones.com\/?p=867#respond\"]}]},{\"@type\":\"WebPage\",\"@id\":\"https:\/\/waracomunicaciones.com\/?p=867\",\"url\":\"https:\/\/waracomunicaciones.com\/?p=867\",\"name\":\"COSPUGEBUL celebra 54 a\u00f1os y su presidente, H\u00e9ctor Rojas, opina sobre el incierto panorama electoral - Wara Comunicaciones\",\"isPartOf\":{\"@id\":\"https:\/\/waracomunicaciones.com\/#website\"},\"primaryImageOfPage\":{\"@id\":\"https:\/\/waracomunicaciones.com\/?p=867#primaryimage\"},\"image\":{\"@id\":\"https:\/\/waracomunicaciones.com\/?p=867#primaryimage\"},\"thumbnailUrl\":\"https:\/\/waracomunicaciones.com\/wp-content\/uploads\/2025\/10\/cospenn.webp\",\"datePublished\":\"2025-10-10T14:14:43+00:00\",\"dateModified\":\"2025-10-10T14:14:45+00:00\",\"breadcrumb\":{\"@id\":\"https:\/\/waracomunicaciones.com\/?p=867#breadcrumb\"},\"inLanguage\":\"es\",\"potentialAction\":[{\"@type\":\"ReadAction\",\"target\":[\"https:\/\/waracomunicaciones.com\/?p=867\"]}]},{\"@type\":\"ImageObject\",\"inLanguage\":\"es\",\"@id\":\"https:\/\/waracomunicaciones.com\/?p=867#primaryimage\",\"url\":\"https:\/\/waracomunicaciones.com\/wp-content\/uploads\/2025\/10\/cospenn.webp\",\"contentUrl\":\"https:\/\/waracomunicaciones.com\/wp-content\/uploads\/2025\/10\/cospenn.webp\",\"width\":1000,\"height\":738},{\"@type\":\"BreadcrumbList\",\"@id\":\"https:\/\/waracomunicaciones.com\/?p=867#breadcrumb\",\"itemListElement\":[{\"@type\":\"ListItem\",\"position\":1,\"name\":\"Portada\",\"item\":\"https:\/\/waracomunicaciones.com\/\"},{\"@type\":\"ListItem\",\"position\":2,\"name\":\"COSPUGEBUL celebra 54 a\u00f1os y su presidente, H\u00e9ctor Rojas, opina sobre el incierto panorama electoral\"}]},{\"@type\":\"WebSite\",\"@id\":\"https:\/\/waracomunicaciones.com\/#website\",\"url\":\"https:\/\/waracomunicaciones.com\/\",\"name\":\"Wara Comunicaciones\",\"description\":\"\",\"publisher\":{\"@id\":\"https:\/\/waracomunicaciones.com\/#organization\"},\"potentialAction\":[{\"@type\":\"SearchAction\",\"target\":{\"@type\":\"EntryPoint\",\"urlTemplate\":\"https:\/\/waracomunicaciones.com\/?s={search_term_string}\"},\"query-input\":{\"@type\":\"PropertyValueSpecification\",\"valueRequired\":true,\"valueName\":\"search_term_string\"}}],\"inLanguage\":\"es\"},{\"@type\":\"Organization\",\"@id\":\"https:\/\/waracomunicaciones.com\/#organization\",\"name\":\"Wara Comunicaciones\",\"url\":\"https:\/\/waracomunicaciones.com\/\",\"logo\":{\"@type\":\"ImageObject\",\"inLanguage\":\"es\",\"@id\":\"https:\/\/waracomunicaciones.com\/#\/schema\/logo\/image\/\",\"url\":\"https:\/\/waracomunicaciones.com\/wp-content\/uploads\/2025\/07\/logo.png\",\"contentUrl\":\"https:\/\/waracomunicaciones.com\/wp-content\/uploads\/2025\/07\/logo.png\",\"width\":400,\"height\":164,\"caption\":\"Wara Comunicaciones\"},\"image\":{\"@id\":\"https:\/\/waracomunicaciones.com\/#\/schema\/logo\/image\/\"},\"sameAs\":[\"https:\/\/www.facebook.com\/waracomunicaciones2017\"]},{\"@type\":\"Person\",\"@id\":\"https:\/\/waracomunicaciones.com\/#\/schema\/person\/e9db934bc91575cc71fe584c5973244a\",\"name\":\"admin\",\"image\":{\"@type\":\"ImageObject\",\"inLanguage\":\"es\",\"@id\":\"https:\/\/waracomunicaciones.com\/#\/schema\/person\/image\/\",\"url\":\"https:\/\/secure.gravatar.com\/avatar\/bf27e9186df568254093afa216f887fece17605302c6ff12f3980422fffa52e6?s=96&d=mm&r=g\",\"contentUrl\":\"https:\/\/secure.gravatar.com\/avatar\/bf27e9186df568254093afa216f887fece17605302c6ff12f3980422fffa52e6?s=96&d=mm&r=g\",\"caption\":\"admin\"},\"sameAs\":[\"https:\/\/waracomunicaciones.com\/wp\"],\"url\":\"https:\/\/waracomunicaciones.com\/?author=1\"}]}<\/script>\n<!-- \/ Yoast SEO Premium plugin. -->","yoast_head_json":{"title":"COSPUGEBUL celebra 54 a\u00f1os y su presidente, H\u00e9ctor Rojas, opina sobre el incierto panorama electoral - Wara Comunicaciones","robots":{"index":"index","follow":"follow","max-snippet":"max-snippet:-1","max-image-preview":"max-image-preview:large","max-video-preview":"max-video-preview:-1"},"canonical":"https:\/\/waracomunicaciones.com\/?p=867","og_locale":"es_ES","og_type":"article","og_title":"COSPUGEBUL celebra 54 a\u00f1os y su presidente, H\u00e9ctor Rojas, opina sobre el incierto panorama electoral","og_description":"Yapacan\u00ed, \u2013 En contacto con medios locales, el presidente del Consejo de Administraci\u00f3n de la Cooperativa de Servicios P\u00fablicos de Yapacan\u00ed (COSPUGEBUL), H\u00e9ctor Rojas Santos, comparti\u00f3 detalles sobre los preparativos del aniversario n\u00famero 54 de la cooperativa, al tiempo que reflexion\u00f3 sobre el actual proceso electoral que vive Bolivia, de cara a los comicios del [&hellip;]","og_url":"https:\/\/waracomunicaciones.com\/?p=867","og_site_name":"Wara Comunicaciones","article_publisher":"https:\/\/www.facebook.com\/waracomunicaciones2017","article_published_time":"2025-10-10T14:14:43+00:00","article_modified_time":"2025-10-10T14:14:45+00:00","og_image":[{"width":1000,"height":738,"url":"https:\/\/waracomunicaciones.com\/wp-content\/uploads\/2025\/10\/cospenn.webp","type":"image\/webp"}],"author":"admin","twitter_card":"summary_large_image","twitter_misc":{"Escrito por":"admin","Tiempo de lectura":"2 minutos"},"schema":{"@context":"https:\/\/schema.org","@graph":[{"@type":"Article","@id":"https:\/\/waracomunicaciones.com\/?p=867#article","isPartOf":{"@id":"https:\/\/waracomunicaciones.com\/?p=867"},"author":{"name":"admin","@id":"https:\/\/waracomunicaciones.com\/#\/schema\/person\/e9db934bc91575cc71fe584c5973244a"},"headline":"COSPUGEBUL celebra 54 a\u00f1os y su presidente, H\u00e9ctor Rojas, opina sobre el incierto panorama electoral","datePublished":"2025-10-10T14:14:43+00:00","dateModified":"2025-10-10T14:14:45+00:00","mainEntityOfPage":{"@id":"https:\/\/waracomunicaciones.com\/?p=867"},"wordCount":372,"commentCount":0,"publisher":{"@id":"https:\/\/waracomunicaciones.com\/#organization"},"image":{"@id":"https:\/\/waracomunicaciones.com\/?p=867#primaryimage"},"thumbnailUrl":"https:\/\/waracomunicaciones.com\/wp-content\/uploads\/2025\/10\/cospenn.webp","keywords":["COSPUGEBUL","H\u00e9ctor Rojas","Yapacan\u00ed"],"articleSection":["Sociedad"],"inLanguage":"es","potentialAction":[{"@type":"CommentAction","name":"Comment","target":["https:\/\/waracomunicaciones.com\/?p=867#respond"]}]},{"@type":"WebPage","@id":"https:\/\/waracomunicaciones.com\/?p=867","url":"https:\/\/waracomunicaciones.com\/?p=867","name":"COSPUGEBUL celebra 54 a\u00f1os y su presidente, H\u00e9ctor Rojas, opina sobre el incierto panorama electoral - Wara Comunicaciones","isPartOf":{"@id":"https:\/\/waracomunicaciones.com\/#website"},"primaryImageOfPage":{"@id":"https:\/\/waracomunicaciones.com\/?p=867#primaryimage"},"image":{"@id":"https:\/\/waracomunicaciones.com\/?p=867#primaryimage"},"thumbnailUrl":"https:\/\/waracomunicaciones.com\/wp-content\/uploads\/2025\/10\/cospenn.webp","datePublished":"2025-10-10T14:14:43+00:00","dateModified":"2025-10-10T14:14:45+00:00","breadcrumb":{"@id":"https:\/\/waracomunicaciones.com\/?p=867#breadcrumb"},"inLanguage":"es","potentialAction":[{"@type":"ReadAction","target":["https:\/\/waracomunicaciones.com\/?p=867"]}]},{"@type":"ImageObject","inLanguage":"es","@id":"https:\/\/waracomunicaciones.com\/?p=867#primaryimage","url":"https:\/\/waracomunicaciones.com\/wp-content\/uploads\/2025\/10\/cospenn.webp","contentUrl":"https:\/\/waracomunicaciones.com\/wp-content\/uploads\/2025\/10\/cospenn.webp","width":1000,"height":738},{"@type":"BreadcrumbList","@id":"https:\/\/waracomunicaciones.com\/?p=867#breadcrumb","itemListElement":[{"@type":"ListItem","position":1,"name":"Portada","item":"https:\/\/waracomunicaciones.com\/"},{"@type":"ListItem","position":2,"name":"COSPUGEBUL celebra 54 a\u00f1os y su presidente, H\u00e9ctor Rojas, opina sobre el incierto panorama electoral"}]},{"@type":"WebSite","@id":"https:\/\/waracomunicaciones.com\/#website","url":"https:\/\/waracomunicaciones.com\/","name":"Wara Comunicaciones","description":"","publisher":{"@id":"https:\/\/waracomunicaciones.com\/#organization"},"potentialAction":[{"@type":"SearchAction","target":{"@type":"EntryPoint","urlTemplate":"https:\/\/waracomunicaciones.com\/?s={search_term_string}"},"query-input":{"@type":"PropertyValueSpecification","valueRequired":true,"valueName":"search_term_string"}}],"inLanguage":"es"},{"@type":"Organization","@id":"https:\/\/waracomunicaciones.com\/#organization","name":"Wara Comunicaciones","url":"https:\/\/waracomunicaciones.com\/","logo":{"@type":"ImageObject","inLanguage":"es","@id":"https:\/\/waracomunicaciones.com\/#\/schema\/logo\/image\/","url":"https:\/\/waracomunicaciones.com\/wp-content\/uploads\/2025\/07\/logo.png","contentUrl":"https:\/\/waracomunicaciones.com\/wp-content\/uploads\/2025\/07\/logo.png","width":400,"height":164,"caption":"Wara Comunicaciones"},"image":{"@id":"https:\/\/waracomunicaciones.com\/#\/schema\/logo\/image\/"},"sameAs":["https:\/\/www.facebook.com\/waracomunicaciones2017"]},{"@type":"Person","@id":"https:\/\/waracomunicaciones.com\/#\/schema\/person\/e9db934bc91575cc71fe584c5973244a","name":"admin","image":{"@type":"ImageObject","inLanguage":"es","@id":"https:\/\/waracomunicaciones.com\/#\/schema\/person\/image\/","url":"https:\/\/secure.gravatar.com\/avatar\/bf27e9186df568254093afa216f887fece17605302c6ff12f3980422fffa52e6?s=96&d=mm&r=g","contentUrl":"https:\/\/secure.gravatar.com\/avatar\/bf27e9186df568254093afa216f887fece17605302c6ff12f3980422fffa52e6?s=96&d=mm&r=g","caption":"admin"},"sameAs":["https:\/\/waracomunicaciones.com\/wp"],"url":"https:\/\/waracomunicaciones.com\/?author=1"}]}},"_links":{"self":[{"href":"https:\/\/waracomunicaciones.com\/index.php?rest_route=\/wp\/v2\/posts\/867","targetHints":{"allow":["GET"]}}],"collection":[{"href":"https:\/\/waracomunicaciones.com\/index.php?rest_route=\/wp\/v2\/posts"}],"about":[{"href":"https:\/\/waracomunicaciones.com\/index.php?rest_route=\/wp\/v2\/types\/post"}],"author":[{"embeddable":true,"href":"https:\/\/waracomunicaciones.com\/index.php?rest_route=\/wp\/v2\/users\/1"}],"replies":[{"embeddable":true,"href":"https:\/\/waracomunicaciones.com\/index.php?rest_route=%2Fwp%2Fv2%2Fcomments&post=867"}],"version-history":[{"count":1,"href":"https:\/\/waracomunicaciones.com\/index.php?rest_route=\/wp\/v2\/posts\/867\/revisions"}],"predecessor-version":[{"id":869,"href":"https:\/\/waracomunicaciones.com\/index.php?rest_route=\/wp\/v2\/posts\/867\/revisions\/869"}],"wp:attachment":[{"href":"https:\/\/waracomunicaciones.com\/index.php?rest_route=%2Fwp%2Fv2%2Fmedia&parent=867"}],"wp:term":[{"taxonomy":"category","embeddable":true,"href":"https:\/\/waracomunicaciones.com\/index.php?rest_route=%2Fwp%2Fv2%2Fcategories&post=867"},{"taxonomy":"post_tag","embeddable":true,"href":"https:\/\/waracomunicaciones.com\/index.php?rest_route=%2Fwp%2Fv2%2Ftags&post=867"}],"curies":[{"name":"wp","href":"https:\/\/api.w.org\/{rel}","templated":true}]}}