{"id":864,"date":"2025-10-10T09:41:23","date_gmt":"2025-10-10T13:41:23","guid":{"rendered":"https:\/\/waracomunicaciones.com\/?p=864"},"modified":"2025-10-10T09:41:25","modified_gmt":"2025-10-10T13:41:25","slug":"a-10-dias-de-las-elecciones-alexander-quinones-anuncia-el-triunfo-del-pueblo","status":"publish","type":"post","link":"https:\/\/waracomunicaciones.com\/?p=864","title":{"rendered":"A 10 d\u00edas de las elecciones, Alexander Qui\u00f1ones anuncia \u201cel triunfo del pueblo\u201d"},"content":{"rendered":"\n<figure class=\"wp-block-image size-full\"><img loading=\"lazy\" decoding=\"async\" width=\"960\" height=\"720\" src=\"https:\/\/waracomunicaciones.com\/wp-content\/uploads\/2025\/10\/imagen_2025-10-10_093514675.webp\" alt=\"\" class=\"wp-image-865\" srcset=\"https:\/\/waracomunicaciones.com\/wp-content\/uploads\/2025\/10\/imagen_2025-10-10_093514675.webp 960w, https:\/\/waracomunicaciones.com\/wp-content\/uploads\/2025\/10\/imagen_2025-10-10_093514675-300x225.webp 300w, https:\/\/waracomunicaciones.com\/wp-content\/uploads\/2025\/10\/imagen_2025-10-10_093514675-768x576.webp 768w\" sizes=\"auto, (max-width: 960px) 100vw, 960px\" \/><figcaption class=\"wp-element-caption\"><em> Alexander Qui\u00f1ones ex vicedecano -Foto Archivo Facebook<\/em><\/figcaption><\/figure>\n\n\n<p><strong>Montero, <\/strong>\u00a0\u2013 En una entrevista brindada al periodista Tom\u00e1s Coca, el dirigente pol\u00edtico y ex vicedecano universitario <strong>Alexander Qui\u00f1ones<\/strong> asegur\u00f3 que Bolivia est\u00e1 a las puertas de un \u201ccambio hist\u00f3rico\u201d con miras a las elecciones del <strong>19 de octubre<\/strong>, fecha que, seg\u00fan sus palabras, marcar\u00e1 el inicio de una nueva etapa para los sectores m\u00e1s humildes del pa\u00eds.<!--more--><\/p>\n<p>\u201cEl 19 de octubre se va a empezar a escribir una nueva historia. Y en esta nueva historia, los humildes son los que cuentan\u201d, expres\u00f3 Qui\u00f1ones, reafirmando su apoyo a la candidatura de <strong>Rodrigo Paz y el Capit\u00e1n Edman Lara<\/strong>, binomio del Partido Dem\u00f3crata Cristiano (PDC).<\/p>\n<p>Durante la entrevista, Qui\u00f1ones critic\u00f3 duramente a los medios de comunicaci\u00f3n y a las encuestadoras que, seg\u00fan \u00e9l, responden a intereses econ\u00f3micos y han presentado resultados \u201cfantasiosos\u201d que no reflejan la verdadera intenci\u00f3n del voto popular.<\/p>\n<p>\u201cLas encuestas est\u00e1n erradas. Siempre han fallado. El pueblo ha hablado en cada ciudad, en cada comunidad, en cada pueblito. El apoyo a Rodrigo Paz y al Capit\u00e1n Lara es contundente\u201d, afirm\u00f3.<\/p>\n<p>Tambi\u00e9n se refiri\u00f3 a la sorpresa de los resultados de la primera vuelta electoral del 17 de agosto, que dejaron fuera de carrera a candidatos que parec\u00edan favoritos seg\u00fan las encuestas, como <strong>Samuel Doria Medina<\/strong> y <strong>Tuto Quiroga<\/strong>. \u201cLa gente est\u00e1 despertando\u201d, se\u00f1al\u00f3 Qui\u00f1ones.<\/p>\n<p>En su alocuci\u00f3n, el dirigente hizo un fuerte llamado a la dignidad, la honestidad y la estabilidad como pilares fundamentales del proyecto pol\u00edtico que representa. \u201cQueremos un gobierno donde haya gasolina, donde el dinero alcance, donde las comerciantes puedan vender, donde bajen los impuestos, y donde no haya m\u00e1s corrupci\u00f3n\u201d, expres\u00f3.<\/p>\n<p>Asimismo, cuestion\u00f3 duramente al candidato Tuto Quiroga, se\u00f1alando que nunca ha ganado una elecci\u00f3n por voto directo. \u201cRodrigo Paz ha ganado seis elecciones. \u00bfCu\u00e1ntas ha ganado Tuto? Ninguna\u201d, remarc\u00f3.<\/p>\n<p><strong>Actividades de cierre de campa\u00f1a<\/strong><\/p>\n<p>De cara al cierre del per\u00edodo de campa\u00f1a \u2014que finaliza el pr\u00f3ximo <strong>15 de octubre<\/strong>\u2014 Qui\u00f1ones inform\u00f3 que el PDC contin\u00faa con encuentros vecinales, visitas puerta a puerta, y posiblemente realice un \u00faltimo mitin masivo en Montero. Adem\u00e1s, destac\u00f3 la formaci\u00f3n de delegados y equipos de control electoral.<\/p>\n<p>\u201cEstamos en completa unidad con los habitantes de Montero. Estamos listos para cuidar el voto y asegurar la victoria\u201d, concluy\u00f3.<\/p>\n<p>Al finalizar la entrevista, tanto el periodista como Qui\u00f1ones coincidieron en desear que el pr\u00f3ximo domingo 19 sea una verdadera fiesta democr\u00e1tica, donde triunfe la voluntad del pueblo y se fortalezca la institucionalidad del pa\u00eds.<\/p><div style=\"margin-top: 0px; margin-bottom: 0px;\" class=\"sharethis-inline-reaction-buttons\" ><\/div>","protected":false},"excerpt":{"rendered":"<p>Montero, \u00a0\u2013 En una entrevista brindada al periodista Tom\u00e1s Coca, el dirigente pol\u00edtico y ex vicedecano universitario Alexander Qui\u00f1ones asegur\u00f3 que Bolivia est\u00e1 a las puertas de un \u201ccambio hist\u00f3rico\u201d con miras a las elecciones del 19 de octubre, fecha que, seg\u00fan sus palabras, marcar\u00e1 el inicio de una nueva etapa para los sectores m\u00e1s [&hellip;]<\/p>\n","protected":false},"author":1,"featured_media":0,"comment_status":"open","ping_status":"open","sticky":false,"template":"","format":"standard","meta":{"footnotes":""},"categories":[47],"tags":[223,166,11],"class_list":["post-864","post","type-post","status-publish","format-standard","hentry","category-politica-nacional","tag-alexander-quinones","tag-balotaje","tag-elecciones-nacionales-2025"],"yoast_head":"<!-- This site is optimized with the Yoast SEO Premium plugin v25.5 (Yoast SEO v27.1.1) - https:\/\/yoast.com\/product\/yoast-seo-premium-wordpress\/ -->\n<title>A 10 d\u00edas de las elecciones, Alexander Qui\u00f1ones anuncia \u201cel triunfo del pueblo\u201d - Wara Comunicaciones<\/title>\n<meta name=\"robots\" content=\"index, follow, max-snippet:-1, max-image-preview:large, max-video-preview:-1\" \/>\n<link rel=\"canonical\" href=\"https:\/\/waracomunicaciones.com\/?p=864\" \/>\n<meta property=\"og:locale\" content=\"es_ES\" \/>\n<meta property=\"og:type\" content=\"article\" \/>\n<meta property=\"og:title\" content=\"A 10 d\u00edas de las elecciones, Alexander Qui\u00f1ones anuncia \u201cel triunfo del pueblo\u201d\" \/>\n<meta property=\"og:description\" content=\"Montero, \u00a0\u2013 En una entrevista brindada al periodista Tom\u00e1s Coca, el dirigente pol\u00edtico y ex vicedecano universitario Alexander Qui\u00f1ones asegur\u00f3 que Bolivia est\u00e1 a las puertas de un \u201ccambio hist\u00f3rico\u201d con miras a las elecciones del 19 de octubre, fecha que, seg\u00fan sus palabras, marcar\u00e1 el inicio de una nueva etapa para los sectores m\u00e1s [&hellip;]\" \/>\n<meta property=\"og:url\" content=\"https:\/\/waracomunicaciones.com\/?p=864\" \/>\n<meta property=\"og:site_name\" content=\"Wara Comunicaciones\" \/>\n<meta property=\"article:publisher\" content=\"https:\/\/www.facebook.com\/waracomunicaciones2017\" \/>\n<meta property=\"article:published_time\" content=\"2025-10-10T13:41:23+00:00\" \/>\n<meta property=\"article:modified_time\" content=\"2025-10-10T13:41:25+00:00\" \/>\n<meta property=\"og:image\" content=\"https:\/\/waracomunicaciones.com\/wp-content\/uploads\/2025\/10\/imagen_2025-10-10_093514675.webp\" \/>\n\t<meta property=\"og:image:width\" content=\"960\" \/>\n\t<meta property=\"og:image:height\" content=\"720\" \/>\n\t<meta property=\"og:image:type\" content=\"image\/webp\" \/>\n<meta name=\"author\" content=\"admin\" \/>\n<meta name=\"twitter:card\" content=\"summary_large_image\" \/>\n<meta name=\"twitter:label1\" content=\"Escrito por\" \/>\n\t<meta name=\"twitter:data1\" content=\"admin\" \/>\n\t<meta name=\"twitter:label2\" content=\"Tiempo de lectura\" \/>\n\t<meta name=\"twitter:data2\" content=\"3 minutos\" \/>\n<script type=\"application\/ld+json\" class=\"yoast-schema-graph\">{\"@context\":\"https:\/\/schema.org\",\"@graph\":[{\"@type\":\"Article\",\"@id\":\"https:\/\/waracomunicaciones.com\/?p=864#article\",\"isPartOf\":{\"@id\":\"https:\/\/waracomunicaciones.com\/?p=864\"},\"author\":{\"name\":\"admin\",\"@id\":\"https:\/\/waracomunicaciones.com\/#\/schema\/person\/e9db934bc91575cc71fe584c5973244a\"},\"headline\":\"A 10 d\u00edas de las elecciones, Alexander Qui\u00f1ones anuncia \u201cel triunfo del pueblo\u201d\",\"datePublished\":\"2025-10-10T13:41:23+00:00\",\"dateModified\":\"2025-10-10T13:41:25+00:00\",\"mainEntityOfPage\":{\"@id\":\"https:\/\/waracomunicaciones.com\/?p=864\"},\"wordCount\":461,\"commentCount\":0,\"publisher\":{\"@id\":\"https:\/\/waracomunicaciones.com\/#organization\"},\"image\":{\"@id\":\"https:\/\/waracomunicaciones.com\/?p=864#primaryimage\"},\"thumbnailUrl\":\"https:\/\/waracomunicaciones.com\/wp-content\/uploads\/2025\/10\/imagen_2025-10-10_093514675.webp\",\"keywords\":[\"Alexander Qui\u00f1ones\",\"Balotaje\",\"Elecciones Nacionales 2025\"],\"articleSection\":[\"Pol\u00edtica\"],\"inLanguage\":\"es\",\"potentialAction\":[{\"@type\":\"CommentAction\",\"name\":\"Comment\",\"target\":[\"https:\/\/waracomunicaciones.com\/?p=864#respond\"]}]},{\"@type\":\"WebPage\",\"@id\":\"https:\/\/waracomunicaciones.com\/?p=864\",\"url\":\"https:\/\/waracomunicaciones.com\/?p=864\",\"name\":\"A 10 d\u00edas de las elecciones, Alexander Qui\u00f1ones anuncia \u201cel triunfo del pueblo\u201d - Wara Comunicaciones\",\"isPartOf\":{\"@id\":\"https:\/\/waracomunicaciones.com\/#website\"},\"primaryImageOfPage\":{\"@id\":\"https:\/\/waracomunicaciones.com\/?p=864#primaryimage\"},\"image\":{\"@id\":\"https:\/\/waracomunicaciones.com\/?p=864#primaryimage\"},\"thumbnailUrl\":\"https:\/\/waracomunicaciones.com\/wp-content\/uploads\/2025\/10\/imagen_2025-10-10_093514675.webp\",\"datePublished\":\"2025-10-10T13:41:23+00:00\",\"dateModified\":\"2025-10-10T13:41:25+00:00\",\"breadcrumb\":{\"@id\":\"https:\/\/waracomunicaciones.com\/?p=864#breadcrumb\"},\"inLanguage\":\"es\",\"potentialAction\":[{\"@type\":\"ReadAction\",\"target\":[\"https:\/\/waracomunicaciones.com\/?p=864\"]}]},{\"@type\":\"ImageObject\",\"inLanguage\":\"es\",\"@id\":\"https:\/\/waracomunicaciones.com\/?p=864#primaryimage\",\"url\":\"https:\/\/waracomunicaciones.com\/wp-content\/uploads\/2025\/10\/imagen_2025-10-10_093514675.webp\",\"contentUrl\":\"https:\/\/waracomunicaciones.com\/wp-content\/uploads\/2025\/10\/imagen_2025-10-10_093514675.webp\",\"width\":960,\"height\":720},{\"@type\":\"BreadcrumbList\",\"@id\":\"https:\/\/waracomunicaciones.com\/?p=864#breadcrumb\",\"itemListElement\":[{\"@type\":\"ListItem\",\"position\":1,\"name\":\"Portada\",\"item\":\"https:\/\/waracomunicaciones.com\/\"},{\"@type\":\"ListItem\",\"position\":2,\"name\":\"A 10 d\u00edas de las elecciones, Alexander Qui\u00f1ones anuncia \u201cel triunfo del pueblo\u201d\"}]},{\"@type\":\"WebSite\",\"@id\":\"https:\/\/waracomunicaciones.com\/#website\",\"url\":\"https:\/\/waracomunicaciones.com\/\",\"name\":\"Wara Comunicaciones\",\"description\":\"\",\"publisher\":{\"@id\":\"https:\/\/waracomunicaciones.com\/#organization\"},\"potentialAction\":[{\"@type\":\"SearchAction\",\"target\":{\"@type\":\"EntryPoint\",\"urlTemplate\":\"https:\/\/waracomunicaciones.com\/?s={search_term_string}\"},\"query-input\":{\"@type\":\"PropertyValueSpecification\",\"valueRequired\":true,\"valueName\":\"search_term_string\"}}],\"inLanguage\":\"es\"},{\"@type\":\"Organization\",\"@id\":\"https:\/\/waracomunicaciones.com\/#organization\",\"name\":\"Wara Comunicaciones\",\"url\":\"https:\/\/waracomunicaciones.com\/\",\"logo\":{\"@type\":\"ImageObject\",\"inLanguage\":\"es\",\"@id\":\"https:\/\/waracomunicaciones.com\/#\/schema\/logo\/image\/\",\"url\":\"https:\/\/waracomunicaciones.com\/wp-content\/uploads\/2025\/07\/logo.png\",\"contentUrl\":\"https:\/\/waracomunicaciones.com\/wp-content\/uploads\/2025\/07\/logo.png\",\"width\":400,\"height\":164,\"caption\":\"Wara Comunicaciones\"},\"image\":{\"@id\":\"https:\/\/waracomunicaciones.com\/#\/schema\/logo\/image\/\"},\"sameAs\":[\"https:\/\/www.facebook.com\/waracomunicaciones2017\"]},{\"@type\":\"Person\",\"@id\":\"https:\/\/waracomunicaciones.com\/#\/schema\/person\/e9db934bc91575cc71fe584c5973244a\",\"name\":\"admin\",\"image\":{\"@type\":\"ImageObject\",\"inLanguage\":\"es\",\"@id\":\"https:\/\/waracomunicaciones.com\/#\/schema\/person\/image\/\",\"url\":\"https:\/\/secure.gravatar.com\/avatar\/bf27e9186df568254093afa216f887fece17605302c6ff12f3980422fffa52e6?s=96&d=mm&r=g\",\"contentUrl\":\"https:\/\/secure.gravatar.com\/avatar\/bf27e9186df568254093afa216f887fece17605302c6ff12f3980422fffa52e6?s=96&d=mm&r=g\",\"caption\":\"admin\"},\"sameAs\":[\"https:\/\/waracomunicaciones.com\/wp\"],\"url\":\"https:\/\/waracomunicaciones.com\/?author=1\"}]}<\/script>\n<!-- \/ Yoast SEO Premium plugin. -->","yoast_head_json":{"title":"A 10 d\u00edas de las elecciones, Alexander Qui\u00f1ones anuncia \u201cel triunfo del pueblo\u201d - Wara Comunicaciones","robots":{"index":"index","follow":"follow","max-snippet":"max-snippet:-1","max-image-preview":"max-image-preview:large","max-video-preview":"max-video-preview:-1"},"canonical":"https:\/\/waracomunicaciones.com\/?p=864","og_locale":"es_ES","og_type":"article","og_title":"A 10 d\u00edas de las elecciones, Alexander Qui\u00f1ones anuncia \u201cel triunfo del pueblo\u201d","og_description":"Montero, \u00a0\u2013 En una entrevista brindada al periodista Tom\u00e1s Coca, el dirigente pol\u00edtico y ex vicedecano universitario Alexander Qui\u00f1ones asegur\u00f3 que Bolivia est\u00e1 a las puertas de un \u201ccambio hist\u00f3rico\u201d con miras a las elecciones del 19 de octubre, fecha que, seg\u00fan sus palabras, marcar\u00e1 el inicio de una nueva etapa para los sectores m\u00e1s [&hellip;]","og_url":"https:\/\/waracomunicaciones.com\/?p=864","og_site_name":"Wara Comunicaciones","article_publisher":"https:\/\/www.facebook.com\/waracomunicaciones2017","article_published_time":"2025-10-10T13:41:23+00:00","article_modified_time":"2025-10-10T13:41:25+00:00","og_image":[{"width":960,"height":720,"url":"https:\/\/waracomunicaciones.com\/wp-content\/uploads\/2025\/10\/imagen_2025-10-10_093514675.webp","type":"image\/webp"}],"author":"admin","twitter_card":"summary_large_image","twitter_misc":{"Escrito por":"admin","Tiempo de lectura":"3 minutos"},"schema":{"@context":"https:\/\/schema.org","@graph":[{"@type":"Article","@id":"https:\/\/waracomunicaciones.com\/?p=864#article","isPartOf":{"@id":"https:\/\/waracomunicaciones.com\/?p=864"},"author":{"name":"admin","@id":"https:\/\/waracomunicaciones.com\/#\/schema\/person\/e9db934bc91575cc71fe584c5973244a"},"headline":"A 10 d\u00edas de las elecciones, Alexander Qui\u00f1ones anuncia \u201cel triunfo del pueblo\u201d","datePublished":"2025-10-10T13:41:23+00:00","dateModified":"2025-10-10T13:41:25+00:00","mainEntityOfPage":{"@id":"https:\/\/waracomunicaciones.com\/?p=864"},"wordCount":461,"commentCount":0,"publisher":{"@id":"https:\/\/waracomunicaciones.com\/#organization"},"image":{"@id":"https:\/\/waracomunicaciones.com\/?p=864#primaryimage"},"thumbnailUrl":"https:\/\/waracomunicaciones.com\/wp-content\/uploads\/2025\/10\/imagen_2025-10-10_093514675.webp","keywords":["Alexander Qui\u00f1ones","Balotaje","Elecciones Nacionales 2025"],"articleSection":["Pol\u00edtica"],"inLanguage":"es","potentialAction":[{"@type":"CommentAction","name":"Comment","target":["https:\/\/waracomunicaciones.com\/?p=864#respond"]}]},{"@type":"WebPage","@id":"https:\/\/waracomunicaciones.com\/?p=864","url":"https:\/\/waracomunicaciones.com\/?p=864","name":"A 10 d\u00edas de las elecciones, Alexander Qui\u00f1ones anuncia \u201cel triunfo del pueblo\u201d - Wara Comunicaciones","isPartOf":{"@id":"https:\/\/waracomunicaciones.com\/#website"},"primaryImageOfPage":{"@id":"https:\/\/waracomunicaciones.com\/?p=864#primaryimage"},"image":{"@id":"https:\/\/waracomunicaciones.com\/?p=864#primaryimage"},"thumbnailUrl":"https:\/\/waracomunicaciones.com\/wp-content\/uploads\/2025\/10\/imagen_2025-10-10_093514675.webp","datePublished":"2025-10-10T13:41:23+00:00","dateModified":"2025-10-10T13:41:25+00:00","breadcrumb":{"@id":"https:\/\/waracomunicaciones.com\/?p=864#breadcrumb"},"inLanguage":"es","potentialAction":[{"@type":"ReadAction","target":["https:\/\/waracomunicaciones.com\/?p=864"]}]},{"@type":"ImageObject","inLanguage":"es","@id":"https:\/\/waracomunicaciones.com\/?p=864#primaryimage","url":"https:\/\/waracomunicaciones.com\/wp-content\/uploads\/2025\/10\/imagen_2025-10-10_093514675.webp","contentUrl":"https:\/\/waracomunicaciones.com\/wp-content\/uploads\/2025\/10\/imagen_2025-10-10_093514675.webp","width":960,"height":720},{"@type":"BreadcrumbList","@id":"https:\/\/waracomunicaciones.com\/?p=864#breadcrumb","itemListElement":[{"@type":"ListItem","position":1,"name":"Portada","item":"https:\/\/waracomunicaciones.com\/"},{"@type":"ListItem","position":2,"name":"A 10 d\u00edas de las elecciones, Alexander Qui\u00f1ones anuncia \u201cel triunfo del pueblo\u201d"}]},{"@type":"WebSite","@id":"https:\/\/waracomunicaciones.com\/#website","url":"https:\/\/waracomunicaciones.com\/","name":"Wara Comunicaciones","description":"","publisher":{"@id":"https:\/\/waracomunicaciones.com\/#organization"},"potentialAction":[{"@type":"SearchAction","target":{"@type":"EntryPoint","urlTemplate":"https:\/\/waracomunicaciones.com\/?s={search_term_string}"},"query-input":{"@type":"PropertyValueSpecification","valueRequired":true,"valueName":"search_term_string"}}],"inLanguage":"es"},{"@type":"Organization","@id":"https:\/\/waracomunicaciones.com\/#organization","name":"Wara Comunicaciones","url":"https:\/\/waracomunicaciones.com\/","logo":{"@type":"ImageObject","inLanguage":"es","@id":"https:\/\/waracomunicaciones.com\/#\/schema\/logo\/image\/","url":"https:\/\/waracomunicaciones.com\/wp-content\/uploads\/2025\/07\/logo.png","contentUrl":"https:\/\/waracomunicaciones.com\/wp-content\/uploads\/2025\/07\/logo.png","width":400,"height":164,"caption":"Wara Comunicaciones"},"image":{"@id":"https:\/\/waracomunicaciones.com\/#\/schema\/logo\/image\/"},"sameAs":["https:\/\/www.facebook.com\/waracomunicaciones2017"]},{"@type":"Person","@id":"https:\/\/waracomunicaciones.com\/#\/schema\/person\/e9db934bc91575cc71fe584c5973244a","name":"admin","image":{"@type":"ImageObject","inLanguage":"es","@id":"https:\/\/waracomunicaciones.com\/#\/schema\/person\/image\/","url":"https:\/\/secure.gravatar.com\/avatar\/bf27e9186df568254093afa216f887fece17605302c6ff12f3980422fffa52e6?s=96&d=mm&r=g","contentUrl":"https:\/\/secure.gravatar.com\/avatar\/bf27e9186df568254093afa216f887fece17605302c6ff12f3980422fffa52e6?s=96&d=mm&r=g","caption":"admin"},"sameAs":["https:\/\/waracomunicaciones.com\/wp"],"url":"https:\/\/waracomunicaciones.com\/?author=1"}]}},"_links":{"self":[{"href":"https:\/\/waracomunicaciones.com\/index.php?rest_route=\/wp\/v2\/posts\/864","targetHints":{"allow":["GET"]}}],"collection":[{"href":"https:\/\/waracomunicaciones.com\/index.php?rest_route=\/wp\/v2\/posts"}],"about":[{"href":"https:\/\/waracomunicaciones.com\/index.php?rest_route=\/wp\/v2\/types\/post"}],"author":[{"embeddable":true,"href":"https:\/\/waracomunicaciones.com\/index.php?rest_route=\/wp\/v2\/users\/1"}],"replies":[{"embeddable":true,"href":"https:\/\/waracomunicaciones.com\/index.php?rest_route=%2Fwp%2Fv2%2Fcomments&post=864"}],"version-history":[{"count":1,"href":"https:\/\/waracomunicaciones.com\/index.php?rest_route=\/wp\/v2\/posts\/864\/revisions"}],"predecessor-version":[{"id":866,"href":"https:\/\/waracomunicaciones.com\/index.php?rest_route=\/wp\/v2\/posts\/864\/revisions\/866"}],"wp:attachment":[{"href":"https:\/\/waracomunicaciones.com\/index.php?rest_route=%2Fwp%2Fv2%2Fmedia&parent=864"}],"wp:term":[{"taxonomy":"category","embeddable":true,"href":"https:\/\/waracomunicaciones.com\/index.php?rest_route=%2Fwp%2Fv2%2Fcategories&post=864"},{"taxonomy":"post_tag","embeddable":true,"href":"https:\/\/waracomunicaciones.com\/index.php?rest_route=%2Fwp%2Fv2%2Ftags&post=864"}],"curies":[{"name":"wp","href":"https:\/\/api.w.org\/{rel}","templated":true}]}}