{"id":856,"date":"2025-10-09T09:21:01","date_gmt":"2025-10-09T13:21:01","guid":{"rendered":"https:\/\/waracomunicaciones.com\/?p=856"},"modified":"2025-10-21T18:44:02","modified_gmt":"2025-10-21T22:44:02","slug":"entrevista-con-el-director-de-medio-ambiente-de-yapacani-proyectos-y-retos-ambientales-para-la-region","status":"publish","type":"post","link":"https:\/\/waracomunicaciones.com\/?p=856","title":{"rendered":"Entrevista con el Director de Medio Ambiente de Yapacan\u00ed: Proyectos y Retos Ambientales para la Regi\u00f3n"},"content":{"rendered":"\n<figure class=\"wp-block-image size-full\"><img loading=\"lazy\" decoding=\"async\" width=\"1000\" height=\"562\" src=\"https:\/\/waracomunicaciones.com\/wp-content\/uploads\/2025\/10\/sfffsfssf.webp\" alt=\"\" class=\"wp-image-914\" srcset=\"https:\/\/waracomunicaciones.com\/wp-content\/uploads\/2025\/10\/sfffsfssf.webp 1000w, https:\/\/waracomunicaciones.com\/wp-content\/uploads\/2025\/10\/sfffsfssf-300x169.webp 300w, https:\/\/waracomunicaciones.com\/wp-content\/uploads\/2025\/10\/sfffsfssf-768x432.webp 768w\" sizes=\"auto, (max-width: 1000px) 100vw, 1000px\" \/><\/figure>\n\n\n<p>En una reciente entrevista con Wara Comunicaciones el Lic. Jos\u00e9 Luis L\u00f3pez Pecho, Director de Medio Ambiente del Gobierno Municipal de Yapacan\u00ed, abordo diversos temas relacionados con el cuidado y la protecci\u00f3n del medio ambiente en esta regi\u00f3n del norte integrado.<!--more--> A continuaci\u00f3n, resumimos algunos de los puntos m\u00e1s destacados de la conversaci\u00f3n.<\/p>\n<ol>\n<li><strong> Arborizaci\u00f3n en la Avenida Epifanios R\u00edos<\/strong><\/li>\n<\/ol>\n<p>El Lic. L\u00f3pez Pecho comparti\u00f3 que, como parte de un proyecto integral de embellecimiento urbano, se est\u00e1 llevando a cabo una arborizaci\u00f3n en la avenida principal Epifanios R\u00edos de Yapacan\u00ed. Esta iniciativa busca embellecer la ciudad, al tiempo que contribuye a mejorar la calidad del aire y ofrecer sombra a los transe\u00fantes. Los \u00e1rboles seleccionados incluyen especies como tajibo amarillo, blanco y morado, adem\u00e1s de algunos pinos hind\u00faes. Adem\u00e1s, se est\u00e1 trabajando en la reforestaci\u00f3n del arroyo Hondo, un esfuerzo para recuperar espacios naturales importantes.<\/p>\n<ol start=\"2\">\n<li><strong> Conciencia Ambiental y Manejo de Residuos S\u00f3lidos<\/strong><\/li>\n<\/ol>\n<p>El tema del reciclaje y la gesti\u00f3n adecuada de los residuos s\u00f3lidos fue otro de los puntos tratados. L\u00f3pez Pecho destac\u00f3 que la poblaci\u00f3n debe tomar conciencia sobre la importancia de reducir, reutilizar y reciclar los pl\u00e1sticos, que se han convertido en un gran desaf\u00edo para el medio ambiente. En Yapacan\u00ed, la Direcci\u00f3n de Medio Ambiente trabaja activamente con la comunidad para ense\u00f1ar a separar los residuos en org\u00e1nicos, reciclables y no reciclables. Adem\u00e1s, est\u00e1n implementando estrategias como la recolecci\u00f3n diferenciada de residuos, especialmente con los hospitales y mercados.<\/p>\n<ol start=\"3\">\n<li><strong> Compostaje y Reciclaje: Avances en la Gesti\u00f3n de Residuos<\/strong><\/li>\n<\/ol>\n<p>El municipio ha avanzado en la creaci\u00f3n de un \u00e1rea de compostaje donde se procesan los desechos org\u00e1nicos recolectados de los mercados, generando abono que es distribuido a las comunidades. En el \u00e1rea de reciclaje, se est\u00e1 realizando una clasificaci\u00f3n b\u00e1sica de materiales como las botellas PET, que luego son compactadas y enviadas para su venta a empresas recicladoras. Sin embargo, el Lic. L\u00f3pez Pecho reconoci\u00f3 que a\u00fan hay mucho por hacer, especialmente en la implementaci\u00f3n de una planta procesadora de reciclaje que permita transformar los desechos en productos finales.<\/p>\n<ol start=\"4\">\n<li><strong> Protecci\u00f3n y Uso Responsable del Agua<\/strong><\/li>\n<\/ol>\n<p>La gesti\u00f3n del agua es otro de los temas cruciales para el municipio. L\u00f3pez Pecho explic\u00f3 que Yapacan\u00ed depende en gran medida del agua subterr\u00e1nea, un recurso que debe ser protegido para garantizar su disponibilidad a largo plazo. En colaboraci\u00f3n con la cooperativa de agua Cospugebul, se est\u00e1 trabajando en la protecci\u00f3n de los acu\u00edferos y en la valoraci\u00f3n t\u00e9cnica de proyectos que promuevan un uso m\u00e1s racional y eficiente del agua. Tambi\u00e9n resalt\u00f3 la importancia de tomar conciencia sobre la contaminaci\u00f3n de fuentes h\u00eddricas y la preservaci\u00f3n de los recursos naturales.<\/p>\n<ol start=\"5\">\n<li><strong> Compromiso con la Gesti\u00f3n Ambiental y la Comunidad<\/strong><\/li>\n<\/ol>\n<p>El Director de Medio Ambiente hizo un llamado a la comunidad a involucrarse m\u00e1s activamente en los esfuerzos por proteger el entorno. A pesar de los desaf\u00edos econ\u00f3micos y log\u00edsticos, L\u00f3pez Pecho reafirm\u00f3 su compromiso con la mejora de la calidad de vida en Yapacan\u00ed, destacando que, a pesar de las limitaciones, siempre se puede hacer un esfuerzo para avanzar en la protecci\u00f3n del medio ambiente.<\/p>\n<p>En resumen, la gesti\u00f3n del medio ambiente en Yapacan\u00ed est\u00e1 tomando cada vez m\u00e1s relevancia, con proyectos concretos y un enfoque de concienciaci\u00f3n y trabajo conjunto con la comunidad. Sin embargo, el Director tambi\u00e9n subray\u00f3 que los retos son grandes, y que es necesario el compromiso de todos para lograr un verdadero cambio en la regi\u00f3n.<\/p>\n\n\n<figure class=\"wp-block-image size-full\"><img loading=\"lazy\" decoding=\"async\" width=\"1000\" height=\"562\" src=\"https:\/\/waracomunicaciones.com\/wp-content\/uploads\/2025\/10\/fffffssdadaffffsdafsfs.webp\" alt=\"\" class=\"wp-image-916\" srcset=\"https:\/\/waracomunicaciones.com\/wp-content\/uploads\/2025\/10\/fffffssdadaffffsdafsfs.webp 1000w, https:\/\/waracomunicaciones.com\/wp-content\/uploads\/2025\/10\/fffffssdadaffffsdafsfs-300x169.webp 300w, https:\/\/waracomunicaciones.com\/wp-content\/uploads\/2025\/10\/fffffssdadaffffsdafsfs-768x432.webp 768w\" sizes=\"auto, (max-width: 1000px) 100vw, 1000px\" \/><\/figure>\n<div style=\"margin-top: 0px; margin-bottom: 0px;\" class=\"sharethis-inline-reaction-buttons\" ><\/div>","protected":false},"excerpt":{"rendered":"<p>En una reciente entrevista con Wara Comunicaciones el Lic. Jos\u00e9 Luis L\u00f3pez Pecho, Director de Medio Ambiente del Gobierno Municipal de Yapacan\u00ed, abordo diversos temas relacionados con el cuidado y la protecci\u00f3n del medio ambiente en esta regi\u00f3n del norte integrado.<\/p>\n","protected":false},"author":1,"featured_media":0,"comment_status":"open","ping_status":"open","sticky":false,"template":"","format":"standard","meta":{"footnotes":""},"categories":[144],"tags":[222,163],"class_list":["post-856","post","type-post","status-publish","format-standard","hentry","category-salud-local","tag-medio-ambiente","tag-yapacani-2"],"yoast_head":"<!-- This site is optimized with the Yoast SEO Premium plugin v25.5 (Yoast SEO v27.1.1) - https:\/\/yoast.com\/product\/yoast-seo-premium-wordpress\/ -->\n<title>Entrevista con el Director de Medio Ambiente de Yapacan\u00ed: Proyectos y Retos Ambientales para la Regi\u00f3n - Wara Comunicaciones<\/title>\n<meta name=\"robots\" content=\"index, follow, max-snippet:-1, max-image-preview:large, max-video-preview:-1\" \/>\n<link rel=\"canonical\" href=\"https:\/\/waracomunicaciones.com\/?p=856\" \/>\n<meta property=\"og:locale\" content=\"es_ES\" \/>\n<meta property=\"og:type\" content=\"article\" \/>\n<meta property=\"og:title\" content=\"Entrevista con el Director de Medio Ambiente de Yapacan\u00ed: Proyectos y Retos Ambientales para la Regi\u00f3n\" \/>\n<meta property=\"og:description\" content=\"En una reciente entrevista con Wara Comunicaciones el Lic. Jos\u00e9 Luis L\u00f3pez Pecho, Director de Medio Ambiente del Gobierno Municipal de Yapacan\u00ed, abordo diversos temas relacionados con el cuidado y la protecci\u00f3n del medio ambiente en esta regi\u00f3n del norte integrado.\" \/>\n<meta property=\"og:url\" content=\"https:\/\/waracomunicaciones.com\/?p=856\" \/>\n<meta property=\"og:site_name\" content=\"Wara Comunicaciones\" \/>\n<meta property=\"article:publisher\" content=\"https:\/\/www.facebook.com\/waracomunicaciones2017\" \/>\n<meta property=\"article:published_time\" content=\"2025-10-09T13:21:01+00:00\" \/>\n<meta property=\"article:modified_time\" content=\"2025-10-21T22:44:02+00:00\" \/>\n<meta property=\"og:image\" content=\"https:\/\/waracomunicaciones.com\/wp-content\/uploads\/2025\/10\/sfffsfssf.webp\" \/>\n\t<meta property=\"og:image:width\" content=\"1000\" \/>\n\t<meta property=\"og:image:height\" content=\"562\" \/>\n\t<meta property=\"og:image:type\" content=\"image\/webp\" \/>\n<meta name=\"author\" content=\"admin\" \/>\n<meta name=\"twitter:card\" content=\"summary_large_image\" \/>\n<meta name=\"twitter:label1\" content=\"Escrito por\" \/>\n\t<meta name=\"twitter:data1\" content=\"admin\" \/>\n\t<meta name=\"twitter:label2\" content=\"Tiempo de lectura\" \/>\n\t<meta name=\"twitter:data2\" content=\"4 minutos\" \/>\n<script type=\"application\/ld+json\" class=\"yoast-schema-graph\">{\"@context\":\"https:\/\/schema.org\",\"@graph\":[{\"@type\":\"Article\",\"@id\":\"https:\/\/waracomunicaciones.com\/?p=856#article\",\"isPartOf\":{\"@id\":\"https:\/\/waracomunicaciones.com\/?p=856\"},\"author\":{\"name\":\"admin\",\"@id\":\"https:\/\/waracomunicaciones.com\/#\/schema\/person\/e9db934bc91575cc71fe584c5973244a\"},\"headline\":\"Entrevista con el Director de Medio Ambiente de Yapacan\u00ed: Proyectos y Retos Ambientales para la Regi\u00f3n\",\"datePublished\":\"2025-10-09T13:21:01+00:00\",\"dateModified\":\"2025-10-21T22:44:02+00:00\",\"mainEntityOfPage\":{\"@id\":\"https:\/\/waracomunicaciones.com\/?p=856\"},\"wordCount\":647,\"commentCount\":0,\"publisher\":{\"@id\":\"https:\/\/waracomunicaciones.com\/#organization\"},\"image\":{\"@id\":\"https:\/\/waracomunicaciones.com\/?p=856#primaryimage\"},\"thumbnailUrl\":\"https:\/\/waracomunicaciones.com\/wp-content\/uploads\/2025\/10\/sfffsfssf.webp\",\"keywords\":[\"Medio Ambiente\",\"Yapacan\u00ed\"],\"articleSection\":[\"Salud\"],\"inLanguage\":\"es\",\"potentialAction\":[{\"@type\":\"CommentAction\",\"name\":\"Comment\",\"target\":[\"https:\/\/waracomunicaciones.com\/?p=856#respond\"]}]},{\"@type\":\"WebPage\",\"@id\":\"https:\/\/waracomunicaciones.com\/?p=856\",\"url\":\"https:\/\/waracomunicaciones.com\/?p=856\",\"name\":\"Entrevista con el Director de Medio Ambiente de Yapacan\u00ed: Proyectos y Retos Ambientales para la Regi\u00f3n - Wara Comunicaciones\",\"isPartOf\":{\"@id\":\"https:\/\/waracomunicaciones.com\/#website\"},\"primaryImageOfPage\":{\"@id\":\"https:\/\/waracomunicaciones.com\/?p=856#primaryimage\"},\"image\":{\"@id\":\"https:\/\/waracomunicaciones.com\/?p=856#primaryimage\"},\"thumbnailUrl\":\"https:\/\/waracomunicaciones.com\/wp-content\/uploads\/2025\/10\/sfffsfssf.webp\",\"datePublished\":\"2025-10-09T13:21:01+00:00\",\"dateModified\":\"2025-10-21T22:44:02+00:00\",\"breadcrumb\":{\"@id\":\"https:\/\/waracomunicaciones.com\/?p=856#breadcrumb\"},\"inLanguage\":\"es\",\"potentialAction\":[{\"@type\":\"ReadAction\",\"target\":[\"https:\/\/waracomunicaciones.com\/?p=856\"]}]},{\"@type\":\"ImageObject\",\"inLanguage\":\"es\",\"@id\":\"https:\/\/waracomunicaciones.com\/?p=856#primaryimage\",\"url\":\"https:\/\/waracomunicaciones.com\/wp-content\/uploads\/2025\/10\/sfffsfssf.webp\",\"contentUrl\":\"https:\/\/waracomunicaciones.com\/wp-content\/uploads\/2025\/10\/sfffsfssf.webp\",\"width\":1000,\"height\":562},{\"@type\":\"BreadcrumbList\",\"@id\":\"https:\/\/waracomunicaciones.com\/?p=856#breadcrumb\",\"itemListElement\":[{\"@type\":\"ListItem\",\"position\":1,\"name\":\"Portada\",\"item\":\"https:\/\/waracomunicaciones.com\/\"},{\"@type\":\"ListItem\",\"position\":2,\"name\":\"Entrevista con el Director de Medio Ambiente de Yapacan\u00ed: Proyectos y Retos Ambientales para la Regi\u00f3n\"}]},{\"@type\":\"WebSite\",\"@id\":\"https:\/\/waracomunicaciones.com\/#website\",\"url\":\"https:\/\/waracomunicaciones.com\/\",\"name\":\"Wara Comunicaciones\",\"description\":\"\",\"publisher\":{\"@id\":\"https:\/\/waracomunicaciones.com\/#organization\"},\"potentialAction\":[{\"@type\":\"SearchAction\",\"target\":{\"@type\":\"EntryPoint\",\"urlTemplate\":\"https:\/\/waracomunicaciones.com\/?s={search_term_string}\"},\"query-input\":{\"@type\":\"PropertyValueSpecification\",\"valueRequired\":true,\"valueName\":\"search_term_string\"}}],\"inLanguage\":\"es\"},{\"@type\":\"Organization\",\"@id\":\"https:\/\/waracomunicaciones.com\/#organization\",\"name\":\"Wara Comunicaciones\",\"url\":\"https:\/\/waracomunicaciones.com\/\",\"logo\":{\"@type\":\"ImageObject\",\"inLanguage\":\"es\",\"@id\":\"https:\/\/waracomunicaciones.com\/#\/schema\/logo\/image\/\",\"url\":\"https:\/\/waracomunicaciones.com\/wp-content\/uploads\/2025\/07\/logo.png\",\"contentUrl\":\"https:\/\/waracomunicaciones.com\/wp-content\/uploads\/2025\/07\/logo.png\",\"width\":400,\"height\":164,\"caption\":\"Wara Comunicaciones\"},\"image\":{\"@id\":\"https:\/\/waracomunicaciones.com\/#\/schema\/logo\/image\/\"},\"sameAs\":[\"https:\/\/www.facebook.com\/waracomunicaciones2017\"]},{\"@type\":\"Person\",\"@id\":\"https:\/\/waracomunicaciones.com\/#\/schema\/person\/e9db934bc91575cc71fe584c5973244a\",\"name\":\"admin\",\"image\":{\"@type\":\"ImageObject\",\"inLanguage\":\"es\",\"@id\":\"https:\/\/waracomunicaciones.com\/#\/schema\/person\/image\/\",\"url\":\"https:\/\/secure.gravatar.com\/avatar\/bf27e9186df568254093afa216f887fece17605302c6ff12f3980422fffa52e6?s=96&d=mm&r=g\",\"contentUrl\":\"https:\/\/secure.gravatar.com\/avatar\/bf27e9186df568254093afa216f887fece17605302c6ff12f3980422fffa52e6?s=96&d=mm&r=g\",\"caption\":\"admin\"},\"sameAs\":[\"https:\/\/waracomunicaciones.com\/wp\"],\"url\":\"https:\/\/waracomunicaciones.com\/?author=1\"}]}<\/script>\n<!-- \/ Yoast SEO Premium plugin. -->","yoast_head_json":{"title":"Entrevista con el Director de Medio Ambiente de Yapacan\u00ed: Proyectos y Retos Ambientales para la Regi\u00f3n - Wara Comunicaciones","robots":{"index":"index","follow":"follow","max-snippet":"max-snippet:-1","max-image-preview":"max-image-preview:large","max-video-preview":"max-video-preview:-1"},"canonical":"https:\/\/waracomunicaciones.com\/?p=856","og_locale":"es_ES","og_type":"article","og_title":"Entrevista con el Director de Medio Ambiente de Yapacan\u00ed: Proyectos y Retos Ambientales para la Regi\u00f3n","og_description":"En una reciente entrevista con Wara Comunicaciones el Lic. Jos\u00e9 Luis L\u00f3pez Pecho, Director de Medio Ambiente del Gobierno Municipal de Yapacan\u00ed, abordo diversos temas relacionados con el cuidado y la protecci\u00f3n del medio ambiente en esta regi\u00f3n del norte integrado.","og_url":"https:\/\/waracomunicaciones.com\/?p=856","og_site_name":"Wara Comunicaciones","article_publisher":"https:\/\/www.facebook.com\/waracomunicaciones2017","article_published_time":"2025-10-09T13:21:01+00:00","article_modified_time":"2025-10-21T22:44:02+00:00","og_image":[{"width":1000,"height":562,"url":"https:\/\/waracomunicaciones.com\/wp-content\/uploads\/2025\/10\/sfffsfssf.webp","type":"image\/webp"}],"author":"admin","twitter_card":"summary_large_image","twitter_misc":{"Escrito por":"admin","Tiempo de lectura":"4 minutos"},"schema":{"@context":"https:\/\/schema.org","@graph":[{"@type":"Article","@id":"https:\/\/waracomunicaciones.com\/?p=856#article","isPartOf":{"@id":"https:\/\/waracomunicaciones.com\/?p=856"},"author":{"name":"admin","@id":"https:\/\/waracomunicaciones.com\/#\/schema\/person\/e9db934bc91575cc71fe584c5973244a"},"headline":"Entrevista con el Director de Medio Ambiente de Yapacan\u00ed: Proyectos y Retos Ambientales para la Regi\u00f3n","datePublished":"2025-10-09T13:21:01+00:00","dateModified":"2025-10-21T22:44:02+00:00","mainEntityOfPage":{"@id":"https:\/\/waracomunicaciones.com\/?p=856"},"wordCount":647,"commentCount":0,"publisher":{"@id":"https:\/\/waracomunicaciones.com\/#organization"},"image":{"@id":"https:\/\/waracomunicaciones.com\/?p=856#primaryimage"},"thumbnailUrl":"https:\/\/waracomunicaciones.com\/wp-content\/uploads\/2025\/10\/sfffsfssf.webp","keywords":["Medio Ambiente","Yapacan\u00ed"],"articleSection":["Salud"],"inLanguage":"es","potentialAction":[{"@type":"CommentAction","name":"Comment","target":["https:\/\/waracomunicaciones.com\/?p=856#respond"]}]},{"@type":"WebPage","@id":"https:\/\/waracomunicaciones.com\/?p=856","url":"https:\/\/waracomunicaciones.com\/?p=856","name":"Entrevista con el Director de Medio Ambiente de Yapacan\u00ed: Proyectos y Retos Ambientales para la Regi\u00f3n - Wara Comunicaciones","isPartOf":{"@id":"https:\/\/waracomunicaciones.com\/#website"},"primaryImageOfPage":{"@id":"https:\/\/waracomunicaciones.com\/?p=856#primaryimage"},"image":{"@id":"https:\/\/waracomunicaciones.com\/?p=856#primaryimage"},"thumbnailUrl":"https:\/\/waracomunicaciones.com\/wp-content\/uploads\/2025\/10\/sfffsfssf.webp","datePublished":"2025-10-09T13:21:01+00:00","dateModified":"2025-10-21T22:44:02+00:00","breadcrumb":{"@id":"https:\/\/waracomunicaciones.com\/?p=856#breadcrumb"},"inLanguage":"es","potentialAction":[{"@type":"ReadAction","target":["https:\/\/waracomunicaciones.com\/?p=856"]}]},{"@type":"ImageObject","inLanguage":"es","@id":"https:\/\/waracomunicaciones.com\/?p=856#primaryimage","url":"https:\/\/waracomunicaciones.com\/wp-content\/uploads\/2025\/10\/sfffsfssf.webp","contentUrl":"https:\/\/waracomunicaciones.com\/wp-content\/uploads\/2025\/10\/sfffsfssf.webp","width":1000,"height":562},{"@type":"BreadcrumbList","@id":"https:\/\/waracomunicaciones.com\/?p=856#breadcrumb","itemListElement":[{"@type":"ListItem","position":1,"name":"Portada","item":"https:\/\/waracomunicaciones.com\/"},{"@type":"ListItem","position":2,"name":"Entrevista con el Director de Medio Ambiente de Yapacan\u00ed: Proyectos y Retos Ambientales para la Regi\u00f3n"}]},{"@type":"WebSite","@id":"https:\/\/waracomunicaciones.com\/#website","url":"https:\/\/waracomunicaciones.com\/","name":"Wara Comunicaciones","description":"","publisher":{"@id":"https:\/\/waracomunicaciones.com\/#organization"},"potentialAction":[{"@type":"SearchAction","target":{"@type":"EntryPoint","urlTemplate":"https:\/\/waracomunicaciones.com\/?s={search_term_string}"},"query-input":{"@type":"PropertyValueSpecification","valueRequired":true,"valueName":"search_term_string"}}],"inLanguage":"es"},{"@type":"Organization","@id":"https:\/\/waracomunicaciones.com\/#organization","name":"Wara Comunicaciones","url":"https:\/\/waracomunicaciones.com\/","logo":{"@type":"ImageObject","inLanguage":"es","@id":"https:\/\/waracomunicaciones.com\/#\/schema\/logo\/image\/","url":"https:\/\/waracomunicaciones.com\/wp-content\/uploads\/2025\/07\/logo.png","contentUrl":"https:\/\/waracomunicaciones.com\/wp-content\/uploads\/2025\/07\/logo.png","width":400,"height":164,"caption":"Wara Comunicaciones"},"image":{"@id":"https:\/\/waracomunicaciones.com\/#\/schema\/logo\/image\/"},"sameAs":["https:\/\/www.facebook.com\/waracomunicaciones2017"]},{"@type":"Person","@id":"https:\/\/waracomunicaciones.com\/#\/schema\/person\/e9db934bc91575cc71fe584c5973244a","name":"admin","image":{"@type":"ImageObject","inLanguage":"es","@id":"https:\/\/waracomunicaciones.com\/#\/schema\/person\/image\/","url":"https:\/\/secure.gravatar.com\/avatar\/bf27e9186df568254093afa216f887fece17605302c6ff12f3980422fffa52e6?s=96&d=mm&r=g","contentUrl":"https:\/\/secure.gravatar.com\/avatar\/bf27e9186df568254093afa216f887fece17605302c6ff12f3980422fffa52e6?s=96&d=mm&r=g","caption":"admin"},"sameAs":["https:\/\/waracomunicaciones.com\/wp"],"url":"https:\/\/waracomunicaciones.com\/?author=1"}]}},"_links":{"self":[{"href":"https:\/\/waracomunicaciones.com\/index.php?rest_route=\/wp\/v2\/posts\/856","targetHints":{"allow":["GET"]}}],"collection":[{"href":"https:\/\/waracomunicaciones.com\/index.php?rest_route=\/wp\/v2\/posts"}],"about":[{"href":"https:\/\/waracomunicaciones.com\/index.php?rest_route=\/wp\/v2\/types\/post"}],"author":[{"embeddable":true,"href":"https:\/\/waracomunicaciones.com\/index.php?rest_route=\/wp\/v2\/users\/1"}],"replies":[{"embeddable":true,"href":"https:\/\/waracomunicaciones.com\/index.php?rest_route=%2Fwp%2Fv2%2Fcomments&post=856"}],"version-history":[{"count":2,"href":"https:\/\/waracomunicaciones.com\/index.php?rest_route=\/wp\/v2\/posts\/856\/revisions"}],"predecessor-version":[{"id":917,"href":"https:\/\/waracomunicaciones.com\/index.php?rest_route=\/wp\/v2\/posts\/856\/revisions\/917"}],"wp:attachment":[{"href":"https:\/\/waracomunicaciones.com\/index.php?rest_route=%2Fwp%2Fv2%2Fmedia&parent=856"}],"wp:term":[{"taxonomy":"category","embeddable":true,"href":"https:\/\/waracomunicaciones.com\/index.php?rest_route=%2Fwp%2Fv2%2Fcategories&post=856"},{"taxonomy":"post_tag","embeddable":true,"href":"https:\/\/waracomunicaciones.com\/index.php?rest_route=%2Fwp%2Fv2%2Ftags&post=856"}],"curies":[{"name":"wp","href":"https:\/\/api.w.org\/{rel}","templated":true}]}}