{"id":841,"date":"2025-10-07T12:07:43","date_gmt":"2025-10-07T16:07:43","guid":{"rendered":"https:\/\/waracomunicaciones.com\/?p=841"},"modified":"2025-10-07T12:07:44","modified_gmt":"2025-10-07T16:07:44","slug":"multitudinario-acto-en-montero-marca-la-visita-de-rodrigo-paz-pereira-balance-positivo-pese-a-ajustes-de-ultimo-momento","status":"publish","type":"post","link":"https:\/\/waracomunicaciones.com\/?p=841","title":{"rendered":"Multitudinario acto en Montero marca la visita de Rodrigo Paz Pereira: balance positivo pese a ajustes de \u00faltimo momento"},"content":{"rendered":"\n<figure class=\"wp-block-image size-large\"><img loading=\"lazy\" decoding=\"async\" width=\"979\" height=\"1024\" src=\"https:\/\/waracomunicaciones.com\/wp-content\/uploads\/2025\/10\/rrrr-979x1024.webp\" alt=\"\" class=\"wp-image-842\" srcset=\"https:\/\/waracomunicaciones.com\/wp-content\/uploads\/2025\/10\/rrrr-979x1024.webp 979w, https:\/\/waracomunicaciones.com\/wp-content\/uploads\/2025\/10\/rrrr-287x300.webp 287w, https:\/\/waracomunicaciones.com\/wp-content\/uploads\/2025\/10\/rrrr-768x803.webp 768w, https:\/\/waracomunicaciones.com\/wp-content\/uploads\/2025\/10\/rrrr.webp 1000w\" sizes=\"auto, (max-width: 979px) 100vw, 979px\" \/><figcaption class=\"wp-element-caption\"><em>Rodrigo Paz en Montero &#8211; Foto Facebook<\/em><\/figcaption><\/figure>\n\n\n<p><strong><span lang=\"ES-MX\">Montero, \u2014<\/span><\/strong><span lang=\"ES-MX\"> El domingo reciente, la ciudad de Montero fue escenario de un masivo acto pol\u00edtico organizado con motivo de la visita del candidato presidencial <strong>Rodrigo Paz Pereira<\/strong>, quien lleg\u00f3 acompa\u00f1ado de dirigentes del Partido Dem\u00f3crata Cristiano (PDC). A pesar de algunos contratiempos en la agenda y modificaciones log\u00edsticas, los organizadores calificaron la jornada como un \u00e9xito.<\/span><!--more--><\/p>\n<h3><span lang=\"ES-MX\">Un evento con gran convocatoria y participaci\u00f3n activa<\/span><\/h3>\n<p><span lang=\"ES-MX\">El acto, que tuvo lugar en inmediaciones del mercado <strong>Germ\u00e1n Moreno<\/strong>, reuni\u00f3 a una numerosa multitud, superando las expectativas de participaci\u00f3n. De acuerdo con <strong>Franz Galler<\/strong>, miembro del equipo organizador y maestro de ceremonias, el evento se desarroll\u00f3 con entusiasmo popular y gener\u00f3 una conexi\u00f3n emocional evidente entre el l\u00edder pol\u00edtico y los asistentes.<\/span><\/p>\n<p><span lang=\"ES-MX\">\u201cFue un evento inolvidable. La gente se qued\u00f3 conmovida por el mensaje de Rodrigo Paz, y nos sorprendi\u00f3 la cantidad de personas que siguieron llegando incluso cuando el acto ya estaba concluyendo\u201d, expres\u00f3 Galler.<\/span><\/p>\n<p><span lang=\"ES-MX\">Aunque no se realiz\u00f3 una evaluaci\u00f3n formal con todo el equipo, Galler reconoci\u00f3 que <strong>algunos aspectos log\u00edsticos pueden mejorarse<\/strong>, como el ajuste de horarios y el tiempo destinado a ciertas actividades, entre ellas la rifa y la presentaci\u00f3n musical.<\/span><\/p>\n<h3><span lang=\"ES-MX\">Cambios de \u00faltima hora por restricciones de tiempo<\/span><\/h3>\n<p><span lang=\"ES-MX\">La agenda sufri\u00f3 alteraciones debido a la <strong>llegada tard\u00eda del candidato<\/strong>, lo que oblig\u00f3 a cancelar actividades previstas como la caravana desde la \u201cCurva de la Muerte\u201d y la participaci\u00f3n de grupos musicales contratados para animar el evento.<\/span><\/p>\n<p><span lang=\"ES-MX\">\u201cEl grupo musical no toc\u00f3 ni una sola pieza. Todo fue muy ajustado. El acto principal se centr\u00f3 en el mensaje pol\u00edtico y la rifa, que se extendi\u00f3 hasta pasadas las 9 de la noche\u201d, detall\u00f3 Galler.<\/span><\/p>\n<p><span lang=\"ES-MX\">A pesar de estos cambios, destac\u00f3 que la <strong>unidad entre las diferentes casas de campa\u00f1a y grupos del PDC en Montero<\/strong> fue clave para sacar adelante el evento con \u00e9xito.<\/span><\/p>\n<h3><span lang=\"ES-MX\">El mensaje pol\u00edtico: trabajo, producci\u00f3n y lucha contra la corrupci\u00f3n<\/span><\/h3>\n<p><span lang=\"ES-MX\">Durante su intervenci\u00f3n, Rodrigo Paz Pereira centr\u00f3 su discurso en tres ejes principales: <strong>trabajo<\/strong>, <strong>producci\u00f3n<\/strong> y la necesidad de un nuevo modelo econ\u00f3mico donde el Estado deje de ser un obst\u00e1culo y se convierta en un facilitador para los ciudadanos.<\/span><\/p>\n<p><span lang=\"ES-MX\">\u201cEl mensaje fue claro: trabajar, producir, vender y traer dinero a Bolivia, ya sea desde el Estado o desde el sector privado. Eso es lo que se necesita para salir adelante\u201d, afirm\u00f3 Galler.<\/span><\/p>\n<p><span lang=\"ES-MX\">Por su parte, <strong>Edman Lara<\/strong>, compa\u00f1ero de f\u00f3rmula de Paz, mantiene su discurso centrado en la <strong>lucha frontal contra la corrupci\u00f3n<\/strong>, convirti\u00e9ndose as\u00ed en un complemento estrat\u00e9gico del binomio.<\/span><\/p>\n<h3><span lang=\"ES-MX\">Comparaciones inevitables y diversidad de estilos<\/span><\/h3>\n<p><span lang=\"ES-MX\">Consultado sobre las diferencias con el acto anterior organizado para Edman Lara, el entrevistado reconoci\u00f3 que cada evento tiene su sello. Mientras el de Lara fue m\u00e1s emotivo y \u201cpegado al pueblo\u201d, el de Paz tuvo un enfoque m\u00e1s acad\u00e9mico y estructurado.<\/span><\/p>\n<p><span lang=\"ES-MX\">\u201cLara habla como el pueblo, con pasi\u00f3n y sencillez. Rodrigo, en cambio, es un pol\u00edtico acad\u00e9mico. Se complementan. Uno representa la fuerza emocional, el otro la planificaci\u00f3n\u201d, sostuvo Galler.<\/span><\/p>\n<h3><span lang=\"ES-MX\">Falta de cobertura medi\u00e1tica y limitada presencia en redes<\/span><\/h3>\n<p><span lang=\"ES-MX\">Uno de los puntos d\u00e9biles se\u00f1alados fue la <strong>escasa cobertura de medios de comunicaci\u00f3n locales y departamentales<\/strong>, algo que los organizadores atribuyen tanto a la desatenci\u00f3n de la prensa como a posibles afinidades con otros frentes pol\u00edticos.<\/span><\/p>\n<p><span lang=\"ES-MX\">Asimismo, la <strong>difusi\u00f3n del evento en redes sociales fue limitada<\/strong>, aunque se espera que en los d\u00edas posteriores el material audiovisual captado por voluntarios sea compartido para ampliar su alcance.<\/span><\/p>\n<h3><span lang=\"ES-MX\">Escenograf\u00eda sencilla pero con identidad<\/span><\/h3>\n<p><span lang=\"ES-MX\">Sobre la est\u00e9tica del acto, Galler indic\u00f3 que la decoraci\u00f3n estuvo a cargo principalmente de mujeres del equipo organizador. Se opt\u00f3 por una <strong>puesta en escena sobria<\/strong>, acorde al presupuesto disponible, con detalles como canastones y un tel\u00f3n de fondo representativo del movimiento.<\/span><\/p>\n\n\n<figure class=\"wp-block-gallery has-nested-images columns-default is-cropped wp-block-gallery-1 is-layout-flex wp-block-gallery-is-layout-flex\">\n<figure class=\"wp-block-image size-large\"><img loading=\"lazy\" decoding=\"async\" width=\"768\" height=\"1024\" data-id=\"843\" src=\"https:\/\/waracomunicaciones.com\/wp-content\/uploads\/2025\/10\/rwrwrrr-768x1024.webp\" alt=\"\" class=\"wp-image-843\" srcset=\"https:\/\/waracomunicaciones.com\/wp-content\/uploads\/2025\/10\/rwrwrrr-768x1024.webp 768w, https:\/\/waracomunicaciones.com\/wp-content\/uploads\/2025\/10\/rwrwrrr-225x300.webp 225w, https:\/\/waracomunicaciones.com\/wp-content\/uploads\/2025\/10\/rwrwrrr.webp 810w\" sizes=\"auto, (max-width: 768px) 100vw, 768px\" \/><\/figure>\n\n\n\n<figure class=\"wp-block-image size-large\"><img loading=\"lazy\" decoding=\"async\" width=\"768\" height=\"1024\" data-id=\"846\" src=\"https:\/\/waracomunicaciones.com\/wp-content\/uploads\/2025\/10\/fdfgddgdg-768x1024.webp\" alt=\"\" class=\"wp-image-846\" srcset=\"https:\/\/waracomunicaciones.com\/wp-content\/uploads\/2025\/10\/fdfgddgdg-768x1024.webp 768w, https:\/\/waracomunicaciones.com\/wp-content\/uploads\/2025\/10\/fdfgddgdg-225x300.webp 225w, https:\/\/waracomunicaciones.com\/wp-content\/uploads\/2025\/10\/fdfgddgdg.webp 810w\" sizes=\"auto, (max-width: 768px) 100vw, 768px\" \/><\/figure>\n\n\n\n<figure class=\"wp-block-image size-large\"><img loading=\"lazy\" decoding=\"async\" width=\"1000\" height=\"750\" data-id=\"847\" src=\"https:\/\/waracomunicaciones.com\/wp-content\/uploads\/2025\/10\/ddsssd.webp\" alt=\"\" class=\"wp-image-847\" srcset=\"https:\/\/waracomunicaciones.com\/wp-content\/uploads\/2025\/10\/ddsssd.webp 1000w, https:\/\/waracomunicaciones.com\/wp-content\/uploads\/2025\/10\/ddsssd-300x225.webp 300w, https:\/\/waracomunicaciones.com\/wp-content\/uploads\/2025\/10\/ddsssd-768x576.webp 768w\" sizes=\"auto, (max-width: 1000px) 100vw, 1000px\" \/><\/figure>\n\n\n\n<figure class=\"wp-block-image size-large\"><img loading=\"lazy\" decoding=\"async\" width=\"843\" height=\"1024\" data-id=\"848\" src=\"https:\/\/waracomunicaciones.com\/wp-content\/uploads\/2025\/10\/sddssdsddsd-843x1024.webp\" alt=\"\" class=\"wp-image-848\" srcset=\"https:\/\/waracomunicaciones.com\/wp-content\/uploads\/2025\/10\/sddssdsddsd-843x1024.webp 843w, https:\/\/waracomunicaciones.com\/wp-content\/uploads\/2025\/10\/sddssdsddsd-247x300.webp 247w, https:\/\/waracomunicaciones.com\/wp-content\/uploads\/2025\/10\/sddssdsddsd-768x933.webp 768w, https:\/\/waracomunicaciones.com\/wp-content\/uploads\/2025\/10\/sddssdsddsd.webp 889w\" sizes=\"auto, (max-width: 843px) 100vw, 843px\" \/><\/figure>\n\n\n\n<figure class=\"wp-block-image size-large\"><img loading=\"lazy\" decoding=\"async\" width=\"1000\" height=\"750\" data-id=\"844\" src=\"https:\/\/waracomunicaciones.com\/wp-content\/uploads\/2025\/10\/fsfsfff.webp\" alt=\"\" class=\"wp-image-844\" srcset=\"https:\/\/waracomunicaciones.com\/wp-content\/uploads\/2025\/10\/fsfsfff.webp 1000w, https:\/\/waracomunicaciones.com\/wp-content\/uploads\/2025\/10\/fsfsfff-300x225.webp 300w, https:\/\/waracomunicaciones.com\/wp-content\/uploads\/2025\/10\/fsfsfff-768x576.webp 768w\" sizes=\"auto, (max-width: 1000px) 100vw, 1000px\" \/><\/figure>\n\n\n\n<figure class=\"wp-block-image size-large\"><img loading=\"lazy\" decoding=\"async\" width=\"1000\" height=\"750\" data-id=\"845\" src=\"https:\/\/waracomunicaciones.com\/wp-content\/uploads\/2025\/10\/fafffffa.webp\" alt=\"\" class=\"wp-image-845\" srcset=\"https:\/\/waracomunicaciones.com\/wp-content\/uploads\/2025\/10\/fafffffa.webp 1000w, https:\/\/waracomunicaciones.com\/wp-content\/uploads\/2025\/10\/fafffffa-300x225.webp 300w, https:\/\/waracomunicaciones.com\/wp-content\/uploads\/2025\/10\/fafffffa-768x576.webp 768w\" sizes=\"auto, (max-width: 1000px) 100vw, 1000px\" \/><\/figure>\n\n\n\n<figure class=\"wp-block-image size-large\"><img loading=\"lazy\" decoding=\"async\" width=\"1000\" height=\"750\" data-id=\"849\" src=\"https:\/\/waracomunicaciones.com\/wp-content\/uploads\/2025\/10\/ddddddd.webp\" alt=\"\" class=\"wp-image-849\" srcset=\"https:\/\/waracomunicaciones.com\/wp-content\/uploads\/2025\/10\/ddddddd.webp 1000w, https:\/\/waracomunicaciones.com\/wp-content\/uploads\/2025\/10\/ddddddd-300x225.webp 300w, https:\/\/waracomunicaciones.com\/wp-content\/uploads\/2025\/10\/ddddddd-768x576.webp 768w\" sizes=\"auto, (max-width: 1000px) 100vw, 1000px\" \/><\/figure>\n\n\n\n<figure class=\"wp-block-image size-large\"><img loading=\"lazy\" decoding=\"async\" width=\"1000\" height=\"684\" data-id=\"850\" src=\"https:\/\/waracomunicaciones.com\/wp-content\/uploads\/2025\/10\/fsdsdsdsdsd.webp\" alt=\"\" class=\"wp-image-850\" srcset=\"https:\/\/waracomunicaciones.com\/wp-content\/uploads\/2025\/10\/fsdsdsdsdsd.webp 1000w, https:\/\/waracomunicaciones.com\/wp-content\/uploads\/2025\/10\/fsdsdsdsdsd-300x205.webp 300w, https:\/\/waracomunicaciones.com\/wp-content\/uploads\/2025\/10\/fsdsdsdsdsd-768x525.webp 768w\" sizes=\"auto, (max-width: 1000px) 100vw, 1000px\" \/><\/figure>\n\n\n\n<figure class=\"wp-block-image size-large\"><img loading=\"lazy\" decoding=\"async\" width=\"683\" height=\"1024\" data-id=\"851\" src=\"https:\/\/waracomunicaciones.com\/wp-content\/uploads\/2025\/10\/dsdsdss-683x1024.webp\" alt=\"\" class=\"wp-image-851\" srcset=\"https:\/\/waracomunicaciones.com\/wp-content\/uploads\/2025\/10\/dsdsdss-683x1024.webp 683w, https:\/\/waracomunicaciones.com\/wp-content\/uploads\/2025\/10\/dsdsdss-200x300.webp 200w, https:\/\/waracomunicaciones.com\/wp-content\/uploads\/2025\/10\/dsdsdss.webp 720w\" sizes=\"auto, (max-width: 683px) 100vw, 683px\" \/><\/figure>\n<\/figure>\n<div style=\"margin-top: 0px; margin-bottom: 0px;\" class=\"sharethis-inline-reaction-buttons\" ><\/div>","protected":false},"excerpt":{"rendered":"<p>Montero, \u2014 El domingo reciente, la ciudad de Montero fue escenario de un masivo acto pol\u00edtico organizado con motivo de la visita del candidato presidencial Rodrigo Paz Pereira, quien lleg\u00f3 acompa\u00f1ado de dirigentes del Partido Dem\u00f3crata Cristiano (PDC). A pesar de algunos contratiempos en la agenda y modificaciones log\u00edsticas, los organizadores calificaron la jornada como [&hellip;]<\/p>\n","protected":false},"author":1,"featured_media":0,"comment_status":"open","ping_status":"open","sticky":false,"template":"","format":"standard","meta":{"footnotes":""},"categories":[47],"tags":[166,11,154,153],"class_list":["post-841","post","type-post","status-publish","format-standard","hentry","category-politica-nacional","tag-balotaje","tag-elecciones-nacionales-2025","tag-pdc","tag-rodrigo-paz"],"yoast_head":"<!-- This site is optimized with the Yoast SEO Premium plugin v25.5 (Yoast SEO v27.1.1) - https:\/\/yoast.com\/product\/yoast-seo-premium-wordpress\/ -->\n<title>Multitudinario acto en Montero marca la visita de Rodrigo Paz Pereira: balance positivo pese a ajustes de \u00faltimo momento - Wara Comunicaciones<\/title>\n<meta name=\"robots\" content=\"index, follow, max-snippet:-1, max-image-preview:large, max-video-preview:-1\" \/>\n<link rel=\"canonical\" href=\"https:\/\/waracomunicaciones.com\/?p=841\" \/>\n<meta property=\"og:locale\" content=\"es_ES\" \/>\n<meta property=\"og:type\" content=\"article\" \/>\n<meta property=\"og:title\" content=\"Multitudinario acto en Montero marca la visita de Rodrigo Paz Pereira: balance positivo pese a ajustes de \u00faltimo momento\" \/>\n<meta property=\"og:description\" content=\"Montero, \u2014 El domingo reciente, la ciudad de Montero fue escenario de un masivo acto pol\u00edtico organizado con motivo de la visita del candidato presidencial Rodrigo Paz Pereira, quien lleg\u00f3 acompa\u00f1ado de dirigentes del Partido Dem\u00f3crata Cristiano (PDC). A pesar de algunos contratiempos en la agenda y modificaciones log\u00edsticas, los organizadores calificaron la jornada como [&hellip;]\" \/>\n<meta property=\"og:url\" content=\"https:\/\/waracomunicaciones.com\/?p=841\" \/>\n<meta property=\"og:site_name\" content=\"Wara Comunicaciones\" \/>\n<meta property=\"article:publisher\" content=\"https:\/\/www.facebook.com\/waracomunicaciones2017\" \/>\n<meta property=\"article:published_time\" content=\"2025-10-07T16:07:43+00:00\" \/>\n<meta property=\"article:modified_time\" content=\"2025-10-07T16:07:44+00:00\" \/>\n<meta property=\"og:image\" content=\"https:\/\/waracomunicaciones.com\/wp-content\/uploads\/2025\/10\/rrrr.webp\" \/>\n\t<meta property=\"og:image:width\" content=\"1000\" \/>\n\t<meta property=\"og:image:height\" content=\"1046\" \/>\n\t<meta property=\"og:image:type\" content=\"image\/webp\" \/>\n<meta name=\"author\" content=\"admin\" \/>\n<meta name=\"twitter:card\" content=\"summary_large_image\" \/>\n<meta name=\"twitter:label1\" content=\"Escrito por\" \/>\n\t<meta name=\"twitter:data1\" content=\"admin\" \/>\n\t<meta name=\"twitter:label2\" content=\"Tiempo de lectura\" \/>\n\t<meta name=\"twitter:data2\" content=\"5 minutos\" \/>\n<script type=\"application\/ld+json\" class=\"yoast-schema-graph\">{\"@context\":\"https:\/\/schema.org\",\"@graph\":[{\"@type\":\"Article\",\"@id\":\"https:\/\/waracomunicaciones.com\/?p=841#article\",\"isPartOf\":{\"@id\":\"https:\/\/waracomunicaciones.com\/?p=841\"},\"author\":{\"name\":\"admin\",\"@id\":\"https:\/\/waracomunicaciones.com\/#\/schema\/person\/e9db934bc91575cc71fe584c5973244a\"},\"headline\":\"Multitudinario acto en Montero marca la visita de Rodrigo Paz Pereira: balance positivo pese a ajustes de \u00faltimo momento\",\"datePublished\":\"2025-10-07T16:07:43+00:00\",\"dateModified\":\"2025-10-07T16:07:44+00:00\",\"mainEntityOfPage\":{\"@id\":\"https:\/\/waracomunicaciones.com\/?p=841\"},\"wordCount\":690,\"commentCount\":0,\"publisher\":{\"@id\":\"https:\/\/waracomunicaciones.com\/#organization\"},\"image\":{\"@id\":\"https:\/\/waracomunicaciones.com\/?p=841#primaryimage\"},\"thumbnailUrl\":\"https:\/\/waracomunicaciones.com\/wp-content\/uploads\/2025\/10\/rrrr-979x1024.webp\",\"keywords\":[\"Balotaje\",\"Elecciones Nacionales 2025\",\"PDC\",\"Rodrigo Paz\"],\"articleSection\":[\"Pol\u00edtica\"],\"inLanguage\":\"es\",\"potentialAction\":[{\"@type\":\"CommentAction\",\"name\":\"Comment\",\"target\":[\"https:\/\/waracomunicaciones.com\/?p=841#respond\"]}]},{\"@type\":\"WebPage\",\"@id\":\"https:\/\/waracomunicaciones.com\/?p=841\",\"url\":\"https:\/\/waracomunicaciones.com\/?p=841\",\"name\":\"Multitudinario acto en Montero marca la visita de Rodrigo Paz Pereira: balance positivo pese a ajustes de \u00faltimo momento - Wara Comunicaciones\",\"isPartOf\":{\"@id\":\"https:\/\/waracomunicaciones.com\/#website\"},\"primaryImageOfPage\":{\"@id\":\"https:\/\/waracomunicaciones.com\/?p=841#primaryimage\"},\"image\":{\"@id\":\"https:\/\/waracomunicaciones.com\/?p=841#primaryimage\"},\"thumbnailUrl\":\"https:\/\/waracomunicaciones.com\/wp-content\/uploads\/2025\/10\/rrrr-979x1024.webp\",\"datePublished\":\"2025-10-07T16:07:43+00:00\",\"dateModified\":\"2025-10-07T16:07:44+00:00\",\"breadcrumb\":{\"@id\":\"https:\/\/waracomunicaciones.com\/?p=841#breadcrumb\"},\"inLanguage\":\"es\",\"potentialAction\":[{\"@type\":\"ReadAction\",\"target\":[\"https:\/\/waracomunicaciones.com\/?p=841\"]}]},{\"@type\":\"ImageObject\",\"inLanguage\":\"es\",\"@id\":\"https:\/\/waracomunicaciones.com\/?p=841#primaryimage\",\"url\":\"https:\/\/waracomunicaciones.com\/wp-content\/uploads\/2025\/10\/rrrr.webp\",\"contentUrl\":\"https:\/\/waracomunicaciones.com\/wp-content\/uploads\/2025\/10\/rrrr.webp\",\"width\":1000,\"height\":1046},{\"@type\":\"BreadcrumbList\",\"@id\":\"https:\/\/waracomunicaciones.com\/?p=841#breadcrumb\",\"itemListElement\":[{\"@type\":\"ListItem\",\"position\":1,\"name\":\"Portada\",\"item\":\"https:\/\/waracomunicaciones.com\/\"},{\"@type\":\"ListItem\",\"position\":2,\"name\":\"Multitudinario acto en Montero marca la visita de Rodrigo Paz Pereira: balance positivo pese a ajustes de \u00faltimo momento\"}]},{\"@type\":\"WebSite\",\"@id\":\"https:\/\/waracomunicaciones.com\/#website\",\"url\":\"https:\/\/waracomunicaciones.com\/\",\"name\":\"Wara Comunicaciones\",\"description\":\"\",\"publisher\":{\"@id\":\"https:\/\/waracomunicaciones.com\/#organization\"},\"potentialAction\":[{\"@type\":\"SearchAction\",\"target\":{\"@type\":\"EntryPoint\",\"urlTemplate\":\"https:\/\/waracomunicaciones.com\/?s={search_term_string}\"},\"query-input\":{\"@type\":\"PropertyValueSpecification\",\"valueRequired\":true,\"valueName\":\"search_term_string\"}}],\"inLanguage\":\"es\"},{\"@type\":\"Organization\",\"@id\":\"https:\/\/waracomunicaciones.com\/#organization\",\"name\":\"Wara Comunicaciones\",\"url\":\"https:\/\/waracomunicaciones.com\/\",\"logo\":{\"@type\":\"ImageObject\",\"inLanguage\":\"es\",\"@id\":\"https:\/\/waracomunicaciones.com\/#\/schema\/logo\/image\/\",\"url\":\"https:\/\/waracomunicaciones.com\/wp-content\/uploads\/2025\/07\/logo.png\",\"contentUrl\":\"https:\/\/waracomunicaciones.com\/wp-content\/uploads\/2025\/07\/logo.png\",\"width\":400,\"height\":164,\"caption\":\"Wara Comunicaciones\"},\"image\":{\"@id\":\"https:\/\/waracomunicaciones.com\/#\/schema\/logo\/image\/\"},\"sameAs\":[\"https:\/\/www.facebook.com\/waracomunicaciones2017\"]},{\"@type\":\"Person\",\"@id\":\"https:\/\/waracomunicaciones.com\/#\/schema\/person\/e9db934bc91575cc71fe584c5973244a\",\"name\":\"admin\",\"image\":{\"@type\":\"ImageObject\",\"inLanguage\":\"es\",\"@id\":\"https:\/\/waracomunicaciones.com\/#\/schema\/person\/image\/\",\"url\":\"https:\/\/secure.gravatar.com\/avatar\/bf27e9186df568254093afa216f887fece17605302c6ff12f3980422fffa52e6?s=96&d=mm&r=g\",\"contentUrl\":\"https:\/\/secure.gravatar.com\/avatar\/bf27e9186df568254093afa216f887fece17605302c6ff12f3980422fffa52e6?s=96&d=mm&r=g\",\"caption\":\"admin\"},\"sameAs\":[\"https:\/\/waracomunicaciones.com\/wp\"],\"url\":\"https:\/\/waracomunicaciones.com\/?author=1\"}]}<\/script>\n<!-- \/ Yoast SEO Premium plugin. -->","yoast_head_json":{"title":"Multitudinario acto en Montero marca la visita de Rodrigo Paz Pereira: balance positivo pese a ajustes de \u00faltimo momento - Wara Comunicaciones","robots":{"index":"index","follow":"follow","max-snippet":"max-snippet:-1","max-image-preview":"max-image-preview:large","max-video-preview":"max-video-preview:-1"},"canonical":"https:\/\/waracomunicaciones.com\/?p=841","og_locale":"es_ES","og_type":"article","og_title":"Multitudinario acto en Montero marca la visita de Rodrigo Paz Pereira: balance positivo pese a ajustes de \u00faltimo momento","og_description":"Montero, \u2014 El domingo reciente, la ciudad de Montero fue escenario de un masivo acto pol\u00edtico organizado con motivo de la visita del candidato presidencial Rodrigo Paz Pereira, quien lleg\u00f3 acompa\u00f1ado de dirigentes del Partido Dem\u00f3crata Cristiano (PDC). A pesar de algunos contratiempos en la agenda y modificaciones log\u00edsticas, los organizadores calificaron la jornada como [&hellip;]","og_url":"https:\/\/waracomunicaciones.com\/?p=841","og_site_name":"Wara Comunicaciones","article_publisher":"https:\/\/www.facebook.com\/waracomunicaciones2017","article_published_time":"2025-10-07T16:07:43+00:00","article_modified_time":"2025-10-07T16:07:44+00:00","og_image":[{"width":1000,"height":1046,"url":"https:\/\/waracomunicaciones.com\/wp-content\/uploads\/2025\/10\/rrrr.webp","type":"image\/webp"}],"author":"admin","twitter_card":"summary_large_image","twitter_misc":{"Escrito por":"admin","Tiempo de lectura":"5 minutos"},"schema":{"@context":"https:\/\/schema.org","@graph":[{"@type":"Article","@id":"https:\/\/waracomunicaciones.com\/?p=841#article","isPartOf":{"@id":"https:\/\/waracomunicaciones.com\/?p=841"},"author":{"name":"admin","@id":"https:\/\/waracomunicaciones.com\/#\/schema\/person\/e9db934bc91575cc71fe584c5973244a"},"headline":"Multitudinario acto en Montero marca la visita de Rodrigo Paz Pereira: balance positivo pese a ajustes de \u00faltimo momento","datePublished":"2025-10-07T16:07:43+00:00","dateModified":"2025-10-07T16:07:44+00:00","mainEntityOfPage":{"@id":"https:\/\/waracomunicaciones.com\/?p=841"},"wordCount":690,"commentCount":0,"publisher":{"@id":"https:\/\/waracomunicaciones.com\/#organization"},"image":{"@id":"https:\/\/waracomunicaciones.com\/?p=841#primaryimage"},"thumbnailUrl":"https:\/\/waracomunicaciones.com\/wp-content\/uploads\/2025\/10\/rrrr-979x1024.webp","keywords":["Balotaje","Elecciones Nacionales 2025","PDC","Rodrigo Paz"],"articleSection":["Pol\u00edtica"],"inLanguage":"es","potentialAction":[{"@type":"CommentAction","name":"Comment","target":["https:\/\/waracomunicaciones.com\/?p=841#respond"]}]},{"@type":"WebPage","@id":"https:\/\/waracomunicaciones.com\/?p=841","url":"https:\/\/waracomunicaciones.com\/?p=841","name":"Multitudinario acto en Montero marca la visita de Rodrigo Paz Pereira: balance positivo pese a ajustes de \u00faltimo momento - Wara Comunicaciones","isPartOf":{"@id":"https:\/\/waracomunicaciones.com\/#website"},"primaryImageOfPage":{"@id":"https:\/\/waracomunicaciones.com\/?p=841#primaryimage"},"image":{"@id":"https:\/\/waracomunicaciones.com\/?p=841#primaryimage"},"thumbnailUrl":"https:\/\/waracomunicaciones.com\/wp-content\/uploads\/2025\/10\/rrrr-979x1024.webp","datePublished":"2025-10-07T16:07:43+00:00","dateModified":"2025-10-07T16:07:44+00:00","breadcrumb":{"@id":"https:\/\/waracomunicaciones.com\/?p=841#breadcrumb"},"inLanguage":"es","potentialAction":[{"@type":"ReadAction","target":["https:\/\/waracomunicaciones.com\/?p=841"]}]},{"@type":"ImageObject","inLanguage":"es","@id":"https:\/\/waracomunicaciones.com\/?p=841#primaryimage","url":"https:\/\/waracomunicaciones.com\/wp-content\/uploads\/2025\/10\/rrrr.webp","contentUrl":"https:\/\/waracomunicaciones.com\/wp-content\/uploads\/2025\/10\/rrrr.webp","width":1000,"height":1046},{"@type":"BreadcrumbList","@id":"https:\/\/waracomunicaciones.com\/?p=841#breadcrumb","itemListElement":[{"@type":"ListItem","position":1,"name":"Portada","item":"https:\/\/waracomunicaciones.com\/"},{"@type":"ListItem","position":2,"name":"Multitudinario acto en Montero marca la visita de Rodrigo Paz Pereira: balance positivo pese a ajustes de \u00faltimo momento"}]},{"@type":"WebSite","@id":"https:\/\/waracomunicaciones.com\/#website","url":"https:\/\/waracomunicaciones.com\/","name":"Wara Comunicaciones","description":"","publisher":{"@id":"https:\/\/waracomunicaciones.com\/#organization"},"potentialAction":[{"@type":"SearchAction","target":{"@type":"EntryPoint","urlTemplate":"https:\/\/waracomunicaciones.com\/?s={search_term_string}"},"query-input":{"@type":"PropertyValueSpecification","valueRequired":true,"valueName":"search_term_string"}}],"inLanguage":"es"},{"@type":"Organization","@id":"https:\/\/waracomunicaciones.com\/#organization","name":"Wara Comunicaciones","url":"https:\/\/waracomunicaciones.com\/","logo":{"@type":"ImageObject","inLanguage":"es","@id":"https:\/\/waracomunicaciones.com\/#\/schema\/logo\/image\/","url":"https:\/\/waracomunicaciones.com\/wp-content\/uploads\/2025\/07\/logo.png","contentUrl":"https:\/\/waracomunicaciones.com\/wp-content\/uploads\/2025\/07\/logo.png","width":400,"height":164,"caption":"Wara Comunicaciones"},"image":{"@id":"https:\/\/waracomunicaciones.com\/#\/schema\/logo\/image\/"},"sameAs":["https:\/\/www.facebook.com\/waracomunicaciones2017"]},{"@type":"Person","@id":"https:\/\/waracomunicaciones.com\/#\/schema\/person\/e9db934bc91575cc71fe584c5973244a","name":"admin","image":{"@type":"ImageObject","inLanguage":"es","@id":"https:\/\/waracomunicaciones.com\/#\/schema\/person\/image\/","url":"https:\/\/secure.gravatar.com\/avatar\/bf27e9186df568254093afa216f887fece17605302c6ff12f3980422fffa52e6?s=96&d=mm&r=g","contentUrl":"https:\/\/secure.gravatar.com\/avatar\/bf27e9186df568254093afa216f887fece17605302c6ff12f3980422fffa52e6?s=96&d=mm&r=g","caption":"admin"},"sameAs":["https:\/\/waracomunicaciones.com\/wp"],"url":"https:\/\/waracomunicaciones.com\/?author=1"}]}},"_links":{"self":[{"href":"https:\/\/waracomunicaciones.com\/index.php?rest_route=\/wp\/v2\/posts\/841","targetHints":{"allow":["GET"]}}],"collection":[{"href":"https:\/\/waracomunicaciones.com\/index.php?rest_route=\/wp\/v2\/posts"}],"about":[{"href":"https:\/\/waracomunicaciones.com\/index.php?rest_route=\/wp\/v2\/types\/post"}],"author":[{"embeddable":true,"href":"https:\/\/waracomunicaciones.com\/index.php?rest_route=\/wp\/v2\/users\/1"}],"replies":[{"embeddable":true,"href":"https:\/\/waracomunicaciones.com\/index.php?rest_route=%2Fwp%2Fv2%2Fcomments&post=841"}],"version-history":[{"count":1,"href":"https:\/\/waracomunicaciones.com\/index.php?rest_route=\/wp\/v2\/posts\/841\/revisions"}],"predecessor-version":[{"id":852,"href":"https:\/\/waracomunicaciones.com\/index.php?rest_route=\/wp\/v2\/posts\/841\/revisions\/852"}],"wp:attachment":[{"href":"https:\/\/waracomunicaciones.com\/index.php?rest_route=%2Fwp%2Fv2%2Fmedia&parent=841"}],"wp:term":[{"taxonomy":"category","embeddable":true,"href":"https:\/\/waracomunicaciones.com\/index.php?rest_route=%2Fwp%2Fv2%2Fcategories&post=841"},{"taxonomy":"post_tag","embeddable":true,"href":"https:\/\/waracomunicaciones.com\/index.php?rest_route=%2Fwp%2Fv2%2Ftags&post=841"}],"curies":[{"name":"wp","href":"https:\/\/api.w.org\/{rel}","templated":true}]}}