{"id":835,"date":"2025-10-07T11:51:55","date_gmt":"2025-10-07T15:51:55","guid":{"rendered":"https:\/\/waracomunicaciones.com\/?p=835"},"modified":"2025-10-07T11:51:56","modified_gmt":"2025-10-07T15:51:56","slug":"subgobernador-de-la-provincia-obispo-santistevan-inicia-inspeccion-de-pozos-de-agua-en-montero","status":"publish","type":"post","link":"https:\/\/waracomunicaciones.com\/?p=835","title":{"rendered":"Subgobernador de la provincia Obispo Santistevan inicia inspecci\u00f3n de pozos de agua en Montero"},"content":{"rendered":"\n<figure class=\"wp-block-image size-full\"><img loading=\"lazy\" decoding=\"async\" width=\"735\" height=\"400\" src=\"https:\/\/waracomunicaciones.com\/wp-content\/uploads\/2025\/10\/adfdsvg.webp\" alt=\"\" class=\"wp-image-836\" srcset=\"https:\/\/waracomunicaciones.com\/wp-content\/uploads\/2025\/10\/adfdsvg.webp 735w, https:\/\/waracomunicaciones.com\/wp-content\/uploads\/2025\/10\/adfdsvg-300x163.webp 300w\" sizes=\"auto, (max-width: 735px) 100vw, 735px\" \/><figcaption class=\"wp-element-caption\"><em>Dr. Juan Carlos Maciel Subgobernador de la Provincia Obispo Santistevan &#8211; Foto Facebook<\/em><\/figcaption><\/figure>\n\n\n<p><strong>Montero, &#8211; <\/strong>\u00a0En el marco de un programa de seguimiento y control de la calidad del agua, el subgobernador de la provincia Obispo Santistevan, <strong>Dr. Juan Carlos Maciel<\/strong>, inici\u00f3 este lunes una jornada de inspecci\u00f3n a diferentes pozos de agua en el municipio de Montero. <!--more-->La actividad cuenta con el respaldo de la Direcci\u00f3n de Medio Ambiente de la Gobernaci\u00f3n y la participaci\u00f3n de la cooperativa Cosmol.<\/p>\n<p>Durante una entrevista con el periodista <strong>Tom\u00e1s Coca<\/strong>, el subgobernador inform\u00f3 que la inspecci\u00f3n forma parte de un cronograma provincial que posteriormente se replicar\u00e1 en otros municipios.<\/p>\n<p><em>\u201cEstamos ahora con la Direcci\u00f3n de Medio Ambiente de la Gobernaci\u00f3n, vamos a iniciar esta intervenci\u00f3n y visitar 10 pozos en Montero, acompa\u00f1ados de la cooperativa Cosmol\u201d<\/em>, indic\u00f3 Maciel.<\/p>\n<p>El objetivo principal de estas visitas es verificar el cumplimiento de la normativa medioambiental, particularmente en lo referido a la <strong>calidad del agua<\/strong>.<\/p>\n<p><em>\u201cYa se ha otorgado la Ficha Ambiental a la cooperativa y vamos a verificar que el agua cumpla con los est\u00e1ndares establecidos. Para eso contamos con t\u00e9cnicos y formularios espec\u00edficos que se llenar\u00e1n en cada punto de inspecci\u00f3n\u201d<\/em>, a\u00f1adi\u00f3.<\/p>\n<p>Consultado sobre las posibles acciones en caso de encontrar irregularidades, el subgobernador fue enf\u00e1tico en se\u00f1alar que existen procedimientos establecidos, aunque evit\u00f3 especular:<\/p>\n<p><em>\u201cSon los t\u00e9cnicos los que elaboran los informes. Si se detectan observaciones, ser\u00e1n ellos quienes definan los pasos a seguir seg\u00fan normativa. No corresponde adelantarnos a conclusiones\u201d<\/em>, puntualiz\u00f3.<\/p>\n<p>Finalmente, Maciel remarc\u00f3 el compromiso de las autoridades en garantizar servicios b\u00e1sicos de calidad para la poblaci\u00f3n:<\/p>\n<p><em>\u201cEs importante que la gente vea que estamos trabajando, que estamos presentes, cumpliendo nuestras funciones para mejorar las condiciones de vida de la poblaci\u00f3n\u201d<\/em>, concluy\u00f3.<\/p><div style=\"margin-top: 0px; margin-bottom: 0px;\" class=\"sharethis-inline-reaction-buttons\" ><\/div>","protected":false},"excerpt":{"rendered":"<p>Montero, &#8211; \u00a0En el marco de un programa de seguimiento y control de la calidad del agua, el subgobernador de la provincia Obispo Santistevan, Dr. Juan Carlos Maciel, inici\u00f3 este lunes una jornada de inspecci\u00f3n a diferentes pozos de agua en el municipio de Montero.<\/p>\n","protected":false},"author":1,"featured_media":0,"comment_status":"open","ping_status":"open","sticky":false,"template":"","format":"standard","meta":{"footnotes":""},"categories":[144],"tags":[146,219,139],"class_list":["post-835","post","type-post","status-publish","format-standard","hentry","category-salud-local","tag-cosmol","tag-inspeccion","tag-juan-carlos-maciel"],"yoast_head":"<!-- This site is optimized with the Yoast SEO Premium plugin v25.5 (Yoast SEO v27.1.1) - https:\/\/yoast.com\/product\/yoast-seo-premium-wordpress\/ -->\n<title>Subgobernador de la provincia Obispo Santistevan inicia inspecci\u00f3n de pozos de agua en Montero - Wara Comunicaciones<\/title>\n<meta name=\"robots\" content=\"index, follow, max-snippet:-1, max-image-preview:large, max-video-preview:-1\" \/>\n<link rel=\"canonical\" href=\"https:\/\/waracomunicaciones.com\/?p=835\" \/>\n<meta property=\"og:locale\" content=\"es_ES\" \/>\n<meta property=\"og:type\" content=\"article\" \/>\n<meta property=\"og:title\" content=\"Subgobernador de la provincia Obispo Santistevan inicia inspecci\u00f3n de pozos de agua en Montero\" \/>\n<meta property=\"og:description\" content=\"Montero, &#8211; \u00a0En el marco de un programa de seguimiento y control de la calidad del agua, el subgobernador de la provincia Obispo Santistevan, Dr. Juan Carlos Maciel, inici\u00f3 este lunes una jornada de inspecci\u00f3n a diferentes pozos de agua en el municipio de Montero.\" \/>\n<meta property=\"og:url\" content=\"https:\/\/waracomunicaciones.com\/?p=835\" \/>\n<meta property=\"og:site_name\" content=\"Wara Comunicaciones\" \/>\n<meta property=\"article:publisher\" content=\"https:\/\/www.facebook.com\/waracomunicaciones2017\" \/>\n<meta property=\"article:published_time\" content=\"2025-10-07T15:51:55+00:00\" \/>\n<meta property=\"article:modified_time\" content=\"2025-10-07T15:51:56+00:00\" \/>\n<meta property=\"og:image\" content=\"https:\/\/waracomunicaciones.com\/wp-content\/uploads\/2025\/10\/adfdsvg.webp\" \/>\n\t<meta property=\"og:image:width\" content=\"735\" \/>\n\t<meta property=\"og:image:height\" content=\"400\" \/>\n\t<meta property=\"og:image:type\" content=\"image\/webp\" \/>\n<meta name=\"author\" content=\"admin\" \/>\n<meta name=\"twitter:card\" content=\"summary_large_image\" \/>\n<meta name=\"twitter:label1\" content=\"Escrito por\" \/>\n\t<meta name=\"twitter:data1\" content=\"admin\" \/>\n\t<meta name=\"twitter:label2\" content=\"Tiempo de lectura\" \/>\n\t<meta name=\"twitter:data2\" content=\"2 minutos\" \/>\n<script type=\"application\/ld+json\" class=\"yoast-schema-graph\">{\"@context\":\"https:\/\/schema.org\",\"@graph\":[{\"@type\":\"Article\",\"@id\":\"https:\/\/waracomunicaciones.com\/?p=835#article\",\"isPartOf\":{\"@id\":\"https:\/\/waracomunicaciones.com\/?p=835\"},\"author\":{\"name\":\"admin\",\"@id\":\"https:\/\/waracomunicaciones.com\/#\/schema\/person\/e9db934bc91575cc71fe584c5973244a\"},\"headline\":\"Subgobernador de la provincia Obispo Santistevan inicia inspecci\u00f3n de pozos de agua en Montero\",\"datePublished\":\"2025-10-07T15:51:55+00:00\",\"dateModified\":\"2025-10-07T15:51:56+00:00\",\"mainEntityOfPage\":{\"@id\":\"https:\/\/waracomunicaciones.com\/?p=835\"},\"wordCount\":329,\"commentCount\":0,\"publisher\":{\"@id\":\"https:\/\/waracomunicaciones.com\/#organization\"},\"image\":{\"@id\":\"https:\/\/waracomunicaciones.com\/?p=835#primaryimage\"},\"thumbnailUrl\":\"https:\/\/waracomunicaciones.com\/wp-content\/uploads\/2025\/10\/adfdsvg.webp\",\"keywords\":[\"COSMOL\",\"Inspecci\u00f3n\",\"Juan Carlos Maciel\"],\"articleSection\":[\"Salud\"],\"inLanguage\":\"es\",\"potentialAction\":[{\"@type\":\"CommentAction\",\"name\":\"Comment\",\"target\":[\"https:\/\/waracomunicaciones.com\/?p=835#respond\"]}]},{\"@type\":\"WebPage\",\"@id\":\"https:\/\/waracomunicaciones.com\/?p=835\",\"url\":\"https:\/\/waracomunicaciones.com\/?p=835\",\"name\":\"Subgobernador de la provincia Obispo Santistevan inicia inspecci\u00f3n de pozos de agua en Montero - Wara Comunicaciones\",\"isPartOf\":{\"@id\":\"https:\/\/waracomunicaciones.com\/#website\"},\"primaryImageOfPage\":{\"@id\":\"https:\/\/waracomunicaciones.com\/?p=835#primaryimage\"},\"image\":{\"@id\":\"https:\/\/waracomunicaciones.com\/?p=835#primaryimage\"},\"thumbnailUrl\":\"https:\/\/waracomunicaciones.com\/wp-content\/uploads\/2025\/10\/adfdsvg.webp\",\"datePublished\":\"2025-10-07T15:51:55+00:00\",\"dateModified\":\"2025-10-07T15:51:56+00:00\",\"breadcrumb\":{\"@id\":\"https:\/\/waracomunicaciones.com\/?p=835#breadcrumb\"},\"inLanguage\":\"es\",\"potentialAction\":[{\"@type\":\"ReadAction\",\"target\":[\"https:\/\/waracomunicaciones.com\/?p=835\"]}]},{\"@type\":\"ImageObject\",\"inLanguage\":\"es\",\"@id\":\"https:\/\/waracomunicaciones.com\/?p=835#primaryimage\",\"url\":\"https:\/\/waracomunicaciones.com\/wp-content\/uploads\/2025\/10\/adfdsvg.webp\",\"contentUrl\":\"https:\/\/waracomunicaciones.com\/wp-content\/uploads\/2025\/10\/adfdsvg.webp\",\"width\":735,\"height\":400},{\"@type\":\"BreadcrumbList\",\"@id\":\"https:\/\/waracomunicaciones.com\/?p=835#breadcrumb\",\"itemListElement\":[{\"@type\":\"ListItem\",\"position\":1,\"name\":\"Portada\",\"item\":\"https:\/\/waracomunicaciones.com\/\"},{\"@type\":\"ListItem\",\"position\":2,\"name\":\"Subgobernador de la provincia Obispo Santistevan inicia inspecci\u00f3n de pozos de agua en Montero\"}]},{\"@type\":\"WebSite\",\"@id\":\"https:\/\/waracomunicaciones.com\/#website\",\"url\":\"https:\/\/waracomunicaciones.com\/\",\"name\":\"Wara Comunicaciones\",\"description\":\"\",\"publisher\":{\"@id\":\"https:\/\/waracomunicaciones.com\/#organization\"},\"potentialAction\":[{\"@type\":\"SearchAction\",\"target\":{\"@type\":\"EntryPoint\",\"urlTemplate\":\"https:\/\/waracomunicaciones.com\/?s={search_term_string}\"},\"query-input\":{\"@type\":\"PropertyValueSpecification\",\"valueRequired\":true,\"valueName\":\"search_term_string\"}}],\"inLanguage\":\"es\"},{\"@type\":\"Organization\",\"@id\":\"https:\/\/waracomunicaciones.com\/#organization\",\"name\":\"Wara Comunicaciones\",\"url\":\"https:\/\/waracomunicaciones.com\/\",\"logo\":{\"@type\":\"ImageObject\",\"inLanguage\":\"es\",\"@id\":\"https:\/\/waracomunicaciones.com\/#\/schema\/logo\/image\/\",\"url\":\"https:\/\/waracomunicaciones.com\/wp-content\/uploads\/2025\/07\/logo.png\",\"contentUrl\":\"https:\/\/waracomunicaciones.com\/wp-content\/uploads\/2025\/07\/logo.png\",\"width\":400,\"height\":164,\"caption\":\"Wara Comunicaciones\"},\"image\":{\"@id\":\"https:\/\/waracomunicaciones.com\/#\/schema\/logo\/image\/\"},\"sameAs\":[\"https:\/\/www.facebook.com\/waracomunicaciones2017\"]},{\"@type\":\"Person\",\"@id\":\"https:\/\/waracomunicaciones.com\/#\/schema\/person\/e9db934bc91575cc71fe584c5973244a\",\"name\":\"admin\",\"image\":{\"@type\":\"ImageObject\",\"inLanguage\":\"es\",\"@id\":\"https:\/\/waracomunicaciones.com\/#\/schema\/person\/image\/\",\"url\":\"https:\/\/secure.gravatar.com\/avatar\/bf27e9186df568254093afa216f887fece17605302c6ff12f3980422fffa52e6?s=96&d=mm&r=g\",\"contentUrl\":\"https:\/\/secure.gravatar.com\/avatar\/bf27e9186df568254093afa216f887fece17605302c6ff12f3980422fffa52e6?s=96&d=mm&r=g\",\"caption\":\"admin\"},\"sameAs\":[\"https:\/\/waracomunicaciones.com\/wp\"],\"url\":\"https:\/\/waracomunicaciones.com\/?author=1\"}]}<\/script>\n<!-- \/ Yoast SEO Premium plugin. -->","yoast_head_json":{"title":"Subgobernador de la provincia Obispo Santistevan inicia inspecci\u00f3n de pozos de agua en Montero - Wara Comunicaciones","robots":{"index":"index","follow":"follow","max-snippet":"max-snippet:-1","max-image-preview":"max-image-preview:large","max-video-preview":"max-video-preview:-1"},"canonical":"https:\/\/waracomunicaciones.com\/?p=835","og_locale":"es_ES","og_type":"article","og_title":"Subgobernador de la provincia Obispo Santistevan inicia inspecci\u00f3n de pozos de agua en Montero","og_description":"Montero, &#8211; \u00a0En el marco de un programa de seguimiento y control de la calidad del agua, el subgobernador de la provincia Obispo Santistevan, Dr. Juan Carlos Maciel, inici\u00f3 este lunes una jornada de inspecci\u00f3n a diferentes pozos de agua en el municipio de Montero.","og_url":"https:\/\/waracomunicaciones.com\/?p=835","og_site_name":"Wara Comunicaciones","article_publisher":"https:\/\/www.facebook.com\/waracomunicaciones2017","article_published_time":"2025-10-07T15:51:55+00:00","article_modified_time":"2025-10-07T15:51:56+00:00","og_image":[{"width":735,"height":400,"url":"https:\/\/waracomunicaciones.com\/wp-content\/uploads\/2025\/10\/adfdsvg.webp","type":"image\/webp"}],"author":"admin","twitter_card":"summary_large_image","twitter_misc":{"Escrito por":"admin","Tiempo de lectura":"2 minutos"},"schema":{"@context":"https:\/\/schema.org","@graph":[{"@type":"Article","@id":"https:\/\/waracomunicaciones.com\/?p=835#article","isPartOf":{"@id":"https:\/\/waracomunicaciones.com\/?p=835"},"author":{"name":"admin","@id":"https:\/\/waracomunicaciones.com\/#\/schema\/person\/e9db934bc91575cc71fe584c5973244a"},"headline":"Subgobernador de la provincia Obispo Santistevan inicia inspecci\u00f3n de pozos de agua en Montero","datePublished":"2025-10-07T15:51:55+00:00","dateModified":"2025-10-07T15:51:56+00:00","mainEntityOfPage":{"@id":"https:\/\/waracomunicaciones.com\/?p=835"},"wordCount":329,"commentCount":0,"publisher":{"@id":"https:\/\/waracomunicaciones.com\/#organization"},"image":{"@id":"https:\/\/waracomunicaciones.com\/?p=835#primaryimage"},"thumbnailUrl":"https:\/\/waracomunicaciones.com\/wp-content\/uploads\/2025\/10\/adfdsvg.webp","keywords":["COSMOL","Inspecci\u00f3n","Juan Carlos Maciel"],"articleSection":["Salud"],"inLanguage":"es","potentialAction":[{"@type":"CommentAction","name":"Comment","target":["https:\/\/waracomunicaciones.com\/?p=835#respond"]}]},{"@type":"WebPage","@id":"https:\/\/waracomunicaciones.com\/?p=835","url":"https:\/\/waracomunicaciones.com\/?p=835","name":"Subgobernador de la provincia Obispo Santistevan inicia inspecci\u00f3n de pozos de agua en Montero - Wara Comunicaciones","isPartOf":{"@id":"https:\/\/waracomunicaciones.com\/#website"},"primaryImageOfPage":{"@id":"https:\/\/waracomunicaciones.com\/?p=835#primaryimage"},"image":{"@id":"https:\/\/waracomunicaciones.com\/?p=835#primaryimage"},"thumbnailUrl":"https:\/\/waracomunicaciones.com\/wp-content\/uploads\/2025\/10\/adfdsvg.webp","datePublished":"2025-10-07T15:51:55+00:00","dateModified":"2025-10-07T15:51:56+00:00","breadcrumb":{"@id":"https:\/\/waracomunicaciones.com\/?p=835#breadcrumb"},"inLanguage":"es","potentialAction":[{"@type":"ReadAction","target":["https:\/\/waracomunicaciones.com\/?p=835"]}]},{"@type":"ImageObject","inLanguage":"es","@id":"https:\/\/waracomunicaciones.com\/?p=835#primaryimage","url":"https:\/\/waracomunicaciones.com\/wp-content\/uploads\/2025\/10\/adfdsvg.webp","contentUrl":"https:\/\/waracomunicaciones.com\/wp-content\/uploads\/2025\/10\/adfdsvg.webp","width":735,"height":400},{"@type":"BreadcrumbList","@id":"https:\/\/waracomunicaciones.com\/?p=835#breadcrumb","itemListElement":[{"@type":"ListItem","position":1,"name":"Portada","item":"https:\/\/waracomunicaciones.com\/"},{"@type":"ListItem","position":2,"name":"Subgobernador de la provincia Obispo Santistevan inicia inspecci\u00f3n de pozos de agua en Montero"}]},{"@type":"WebSite","@id":"https:\/\/waracomunicaciones.com\/#website","url":"https:\/\/waracomunicaciones.com\/","name":"Wara Comunicaciones","description":"","publisher":{"@id":"https:\/\/waracomunicaciones.com\/#organization"},"potentialAction":[{"@type":"SearchAction","target":{"@type":"EntryPoint","urlTemplate":"https:\/\/waracomunicaciones.com\/?s={search_term_string}"},"query-input":{"@type":"PropertyValueSpecification","valueRequired":true,"valueName":"search_term_string"}}],"inLanguage":"es"},{"@type":"Organization","@id":"https:\/\/waracomunicaciones.com\/#organization","name":"Wara Comunicaciones","url":"https:\/\/waracomunicaciones.com\/","logo":{"@type":"ImageObject","inLanguage":"es","@id":"https:\/\/waracomunicaciones.com\/#\/schema\/logo\/image\/","url":"https:\/\/waracomunicaciones.com\/wp-content\/uploads\/2025\/07\/logo.png","contentUrl":"https:\/\/waracomunicaciones.com\/wp-content\/uploads\/2025\/07\/logo.png","width":400,"height":164,"caption":"Wara Comunicaciones"},"image":{"@id":"https:\/\/waracomunicaciones.com\/#\/schema\/logo\/image\/"},"sameAs":["https:\/\/www.facebook.com\/waracomunicaciones2017"]},{"@type":"Person","@id":"https:\/\/waracomunicaciones.com\/#\/schema\/person\/e9db934bc91575cc71fe584c5973244a","name":"admin","image":{"@type":"ImageObject","inLanguage":"es","@id":"https:\/\/waracomunicaciones.com\/#\/schema\/person\/image\/","url":"https:\/\/secure.gravatar.com\/avatar\/bf27e9186df568254093afa216f887fece17605302c6ff12f3980422fffa52e6?s=96&d=mm&r=g","contentUrl":"https:\/\/secure.gravatar.com\/avatar\/bf27e9186df568254093afa216f887fece17605302c6ff12f3980422fffa52e6?s=96&d=mm&r=g","caption":"admin"},"sameAs":["https:\/\/waracomunicaciones.com\/wp"],"url":"https:\/\/waracomunicaciones.com\/?author=1"}]}},"_links":{"self":[{"href":"https:\/\/waracomunicaciones.com\/index.php?rest_route=\/wp\/v2\/posts\/835","targetHints":{"allow":["GET"]}}],"collection":[{"href":"https:\/\/waracomunicaciones.com\/index.php?rest_route=\/wp\/v2\/posts"}],"about":[{"href":"https:\/\/waracomunicaciones.com\/index.php?rest_route=\/wp\/v2\/types\/post"}],"author":[{"embeddable":true,"href":"https:\/\/waracomunicaciones.com\/index.php?rest_route=\/wp\/v2\/users\/1"}],"replies":[{"embeddable":true,"href":"https:\/\/waracomunicaciones.com\/index.php?rest_route=%2Fwp%2Fv2%2Fcomments&post=835"}],"version-history":[{"count":1,"href":"https:\/\/waracomunicaciones.com\/index.php?rest_route=\/wp\/v2\/posts\/835\/revisions"}],"predecessor-version":[{"id":837,"href":"https:\/\/waracomunicaciones.com\/index.php?rest_route=\/wp\/v2\/posts\/835\/revisions\/837"}],"wp:attachment":[{"href":"https:\/\/waracomunicaciones.com\/index.php?rest_route=%2Fwp%2Fv2%2Fmedia&parent=835"}],"wp:term":[{"taxonomy":"category","embeddable":true,"href":"https:\/\/waracomunicaciones.com\/index.php?rest_route=%2Fwp%2Fv2%2Fcategories&post=835"},{"taxonomy":"post_tag","embeddable":true,"href":"https:\/\/waracomunicaciones.com\/index.php?rest_route=%2Fwp%2Fv2%2Ftags&post=835"}],"curies":[{"name":"wp","href":"https:\/\/api.w.org\/{rel}","templated":true}]}}