{"id":831,"date":"2025-10-06T11:44:07","date_gmt":"2025-10-06T15:44:07","guid":{"rendered":"https:\/\/waracomunicaciones.com\/?p=831"},"modified":"2025-10-06T11:44:08","modified_gmt":"2025-10-06T15:44:08","slug":"decano-cuellar-asume-liderazgo-en-finor-con-promesa-de-coordinacion-eficiencia-y-transformacion-academica","status":"publish","type":"post","link":"https:\/\/waracomunicaciones.com\/?p=831","title":{"rendered":"Decano Cu\u00e9llar asume liderazgo en FINOR con promesa de coordinaci\u00f3n, eficiencia y transformaci\u00f3n acad\u00e9mica"},"content":{"rendered":"\n<figure class=\"wp-block-image size-large\"><img loading=\"lazy\" decoding=\"async\" width=\"951\" height=\"1024\" src=\"https:\/\/waracomunicaciones.com\/wp-content\/uploads\/2025\/10\/dssdfgddg-951x1024.webp\" alt=\"\" class=\"wp-image-832\" srcset=\"https:\/\/waracomunicaciones.com\/wp-content\/uploads\/2025\/10\/dssdfgddg-951x1024.webp 951w, https:\/\/waracomunicaciones.com\/wp-content\/uploads\/2025\/10\/dssdfgddg-279x300.webp 279w, https:\/\/waracomunicaciones.com\/wp-content\/uploads\/2025\/10\/dssdfgddg-768x827.webp 768w, https:\/\/waracomunicaciones.com\/wp-content\/uploads\/2025\/10\/dssdfgddg.webp 1000w\" sizes=\"auto, (max-width: 951px) 100vw, 951px\" \/><figcaption class=\"wp-element-caption\"><em><a href=\"http:\/\/m.sc\/?fbclid=IwZXh0bgNhZW0CMTAAYnJpZBExTkZmZGN0MmJoeG1nRTFZWgEeyYTYJEiapm3iylGq3V6g2F7Jv6a0o3JAHAg6MELNID9cgn8rvs_k78mGFUs_aem_DxYNwDr7q-70Lxe4srK9HA\" target=\"_blank\" rel=\"noreferrer noopener\">M.Sc.<\/a> Jorge Cu\u00e9llar Antoni posesionado como Decano de la FINOR<\/em><\/figcaption><\/figure>\n\n\n<p><strong>Montero, &#8211;<\/strong> En un ambiente de renovaci\u00f3n y compromiso institucional, el nuevo decano de la Facultad Integral del Norte (FINOR), abogado Cu\u00e9llar, asumi\u00f3 sus funciones con un mensaje claro: las propuestas de campa\u00f1a no quedar\u00e1n archivadas, y su gesti\u00f3n se basar\u00e1 en la <strong>coordinaci\u00f3n efectiva<\/strong> con las distintas autoridades de carrera y un enfoque decidido hacia la mejora continua.<!--more--><\/p>\n<p>En entrevista con medios locales, el flamante decano abord\u00f3 con franqueza los desaf\u00edos que enfrenta la FINOR, al tiempo que deline\u00f3 los pilares fundamentales de su gesti\u00f3n. \u201cGanar una elecci\u00f3n no es solo tener una buena propuesta, sino tambi\u00e9n saber transmitir el mensaje y cumplir lo que uno promete\u201d, se\u00f1al\u00f3 Cu\u00e9llar, enfatizando que <strong>su plan de trabajo ser\u00e1 ejecutado con transparencia y compromiso real<\/strong>.<\/p>\n<p><strong>Coordinaci\u00f3n y trabajo conjunto como base del cambio<\/strong><\/p>\n<p>Una de las primeras acciones visibles ha sido la articulaci\u00f3n con las direcciones de carrera. \u201cReci\u00e9n acabamos de sostener una reuni\u00f3n con el director de Medicina y su consejo de carrera, verificando necesidades como el estado de la c\u00e1mara morf\u00f3rea\u201d, coment\u00f3 el decano, se\u00f1alando que el <strong>di\u00e1logo directo y la atenci\u00f3n a las demandas urgentes<\/strong> marcan la diferencia desde el primer d\u00eda.<\/p>\n<p>\u201cLa clave ser\u00e1 la coordinaci\u00f3n entre autoridades electas: directores de carrera, decano, vicedecano. Eso nos permitir\u00e1 dejar atr\u00e1s la improvisaci\u00f3n y convertirnos no solo en la facultad m\u00e1s grande, sino en la mejor\u201d, puntualiz\u00f3.<\/p>\n<p><strong>Cambiar la imagen institucional de FINOR<\/strong><\/p>\n<p>Cu\u00e9llar fue enf\u00e1tico al referirse a la imagen actual de la FINOR. Reconoci\u00f3 que existe una percepci\u00f3n negativa sobre retrasos en el inicio de clases, tomas y paros constantes, pero asegur\u00f3 que <strong>eso est\u00e1 por cambiar<\/strong>.<\/p>\n<p>\u201cNos dicen facultad de segunda. Yo les respond\u00ed: la FINOR no es peque\u00f1a. Es la cuarta facultad m\u00e1s grande de la Universidad Aut\u00f3noma Gabriel Ren\u00e9 Moreno, con 10 carreras y m\u00e1s de 7.000 estudiantes. Tenemos la responsabilidad de estar a la altura de ese tama\u00f1o\u201d, recalc\u00f3.<\/p>\n<p><strong>Compromiso con la calidad acad\u00e9mica<\/strong><\/p>\n<p>La nueva administraci\u00f3n buscar\u00e1 encaminar a todas las carreras hacia la <strong>autoevaluaci\u00f3n, acreditaci\u00f3n y mejora de procesos<\/strong>, con una visi\u00f3n centrada en la eficiencia acad\u00e9mica y administrativa. \u201cDebemos erradicar pr\u00e1cticas que perjudican el calendario acad\u00e9mico y deterioran la experiencia de nuestros estudiantes\u201d, afirm\u00f3.<\/p>\n<p><strong>Una facultad abierta al conocimiento y la comunidad<\/strong><\/p>\n<p>Finalmente, el decano reiter\u00f3 su apertura al escrutinio y participaci\u00f3n de la comunidad. \u201cA m\u00ed me encanta que me visiten, que nos pregunten, porque eso tambi\u00e9n nos ayuda a mejorar. Esta facultad debe ser un espacio para generar conocimiento, formar talento y producir tecnolog\u00eda al servicio de la sociedad\u201d, concluy\u00f3.<\/p><div style=\"margin-top: 0px; margin-bottom: 0px;\" class=\"sharethis-inline-reaction-buttons\" ><\/div>","protected":false},"excerpt":{"rendered":"<p>Montero, &#8211; En un ambiente de renovaci\u00f3n y compromiso institucional, el nuevo decano de la Facultad Integral del Norte (FINOR), abogado Cu\u00e9llar, asumi\u00f3 sus funciones con un mensaje claro: las propuestas de campa\u00f1a no quedar\u00e1n archivadas, y su gesti\u00f3n se basar\u00e1 en la coordinaci\u00f3n efectiva con las distintas autoridades de carrera y un enfoque decidido [&hellip;]<\/p>\n","protected":false},"author":1,"featured_media":0,"comment_status":"open","ping_status":"open","sticky":false,"template":"","format":"standard","meta":{"footnotes":""},"categories":[44],"tags":[216,218],"class_list":["post-831","post","type-post","status-publish","format-standard","hentry","category-educacion","tag-finor","tag-jorge-cuellar-antoni"],"yoast_head":"<!-- This site is optimized with the Yoast SEO Premium plugin v25.5 (Yoast SEO v27.1.1) - https:\/\/yoast.com\/product\/yoast-seo-premium-wordpress\/ -->\n<title>Decano Cu\u00e9llar asume liderazgo en FINOR con promesa de coordinaci\u00f3n, eficiencia y transformaci\u00f3n acad\u00e9mica - Wara Comunicaciones<\/title>\n<meta name=\"robots\" content=\"index, follow, max-snippet:-1, max-image-preview:large, max-video-preview:-1\" \/>\n<link rel=\"canonical\" href=\"https:\/\/waracomunicaciones.com\/?p=831\" \/>\n<meta property=\"og:locale\" content=\"es_ES\" \/>\n<meta property=\"og:type\" content=\"article\" \/>\n<meta property=\"og:title\" content=\"Decano Cu\u00e9llar asume liderazgo en FINOR con promesa de coordinaci\u00f3n, eficiencia y transformaci\u00f3n acad\u00e9mica\" \/>\n<meta property=\"og:description\" content=\"Montero, &#8211; En un ambiente de renovaci\u00f3n y compromiso institucional, el nuevo decano de la Facultad Integral del Norte (FINOR), abogado Cu\u00e9llar, asumi\u00f3 sus funciones con un mensaje claro: las propuestas de campa\u00f1a no quedar\u00e1n archivadas, y su gesti\u00f3n se basar\u00e1 en la coordinaci\u00f3n efectiva con las distintas autoridades de carrera y un enfoque decidido [&hellip;]\" \/>\n<meta property=\"og:url\" content=\"https:\/\/waracomunicaciones.com\/?p=831\" \/>\n<meta property=\"og:site_name\" content=\"Wara Comunicaciones\" \/>\n<meta property=\"article:publisher\" content=\"https:\/\/www.facebook.com\/waracomunicaciones2017\" \/>\n<meta property=\"article:published_time\" content=\"2025-10-06T15:44:07+00:00\" \/>\n<meta property=\"article:modified_time\" content=\"2025-10-06T15:44:08+00:00\" \/>\n<meta property=\"og:image\" content=\"https:\/\/waracomunicaciones.com\/wp-content\/uploads\/2025\/10\/dssdfgddg.webp\" \/>\n\t<meta property=\"og:image:width\" content=\"1000\" \/>\n\t<meta property=\"og:image:height\" content=\"1077\" \/>\n\t<meta property=\"og:image:type\" content=\"image\/webp\" \/>\n<meta name=\"author\" content=\"admin\" \/>\n<meta name=\"twitter:card\" content=\"summary_large_image\" \/>\n<meta name=\"twitter:label1\" content=\"Escrito por\" \/>\n\t<meta name=\"twitter:data1\" content=\"admin\" \/>\n\t<meta name=\"twitter:label2\" content=\"Tiempo de lectura\" \/>\n\t<meta name=\"twitter:data2\" content=\"3 minutos\" \/>\n<script type=\"application\/ld+json\" class=\"yoast-schema-graph\">{\"@context\":\"https:\/\/schema.org\",\"@graph\":[{\"@type\":\"Article\",\"@id\":\"https:\/\/waracomunicaciones.com\/?p=831#article\",\"isPartOf\":{\"@id\":\"https:\/\/waracomunicaciones.com\/?p=831\"},\"author\":{\"name\":\"admin\",\"@id\":\"https:\/\/waracomunicaciones.com\/#\/schema\/person\/e9db934bc91575cc71fe584c5973244a\"},\"headline\":\"Decano Cu\u00e9llar asume liderazgo en FINOR con promesa de coordinaci\u00f3n, eficiencia y transformaci\u00f3n acad\u00e9mica\",\"datePublished\":\"2025-10-06T15:44:07+00:00\",\"dateModified\":\"2025-10-06T15:44:08+00:00\",\"mainEntityOfPage\":{\"@id\":\"https:\/\/waracomunicaciones.com\/?p=831\"},\"wordCount\":494,\"commentCount\":0,\"publisher\":{\"@id\":\"https:\/\/waracomunicaciones.com\/#organization\"},\"image\":{\"@id\":\"https:\/\/waracomunicaciones.com\/?p=831#primaryimage\"},\"thumbnailUrl\":\"https:\/\/waracomunicaciones.com\/wp-content\/uploads\/2025\/10\/dssdfgddg-951x1024.webp\",\"keywords\":[\"FINOR\",\"Jorge Cuellar Antoni\"],\"articleSection\":[\"Educaci\u00f3n\"],\"inLanguage\":\"es\",\"potentialAction\":[{\"@type\":\"CommentAction\",\"name\":\"Comment\",\"target\":[\"https:\/\/waracomunicaciones.com\/?p=831#respond\"]}]},{\"@type\":\"WebPage\",\"@id\":\"https:\/\/waracomunicaciones.com\/?p=831\",\"url\":\"https:\/\/waracomunicaciones.com\/?p=831\",\"name\":\"Decano Cu\u00e9llar asume liderazgo en FINOR con promesa de coordinaci\u00f3n, eficiencia y transformaci\u00f3n acad\u00e9mica - Wara Comunicaciones\",\"isPartOf\":{\"@id\":\"https:\/\/waracomunicaciones.com\/#website\"},\"primaryImageOfPage\":{\"@id\":\"https:\/\/waracomunicaciones.com\/?p=831#primaryimage\"},\"image\":{\"@id\":\"https:\/\/waracomunicaciones.com\/?p=831#primaryimage\"},\"thumbnailUrl\":\"https:\/\/waracomunicaciones.com\/wp-content\/uploads\/2025\/10\/dssdfgddg-951x1024.webp\",\"datePublished\":\"2025-10-06T15:44:07+00:00\",\"dateModified\":\"2025-10-06T15:44:08+00:00\",\"breadcrumb\":{\"@id\":\"https:\/\/waracomunicaciones.com\/?p=831#breadcrumb\"},\"inLanguage\":\"es\",\"potentialAction\":[{\"@type\":\"ReadAction\",\"target\":[\"https:\/\/waracomunicaciones.com\/?p=831\"]}]},{\"@type\":\"ImageObject\",\"inLanguage\":\"es\",\"@id\":\"https:\/\/waracomunicaciones.com\/?p=831#primaryimage\",\"url\":\"https:\/\/waracomunicaciones.com\/wp-content\/uploads\/2025\/10\/dssdfgddg.webp\",\"contentUrl\":\"https:\/\/waracomunicaciones.com\/wp-content\/uploads\/2025\/10\/dssdfgddg.webp\",\"width\":1000,\"height\":1077},{\"@type\":\"BreadcrumbList\",\"@id\":\"https:\/\/waracomunicaciones.com\/?p=831#breadcrumb\",\"itemListElement\":[{\"@type\":\"ListItem\",\"position\":1,\"name\":\"Portada\",\"item\":\"https:\/\/waracomunicaciones.com\/\"},{\"@type\":\"ListItem\",\"position\":2,\"name\":\"Decano Cu\u00e9llar asume liderazgo en FINOR con promesa de coordinaci\u00f3n, eficiencia y transformaci\u00f3n acad\u00e9mica\"}]},{\"@type\":\"WebSite\",\"@id\":\"https:\/\/waracomunicaciones.com\/#website\",\"url\":\"https:\/\/waracomunicaciones.com\/\",\"name\":\"Wara Comunicaciones\",\"description\":\"\",\"publisher\":{\"@id\":\"https:\/\/waracomunicaciones.com\/#organization\"},\"potentialAction\":[{\"@type\":\"SearchAction\",\"target\":{\"@type\":\"EntryPoint\",\"urlTemplate\":\"https:\/\/waracomunicaciones.com\/?s={search_term_string}\"},\"query-input\":{\"@type\":\"PropertyValueSpecification\",\"valueRequired\":true,\"valueName\":\"search_term_string\"}}],\"inLanguage\":\"es\"},{\"@type\":\"Organization\",\"@id\":\"https:\/\/waracomunicaciones.com\/#organization\",\"name\":\"Wara Comunicaciones\",\"url\":\"https:\/\/waracomunicaciones.com\/\",\"logo\":{\"@type\":\"ImageObject\",\"inLanguage\":\"es\",\"@id\":\"https:\/\/waracomunicaciones.com\/#\/schema\/logo\/image\/\",\"url\":\"https:\/\/waracomunicaciones.com\/wp-content\/uploads\/2025\/07\/logo.png\",\"contentUrl\":\"https:\/\/waracomunicaciones.com\/wp-content\/uploads\/2025\/07\/logo.png\",\"width\":400,\"height\":164,\"caption\":\"Wara Comunicaciones\"},\"image\":{\"@id\":\"https:\/\/waracomunicaciones.com\/#\/schema\/logo\/image\/\"},\"sameAs\":[\"https:\/\/www.facebook.com\/waracomunicaciones2017\"]},{\"@type\":\"Person\",\"@id\":\"https:\/\/waracomunicaciones.com\/#\/schema\/person\/e9db934bc91575cc71fe584c5973244a\",\"name\":\"admin\",\"image\":{\"@type\":\"ImageObject\",\"inLanguage\":\"es\",\"@id\":\"https:\/\/waracomunicaciones.com\/#\/schema\/person\/image\/\",\"url\":\"https:\/\/secure.gravatar.com\/avatar\/bf27e9186df568254093afa216f887fece17605302c6ff12f3980422fffa52e6?s=96&d=mm&r=g\",\"contentUrl\":\"https:\/\/secure.gravatar.com\/avatar\/bf27e9186df568254093afa216f887fece17605302c6ff12f3980422fffa52e6?s=96&d=mm&r=g\",\"caption\":\"admin\"},\"sameAs\":[\"https:\/\/waracomunicaciones.com\/wp\"],\"url\":\"https:\/\/waracomunicaciones.com\/?author=1\"}]}<\/script>\n<!-- \/ Yoast SEO Premium plugin. -->","yoast_head_json":{"title":"Decano Cu\u00e9llar asume liderazgo en FINOR con promesa de coordinaci\u00f3n, eficiencia y transformaci\u00f3n acad\u00e9mica - Wara Comunicaciones","robots":{"index":"index","follow":"follow","max-snippet":"max-snippet:-1","max-image-preview":"max-image-preview:large","max-video-preview":"max-video-preview:-1"},"canonical":"https:\/\/waracomunicaciones.com\/?p=831","og_locale":"es_ES","og_type":"article","og_title":"Decano Cu\u00e9llar asume liderazgo en FINOR con promesa de coordinaci\u00f3n, eficiencia y transformaci\u00f3n acad\u00e9mica","og_description":"Montero, &#8211; En un ambiente de renovaci\u00f3n y compromiso institucional, el nuevo decano de la Facultad Integral del Norte (FINOR), abogado Cu\u00e9llar, asumi\u00f3 sus funciones con un mensaje claro: las propuestas de campa\u00f1a no quedar\u00e1n archivadas, y su gesti\u00f3n se basar\u00e1 en la coordinaci\u00f3n efectiva con las distintas autoridades de carrera y un enfoque decidido [&hellip;]","og_url":"https:\/\/waracomunicaciones.com\/?p=831","og_site_name":"Wara Comunicaciones","article_publisher":"https:\/\/www.facebook.com\/waracomunicaciones2017","article_published_time":"2025-10-06T15:44:07+00:00","article_modified_time":"2025-10-06T15:44:08+00:00","og_image":[{"width":1000,"height":1077,"url":"https:\/\/waracomunicaciones.com\/wp-content\/uploads\/2025\/10\/dssdfgddg.webp","type":"image\/webp"}],"author":"admin","twitter_card":"summary_large_image","twitter_misc":{"Escrito por":"admin","Tiempo de lectura":"3 minutos"},"schema":{"@context":"https:\/\/schema.org","@graph":[{"@type":"Article","@id":"https:\/\/waracomunicaciones.com\/?p=831#article","isPartOf":{"@id":"https:\/\/waracomunicaciones.com\/?p=831"},"author":{"name":"admin","@id":"https:\/\/waracomunicaciones.com\/#\/schema\/person\/e9db934bc91575cc71fe584c5973244a"},"headline":"Decano Cu\u00e9llar asume liderazgo en FINOR con promesa de coordinaci\u00f3n, eficiencia y transformaci\u00f3n acad\u00e9mica","datePublished":"2025-10-06T15:44:07+00:00","dateModified":"2025-10-06T15:44:08+00:00","mainEntityOfPage":{"@id":"https:\/\/waracomunicaciones.com\/?p=831"},"wordCount":494,"commentCount":0,"publisher":{"@id":"https:\/\/waracomunicaciones.com\/#organization"},"image":{"@id":"https:\/\/waracomunicaciones.com\/?p=831#primaryimage"},"thumbnailUrl":"https:\/\/waracomunicaciones.com\/wp-content\/uploads\/2025\/10\/dssdfgddg-951x1024.webp","keywords":["FINOR","Jorge Cuellar Antoni"],"articleSection":["Educaci\u00f3n"],"inLanguage":"es","potentialAction":[{"@type":"CommentAction","name":"Comment","target":["https:\/\/waracomunicaciones.com\/?p=831#respond"]}]},{"@type":"WebPage","@id":"https:\/\/waracomunicaciones.com\/?p=831","url":"https:\/\/waracomunicaciones.com\/?p=831","name":"Decano Cu\u00e9llar asume liderazgo en FINOR con promesa de coordinaci\u00f3n, eficiencia y transformaci\u00f3n acad\u00e9mica - Wara Comunicaciones","isPartOf":{"@id":"https:\/\/waracomunicaciones.com\/#website"},"primaryImageOfPage":{"@id":"https:\/\/waracomunicaciones.com\/?p=831#primaryimage"},"image":{"@id":"https:\/\/waracomunicaciones.com\/?p=831#primaryimage"},"thumbnailUrl":"https:\/\/waracomunicaciones.com\/wp-content\/uploads\/2025\/10\/dssdfgddg-951x1024.webp","datePublished":"2025-10-06T15:44:07+00:00","dateModified":"2025-10-06T15:44:08+00:00","breadcrumb":{"@id":"https:\/\/waracomunicaciones.com\/?p=831#breadcrumb"},"inLanguage":"es","potentialAction":[{"@type":"ReadAction","target":["https:\/\/waracomunicaciones.com\/?p=831"]}]},{"@type":"ImageObject","inLanguage":"es","@id":"https:\/\/waracomunicaciones.com\/?p=831#primaryimage","url":"https:\/\/waracomunicaciones.com\/wp-content\/uploads\/2025\/10\/dssdfgddg.webp","contentUrl":"https:\/\/waracomunicaciones.com\/wp-content\/uploads\/2025\/10\/dssdfgddg.webp","width":1000,"height":1077},{"@type":"BreadcrumbList","@id":"https:\/\/waracomunicaciones.com\/?p=831#breadcrumb","itemListElement":[{"@type":"ListItem","position":1,"name":"Portada","item":"https:\/\/waracomunicaciones.com\/"},{"@type":"ListItem","position":2,"name":"Decano Cu\u00e9llar asume liderazgo en FINOR con promesa de coordinaci\u00f3n, eficiencia y transformaci\u00f3n acad\u00e9mica"}]},{"@type":"WebSite","@id":"https:\/\/waracomunicaciones.com\/#website","url":"https:\/\/waracomunicaciones.com\/","name":"Wara Comunicaciones","description":"","publisher":{"@id":"https:\/\/waracomunicaciones.com\/#organization"},"potentialAction":[{"@type":"SearchAction","target":{"@type":"EntryPoint","urlTemplate":"https:\/\/waracomunicaciones.com\/?s={search_term_string}"},"query-input":{"@type":"PropertyValueSpecification","valueRequired":true,"valueName":"search_term_string"}}],"inLanguage":"es"},{"@type":"Organization","@id":"https:\/\/waracomunicaciones.com\/#organization","name":"Wara Comunicaciones","url":"https:\/\/waracomunicaciones.com\/","logo":{"@type":"ImageObject","inLanguage":"es","@id":"https:\/\/waracomunicaciones.com\/#\/schema\/logo\/image\/","url":"https:\/\/waracomunicaciones.com\/wp-content\/uploads\/2025\/07\/logo.png","contentUrl":"https:\/\/waracomunicaciones.com\/wp-content\/uploads\/2025\/07\/logo.png","width":400,"height":164,"caption":"Wara Comunicaciones"},"image":{"@id":"https:\/\/waracomunicaciones.com\/#\/schema\/logo\/image\/"},"sameAs":["https:\/\/www.facebook.com\/waracomunicaciones2017"]},{"@type":"Person","@id":"https:\/\/waracomunicaciones.com\/#\/schema\/person\/e9db934bc91575cc71fe584c5973244a","name":"admin","image":{"@type":"ImageObject","inLanguage":"es","@id":"https:\/\/waracomunicaciones.com\/#\/schema\/person\/image\/","url":"https:\/\/secure.gravatar.com\/avatar\/bf27e9186df568254093afa216f887fece17605302c6ff12f3980422fffa52e6?s=96&d=mm&r=g","contentUrl":"https:\/\/secure.gravatar.com\/avatar\/bf27e9186df568254093afa216f887fece17605302c6ff12f3980422fffa52e6?s=96&d=mm&r=g","caption":"admin"},"sameAs":["https:\/\/waracomunicaciones.com\/wp"],"url":"https:\/\/waracomunicaciones.com\/?author=1"}]}},"_links":{"self":[{"href":"https:\/\/waracomunicaciones.com\/index.php?rest_route=\/wp\/v2\/posts\/831","targetHints":{"allow":["GET"]}}],"collection":[{"href":"https:\/\/waracomunicaciones.com\/index.php?rest_route=\/wp\/v2\/posts"}],"about":[{"href":"https:\/\/waracomunicaciones.com\/index.php?rest_route=\/wp\/v2\/types\/post"}],"author":[{"embeddable":true,"href":"https:\/\/waracomunicaciones.com\/index.php?rest_route=\/wp\/v2\/users\/1"}],"replies":[{"embeddable":true,"href":"https:\/\/waracomunicaciones.com\/index.php?rest_route=%2Fwp%2Fv2%2Fcomments&post=831"}],"version-history":[{"count":1,"href":"https:\/\/waracomunicaciones.com\/index.php?rest_route=\/wp\/v2\/posts\/831\/revisions"}],"predecessor-version":[{"id":833,"href":"https:\/\/waracomunicaciones.com\/index.php?rest_route=\/wp\/v2\/posts\/831\/revisions\/833"}],"wp:attachment":[{"href":"https:\/\/waracomunicaciones.com\/index.php?rest_route=%2Fwp%2Fv2%2Fmedia&parent=831"}],"wp:term":[{"taxonomy":"category","embeddable":true,"href":"https:\/\/waracomunicaciones.com\/index.php?rest_route=%2Fwp%2Fv2%2Fcategories&post=831"},{"taxonomy":"post_tag","embeddable":true,"href":"https:\/\/waracomunicaciones.com\/index.php?rest_route=%2Fwp%2Fv2%2Ftags&post=831"}],"curies":[{"name":"wp","href":"https:\/\/api.w.org\/{rel}","templated":true}]}}