{"id":828,"date":"2025-10-06T11:39:03","date_gmt":"2025-10-06T15:39:03","guid":{"rendered":"https:\/\/waracomunicaciones.com\/?p=828"},"modified":"2025-10-06T11:39:05","modified_gmt":"2025-10-06T15:39:05","slug":"compromiso-con-la-excelencia-academica-finor-inicia-nueva-gestion-con-vision-estrategica-e-innovacion","status":"publish","type":"post","link":"https:\/\/waracomunicaciones.com\/?p=828","title":{"rendered":"Compromiso con la excelencia acad\u00e9mica: FINOR inicia nueva gesti\u00f3n con visi\u00f3n estrat\u00e9gica e innovaci\u00f3n"},"content":{"rendered":"\n<figure class=\"wp-block-image size-full\"><img loading=\"lazy\" decoding=\"async\" width=\"714\" height=\"498\" src=\"https:\/\/waracomunicaciones.com\/wp-content\/uploads\/2025\/10\/ffaaff-1.webp\" alt=\"\" class=\"wp-image-829\" srcset=\"https:\/\/waracomunicaciones.com\/wp-content\/uploads\/2025\/10\/ffaaff-1.webp 714w, https:\/\/waracomunicaciones.com\/wp-content\/uploads\/2025\/10\/ffaaff-1-300x209.webp 300w\" sizes=\"auto, (max-width: 714px) 100vw, 714px\" \/><figcaption class=\"wp-element-caption\"><em>Maria Carmela Rojas Vicidecana de la FINOR &#8211; Foto Captura<\/em><\/figcaption><\/figure>\n\n\n<p><strong>Montero, &#8211;<\/strong>\u00a0En un contexto de transici\u00f3n institucional, la Facultad Integral del Norte (FINOR) ha iniciado una nueva etapa de gesti\u00f3n, comprometida con el fortalecimiento acad\u00e9mico, la planificaci\u00f3n estrat\u00e9gica y la mejora continua.<!--more--> As\u00ed lo dio a conocer la vicedecana de la facultad Carmela Rojas en una reciente entrevista en el Programa Agenda Matinal de Wara Comunicaciones.<\/p>\n<p>\u00abEstamos efectivamente asumiendo todo lo que implica una nueva gesti\u00f3n. Es normal que existan procesos administrativos como la entrega de activos fijos e infraestructura\u00bb, explic\u00f3 la autoridad acad\u00e9mica, subrayando que actualmente se encuentran en reuniones con directores de carrera para garantizar el cumplimiento de los cronogramas acad\u00e9micos, as\u00ed como planificar la gesti\u00f3n 2026.<\/p>\n<p><strong>Trabajo en equipo y cumplimiento normativo<\/strong><\/p>\n<p>La nueva gesti\u00f3n ha se\u00f1alado como pilares de su trabajo el fortalecimiento de la academia, el trabajo en equipo y el respeto al estatuto org\u00e1nico y al reglamento docente-estudiantil. En ese sentido, se hizo una cordial invitaci\u00f3n a padres de familia y j\u00f3venes bachilleres a informarse sobre la oferta acad\u00e9mica de la FINOR.<\/p>\n<p>\u201cQueremos que los j\u00f3venes conozcan qu\u00e9 realiza cada carrera, cu\u00e1l es su perfil profesional y que sepan que tienen una facultad que los espera\u201d, manifest\u00f3 la vicedecana, reiterando que la instituci\u00f3n est\u00e1 al servicio de la comunidad.<\/p>\n<p><strong>Investigaci\u00f3n como eje central<\/strong><\/p>\n<p>En medio de la crisis econ\u00f3mica regional y nacional, la autoridad acad\u00e9mica afirm\u00f3 que el eje fundamental de la gesti\u00f3n ser\u00e1 la <strong>investigaci\u00f3n<\/strong>, tanto a nivel de pregrado como de posgrado. \u201cVamos a empezar con proyectos peque\u00f1os, promoviendo la participaci\u00f3n de docentes y estudiantes. Tambi\u00e9n impulsaremos la capacitaci\u00f3n docente en este campo\u201d, indic\u00f3.<\/p>\n<p>Se destac\u00f3 que la Escuela de Posgrado, a trav\u00e9s de su direcci\u00f3n, tiene la responsabilidad de dise\u00f1ar programas de formaci\u00f3n avanzada, integrando la investigaci\u00f3n como componente clave para la obtenci\u00f3n del grado acad\u00e9mico.<\/p>\n<p><strong>Formaci\u00f3n docente y exigencias acad\u00e9micas<\/strong><\/p>\n<p>Sobre el perfil docente, la vicedecana aclar\u00f3 que para impartir clases en pregrado se requiere como m\u00ednimo el grado de <strong>maestr\u00eda<\/strong>. \u201cEse es el requisito fundamental. Adem\u00e1s, existen unidades encargadas de promover la formaci\u00f3n y capacitaci\u00f3n continua del plantel docente\u201d, expres\u00f3.<\/p>\n<p>Recalc\u00f3 que la instituci\u00f3n no trabajar\u00e1 de manera aislada, sino en coordinaci\u00f3n con el rectorado y otras instancias superiores. \u201cEstamos construyendo un plan estrat\u00e9gico para elevar la calidad acad\u00e9mica, asumiendo compromisos desde todas las direcciones y tambi\u00e9n desde el estudiantado\u201d, puntualiz\u00f3.<\/p>\n<p><strong>Acreditaci\u00f3n de carreras y evaluaci\u00f3n interna<\/strong><\/p>\n<p>Uno de los grandes desaf\u00edos que se plantea la nueva administraci\u00f3n es avanzar hacia la <strong>acreditaci\u00f3n de las carreras<\/strong>, tanto a nivel nacional como internacional (como el MERCOSUR). No obstante, la autoridad fue clara en se\u00f1alar que este proceso requiere primero una <strong>autoevaluaci\u00f3n<\/strong> institucional rigurosa: \u201cEs un an\u00e1lisis interno para luego proyectarnos a la acreditaci\u00f3n. Algunas carreras ya est\u00e1n en ese camino, y el objetivo es que todas puedan alcanzarlo\u201d, dijo.<\/p>\n<p><strong>Innovaci\u00f3n tecnol\u00f3gica y educaci\u00f3n del siglo XXI<\/strong><\/p>\n<p>Otro eje fundamental ser\u00e1 el impulso del uso de las Tecnolog\u00edas de la Informaci\u00f3n y Comunicaci\u00f3n (TIC), as\u00ed como la modernizaci\u00f3n de los espacios de ense\u00f1anza. \u201cNecesitamos proyectores, aires acondicionados, tecnolog\u00eda adecuada en cada aula. Invitamos a la sociedad montere\u00f1a a sumarse a este esfuerzo por mejorar la infraestructura acad\u00e9mica\u201d, sostuvo.<\/p>\n<p>La autoridad remarc\u00f3 que los procesos educativos del siglo XXI requieren el manejo de plataformas virtuales, inteligencia artificial y herramientas digitales. En ese sentido, FINOR est\u00e1 abierta a la colaboraci\u00f3n para garantizar que los estudiantes cuenten con los recursos necesarios.<\/p>\n<p><strong>Perspectiva de futuro<\/strong><\/p>\n<p>Con una visi\u00f3n clara, la nueva gesti\u00f3n apunta a que la FINOR est\u00e9 alineada con las exigencias nacionales e internacionales. \u201cLa educaci\u00f3n no puede quedarse atr\u00e1s. Si no avanzamos, nos quedamos\u201d, finaliz\u00f3 la vicedecana, dejando claro que esta etapa ser\u00e1 de transformaci\u00f3n profunda, enfocada en la excelencia acad\u00e9mica y el desarrollo integral de sus estudiantes y docentes.<\/p><div style=\"margin-top: 0px; margin-bottom: 0px;\" class=\"sharethis-inline-reaction-buttons\" ><\/div>","protected":false},"excerpt":{"rendered":"<p>Montero, &#8211;\u00a0En un contexto de transici\u00f3n institucional, la Facultad Integral del Norte (FINOR) ha iniciado una nueva etapa de gesti\u00f3n, comprometida con el fortalecimiento acad\u00e9mico, la planificaci\u00f3n estrat\u00e9gica y la mejora continua.<\/p>\n","protected":false},"author":1,"featured_media":0,"comment_status":"open","ping_status":"open","sticky":false,"template":"","format":"standard","meta":{"footnotes":""},"categories":[44],"tags":[216,217],"class_list":["post-828","post","type-post","status-publish","format-standard","hentry","category-educacion","tag-finor","tag-maria-carmela-rojas"],"yoast_head":"<!-- This site is optimized with the Yoast SEO Premium plugin v25.5 (Yoast SEO v27.1.1) - https:\/\/yoast.com\/product\/yoast-seo-premium-wordpress\/ -->\n<title>Compromiso con la excelencia acad\u00e9mica: FINOR inicia nueva gesti\u00f3n con visi\u00f3n estrat\u00e9gica e innovaci\u00f3n - Wara Comunicaciones<\/title>\n<meta name=\"robots\" content=\"index, follow, max-snippet:-1, max-image-preview:large, max-video-preview:-1\" \/>\n<link rel=\"canonical\" href=\"https:\/\/waracomunicaciones.com\/?p=828\" \/>\n<meta property=\"og:locale\" content=\"es_ES\" \/>\n<meta property=\"og:type\" content=\"article\" \/>\n<meta property=\"og:title\" content=\"Compromiso con la excelencia acad\u00e9mica: FINOR inicia nueva gesti\u00f3n con visi\u00f3n estrat\u00e9gica e innovaci\u00f3n\" \/>\n<meta property=\"og:description\" content=\"Montero, &#8211;\u00a0En un contexto de transici\u00f3n institucional, la Facultad Integral del Norte (FINOR) ha iniciado una nueva etapa de gesti\u00f3n, comprometida con el fortalecimiento acad\u00e9mico, la planificaci\u00f3n estrat\u00e9gica y la mejora continua.\" \/>\n<meta property=\"og:url\" content=\"https:\/\/waracomunicaciones.com\/?p=828\" \/>\n<meta property=\"og:site_name\" content=\"Wara Comunicaciones\" \/>\n<meta property=\"article:publisher\" content=\"https:\/\/www.facebook.com\/waracomunicaciones2017\" \/>\n<meta property=\"article:published_time\" content=\"2025-10-06T15:39:03+00:00\" \/>\n<meta property=\"article:modified_time\" content=\"2025-10-06T15:39:05+00:00\" \/>\n<meta property=\"og:image\" content=\"https:\/\/waracomunicaciones.com\/wp-content\/uploads\/2025\/10\/ffaaff-1.webp\" \/>\n\t<meta property=\"og:image:width\" content=\"714\" \/>\n\t<meta property=\"og:image:height\" content=\"498\" \/>\n\t<meta property=\"og:image:type\" content=\"image\/webp\" \/>\n<meta name=\"author\" content=\"admin\" \/>\n<meta name=\"twitter:card\" content=\"summary_large_image\" \/>\n<meta name=\"twitter:label1\" content=\"Escrito por\" \/>\n\t<meta name=\"twitter:data1\" content=\"admin\" \/>\n\t<meta name=\"twitter:label2\" content=\"Tiempo de lectura\" \/>\n\t<meta name=\"twitter:data2\" content=\"4 minutos\" \/>\n<script type=\"application\/ld+json\" class=\"yoast-schema-graph\">{\"@context\":\"https:\/\/schema.org\",\"@graph\":[{\"@type\":\"Article\",\"@id\":\"https:\/\/waracomunicaciones.com\/?p=828#article\",\"isPartOf\":{\"@id\":\"https:\/\/waracomunicaciones.com\/?p=828\"},\"author\":{\"name\":\"admin\",\"@id\":\"https:\/\/waracomunicaciones.com\/#\/schema\/person\/e9db934bc91575cc71fe584c5973244a\"},\"headline\":\"Compromiso con la excelencia acad\u00e9mica: FINOR inicia nueva gesti\u00f3n con visi\u00f3n estrat\u00e9gica e innovaci\u00f3n\",\"datePublished\":\"2025-10-06T15:39:03+00:00\",\"dateModified\":\"2025-10-06T15:39:05+00:00\",\"mainEntityOfPage\":{\"@id\":\"https:\/\/waracomunicaciones.com\/?p=828\"},\"wordCount\":720,\"commentCount\":0,\"publisher\":{\"@id\":\"https:\/\/waracomunicaciones.com\/#organization\"},\"image\":{\"@id\":\"https:\/\/waracomunicaciones.com\/?p=828#primaryimage\"},\"thumbnailUrl\":\"https:\/\/waracomunicaciones.com\/wp-content\/uploads\/2025\/10\/ffaaff-1.webp\",\"keywords\":[\"FINOR\",\"Maria Carmela Rojas\"],\"articleSection\":[\"Educaci\u00f3n\"],\"inLanguage\":\"es\",\"potentialAction\":[{\"@type\":\"CommentAction\",\"name\":\"Comment\",\"target\":[\"https:\/\/waracomunicaciones.com\/?p=828#respond\"]}]},{\"@type\":\"WebPage\",\"@id\":\"https:\/\/waracomunicaciones.com\/?p=828\",\"url\":\"https:\/\/waracomunicaciones.com\/?p=828\",\"name\":\"Compromiso con la excelencia acad\u00e9mica: FINOR inicia nueva gesti\u00f3n con visi\u00f3n estrat\u00e9gica e innovaci\u00f3n - Wara Comunicaciones\",\"isPartOf\":{\"@id\":\"https:\/\/waracomunicaciones.com\/#website\"},\"primaryImageOfPage\":{\"@id\":\"https:\/\/waracomunicaciones.com\/?p=828#primaryimage\"},\"image\":{\"@id\":\"https:\/\/waracomunicaciones.com\/?p=828#primaryimage\"},\"thumbnailUrl\":\"https:\/\/waracomunicaciones.com\/wp-content\/uploads\/2025\/10\/ffaaff-1.webp\",\"datePublished\":\"2025-10-06T15:39:03+00:00\",\"dateModified\":\"2025-10-06T15:39:05+00:00\",\"breadcrumb\":{\"@id\":\"https:\/\/waracomunicaciones.com\/?p=828#breadcrumb\"},\"inLanguage\":\"es\",\"potentialAction\":[{\"@type\":\"ReadAction\",\"target\":[\"https:\/\/waracomunicaciones.com\/?p=828\"]}]},{\"@type\":\"ImageObject\",\"inLanguage\":\"es\",\"@id\":\"https:\/\/waracomunicaciones.com\/?p=828#primaryimage\",\"url\":\"https:\/\/waracomunicaciones.com\/wp-content\/uploads\/2025\/10\/ffaaff-1.webp\",\"contentUrl\":\"https:\/\/waracomunicaciones.com\/wp-content\/uploads\/2025\/10\/ffaaff-1.webp\",\"width\":714,\"height\":498},{\"@type\":\"BreadcrumbList\",\"@id\":\"https:\/\/waracomunicaciones.com\/?p=828#breadcrumb\",\"itemListElement\":[{\"@type\":\"ListItem\",\"position\":1,\"name\":\"Portada\",\"item\":\"https:\/\/waracomunicaciones.com\/\"},{\"@type\":\"ListItem\",\"position\":2,\"name\":\"Compromiso con la excelencia acad\u00e9mica: FINOR inicia nueva gesti\u00f3n con visi\u00f3n estrat\u00e9gica e innovaci\u00f3n\"}]},{\"@type\":\"WebSite\",\"@id\":\"https:\/\/waracomunicaciones.com\/#website\",\"url\":\"https:\/\/waracomunicaciones.com\/\",\"name\":\"Wara Comunicaciones\",\"description\":\"\",\"publisher\":{\"@id\":\"https:\/\/waracomunicaciones.com\/#organization\"},\"potentialAction\":[{\"@type\":\"SearchAction\",\"target\":{\"@type\":\"EntryPoint\",\"urlTemplate\":\"https:\/\/waracomunicaciones.com\/?s={search_term_string}\"},\"query-input\":{\"@type\":\"PropertyValueSpecification\",\"valueRequired\":true,\"valueName\":\"search_term_string\"}}],\"inLanguage\":\"es\"},{\"@type\":\"Organization\",\"@id\":\"https:\/\/waracomunicaciones.com\/#organization\",\"name\":\"Wara Comunicaciones\",\"url\":\"https:\/\/waracomunicaciones.com\/\",\"logo\":{\"@type\":\"ImageObject\",\"inLanguage\":\"es\",\"@id\":\"https:\/\/waracomunicaciones.com\/#\/schema\/logo\/image\/\",\"url\":\"https:\/\/waracomunicaciones.com\/wp-content\/uploads\/2025\/07\/logo.png\",\"contentUrl\":\"https:\/\/waracomunicaciones.com\/wp-content\/uploads\/2025\/07\/logo.png\",\"width\":400,\"height\":164,\"caption\":\"Wara Comunicaciones\"},\"image\":{\"@id\":\"https:\/\/waracomunicaciones.com\/#\/schema\/logo\/image\/\"},\"sameAs\":[\"https:\/\/www.facebook.com\/waracomunicaciones2017\"]},{\"@type\":\"Person\",\"@id\":\"https:\/\/waracomunicaciones.com\/#\/schema\/person\/e9db934bc91575cc71fe584c5973244a\",\"name\":\"admin\",\"image\":{\"@type\":\"ImageObject\",\"inLanguage\":\"es\",\"@id\":\"https:\/\/waracomunicaciones.com\/#\/schema\/person\/image\/\",\"url\":\"https:\/\/secure.gravatar.com\/avatar\/bf27e9186df568254093afa216f887fece17605302c6ff12f3980422fffa52e6?s=96&d=mm&r=g\",\"contentUrl\":\"https:\/\/secure.gravatar.com\/avatar\/bf27e9186df568254093afa216f887fece17605302c6ff12f3980422fffa52e6?s=96&d=mm&r=g\",\"caption\":\"admin\"},\"sameAs\":[\"https:\/\/waracomunicaciones.com\/wp\"],\"url\":\"https:\/\/waracomunicaciones.com\/?author=1\"}]}<\/script>\n<!-- \/ Yoast SEO Premium plugin. -->","yoast_head_json":{"title":"Compromiso con la excelencia acad\u00e9mica: FINOR inicia nueva gesti\u00f3n con visi\u00f3n estrat\u00e9gica e innovaci\u00f3n - Wara Comunicaciones","robots":{"index":"index","follow":"follow","max-snippet":"max-snippet:-1","max-image-preview":"max-image-preview:large","max-video-preview":"max-video-preview:-1"},"canonical":"https:\/\/waracomunicaciones.com\/?p=828","og_locale":"es_ES","og_type":"article","og_title":"Compromiso con la excelencia acad\u00e9mica: FINOR inicia nueva gesti\u00f3n con visi\u00f3n estrat\u00e9gica e innovaci\u00f3n","og_description":"Montero, &#8211;\u00a0En un contexto de transici\u00f3n institucional, la Facultad Integral del Norte (FINOR) ha iniciado una nueva etapa de gesti\u00f3n, comprometida con el fortalecimiento acad\u00e9mico, la planificaci\u00f3n estrat\u00e9gica y la mejora continua.","og_url":"https:\/\/waracomunicaciones.com\/?p=828","og_site_name":"Wara Comunicaciones","article_publisher":"https:\/\/www.facebook.com\/waracomunicaciones2017","article_published_time":"2025-10-06T15:39:03+00:00","article_modified_time":"2025-10-06T15:39:05+00:00","og_image":[{"width":714,"height":498,"url":"https:\/\/waracomunicaciones.com\/wp-content\/uploads\/2025\/10\/ffaaff-1.webp","type":"image\/webp"}],"author":"admin","twitter_card":"summary_large_image","twitter_misc":{"Escrito por":"admin","Tiempo de lectura":"4 minutos"},"schema":{"@context":"https:\/\/schema.org","@graph":[{"@type":"Article","@id":"https:\/\/waracomunicaciones.com\/?p=828#article","isPartOf":{"@id":"https:\/\/waracomunicaciones.com\/?p=828"},"author":{"name":"admin","@id":"https:\/\/waracomunicaciones.com\/#\/schema\/person\/e9db934bc91575cc71fe584c5973244a"},"headline":"Compromiso con la excelencia acad\u00e9mica: FINOR inicia nueva gesti\u00f3n con visi\u00f3n estrat\u00e9gica e innovaci\u00f3n","datePublished":"2025-10-06T15:39:03+00:00","dateModified":"2025-10-06T15:39:05+00:00","mainEntityOfPage":{"@id":"https:\/\/waracomunicaciones.com\/?p=828"},"wordCount":720,"commentCount":0,"publisher":{"@id":"https:\/\/waracomunicaciones.com\/#organization"},"image":{"@id":"https:\/\/waracomunicaciones.com\/?p=828#primaryimage"},"thumbnailUrl":"https:\/\/waracomunicaciones.com\/wp-content\/uploads\/2025\/10\/ffaaff-1.webp","keywords":["FINOR","Maria Carmela Rojas"],"articleSection":["Educaci\u00f3n"],"inLanguage":"es","potentialAction":[{"@type":"CommentAction","name":"Comment","target":["https:\/\/waracomunicaciones.com\/?p=828#respond"]}]},{"@type":"WebPage","@id":"https:\/\/waracomunicaciones.com\/?p=828","url":"https:\/\/waracomunicaciones.com\/?p=828","name":"Compromiso con la excelencia acad\u00e9mica: FINOR inicia nueva gesti\u00f3n con visi\u00f3n estrat\u00e9gica e innovaci\u00f3n - Wara Comunicaciones","isPartOf":{"@id":"https:\/\/waracomunicaciones.com\/#website"},"primaryImageOfPage":{"@id":"https:\/\/waracomunicaciones.com\/?p=828#primaryimage"},"image":{"@id":"https:\/\/waracomunicaciones.com\/?p=828#primaryimage"},"thumbnailUrl":"https:\/\/waracomunicaciones.com\/wp-content\/uploads\/2025\/10\/ffaaff-1.webp","datePublished":"2025-10-06T15:39:03+00:00","dateModified":"2025-10-06T15:39:05+00:00","breadcrumb":{"@id":"https:\/\/waracomunicaciones.com\/?p=828#breadcrumb"},"inLanguage":"es","potentialAction":[{"@type":"ReadAction","target":["https:\/\/waracomunicaciones.com\/?p=828"]}]},{"@type":"ImageObject","inLanguage":"es","@id":"https:\/\/waracomunicaciones.com\/?p=828#primaryimage","url":"https:\/\/waracomunicaciones.com\/wp-content\/uploads\/2025\/10\/ffaaff-1.webp","contentUrl":"https:\/\/waracomunicaciones.com\/wp-content\/uploads\/2025\/10\/ffaaff-1.webp","width":714,"height":498},{"@type":"BreadcrumbList","@id":"https:\/\/waracomunicaciones.com\/?p=828#breadcrumb","itemListElement":[{"@type":"ListItem","position":1,"name":"Portada","item":"https:\/\/waracomunicaciones.com\/"},{"@type":"ListItem","position":2,"name":"Compromiso con la excelencia acad\u00e9mica: FINOR inicia nueva gesti\u00f3n con visi\u00f3n estrat\u00e9gica e innovaci\u00f3n"}]},{"@type":"WebSite","@id":"https:\/\/waracomunicaciones.com\/#website","url":"https:\/\/waracomunicaciones.com\/","name":"Wara Comunicaciones","description":"","publisher":{"@id":"https:\/\/waracomunicaciones.com\/#organization"},"potentialAction":[{"@type":"SearchAction","target":{"@type":"EntryPoint","urlTemplate":"https:\/\/waracomunicaciones.com\/?s={search_term_string}"},"query-input":{"@type":"PropertyValueSpecification","valueRequired":true,"valueName":"search_term_string"}}],"inLanguage":"es"},{"@type":"Organization","@id":"https:\/\/waracomunicaciones.com\/#organization","name":"Wara Comunicaciones","url":"https:\/\/waracomunicaciones.com\/","logo":{"@type":"ImageObject","inLanguage":"es","@id":"https:\/\/waracomunicaciones.com\/#\/schema\/logo\/image\/","url":"https:\/\/waracomunicaciones.com\/wp-content\/uploads\/2025\/07\/logo.png","contentUrl":"https:\/\/waracomunicaciones.com\/wp-content\/uploads\/2025\/07\/logo.png","width":400,"height":164,"caption":"Wara Comunicaciones"},"image":{"@id":"https:\/\/waracomunicaciones.com\/#\/schema\/logo\/image\/"},"sameAs":["https:\/\/www.facebook.com\/waracomunicaciones2017"]},{"@type":"Person","@id":"https:\/\/waracomunicaciones.com\/#\/schema\/person\/e9db934bc91575cc71fe584c5973244a","name":"admin","image":{"@type":"ImageObject","inLanguage":"es","@id":"https:\/\/waracomunicaciones.com\/#\/schema\/person\/image\/","url":"https:\/\/secure.gravatar.com\/avatar\/bf27e9186df568254093afa216f887fece17605302c6ff12f3980422fffa52e6?s=96&d=mm&r=g","contentUrl":"https:\/\/secure.gravatar.com\/avatar\/bf27e9186df568254093afa216f887fece17605302c6ff12f3980422fffa52e6?s=96&d=mm&r=g","caption":"admin"},"sameAs":["https:\/\/waracomunicaciones.com\/wp"],"url":"https:\/\/waracomunicaciones.com\/?author=1"}]}},"_links":{"self":[{"href":"https:\/\/waracomunicaciones.com\/index.php?rest_route=\/wp\/v2\/posts\/828","targetHints":{"allow":["GET"]}}],"collection":[{"href":"https:\/\/waracomunicaciones.com\/index.php?rest_route=\/wp\/v2\/posts"}],"about":[{"href":"https:\/\/waracomunicaciones.com\/index.php?rest_route=\/wp\/v2\/types\/post"}],"author":[{"embeddable":true,"href":"https:\/\/waracomunicaciones.com\/index.php?rest_route=\/wp\/v2\/users\/1"}],"replies":[{"embeddable":true,"href":"https:\/\/waracomunicaciones.com\/index.php?rest_route=%2Fwp%2Fv2%2Fcomments&post=828"}],"version-history":[{"count":1,"href":"https:\/\/waracomunicaciones.com\/index.php?rest_route=\/wp\/v2\/posts\/828\/revisions"}],"predecessor-version":[{"id":830,"href":"https:\/\/waracomunicaciones.com\/index.php?rest_route=\/wp\/v2\/posts\/828\/revisions\/830"}],"wp:attachment":[{"href":"https:\/\/waracomunicaciones.com\/index.php?rest_route=%2Fwp%2Fv2%2Fmedia&parent=828"}],"wp:term":[{"taxonomy":"category","embeddable":true,"href":"https:\/\/waracomunicaciones.com\/index.php?rest_route=%2Fwp%2Fv2%2Fcategories&post=828"},{"taxonomy":"post_tag","embeddable":true,"href":"https:\/\/waracomunicaciones.com\/index.php?rest_route=%2Fwp%2Fv2%2Ftags&post=828"}],"curies":[{"name":"wp","href":"https:\/\/api.w.org\/{rel}","templated":true}]}}