{"id":817,"date":"2025-10-06T11:15:14","date_gmt":"2025-10-06T15:15:14","guid":{"rendered":"https:\/\/waracomunicaciones.com\/?p=817"},"modified":"2025-10-06T15:17:12","modified_gmt":"2025-10-06T19:17:12","slug":"diputada-daisy-choque-rechaza-acusaciones-y-denuncia-uso-politico-del-conflicto-en-el-predio-patuju","status":"publish","type":"post","link":"https:\/\/waracomunicaciones.com\/?p=817","title":{"rendered":"Diputada Deisy Choque rechaza acusaciones y denuncia uso pol\u00edtico del conflicto en el predio Patuj\u00fa"},"content":{"rendered":"\n<figure class=\"wp-block-image size-full\"><img loading=\"lazy\" decoding=\"async\" width=\"1000\" height=\"667\" src=\"https:\/\/waracomunicaciones.com\/wp-content\/uploads\/2025\/10\/DFFGSDH-1.webp\" alt=\"\" class=\"wp-image-818\" srcset=\"https:\/\/waracomunicaciones.com\/wp-content\/uploads\/2025\/10\/DFFGSDH-1.webp 1000w, https:\/\/waracomunicaciones.com\/wp-content\/uploads\/2025\/10\/DFFGSDH-1-300x200.webp 300w, https:\/\/waracomunicaciones.com\/wp-content\/uploads\/2025\/10\/DFFGSDH-1-768x512.webp 768w\" sizes=\"auto, (max-width: 1000px) 100vw, 1000px\" \/><figcaption class=\"wp-element-caption\"><em>Avasallamiento ocurrido en el predio Patuj\u00fa &#8211; Foto Facebook<\/em><\/figcaption><\/figure>\n\n\n<p><strong>Montero, Santa Cruz<\/strong> \u2013 La diputada nacional <strong>Deysi Choque<\/strong> respondi\u00f3 este viernes a las acusaciones que la vinculan como presunta autora intelectual del reciente avasallamiento ocurrido en el predio Patuju, en el norte integrado de Santa Cruz.<!--more--><\/p>\n<p>En una entrevista con Wara Comunicaciones, Choque calific\u00f3 las versiones como un intento de da\u00f1ar su imagen y record\u00f3 lo vivido en 2019, cuando \u2014seg\u00fan sus palabras\u2014 tambi\u00e9n se la involucr\u00f3 sin fundamentos en hechos graves tras un mensaje que dec\u00eda \u201chablen con Deysi\u201d.<\/p>\n<p>\u201cEs lamentable que se repita la historia. Lo que buscan es da\u00f1ar la dignidad de una persona sin pruebas. \u00bfQu\u00e9 constancia tienen para decir que yo estoy detr\u00e1s de este hecho? Levantan mi nombre solo para ganar popularidad en redes sociales\u201d, declar\u00f3 la legisladora.<\/p>\n<p>Choque se\u00f1al\u00f3 directamente al gobernador cruce\u00f1o <strong>Luis Fernando Camacho<\/strong> y al alcalde de Montero, acus\u00e1ndolos de utilizar el desalojo como un \u201cshow pol\u00edtico\u201d:<\/p>\n<p>\u201cQu\u00e9 casualidad que aparecen en el lugar justo cuando la Polic\u00eda se alistaba para intervenir. No es valent\u00eda, es c\u00e1lculo pol\u00edtico. El proceso penal ya estaba abierto, y la orden de desalojo segu\u00eda su curso legal\u201d.<\/p>\n<p>Respecto al estado legal del predio avasallado, Choque dijo no tener informaci\u00f3n actualizada, aunque record\u00f3 que a\u00f1os atr\u00e1s, durante su gesti\u00f3n en la Federaci\u00f3n, la zona estaba en proceso de saneamiento.<\/p>\n<p>\u201cNo s\u00e9 si ahora ya hay un t\u00edtulo ejecutoriado, eso lo tendr\u00e1 que aclarar el INRA. Lo que est\u00e1 mal, est\u00e1 mal, pero no se puede culpar sin pruebas\u201d, remarc\u00f3.<\/p>\n<p>Tambi\u00e9n cuestion\u00f3 duramente al influencer <strong>Rafael Hurtado<\/strong>, a quien acus\u00f3 de usar su nombre de manera reiterada con fines pol\u00edticos:<\/p>\n<p>\u201cParece que desayuna, almuerza y cena hablando de m\u00ed. Es una persona que ha mentido incluso en declaraciones formales, diciendo que me vio junto a un muerto, cuando ese d\u00eda ni siquiera estuve en el lugar. No se mide el da\u00f1o que hacen con esas mentiras.\u201d<\/p>\n<p>Finalmente, la diputada pidi\u00f3 respeto, asegur\u00f3 que seguir\u00e1 trabajando por su regi\u00f3n y denunci\u00f3 una campa\u00f1a sistem\u00e1tica de desprestigio en su contra.<\/p><div style=\"margin-top: 0px; margin-bottom: 0px;\" class=\"sharethis-inline-reaction-buttons\" ><\/div>","protected":false},"excerpt":{"rendered":"<p>Montero, Santa Cruz \u2013 La diputada nacional Deysi Choque respondi\u00f3 este viernes a las acusaciones que la vinculan como presunta autora intelectual del reciente avasallamiento ocurrido en el predio Patuju, en el norte integrado de Santa Cruz.<\/p>\n","protected":false},"author":1,"featured_media":0,"comment_status":"open","ping_status":"open","sticky":false,"template":"","format":"standard","meta":{"footnotes":""},"categories":[43],"tags":[214,12,215],"class_list":["post-817","post","type-post","status-publish","format-standard","hentry","category-seguridad","tag-avasallamiento","tag-deisy-choque","tag-patuju"],"yoast_head":"<!-- This site is optimized with the Yoast SEO Premium plugin v25.5 (Yoast SEO v27.1.1) - https:\/\/yoast.com\/product\/yoast-seo-premium-wordpress\/ -->\n<title>Diputada Deisy Choque rechaza acusaciones y denuncia uso pol\u00edtico del conflicto en el predio Patuj\u00fa - Wara Comunicaciones<\/title>\n<meta name=\"robots\" content=\"index, follow, max-snippet:-1, max-image-preview:large, max-video-preview:-1\" \/>\n<link rel=\"canonical\" href=\"https:\/\/waracomunicaciones.com\/?p=817\" \/>\n<meta property=\"og:locale\" content=\"es_ES\" \/>\n<meta property=\"og:type\" content=\"article\" \/>\n<meta property=\"og:title\" content=\"Diputada Deisy Choque rechaza acusaciones y denuncia uso pol\u00edtico del conflicto en el predio Patuj\u00fa\" \/>\n<meta property=\"og:description\" content=\"Montero, Santa Cruz \u2013 La diputada nacional Deysi Choque respondi\u00f3 este viernes a las acusaciones que la vinculan como presunta autora intelectual del reciente avasallamiento ocurrido en el predio Patuju, en el norte integrado de Santa Cruz.\" \/>\n<meta property=\"og:url\" content=\"https:\/\/waracomunicaciones.com\/?p=817\" \/>\n<meta property=\"og:site_name\" content=\"Wara Comunicaciones\" \/>\n<meta property=\"article:publisher\" content=\"https:\/\/www.facebook.com\/waracomunicaciones2017\" \/>\n<meta property=\"article:published_time\" content=\"2025-10-06T15:15:14+00:00\" \/>\n<meta property=\"article:modified_time\" content=\"2025-10-06T19:17:12+00:00\" \/>\n<meta property=\"og:image\" content=\"https:\/\/waracomunicaciones.com\/wp-content\/uploads\/2025\/10\/DFFGSDH-1.webp\" \/>\n\t<meta property=\"og:image:width\" content=\"1000\" \/>\n\t<meta property=\"og:image:height\" content=\"667\" \/>\n\t<meta property=\"og:image:type\" content=\"image\/webp\" \/>\n<meta name=\"author\" content=\"admin\" \/>\n<meta name=\"twitter:card\" content=\"summary_large_image\" \/>\n<meta name=\"twitter:label1\" content=\"Escrito por\" \/>\n\t<meta name=\"twitter:data1\" content=\"admin\" \/>\n\t<meta name=\"twitter:label2\" content=\"Tiempo de lectura\" \/>\n\t<meta name=\"twitter:data2\" content=\"2 minutos\" \/>\n<script type=\"application\/ld+json\" class=\"yoast-schema-graph\">{\"@context\":\"https:\/\/schema.org\",\"@graph\":[{\"@type\":\"Article\",\"@id\":\"https:\/\/waracomunicaciones.com\/?p=817#article\",\"isPartOf\":{\"@id\":\"https:\/\/waracomunicaciones.com\/?p=817\"},\"author\":{\"name\":\"admin\",\"@id\":\"https:\/\/waracomunicaciones.com\/#\/schema\/person\/e9db934bc91575cc71fe584c5973244a\"},\"headline\":\"Diputada Deisy Choque rechaza acusaciones y denuncia uso pol\u00edtico del conflicto en el predio Patuj\u00fa\",\"datePublished\":\"2025-10-06T15:15:14+00:00\",\"dateModified\":\"2025-10-06T19:17:12+00:00\",\"mainEntityOfPage\":{\"@id\":\"https:\/\/waracomunicaciones.com\/?p=817\"},\"wordCount\":384,\"commentCount\":0,\"publisher\":{\"@id\":\"https:\/\/waracomunicaciones.com\/#organization\"},\"image\":{\"@id\":\"https:\/\/waracomunicaciones.com\/?p=817#primaryimage\"},\"thumbnailUrl\":\"https:\/\/waracomunicaciones.com\/wp-content\/uploads\/2025\/10\/DFFGSDH-1.webp\",\"keywords\":[\"Avasallamiento\",\"Deisy Choque\",\"Patuj\u00fa\"],\"articleSection\":[\"Seguridad\"],\"inLanguage\":\"es\",\"potentialAction\":[{\"@type\":\"CommentAction\",\"name\":\"Comment\",\"target\":[\"https:\/\/waracomunicaciones.com\/?p=817#respond\"]}]},{\"@type\":\"WebPage\",\"@id\":\"https:\/\/waracomunicaciones.com\/?p=817\",\"url\":\"https:\/\/waracomunicaciones.com\/?p=817\",\"name\":\"Diputada Deisy Choque rechaza acusaciones y denuncia uso pol\u00edtico del conflicto en el predio Patuj\u00fa - Wara Comunicaciones\",\"isPartOf\":{\"@id\":\"https:\/\/waracomunicaciones.com\/#website\"},\"primaryImageOfPage\":{\"@id\":\"https:\/\/waracomunicaciones.com\/?p=817#primaryimage\"},\"image\":{\"@id\":\"https:\/\/waracomunicaciones.com\/?p=817#primaryimage\"},\"thumbnailUrl\":\"https:\/\/waracomunicaciones.com\/wp-content\/uploads\/2025\/10\/DFFGSDH-1.webp\",\"datePublished\":\"2025-10-06T15:15:14+00:00\",\"dateModified\":\"2025-10-06T19:17:12+00:00\",\"breadcrumb\":{\"@id\":\"https:\/\/waracomunicaciones.com\/?p=817#breadcrumb\"},\"inLanguage\":\"es\",\"potentialAction\":[{\"@type\":\"ReadAction\",\"target\":[\"https:\/\/waracomunicaciones.com\/?p=817\"]}]},{\"@type\":\"ImageObject\",\"inLanguage\":\"es\",\"@id\":\"https:\/\/waracomunicaciones.com\/?p=817#primaryimage\",\"url\":\"https:\/\/waracomunicaciones.com\/wp-content\/uploads\/2025\/10\/DFFGSDH-1.webp\",\"contentUrl\":\"https:\/\/waracomunicaciones.com\/wp-content\/uploads\/2025\/10\/DFFGSDH-1.webp\",\"width\":1000,\"height\":667},{\"@type\":\"BreadcrumbList\",\"@id\":\"https:\/\/waracomunicaciones.com\/?p=817#breadcrumb\",\"itemListElement\":[{\"@type\":\"ListItem\",\"position\":1,\"name\":\"Portada\",\"item\":\"https:\/\/waracomunicaciones.com\/\"},{\"@type\":\"ListItem\",\"position\":2,\"name\":\"Diputada Deisy Choque rechaza acusaciones y denuncia uso pol\u00edtico del conflicto en el predio Patuj\u00fa\"}]},{\"@type\":\"WebSite\",\"@id\":\"https:\/\/waracomunicaciones.com\/#website\",\"url\":\"https:\/\/waracomunicaciones.com\/\",\"name\":\"Wara Comunicaciones\",\"description\":\"\",\"publisher\":{\"@id\":\"https:\/\/waracomunicaciones.com\/#organization\"},\"potentialAction\":[{\"@type\":\"SearchAction\",\"target\":{\"@type\":\"EntryPoint\",\"urlTemplate\":\"https:\/\/waracomunicaciones.com\/?s={search_term_string}\"},\"query-input\":{\"@type\":\"PropertyValueSpecification\",\"valueRequired\":true,\"valueName\":\"search_term_string\"}}],\"inLanguage\":\"es\"},{\"@type\":\"Organization\",\"@id\":\"https:\/\/waracomunicaciones.com\/#organization\",\"name\":\"Wara Comunicaciones\",\"url\":\"https:\/\/waracomunicaciones.com\/\",\"logo\":{\"@type\":\"ImageObject\",\"inLanguage\":\"es\",\"@id\":\"https:\/\/waracomunicaciones.com\/#\/schema\/logo\/image\/\",\"url\":\"https:\/\/waracomunicaciones.com\/wp-content\/uploads\/2025\/07\/logo.png\",\"contentUrl\":\"https:\/\/waracomunicaciones.com\/wp-content\/uploads\/2025\/07\/logo.png\",\"width\":400,\"height\":164,\"caption\":\"Wara Comunicaciones\"},\"image\":{\"@id\":\"https:\/\/waracomunicaciones.com\/#\/schema\/logo\/image\/\"},\"sameAs\":[\"https:\/\/www.facebook.com\/waracomunicaciones2017\"]},{\"@type\":\"Person\",\"@id\":\"https:\/\/waracomunicaciones.com\/#\/schema\/person\/e9db934bc91575cc71fe584c5973244a\",\"name\":\"admin\",\"image\":{\"@type\":\"ImageObject\",\"inLanguage\":\"es\",\"@id\":\"https:\/\/waracomunicaciones.com\/#\/schema\/person\/image\/\",\"url\":\"https:\/\/secure.gravatar.com\/avatar\/bf27e9186df568254093afa216f887fece17605302c6ff12f3980422fffa52e6?s=96&d=mm&r=g\",\"contentUrl\":\"https:\/\/secure.gravatar.com\/avatar\/bf27e9186df568254093afa216f887fece17605302c6ff12f3980422fffa52e6?s=96&d=mm&r=g\",\"caption\":\"admin\"},\"sameAs\":[\"https:\/\/waracomunicaciones.com\/wp\"],\"url\":\"https:\/\/waracomunicaciones.com\/?author=1\"}]}<\/script>\n<!-- \/ Yoast SEO Premium plugin. -->","yoast_head_json":{"title":"Diputada Deisy Choque rechaza acusaciones y denuncia uso pol\u00edtico del conflicto en el predio Patuj\u00fa - Wara Comunicaciones","robots":{"index":"index","follow":"follow","max-snippet":"max-snippet:-1","max-image-preview":"max-image-preview:large","max-video-preview":"max-video-preview:-1"},"canonical":"https:\/\/waracomunicaciones.com\/?p=817","og_locale":"es_ES","og_type":"article","og_title":"Diputada Deisy Choque rechaza acusaciones y denuncia uso pol\u00edtico del conflicto en el predio Patuj\u00fa","og_description":"Montero, Santa Cruz \u2013 La diputada nacional Deysi Choque respondi\u00f3 este viernes a las acusaciones que la vinculan como presunta autora intelectual del reciente avasallamiento ocurrido en el predio Patuju, en el norte integrado de Santa Cruz.","og_url":"https:\/\/waracomunicaciones.com\/?p=817","og_site_name":"Wara Comunicaciones","article_publisher":"https:\/\/www.facebook.com\/waracomunicaciones2017","article_published_time":"2025-10-06T15:15:14+00:00","article_modified_time":"2025-10-06T19:17:12+00:00","og_image":[{"width":1000,"height":667,"url":"https:\/\/waracomunicaciones.com\/wp-content\/uploads\/2025\/10\/DFFGSDH-1.webp","type":"image\/webp"}],"author":"admin","twitter_card":"summary_large_image","twitter_misc":{"Escrito por":"admin","Tiempo de lectura":"2 minutos"},"schema":{"@context":"https:\/\/schema.org","@graph":[{"@type":"Article","@id":"https:\/\/waracomunicaciones.com\/?p=817#article","isPartOf":{"@id":"https:\/\/waracomunicaciones.com\/?p=817"},"author":{"name":"admin","@id":"https:\/\/waracomunicaciones.com\/#\/schema\/person\/e9db934bc91575cc71fe584c5973244a"},"headline":"Diputada Deisy Choque rechaza acusaciones y denuncia uso pol\u00edtico del conflicto en el predio Patuj\u00fa","datePublished":"2025-10-06T15:15:14+00:00","dateModified":"2025-10-06T19:17:12+00:00","mainEntityOfPage":{"@id":"https:\/\/waracomunicaciones.com\/?p=817"},"wordCount":384,"commentCount":0,"publisher":{"@id":"https:\/\/waracomunicaciones.com\/#organization"},"image":{"@id":"https:\/\/waracomunicaciones.com\/?p=817#primaryimage"},"thumbnailUrl":"https:\/\/waracomunicaciones.com\/wp-content\/uploads\/2025\/10\/DFFGSDH-1.webp","keywords":["Avasallamiento","Deisy Choque","Patuj\u00fa"],"articleSection":["Seguridad"],"inLanguage":"es","potentialAction":[{"@type":"CommentAction","name":"Comment","target":["https:\/\/waracomunicaciones.com\/?p=817#respond"]}]},{"@type":"WebPage","@id":"https:\/\/waracomunicaciones.com\/?p=817","url":"https:\/\/waracomunicaciones.com\/?p=817","name":"Diputada Deisy Choque rechaza acusaciones y denuncia uso pol\u00edtico del conflicto en el predio Patuj\u00fa - Wara Comunicaciones","isPartOf":{"@id":"https:\/\/waracomunicaciones.com\/#website"},"primaryImageOfPage":{"@id":"https:\/\/waracomunicaciones.com\/?p=817#primaryimage"},"image":{"@id":"https:\/\/waracomunicaciones.com\/?p=817#primaryimage"},"thumbnailUrl":"https:\/\/waracomunicaciones.com\/wp-content\/uploads\/2025\/10\/DFFGSDH-1.webp","datePublished":"2025-10-06T15:15:14+00:00","dateModified":"2025-10-06T19:17:12+00:00","breadcrumb":{"@id":"https:\/\/waracomunicaciones.com\/?p=817#breadcrumb"},"inLanguage":"es","potentialAction":[{"@type":"ReadAction","target":["https:\/\/waracomunicaciones.com\/?p=817"]}]},{"@type":"ImageObject","inLanguage":"es","@id":"https:\/\/waracomunicaciones.com\/?p=817#primaryimage","url":"https:\/\/waracomunicaciones.com\/wp-content\/uploads\/2025\/10\/DFFGSDH-1.webp","contentUrl":"https:\/\/waracomunicaciones.com\/wp-content\/uploads\/2025\/10\/DFFGSDH-1.webp","width":1000,"height":667},{"@type":"BreadcrumbList","@id":"https:\/\/waracomunicaciones.com\/?p=817#breadcrumb","itemListElement":[{"@type":"ListItem","position":1,"name":"Portada","item":"https:\/\/waracomunicaciones.com\/"},{"@type":"ListItem","position":2,"name":"Diputada Deisy Choque rechaza acusaciones y denuncia uso pol\u00edtico del conflicto en el predio Patuj\u00fa"}]},{"@type":"WebSite","@id":"https:\/\/waracomunicaciones.com\/#website","url":"https:\/\/waracomunicaciones.com\/","name":"Wara Comunicaciones","description":"","publisher":{"@id":"https:\/\/waracomunicaciones.com\/#organization"},"potentialAction":[{"@type":"SearchAction","target":{"@type":"EntryPoint","urlTemplate":"https:\/\/waracomunicaciones.com\/?s={search_term_string}"},"query-input":{"@type":"PropertyValueSpecification","valueRequired":true,"valueName":"search_term_string"}}],"inLanguage":"es"},{"@type":"Organization","@id":"https:\/\/waracomunicaciones.com\/#organization","name":"Wara Comunicaciones","url":"https:\/\/waracomunicaciones.com\/","logo":{"@type":"ImageObject","inLanguage":"es","@id":"https:\/\/waracomunicaciones.com\/#\/schema\/logo\/image\/","url":"https:\/\/waracomunicaciones.com\/wp-content\/uploads\/2025\/07\/logo.png","contentUrl":"https:\/\/waracomunicaciones.com\/wp-content\/uploads\/2025\/07\/logo.png","width":400,"height":164,"caption":"Wara Comunicaciones"},"image":{"@id":"https:\/\/waracomunicaciones.com\/#\/schema\/logo\/image\/"},"sameAs":["https:\/\/www.facebook.com\/waracomunicaciones2017"]},{"@type":"Person","@id":"https:\/\/waracomunicaciones.com\/#\/schema\/person\/e9db934bc91575cc71fe584c5973244a","name":"admin","image":{"@type":"ImageObject","inLanguage":"es","@id":"https:\/\/waracomunicaciones.com\/#\/schema\/person\/image\/","url":"https:\/\/secure.gravatar.com\/avatar\/bf27e9186df568254093afa216f887fece17605302c6ff12f3980422fffa52e6?s=96&d=mm&r=g","contentUrl":"https:\/\/secure.gravatar.com\/avatar\/bf27e9186df568254093afa216f887fece17605302c6ff12f3980422fffa52e6?s=96&d=mm&r=g","caption":"admin"},"sameAs":["https:\/\/waracomunicaciones.com\/wp"],"url":"https:\/\/waracomunicaciones.com\/?author=1"}]}},"_links":{"self":[{"href":"https:\/\/waracomunicaciones.com\/index.php?rest_route=\/wp\/v2\/posts\/817","targetHints":{"allow":["GET"]}}],"collection":[{"href":"https:\/\/waracomunicaciones.com\/index.php?rest_route=\/wp\/v2\/posts"}],"about":[{"href":"https:\/\/waracomunicaciones.com\/index.php?rest_route=\/wp\/v2\/types\/post"}],"author":[{"embeddable":true,"href":"https:\/\/waracomunicaciones.com\/index.php?rest_route=\/wp\/v2\/users\/1"}],"replies":[{"embeddable":true,"href":"https:\/\/waracomunicaciones.com\/index.php?rest_route=%2Fwp%2Fv2%2Fcomments&post=817"}],"version-history":[{"count":2,"href":"https:\/\/waracomunicaciones.com\/index.php?rest_route=\/wp\/v2\/posts\/817\/revisions"}],"predecessor-version":[{"id":834,"href":"https:\/\/waracomunicaciones.com\/index.php?rest_route=\/wp\/v2\/posts\/817\/revisions\/834"}],"wp:attachment":[{"href":"https:\/\/waracomunicaciones.com\/index.php?rest_route=%2Fwp%2Fv2%2Fmedia&parent=817"}],"wp:term":[{"taxonomy":"category","embeddable":true,"href":"https:\/\/waracomunicaciones.com\/index.php?rest_route=%2Fwp%2Fv2%2Fcategories&post=817"},{"taxonomy":"post_tag","embeddable":true,"href":"https:\/\/waracomunicaciones.com\/index.php?rest_route=%2Fwp%2Fv2%2Ftags&post=817"}],"curies":[{"name":"wp","href":"https:\/\/api.w.org\/{rel}","templated":true}]}}