{"id":814,"date":"2025-10-06T11:08:45","date_gmt":"2025-10-06T15:08:45","guid":{"rendered":"https:\/\/waracomunicaciones.com\/?p=814"},"modified":"2025-10-06T11:20:50","modified_gmt":"2025-10-06T15:20:50","slug":"el-mnr-de-montero-aclara-su-apoyo-politico-respaldan-a-tuto-quiroga-y-jp-velasco","status":"publish","type":"post","link":"https:\/\/waracomunicaciones.com\/?p=814","title":{"rendered":"El MNR de Montero aclara su apoyo pol\u00edtico: respaldan a Tuto Quiroga y JP Velasco"},"content":{"rendered":"\n<figure class=\"wp-block-image size-full\"><img loading=\"lazy\" decoding=\"async\" width=\"1000\" height=\"750\" src=\"https:\/\/waracomunicaciones.com\/wp-content\/uploads\/2025\/10\/dsfghsf.webp\" alt=\"\" class=\"wp-image-815\" srcset=\"https:\/\/waracomunicaciones.com\/wp-content\/uploads\/2025\/10\/dsfghsf.webp 1000w, https:\/\/waracomunicaciones.com\/wp-content\/uploads\/2025\/10\/dsfghsf-300x225.webp 300w, https:\/\/waracomunicaciones.com\/wp-content\/uploads\/2025\/10\/dsfghsf-768x576.webp 768w\" sizes=\"auto, (max-width: 1000px) 100vw, 1000px\" \/><figcaption class=\"wp-element-caption\"><em>MNR ratifica su apoyo a Tuto Quiroga &#8211; Foto Facebook <\/em><\/figcaption><\/figure>\n\n\n<p><strong>Montero, Santa Cruz<\/strong> \u2013 El jefe del comando seccional del Movimiento Nacionalista Revolucionario (MNR) en Montero, <strong>Ra\u00fal Limpias<\/strong>, desminti\u00f3 p\u00fablicamente que su organizaci\u00f3n respalde al binomio <strong>Rodrigo Paz &#8211; Edman Lara<\/strong>, tal como se hab\u00eda difundido a nivel departamental.<!--more--><\/p>\n<p>En declaraciones ofrecidas esta jornada, Limpias fue enf\u00e1tico:<\/p>\n<p>\u201cNosotros, como MNR Montero, no apoyamos ese binomio. Nuestra adhesi\u00f3n es con <strong>Tuto Quiroga<\/strong> y <strong>JP Velasco<\/strong>, y mantenemos ese acuerdo firmado desde el 17 de agosto con el frente Libre.\u201d<\/p>\n<p>El pronunciamiento surge tras declaraciones del jefe departamental del MNR, <strong>Gerardo Rosado<\/strong>, quien en d\u00edas pasados asegur\u00f3 que el partido en Santa Cruz se alineaba con Paz y Lara. Limpias aclar\u00f3 que dicha posici\u00f3n no representa al directorio municipal de Montero.<\/p>\n<p>De cara a las elecciones nacionales del 19 de octubre, el MNR montere\u00f1o tiene previsto salir a las calles junto con Libre para promover el voto a favor del binomio Quiroga\u2013Velasco. Adem\u00e1s, Ra\u00fal Limpias adelant\u00f3 que ya se est\u00e1n preparando para encarar con fuerza las pr\u00f3ximas <strong>elecciones subnacionales<\/strong>, con la intenci\u00f3n de volver a ser protagonistas.<\/p>\n<p>\u201cNos estamos reorganizando, vamos a apuntar con todo a las subnacionales\u201d, concluy\u00f3 Limpias.<\/p>\n\n\n<figure class=\"wp-block-gallery has-nested-images columns-default is-cropped wp-block-gallery-1 is-layout-flex wp-block-gallery-is-layout-flex\">\n<figure class=\"wp-block-image size-large\"><img loading=\"lazy\" decoding=\"async\" width=\"1000\" height=\"752\" data-id=\"821\" src=\"https:\/\/waracomunicaciones.com\/wp-content\/uploads\/2025\/10\/0011.webp\" alt=\"\" class=\"wp-image-821\" srcset=\"https:\/\/waracomunicaciones.com\/wp-content\/uploads\/2025\/10\/0011.webp 1000w, https:\/\/waracomunicaciones.com\/wp-content\/uploads\/2025\/10\/0011-300x226.webp 300w, https:\/\/waracomunicaciones.com\/wp-content\/uploads\/2025\/10\/0011-768x578.webp 768w\" sizes=\"auto, (max-width: 1000px) 100vw, 1000px\" \/><\/figure>\n\n\n\n<figure class=\"wp-block-image size-large\"><img loading=\"lazy\" decoding=\"async\" width=\"1000\" height=\"1000\" data-id=\"825\" src=\"https:\/\/waracomunicaciones.com\/wp-content\/uploads\/2025\/10\/FFFFFFF.webp\" alt=\"\" class=\"wp-image-825\" srcset=\"https:\/\/waracomunicaciones.com\/wp-content\/uploads\/2025\/10\/FFFFFFF.webp 1000w, https:\/\/waracomunicaciones.com\/wp-content\/uploads\/2025\/10\/FFFFFFF-300x300.webp 300w, https:\/\/waracomunicaciones.com\/wp-content\/uploads\/2025\/10\/FFFFFFF-150x150.webp 150w, https:\/\/waracomunicaciones.com\/wp-content\/uploads\/2025\/10\/FFFFFFF-768x768.webp 768w\" sizes=\"auto, (max-width: 1000px) 100vw, 1000px\" \/><\/figure>\n\n\n\n<figure class=\"wp-block-image size-large\"><img loading=\"lazy\" decoding=\"async\" width=\"1000\" height=\"750\" data-id=\"823\" src=\"https:\/\/waracomunicaciones.com\/wp-content\/uploads\/2025\/10\/FFFF.webp\" alt=\"\" class=\"wp-image-823\" srcset=\"https:\/\/waracomunicaciones.com\/wp-content\/uploads\/2025\/10\/FFFF.webp 1000w, https:\/\/waracomunicaciones.com\/wp-content\/uploads\/2025\/10\/FFFF-300x225.webp 300w, https:\/\/waracomunicaciones.com\/wp-content\/uploads\/2025\/10\/FFFF-768x576.webp 768w\" sizes=\"auto, (max-width: 1000px) 100vw, 1000px\" \/><\/figure>\n\n\n\n<figure class=\"wp-block-image size-large\"><img loading=\"lazy\" decoding=\"async\" width=\"1000\" height=\"750\" data-id=\"824\" src=\"https:\/\/waracomunicaciones.com\/wp-content\/uploads\/2025\/10\/FFFSFSFS.webp\" alt=\"\" class=\"wp-image-824\" srcset=\"https:\/\/waracomunicaciones.com\/wp-content\/uploads\/2025\/10\/FFFSFSFS.webp 1000w, https:\/\/waracomunicaciones.com\/wp-content\/uploads\/2025\/10\/FFFSFSFS-300x225.webp 300w, https:\/\/waracomunicaciones.com\/wp-content\/uploads\/2025\/10\/FFFSFSFS-768x576.webp 768w\" sizes=\"auto, (max-width: 1000px) 100vw, 1000px\" \/><\/figure>\n\n\n\n<figure class=\"wp-block-image size-large\"><img loading=\"lazy\" decoding=\"async\" width=\"1000\" height=\"750\" data-id=\"822\" src=\"https:\/\/waracomunicaciones.com\/wp-content\/uploads\/2025\/10\/FGSGDGGDDG.webp\" alt=\"\" class=\"wp-image-822\" srcset=\"https:\/\/waracomunicaciones.com\/wp-content\/uploads\/2025\/10\/FGSGDGGDDG.webp 1000w, https:\/\/waracomunicaciones.com\/wp-content\/uploads\/2025\/10\/FGSGDGGDDG-300x225.webp 300w, https:\/\/waracomunicaciones.com\/wp-content\/uploads\/2025\/10\/FGSGDGGDDG-768x576.webp 768w\" sizes=\"auto, (max-width: 1000px) 100vw, 1000px\" \/><\/figure>\n\n\n\n<figure class=\"wp-block-image size-large\"><img loading=\"lazy\" decoding=\"async\" width=\"1000\" height=\"750\" data-id=\"826\" src=\"https:\/\/waracomunicaciones.com\/wp-content\/uploads\/2025\/10\/FFFFSSS.webp\" alt=\"\" class=\"wp-image-826\" srcset=\"https:\/\/waracomunicaciones.com\/wp-content\/uploads\/2025\/10\/FFFFSSS.webp 1000w, https:\/\/waracomunicaciones.com\/wp-content\/uploads\/2025\/10\/FFFFSSS-300x225.webp 300w, https:\/\/waracomunicaciones.com\/wp-content\/uploads\/2025\/10\/FFFFSSS-768x576.webp 768w\" sizes=\"auto, (max-width: 1000px) 100vw, 1000px\" \/><\/figure>\n<\/figure>\n<div style=\"margin-top: 0px; margin-bottom: 0px;\" class=\"sharethis-inline-reaction-buttons\" ><\/div>","protected":false},"excerpt":{"rendered":"<p>Montero, Santa Cruz \u2013 El jefe del comando seccional del Movimiento Nacionalista Revolucionario (MNR) en Montero, Ra\u00fal Limpias, desminti\u00f3 p\u00fablicamente que su organizaci\u00f3n respalde al binomio Rodrigo Paz &#8211; Edman Lara, tal como se hab\u00eda difundido a nivel departamental.<\/p>\n","protected":false},"author":1,"featured_media":0,"comment_status":"open","ping_status":"open","sticky":false,"template":"","format":"standard","meta":{"footnotes":""},"categories":[42],"tags":[31,166,11,61],"class_list":["post-814","post","type-post","status-publish","format-standard","hentry","category-politica","tag-alianza-libre","tag-balotaje","tag-elecciones-nacionales-2025","tag-mnr"],"yoast_head":"<!-- This site is optimized with the Yoast SEO Premium plugin v25.5 (Yoast SEO v27.1.1) - https:\/\/yoast.com\/product\/yoast-seo-premium-wordpress\/ -->\n<title>El MNR de Montero aclara su apoyo pol\u00edtico: respaldan a Tuto Quiroga y JP Velasco - Wara Comunicaciones<\/title>\n<meta name=\"robots\" content=\"index, follow, max-snippet:-1, max-image-preview:large, max-video-preview:-1\" \/>\n<link rel=\"canonical\" href=\"https:\/\/waracomunicaciones.com\/?p=814\" \/>\n<meta property=\"og:locale\" content=\"es_ES\" \/>\n<meta property=\"og:type\" content=\"article\" \/>\n<meta property=\"og:title\" content=\"El MNR de Montero aclara su apoyo pol\u00edtico: respaldan a Tuto Quiroga y JP Velasco\" \/>\n<meta property=\"og:description\" content=\"Montero, Santa Cruz \u2013 El jefe del comando seccional del Movimiento Nacionalista Revolucionario (MNR) en Montero, Ra\u00fal Limpias, desminti\u00f3 p\u00fablicamente que su organizaci\u00f3n respalde al binomio Rodrigo Paz &#8211; Edman Lara, tal como se hab\u00eda difundido a nivel departamental.\" \/>\n<meta property=\"og:url\" content=\"https:\/\/waracomunicaciones.com\/?p=814\" \/>\n<meta property=\"og:site_name\" content=\"Wara Comunicaciones\" \/>\n<meta property=\"article:publisher\" content=\"https:\/\/www.facebook.com\/waracomunicaciones2017\" \/>\n<meta property=\"article:published_time\" content=\"2025-10-06T15:08:45+00:00\" \/>\n<meta property=\"article:modified_time\" content=\"2025-10-06T15:20:50+00:00\" \/>\n<meta property=\"og:image\" content=\"https:\/\/waracomunicaciones.com\/wp-content\/uploads\/2025\/10\/dsfghsf.webp\" \/>\n\t<meta property=\"og:image:width\" content=\"1000\" \/>\n\t<meta property=\"og:image:height\" content=\"750\" \/>\n\t<meta property=\"og:image:type\" content=\"image\/webp\" \/>\n<meta name=\"author\" content=\"admin\" \/>\n<meta name=\"twitter:card\" content=\"summary_large_image\" \/>\n<meta name=\"twitter:label1\" content=\"Escrito por\" \/>\n\t<meta name=\"twitter:data1\" content=\"admin\" \/>\n\t<meta name=\"twitter:label2\" content=\"Tiempo de lectura\" \/>\n\t<meta name=\"twitter:data2\" content=\"3 minutos\" \/>\n<script type=\"application\/ld+json\" class=\"yoast-schema-graph\">{\"@context\":\"https:\/\/schema.org\",\"@graph\":[{\"@type\":\"Article\",\"@id\":\"https:\/\/waracomunicaciones.com\/?p=814#article\",\"isPartOf\":{\"@id\":\"https:\/\/waracomunicaciones.com\/?p=814\"},\"author\":{\"name\":\"admin\",\"@id\":\"https:\/\/waracomunicaciones.com\/#\/schema\/person\/e9db934bc91575cc71fe584c5973244a\"},\"headline\":\"El MNR de Montero aclara su apoyo pol\u00edtico: respaldan a Tuto Quiroga y JP Velasco\",\"datePublished\":\"2025-10-06T15:08:45+00:00\",\"dateModified\":\"2025-10-06T15:20:50+00:00\",\"mainEntityOfPage\":{\"@id\":\"https:\/\/waracomunicaciones.com\/?p=814\"},\"wordCount\":226,\"commentCount\":0,\"publisher\":{\"@id\":\"https:\/\/waracomunicaciones.com\/#organization\"},\"image\":{\"@id\":\"https:\/\/waracomunicaciones.com\/?p=814#primaryimage\"},\"thumbnailUrl\":\"https:\/\/waracomunicaciones.com\/wp-content\/uploads\/2025\/10\/dsfghsf.webp\",\"keywords\":[\"Alianza Libre\",\"Balotaje\",\"Elecciones Nacionales 2025\",\"MNR\"],\"articleSection\":[\"Pol\u00edtica\"],\"inLanguage\":\"es\",\"potentialAction\":[{\"@type\":\"CommentAction\",\"name\":\"Comment\",\"target\":[\"https:\/\/waracomunicaciones.com\/?p=814#respond\"]}]},{\"@type\":\"WebPage\",\"@id\":\"https:\/\/waracomunicaciones.com\/?p=814\",\"url\":\"https:\/\/waracomunicaciones.com\/?p=814\",\"name\":\"El MNR de Montero aclara su apoyo pol\u00edtico: respaldan a Tuto Quiroga y JP Velasco - Wara Comunicaciones\",\"isPartOf\":{\"@id\":\"https:\/\/waracomunicaciones.com\/#website\"},\"primaryImageOfPage\":{\"@id\":\"https:\/\/waracomunicaciones.com\/?p=814#primaryimage\"},\"image\":{\"@id\":\"https:\/\/waracomunicaciones.com\/?p=814#primaryimage\"},\"thumbnailUrl\":\"https:\/\/waracomunicaciones.com\/wp-content\/uploads\/2025\/10\/dsfghsf.webp\",\"datePublished\":\"2025-10-06T15:08:45+00:00\",\"dateModified\":\"2025-10-06T15:20:50+00:00\",\"breadcrumb\":{\"@id\":\"https:\/\/waracomunicaciones.com\/?p=814#breadcrumb\"},\"inLanguage\":\"es\",\"potentialAction\":[{\"@type\":\"ReadAction\",\"target\":[\"https:\/\/waracomunicaciones.com\/?p=814\"]}]},{\"@type\":\"ImageObject\",\"inLanguage\":\"es\",\"@id\":\"https:\/\/waracomunicaciones.com\/?p=814#primaryimage\",\"url\":\"https:\/\/waracomunicaciones.com\/wp-content\/uploads\/2025\/10\/dsfghsf.webp\",\"contentUrl\":\"https:\/\/waracomunicaciones.com\/wp-content\/uploads\/2025\/10\/dsfghsf.webp\",\"width\":1000,\"height\":750},{\"@type\":\"BreadcrumbList\",\"@id\":\"https:\/\/waracomunicaciones.com\/?p=814#breadcrumb\",\"itemListElement\":[{\"@type\":\"ListItem\",\"position\":1,\"name\":\"Portada\",\"item\":\"https:\/\/waracomunicaciones.com\/\"},{\"@type\":\"ListItem\",\"position\":2,\"name\":\"El MNR de Montero aclara su apoyo pol\u00edtico: respaldan a Tuto Quiroga y JP Velasco\"}]},{\"@type\":\"WebSite\",\"@id\":\"https:\/\/waracomunicaciones.com\/#website\",\"url\":\"https:\/\/waracomunicaciones.com\/\",\"name\":\"Wara Comunicaciones\",\"description\":\"\",\"publisher\":{\"@id\":\"https:\/\/waracomunicaciones.com\/#organization\"},\"potentialAction\":[{\"@type\":\"SearchAction\",\"target\":{\"@type\":\"EntryPoint\",\"urlTemplate\":\"https:\/\/waracomunicaciones.com\/?s={search_term_string}\"},\"query-input\":{\"@type\":\"PropertyValueSpecification\",\"valueRequired\":true,\"valueName\":\"search_term_string\"}}],\"inLanguage\":\"es\"},{\"@type\":\"Organization\",\"@id\":\"https:\/\/waracomunicaciones.com\/#organization\",\"name\":\"Wara Comunicaciones\",\"url\":\"https:\/\/waracomunicaciones.com\/\",\"logo\":{\"@type\":\"ImageObject\",\"inLanguage\":\"es\",\"@id\":\"https:\/\/waracomunicaciones.com\/#\/schema\/logo\/image\/\",\"url\":\"https:\/\/waracomunicaciones.com\/wp-content\/uploads\/2025\/07\/logo.png\",\"contentUrl\":\"https:\/\/waracomunicaciones.com\/wp-content\/uploads\/2025\/07\/logo.png\",\"width\":400,\"height\":164,\"caption\":\"Wara Comunicaciones\"},\"image\":{\"@id\":\"https:\/\/waracomunicaciones.com\/#\/schema\/logo\/image\/\"},\"sameAs\":[\"https:\/\/www.facebook.com\/waracomunicaciones2017\"]},{\"@type\":\"Person\",\"@id\":\"https:\/\/waracomunicaciones.com\/#\/schema\/person\/e9db934bc91575cc71fe584c5973244a\",\"name\":\"admin\",\"image\":{\"@type\":\"ImageObject\",\"inLanguage\":\"es\",\"@id\":\"https:\/\/waracomunicaciones.com\/#\/schema\/person\/image\/\",\"url\":\"https:\/\/secure.gravatar.com\/avatar\/bf27e9186df568254093afa216f887fece17605302c6ff12f3980422fffa52e6?s=96&d=mm&r=g\",\"contentUrl\":\"https:\/\/secure.gravatar.com\/avatar\/bf27e9186df568254093afa216f887fece17605302c6ff12f3980422fffa52e6?s=96&d=mm&r=g\",\"caption\":\"admin\"},\"sameAs\":[\"https:\/\/waracomunicaciones.com\/wp\"],\"url\":\"https:\/\/waracomunicaciones.com\/?author=1\"}]}<\/script>\n<!-- \/ Yoast SEO Premium plugin. -->","yoast_head_json":{"title":"El MNR de Montero aclara su apoyo pol\u00edtico: respaldan a Tuto Quiroga y JP Velasco - Wara Comunicaciones","robots":{"index":"index","follow":"follow","max-snippet":"max-snippet:-1","max-image-preview":"max-image-preview:large","max-video-preview":"max-video-preview:-1"},"canonical":"https:\/\/waracomunicaciones.com\/?p=814","og_locale":"es_ES","og_type":"article","og_title":"El MNR de Montero aclara su apoyo pol\u00edtico: respaldan a Tuto Quiroga y JP Velasco","og_description":"Montero, Santa Cruz \u2013 El jefe del comando seccional del Movimiento Nacionalista Revolucionario (MNR) en Montero, Ra\u00fal Limpias, desminti\u00f3 p\u00fablicamente que su organizaci\u00f3n respalde al binomio Rodrigo Paz &#8211; Edman Lara, tal como se hab\u00eda difundido a nivel departamental.","og_url":"https:\/\/waracomunicaciones.com\/?p=814","og_site_name":"Wara Comunicaciones","article_publisher":"https:\/\/www.facebook.com\/waracomunicaciones2017","article_published_time":"2025-10-06T15:08:45+00:00","article_modified_time":"2025-10-06T15:20:50+00:00","og_image":[{"width":1000,"height":750,"url":"https:\/\/waracomunicaciones.com\/wp-content\/uploads\/2025\/10\/dsfghsf.webp","type":"image\/webp"}],"author":"admin","twitter_card":"summary_large_image","twitter_misc":{"Escrito por":"admin","Tiempo de lectura":"3 minutos"},"schema":{"@context":"https:\/\/schema.org","@graph":[{"@type":"Article","@id":"https:\/\/waracomunicaciones.com\/?p=814#article","isPartOf":{"@id":"https:\/\/waracomunicaciones.com\/?p=814"},"author":{"name":"admin","@id":"https:\/\/waracomunicaciones.com\/#\/schema\/person\/e9db934bc91575cc71fe584c5973244a"},"headline":"El MNR de Montero aclara su apoyo pol\u00edtico: respaldan a Tuto Quiroga y JP Velasco","datePublished":"2025-10-06T15:08:45+00:00","dateModified":"2025-10-06T15:20:50+00:00","mainEntityOfPage":{"@id":"https:\/\/waracomunicaciones.com\/?p=814"},"wordCount":226,"commentCount":0,"publisher":{"@id":"https:\/\/waracomunicaciones.com\/#organization"},"image":{"@id":"https:\/\/waracomunicaciones.com\/?p=814#primaryimage"},"thumbnailUrl":"https:\/\/waracomunicaciones.com\/wp-content\/uploads\/2025\/10\/dsfghsf.webp","keywords":["Alianza Libre","Balotaje","Elecciones Nacionales 2025","MNR"],"articleSection":["Pol\u00edtica"],"inLanguage":"es","potentialAction":[{"@type":"CommentAction","name":"Comment","target":["https:\/\/waracomunicaciones.com\/?p=814#respond"]}]},{"@type":"WebPage","@id":"https:\/\/waracomunicaciones.com\/?p=814","url":"https:\/\/waracomunicaciones.com\/?p=814","name":"El MNR de Montero aclara su apoyo pol\u00edtico: respaldan a Tuto Quiroga y JP Velasco - Wara Comunicaciones","isPartOf":{"@id":"https:\/\/waracomunicaciones.com\/#website"},"primaryImageOfPage":{"@id":"https:\/\/waracomunicaciones.com\/?p=814#primaryimage"},"image":{"@id":"https:\/\/waracomunicaciones.com\/?p=814#primaryimage"},"thumbnailUrl":"https:\/\/waracomunicaciones.com\/wp-content\/uploads\/2025\/10\/dsfghsf.webp","datePublished":"2025-10-06T15:08:45+00:00","dateModified":"2025-10-06T15:20:50+00:00","breadcrumb":{"@id":"https:\/\/waracomunicaciones.com\/?p=814#breadcrumb"},"inLanguage":"es","potentialAction":[{"@type":"ReadAction","target":["https:\/\/waracomunicaciones.com\/?p=814"]}]},{"@type":"ImageObject","inLanguage":"es","@id":"https:\/\/waracomunicaciones.com\/?p=814#primaryimage","url":"https:\/\/waracomunicaciones.com\/wp-content\/uploads\/2025\/10\/dsfghsf.webp","contentUrl":"https:\/\/waracomunicaciones.com\/wp-content\/uploads\/2025\/10\/dsfghsf.webp","width":1000,"height":750},{"@type":"BreadcrumbList","@id":"https:\/\/waracomunicaciones.com\/?p=814#breadcrumb","itemListElement":[{"@type":"ListItem","position":1,"name":"Portada","item":"https:\/\/waracomunicaciones.com\/"},{"@type":"ListItem","position":2,"name":"El MNR de Montero aclara su apoyo pol\u00edtico: respaldan a Tuto Quiroga y JP Velasco"}]},{"@type":"WebSite","@id":"https:\/\/waracomunicaciones.com\/#website","url":"https:\/\/waracomunicaciones.com\/","name":"Wara Comunicaciones","description":"","publisher":{"@id":"https:\/\/waracomunicaciones.com\/#organization"},"potentialAction":[{"@type":"SearchAction","target":{"@type":"EntryPoint","urlTemplate":"https:\/\/waracomunicaciones.com\/?s={search_term_string}"},"query-input":{"@type":"PropertyValueSpecification","valueRequired":true,"valueName":"search_term_string"}}],"inLanguage":"es"},{"@type":"Organization","@id":"https:\/\/waracomunicaciones.com\/#organization","name":"Wara Comunicaciones","url":"https:\/\/waracomunicaciones.com\/","logo":{"@type":"ImageObject","inLanguage":"es","@id":"https:\/\/waracomunicaciones.com\/#\/schema\/logo\/image\/","url":"https:\/\/waracomunicaciones.com\/wp-content\/uploads\/2025\/07\/logo.png","contentUrl":"https:\/\/waracomunicaciones.com\/wp-content\/uploads\/2025\/07\/logo.png","width":400,"height":164,"caption":"Wara Comunicaciones"},"image":{"@id":"https:\/\/waracomunicaciones.com\/#\/schema\/logo\/image\/"},"sameAs":["https:\/\/www.facebook.com\/waracomunicaciones2017"]},{"@type":"Person","@id":"https:\/\/waracomunicaciones.com\/#\/schema\/person\/e9db934bc91575cc71fe584c5973244a","name":"admin","image":{"@type":"ImageObject","inLanguage":"es","@id":"https:\/\/waracomunicaciones.com\/#\/schema\/person\/image\/","url":"https:\/\/secure.gravatar.com\/avatar\/bf27e9186df568254093afa216f887fece17605302c6ff12f3980422fffa52e6?s=96&d=mm&r=g","contentUrl":"https:\/\/secure.gravatar.com\/avatar\/bf27e9186df568254093afa216f887fece17605302c6ff12f3980422fffa52e6?s=96&d=mm&r=g","caption":"admin"},"sameAs":["https:\/\/waracomunicaciones.com\/wp"],"url":"https:\/\/waracomunicaciones.com\/?author=1"}]}},"_links":{"self":[{"href":"https:\/\/waracomunicaciones.com\/index.php?rest_route=\/wp\/v2\/posts\/814","targetHints":{"allow":["GET"]}}],"collection":[{"href":"https:\/\/waracomunicaciones.com\/index.php?rest_route=\/wp\/v2\/posts"}],"about":[{"href":"https:\/\/waracomunicaciones.com\/index.php?rest_route=\/wp\/v2\/types\/post"}],"author":[{"embeddable":true,"href":"https:\/\/waracomunicaciones.com\/index.php?rest_route=\/wp\/v2\/users\/1"}],"replies":[{"embeddable":true,"href":"https:\/\/waracomunicaciones.com\/index.php?rest_route=%2Fwp%2Fv2%2Fcomments&post=814"}],"version-history":[{"count":2,"href":"https:\/\/waracomunicaciones.com\/index.php?rest_route=\/wp\/v2\/posts\/814\/revisions"}],"predecessor-version":[{"id":827,"href":"https:\/\/waracomunicaciones.com\/index.php?rest_route=\/wp\/v2\/posts\/814\/revisions\/827"}],"wp:attachment":[{"href":"https:\/\/waracomunicaciones.com\/index.php?rest_route=%2Fwp%2Fv2%2Fmedia&parent=814"}],"wp:term":[{"taxonomy":"category","embeddable":true,"href":"https:\/\/waracomunicaciones.com\/index.php?rest_route=%2Fwp%2Fv2%2Fcategories&post=814"},{"taxonomy":"post_tag","embeddable":true,"href":"https:\/\/waracomunicaciones.com\/index.php?rest_route=%2Fwp%2Fv2%2Ftags&post=814"}],"curies":[{"name":"wp","href":"https:\/\/api.w.org\/{rel}","templated":true}]}}