{"id":811,"date":"2025-10-06T11:02:11","date_gmt":"2025-10-06T15:02:11","guid":{"rendered":"https:\/\/waracomunicaciones.com\/?p=811"},"modified":"2025-10-06T11:02:12","modified_gmt":"2025-10-06T15:02:12","slug":"avasallamientos-en-montero-nos-tienen-en-ascuas-denuncia-productor-y-exalcalde","status":"publish","type":"post","link":"https:\/\/waracomunicaciones.com\/?p=811","title":{"rendered":"Avasallamientos en Montero: \u201cNos tienen en ascuas\u201d, denuncia productor y exalcalde"},"content":{"rendered":"\n<figure class=\"wp-block-image size-full\"><img loading=\"lazy\" decoding=\"async\" width=\"1000\" height=\"667\" src=\"https:\/\/waracomunicaciones.com\/wp-content\/uploads\/2025\/10\/dhsddsds.webp\" alt=\"\" class=\"wp-image-812\" srcset=\"https:\/\/waracomunicaciones.com\/wp-content\/uploads\/2025\/10\/dhsddsds.webp 1000w, https:\/\/waracomunicaciones.com\/wp-content\/uploads\/2025\/10\/dhsddsds-300x200.webp 300w, https:\/\/waracomunicaciones.com\/wp-content\/uploads\/2025\/10\/dhsddsds-768x512.webp 768w\" sizes=\"auto, (max-width: 1000px) 100vw, 1000px\" \/><figcaption class=\"wp-element-caption\"><em>Avasallamiento en en la Zona del Patuj\u00fa &#8211;  Foto El Deber<\/em><\/figcaption><\/figure>\n\n\n<p><strong>Montero, Santa Cruz<\/strong> \u2014 La creciente tensi\u00f3n en torno a los avasallamientos en la zona del Patuj\u00fa y El Cidral, en el municipio de Montero, ha puesto al descubierto una problem\u00e1tica estructural que combina irregularidades legales, inacci\u00f3n institucional y un uso pol\u00edtico del territorio. <!--more-->As\u00ed lo manifest\u00f3 el productor agropecuario e ingeniero <strong>Miguel \u00c1ngel Hurtado<\/strong>, en una intervenci\u00f3n en Wara Comunicaciones donde comparti\u00f3 su experiencia como vecino, exalcalde de Montero y agricultor de larga data.<\/p>\n<p>Hurtado comenz\u00f3 aclarando un dato que, seg\u00fan \u00e9l, ha sido mal interpretado en declaraciones previas: <strong>el \u00e1rea recientemente avasallada no se encuentra dentro de la ampliaci\u00f3n de la mancha urbana<\/strong>, como se hab\u00eda afirmado, sino en el cauce antiguo del r\u00edo Pira\u00ed, abandonado por el r\u00edo en 2017 tras un cambio natural de recorrido.<\/p>\n<p>\u201cEsa zona est\u00e1 fuera del \u00e1rea urbana. Lo que est\u00e1 pasando es que como el r\u00edo cambi\u00f3 de cauce, la gente crey\u00f3 que no volver\u00eda. Como ninguna instituci\u00f3n hizo nada para impedir los loteamientos, empezaron a avanzar y se metieron incluso a propiedades privadas\u201d, explic\u00f3 Hurtado.<\/p>\n<p><strong>Instituciones ausentes: \u201cSEARPI se aplaz\u00f3\u201d<\/strong><\/p>\n<p>Uno de los principales blancos de cr\u00edtica fue el Servicio de Encauzamiento de Aguas y Regularizaci\u00f3n del R\u00edo Pira\u00ed (SEARPI), organismo encargado de proteger los defensivos del r\u00edo y prevenir desastres.<\/p>\n<p>\u201cEl SEARPI no ha hecho absolutamente nada para proteger las riberas del cauce antiguo. Hay desmontes ilegales que nadie ha denunciado. Y si el r\u00edo vuelve a su cauce original, todas las propiedades est\u00e1n en riesgo. Nos han dejado a la deriva\u201d, denunci\u00f3.<\/p>\n<p>Hurtado propuso que la soluci\u00f3n comienza con una <strong>reforma estructural del INRA (Instituto Nacional de Reforma Agraria)<\/strong>, al que acus\u00f3 directamente de estar vinculado con <strong>redes internas de corrupci\u00f3n y tr\u00e1fico de informaci\u00f3n sobre terrenos a\u00fan no titulados<\/strong>.<\/p>\n<p><strong>Sistema agrario colapsado: miles sin t\u00edtulo, otros con hect\u00e1reas improductivas<\/strong><\/p>\n<p>En su intervenci\u00f3n, Hurtado expuso otra arista del conflicto: <strong>la lentitud en la entrega de t\u00edtulos agrarios<\/strong>, lo cual deja a miles de productores en incertidumbre jur\u00eddica. A modo de ejemplo, relat\u00f3 su propio caso:<\/p>\n<p>\u201cTengo una peque\u00f1a quinta que era de mi abuela, donde mi familia vive y produce desde hace m\u00e1s de 120 a\u00f1os. La casa tiene 115 a\u00f1os, pero mis t\u00edtulos siguen en resoluci\u00f3n administrativa porque al presidente no le da la gana de firmar\u201d, expres\u00f3 con indignaci\u00f3n.<\/p>\n<p>En contraste, mencion\u00f3 casos en los que personas con miles de hect\u00e1reas sin actividad productiva reclaman saneamiento pese a no cumplir con la Funci\u00f3n Econ\u00f3mico Social (FES), lo que genera un desequilibrio entre quienes realmente trabajan la tierra y quienes la acumulan como inversi\u00f3n.<\/p>\n<p>\u201cCon 170 cabezas de ganado no se puede justificar el saneamiento de 5.000 hect\u00e1reas. La tierra es para quien la trabaja, no para engordar y vender\u201d, subray\u00f3.<\/p>\n<p><strong>Redistribuci\u00f3n vs. Manipulaci\u00f3n pol\u00edtica<\/strong><\/p>\n<p>Hurtado tambi\u00e9n record\u00f3 los or\u00edgenes del proceso de reforma agraria en Bolivia, criticando c\u00f3mo su esp\u00edritu original se ha distorsionado con el tiempo:<\/p>\n<p>\u201cEl INRA fue creado para ordenar el caos que dej\u00f3 la vieja reforma agraria. Pero con los a\u00f1os, aparecieron m\u00e1s t\u00edtulos que tierra. Y ahora se est\u00e1 usando con fines pol\u00edticos: se prioriza la entrega de tierras a comunidades afines al gobierno, incluso en zonas de riesgo, como cauces antiguos del r\u00edo\u201d, se\u00f1al\u00f3.<\/p>\n<p>Este fen\u00f3meno, explic\u00f3, tambi\u00e9n se relaciona con la <strong>inactividad de la Comisi\u00f3n Agraria Departamental<\/strong>, que deber\u00eda ejercer control social sobre las decisiones del INRA pero, seg\u00fan Hurtado, <strong>nunca ha funcionado<\/strong>.<\/p>\n<p><strong>\u201cAqu\u00ed hay historia, hay memoria, hay trabajo\u201d<\/strong><\/p>\n<p>Finalmente, Hurtado apel\u00f3 a la memoria hist\u00f3rica de Montero y sus ra\u00edces campesinas. Record\u00f3 que la regi\u00f3n fue colonizada desde Portachuelo, y que muchas propiedades datan de m\u00e1s de un siglo atr\u00e1s.<\/p>\n<p>\u201cEstas propiedades no tienen t\u00edtulos del INRA, pero tienen historia. Tienen t\u00edtulos de pap\u00e1, de mam\u00e1, del abuelo. En mi caso, cinco generaciones han trabajado esa tierra. No pueden venir ahora a desconocer eso\u201d, remarc\u00f3.<\/p>\n<p>Con conocimiento t\u00e9cnico, experiencia territorial y una postura cr\u00edtica pero propositiva, <strong>Miguel \u00c1ngel Hurtado<\/strong> dej\u00f3 en claro que el problema de los avasallamientos en Montero es mucho m\u00e1s profundo que un simple conflicto de tierras: es un reflejo del deterioro institucional, la corrupci\u00f3n agraria y la ausencia de pol\u00edticas serias de gesti\u00f3n territorial y ambiental.<\/p><div style=\"margin-top: 0px; margin-bottom: 0px;\" class=\"sharethis-inline-reaction-buttons\" ><\/div>","protected":false},"excerpt":{"rendered":"<p>Montero, Santa Cruz \u2014 La creciente tensi\u00f3n en torno a los avasallamientos en la zona del Patuj\u00fa y El Cidral, en el municipio de Montero, ha puesto al descubierto una problem\u00e1tica estructural que combina irregularidades legales, inacci\u00f3n institucional y un uso pol\u00edtico del territorio.<\/p>\n","protected":false},"author":1,"featured_media":0,"comment_status":"open","ping_status":"open","sticky":false,"template":"","format":"standard","meta":{"footnotes":""},"categories":[43],"tags":[214,152,215],"class_list":["post-811","post","type-post","status-publish","format-standard","hentry","category-seguridad","tag-avasallamiento","tag-miguel-angel-hurtado","tag-patuju"],"yoast_head":"<!-- This site is optimized with the Yoast SEO Premium plugin v25.5 (Yoast SEO v27.1.1) - https:\/\/yoast.com\/product\/yoast-seo-premium-wordpress\/ -->\n<title>Avasallamientos en Montero: \u201cNos tienen en ascuas\u201d, denuncia productor y exalcalde - Wara Comunicaciones<\/title>\n<meta name=\"robots\" content=\"index, follow, max-snippet:-1, max-image-preview:large, max-video-preview:-1\" \/>\n<link rel=\"canonical\" href=\"https:\/\/waracomunicaciones.com\/?p=811\" \/>\n<meta property=\"og:locale\" content=\"es_ES\" \/>\n<meta property=\"og:type\" content=\"article\" \/>\n<meta property=\"og:title\" content=\"Avasallamientos en Montero: \u201cNos tienen en ascuas\u201d, denuncia productor y exalcalde\" \/>\n<meta property=\"og:description\" content=\"Montero, Santa Cruz \u2014 La creciente tensi\u00f3n en torno a los avasallamientos en la zona del Patuj\u00fa y El Cidral, en el municipio de Montero, ha puesto al descubierto una problem\u00e1tica estructural que combina irregularidades legales, inacci\u00f3n institucional y un uso pol\u00edtico del territorio.\" \/>\n<meta property=\"og:url\" content=\"https:\/\/waracomunicaciones.com\/?p=811\" \/>\n<meta property=\"og:site_name\" content=\"Wara Comunicaciones\" \/>\n<meta property=\"article:publisher\" content=\"https:\/\/www.facebook.com\/waracomunicaciones2017\" \/>\n<meta property=\"article:published_time\" content=\"2025-10-06T15:02:11+00:00\" \/>\n<meta property=\"article:modified_time\" content=\"2025-10-06T15:02:12+00:00\" \/>\n<meta property=\"og:image\" content=\"https:\/\/waracomunicaciones.com\/wp-content\/uploads\/2025\/10\/dhsddsds.webp\" \/>\n\t<meta property=\"og:image:width\" content=\"1000\" \/>\n\t<meta property=\"og:image:height\" content=\"667\" \/>\n\t<meta property=\"og:image:type\" content=\"image\/webp\" \/>\n<meta name=\"author\" content=\"admin\" \/>\n<meta name=\"twitter:card\" content=\"summary_large_image\" \/>\n<meta name=\"twitter:label1\" content=\"Escrito por\" \/>\n\t<meta name=\"twitter:data1\" content=\"admin\" \/>\n\t<meta name=\"twitter:label2\" content=\"Tiempo de lectura\" \/>\n\t<meta name=\"twitter:data2\" content=\"4 minutos\" \/>\n<script type=\"application\/ld+json\" class=\"yoast-schema-graph\">{\"@context\":\"https:\/\/schema.org\",\"@graph\":[{\"@type\":\"Article\",\"@id\":\"https:\/\/waracomunicaciones.com\/?p=811#article\",\"isPartOf\":{\"@id\":\"https:\/\/waracomunicaciones.com\/?p=811\"},\"author\":{\"name\":\"admin\",\"@id\":\"https:\/\/waracomunicaciones.com\/#\/schema\/person\/e9db934bc91575cc71fe584c5973244a\"},\"headline\":\"Avasallamientos en Montero: \u201cNos tienen en ascuas\u201d, denuncia productor y exalcalde\",\"datePublished\":\"2025-10-06T15:02:11+00:00\",\"dateModified\":\"2025-10-06T15:02:12+00:00\",\"mainEntityOfPage\":{\"@id\":\"https:\/\/waracomunicaciones.com\/?p=811\"},\"wordCount\":781,\"commentCount\":0,\"publisher\":{\"@id\":\"https:\/\/waracomunicaciones.com\/#organization\"},\"image\":{\"@id\":\"https:\/\/waracomunicaciones.com\/?p=811#primaryimage\"},\"thumbnailUrl\":\"https:\/\/waracomunicaciones.com\/wp-content\/uploads\/2025\/10\/dhsddsds.webp\",\"keywords\":[\"Avasallamiento\",\"Miguel \u00c1ngel Hurtado\",\"Patuj\u00fa\"],\"articleSection\":[\"Seguridad\"],\"inLanguage\":\"es\",\"potentialAction\":[{\"@type\":\"CommentAction\",\"name\":\"Comment\",\"target\":[\"https:\/\/waracomunicaciones.com\/?p=811#respond\"]}]},{\"@type\":\"WebPage\",\"@id\":\"https:\/\/waracomunicaciones.com\/?p=811\",\"url\":\"https:\/\/waracomunicaciones.com\/?p=811\",\"name\":\"Avasallamientos en Montero: \u201cNos tienen en ascuas\u201d, denuncia productor y exalcalde - Wara Comunicaciones\",\"isPartOf\":{\"@id\":\"https:\/\/waracomunicaciones.com\/#website\"},\"primaryImageOfPage\":{\"@id\":\"https:\/\/waracomunicaciones.com\/?p=811#primaryimage\"},\"image\":{\"@id\":\"https:\/\/waracomunicaciones.com\/?p=811#primaryimage\"},\"thumbnailUrl\":\"https:\/\/waracomunicaciones.com\/wp-content\/uploads\/2025\/10\/dhsddsds.webp\",\"datePublished\":\"2025-10-06T15:02:11+00:00\",\"dateModified\":\"2025-10-06T15:02:12+00:00\",\"breadcrumb\":{\"@id\":\"https:\/\/waracomunicaciones.com\/?p=811#breadcrumb\"},\"inLanguage\":\"es\",\"potentialAction\":[{\"@type\":\"ReadAction\",\"target\":[\"https:\/\/waracomunicaciones.com\/?p=811\"]}]},{\"@type\":\"ImageObject\",\"inLanguage\":\"es\",\"@id\":\"https:\/\/waracomunicaciones.com\/?p=811#primaryimage\",\"url\":\"https:\/\/waracomunicaciones.com\/wp-content\/uploads\/2025\/10\/dhsddsds.webp\",\"contentUrl\":\"https:\/\/waracomunicaciones.com\/wp-content\/uploads\/2025\/10\/dhsddsds.webp\",\"width\":1000,\"height\":667},{\"@type\":\"BreadcrumbList\",\"@id\":\"https:\/\/waracomunicaciones.com\/?p=811#breadcrumb\",\"itemListElement\":[{\"@type\":\"ListItem\",\"position\":1,\"name\":\"Portada\",\"item\":\"https:\/\/waracomunicaciones.com\/\"},{\"@type\":\"ListItem\",\"position\":2,\"name\":\"Avasallamientos en Montero: \u201cNos tienen en ascuas\u201d, denuncia productor y exalcalde\"}]},{\"@type\":\"WebSite\",\"@id\":\"https:\/\/waracomunicaciones.com\/#website\",\"url\":\"https:\/\/waracomunicaciones.com\/\",\"name\":\"Wara Comunicaciones\",\"description\":\"\",\"publisher\":{\"@id\":\"https:\/\/waracomunicaciones.com\/#organization\"},\"potentialAction\":[{\"@type\":\"SearchAction\",\"target\":{\"@type\":\"EntryPoint\",\"urlTemplate\":\"https:\/\/waracomunicaciones.com\/?s={search_term_string}\"},\"query-input\":{\"@type\":\"PropertyValueSpecification\",\"valueRequired\":true,\"valueName\":\"search_term_string\"}}],\"inLanguage\":\"es\"},{\"@type\":\"Organization\",\"@id\":\"https:\/\/waracomunicaciones.com\/#organization\",\"name\":\"Wara Comunicaciones\",\"url\":\"https:\/\/waracomunicaciones.com\/\",\"logo\":{\"@type\":\"ImageObject\",\"inLanguage\":\"es\",\"@id\":\"https:\/\/waracomunicaciones.com\/#\/schema\/logo\/image\/\",\"url\":\"https:\/\/waracomunicaciones.com\/wp-content\/uploads\/2025\/07\/logo.png\",\"contentUrl\":\"https:\/\/waracomunicaciones.com\/wp-content\/uploads\/2025\/07\/logo.png\",\"width\":400,\"height\":164,\"caption\":\"Wara Comunicaciones\"},\"image\":{\"@id\":\"https:\/\/waracomunicaciones.com\/#\/schema\/logo\/image\/\"},\"sameAs\":[\"https:\/\/www.facebook.com\/waracomunicaciones2017\"]},{\"@type\":\"Person\",\"@id\":\"https:\/\/waracomunicaciones.com\/#\/schema\/person\/e9db934bc91575cc71fe584c5973244a\",\"name\":\"admin\",\"image\":{\"@type\":\"ImageObject\",\"inLanguage\":\"es\",\"@id\":\"https:\/\/waracomunicaciones.com\/#\/schema\/person\/image\/\",\"url\":\"https:\/\/secure.gravatar.com\/avatar\/bf27e9186df568254093afa216f887fece17605302c6ff12f3980422fffa52e6?s=96&d=mm&r=g\",\"contentUrl\":\"https:\/\/secure.gravatar.com\/avatar\/bf27e9186df568254093afa216f887fece17605302c6ff12f3980422fffa52e6?s=96&d=mm&r=g\",\"caption\":\"admin\"},\"sameAs\":[\"https:\/\/waracomunicaciones.com\/wp\"],\"url\":\"https:\/\/waracomunicaciones.com\/?author=1\"}]}<\/script>\n<!-- \/ Yoast SEO Premium plugin. -->","yoast_head_json":{"title":"Avasallamientos en Montero: \u201cNos tienen en ascuas\u201d, denuncia productor y exalcalde - Wara Comunicaciones","robots":{"index":"index","follow":"follow","max-snippet":"max-snippet:-1","max-image-preview":"max-image-preview:large","max-video-preview":"max-video-preview:-1"},"canonical":"https:\/\/waracomunicaciones.com\/?p=811","og_locale":"es_ES","og_type":"article","og_title":"Avasallamientos en Montero: \u201cNos tienen en ascuas\u201d, denuncia productor y exalcalde","og_description":"Montero, Santa Cruz \u2014 La creciente tensi\u00f3n en torno a los avasallamientos en la zona del Patuj\u00fa y El Cidral, en el municipio de Montero, ha puesto al descubierto una problem\u00e1tica estructural que combina irregularidades legales, inacci\u00f3n institucional y un uso pol\u00edtico del territorio.","og_url":"https:\/\/waracomunicaciones.com\/?p=811","og_site_name":"Wara Comunicaciones","article_publisher":"https:\/\/www.facebook.com\/waracomunicaciones2017","article_published_time":"2025-10-06T15:02:11+00:00","article_modified_time":"2025-10-06T15:02:12+00:00","og_image":[{"width":1000,"height":667,"url":"https:\/\/waracomunicaciones.com\/wp-content\/uploads\/2025\/10\/dhsddsds.webp","type":"image\/webp"}],"author":"admin","twitter_card":"summary_large_image","twitter_misc":{"Escrito por":"admin","Tiempo de lectura":"4 minutos"},"schema":{"@context":"https:\/\/schema.org","@graph":[{"@type":"Article","@id":"https:\/\/waracomunicaciones.com\/?p=811#article","isPartOf":{"@id":"https:\/\/waracomunicaciones.com\/?p=811"},"author":{"name":"admin","@id":"https:\/\/waracomunicaciones.com\/#\/schema\/person\/e9db934bc91575cc71fe584c5973244a"},"headline":"Avasallamientos en Montero: \u201cNos tienen en ascuas\u201d, denuncia productor y exalcalde","datePublished":"2025-10-06T15:02:11+00:00","dateModified":"2025-10-06T15:02:12+00:00","mainEntityOfPage":{"@id":"https:\/\/waracomunicaciones.com\/?p=811"},"wordCount":781,"commentCount":0,"publisher":{"@id":"https:\/\/waracomunicaciones.com\/#organization"},"image":{"@id":"https:\/\/waracomunicaciones.com\/?p=811#primaryimage"},"thumbnailUrl":"https:\/\/waracomunicaciones.com\/wp-content\/uploads\/2025\/10\/dhsddsds.webp","keywords":["Avasallamiento","Miguel \u00c1ngel Hurtado","Patuj\u00fa"],"articleSection":["Seguridad"],"inLanguage":"es","potentialAction":[{"@type":"CommentAction","name":"Comment","target":["https:\/\/waracomunicaciones.com\/?p=811#respond"]}]},{"@type":"WebPage","@id":"https:\/\/waracomunicaciones.com\/?p=811","url":"https:\/\/waracomunicaciones.com\/?p=811","name":"Avasallamientos en Montero: \u201cNos tienen en ascuas\u201d, denuncia productor y exalcalde - Wara Comunicaciones","isPartOf":{"@id":"https:\/\/waracomunicaciones.com\/#website"},"primaryImageOfPage":{"@id":"https:\/\/waracomunicaciones.com\/?p=811#primaryimage"},"image":{"@id":"https:\/\/waracomunicaciones.com\/?p=811#primaryimage"},"thumbnailUrl":"https:\/\/waracomunicaciones.com\/wp-content\/uploads\/2025\/10\/dhsddsds.webp","datePublished":"2025-10-06T15:02:11+00:00","dateModified":"2025-10-06T15:02:12+00:00","breadcrumb":{"@id":"https:\/\/waracomunicaciones.com\/?p=811#breadcrumb"},"inLanguage":"es","potentialAction":[{"@type":"ReadAction","target":["https:\/\/waracomunicaciones.com\/?p=811"]}]},{"@type":"ImageObject","inLanguage":"es","@id":"https:\/\/waracomunicaciones.com\/?p=811#primaryimage","url":"https:\/\/waracomunicaciones.com\/wp-content\/uploads\/2025\/10\/dhsddsds.webp","contentUrl":"https:\/\/waracomunicaciones.com\/wp-content\/uploads\/2025\/10\/dhsddsds.webp","width":1000,"height":667},{"@type":"BreadcrumbList","@id":"https:\/\/waracomunicaciones.com\/?p=811#breadcrumb","itemListElement":[{"@type":"ListItem","position":1,"name":"Portada","item":"https:\/\/waracomunicaciones.com\/"},{"@type":"ListItem","position":2,"name":"Avasallamientos en Montero: \u201cNos tienen en ascuas\u201d, denuncia productor y exalcalde"}]},{"@type":"WebSite","@id":"https:\/\/waracomunicaciones.com\/#website","url":"https:\/\/waracomunicaciones.com\/","name":"Wara Comunicaciones","description":"","publisher":{"@id":"https:\/\/waracomunicaciones.com\/#organization"},"potentialAction":[{"@type":"SearchAction","target":{"@type":"EntryPoint","urlTemplate":"https:\/\/waracomunicaciones.com\/?s={search_term_string}"},"query-input":{"@type":"PropertyValueSpecification","valueRequired":true,"valueName":"search_term_string"}}],"inLanguage":"es"},{"@type":"Organization","@id":"https:\/\/waracomunicaciones.com\/#organization","name":"Wara Comunicaciones","url":"https:\/\/waracomunicaciones.com\/","logo":{"@type":"ImageObject","inLanguage":"es","@id":"https:\/\/waracomunicaciones.com\/#\/schema\/logo\/image\/","url":"https:\/\/waracomunicaciones.com\/wp-content\/uploads\/2025\/07\/logo.png","contentUrl":"https:\/\/waracomunicaciones.com\/wp-content\/uploads\/2025\/07\/logo.png","width":400,"height":164,"caption":"Wara Comunicaciones"},"image":{"@id":"https:\/\/waracomunicaciones.com\/#\/schema\/logo\/image\/"},"sameAs":["https:\/\/www.facebook.com\/waracomunicaciones2017"]},{"@type":"Person","@id":"https:\/\/waracomunicaciones.com\/#\/schema\/person\/e9db934bc91575cc71fe584c5973244a","name":"admin","image":{"@type":"ImageObject","inLanguage":"es","@id":"https:\/\/waracomunicaciones.com\/#\/schema\/person\/image\/","url":"https:\/\/secure.gravatar.com\/avatar\/bf27e9186df568254093afa216f887fece17605302c6ff12f3980422fffa52e6?s=96&d=mm&r=g","contentUrl":"https:\/\/secure.gravatar.com\/avatar\/bf27e9186df568254093afa216f887fece17605302c6ff12f3980422fffa52e6?s=96&d=mm&r=g","caption":"admin"},"sameAs":["https:\/\/waracomunicaciones.com\/wp"],"url":"https:\/\/waracomunicaciones.com\/?author=1"}]}},"_links":{"self":[{"href":"https:\/\/waracomunicaciones.com\/index.php?rest_route=\/wp\/v2\/posts\/811","targetHints":{"allow":["GET"]}}],"collection":[{"href":"https:\/\/waracomunicaciones.com\/index.php?rest_route=\/wp\/v2\/posts"}],"about":[{"href":"https:\/\/waracomunicaciones.com\/index.php?rest_route=\/wp\/v2\/types\/post"}],"author":[{"embeddable":true,"href":"https:\/\/waracomunicaciones.com\/index.php?rest_route=\/wp\/v2\/users\/1"}],"replies":[{"embeddable":true,"href":"https:\/\/waracomunicaciones.com\/index.php?rest_route=%2Fwp%2Fv2%2Fcomments&post=811"}],"version-history":[{"count":1,"href":"https:\/\/waracomunicaciones.com\/index.php?rest_route=\/wp\/v2\/posts\/811\/revisions"}],"predecessor-version":[{"id":813,"href":"https:\/\/waracomunicaciones.com\/index.php?rest_route=\/wp\/v2\/posts\/811\/revisions\/813"}],"wp:attachment":[{"href":"https:\/\/waracomunicaciones.com\/index.php?rest_route=%2Fwp%2Fv2%2Fmedia&parent=811"}],"wp:term":[{"taxonomy":"category","embeddable":true,"href":"https:\/\/waracomunicaciones.com\/index.php?rest_route=%2Fwp%2Fv2%2Fcategories&post=811"},{"taxonomy":"post_tag","embeddable":true,"href":"https:\/\/waracomunicaciones.com\/index.php?rest_route=%2Fwp%2Fv2%2Ftags&post=811"}],"curies":[{"name":"wp","href":"https:\/\/api.w.org\/{rel}","templated":true}]}}