{"id":81,"date":"2025-07-17T12:08:11","date_gmt":"2025-07-17T16:08:11","guid":{"rendered":"https:\/\/waracomunicaciones.com\/wp\/?p=81"},"modified":"2025-07-24T02:06:02","modified_gmt":"2025-07-24T06:06:02","slug":"regys-medina-se-perfila-como-candidato-a-la-alcaldia-de-montero-en-medio-de-cuestionamientos-a-su-gestion","status":"publish","type":"post","link":"https:\/\/waracomunicaciones.com\/?p=81","title":{"rendered":"Regys Medina se perfila como candidato a la Alcald\u00eda de Montero en medio de cuestionamientos a su gesti\u00f3n"},"content":{"rendered":"\n<figure class=\"wp-block-image size-full\"><img loading=\"lazy\" decoding=\"async\" width=\"750\" height=\"500\" src=\"https:\/\/waracomunicaciones.com\/wp\/wp-content\/uploads\/2025\/07\/regys205.webp\" alt=\"\" class=\"wp-image-82\" srcset=\"https:\/\/waracomunicaciones.com\/wp-content\/uploads\/2025\/07\/regys205.webp 750w, https:\/\/waracomunicaciones.com\/wp-content\/uploads\/2025\/07\/regys205-300x200.webp 300w\" sizes=\"auto, (max-width: 750px) 100vw, 750px\" \/><figcaption class=\"wp-element-caption\">Foto Facebook<\/figcaption><\/figure>\n\n\n<div class=\"itemIntroText\">\n<p><em><i>Montero,\u00a0<\/i><\/em>\u2014 A cerca de 8 meses para las elecciones municipales previstas para marzo 2025, el actual alcalde de Montero, Regys Medina, se perfila como uno de los principales candidatos para la reelecci\u00f3n.<\/p>\n<\/div>\n<p><!--more--><\/p>\n<div class=\"itemFullText\">\n<p>Como parte de su cierre de gesti\u00f3n, Medina ha anunciado una ambiciosa obra de infraestructura: la construcci\u00f3n de la primera etapa del primer anillo \u00a0en la zona Este del municipio desde el surtidor de la Rotonda Sur hasta el Mercado Popular. El proyecto, considerado prioritario por la ciudadan\u00eda, ser\u00e1 financiado con recursos propios del municipio.<\/p>\n<p>Sin embargo, la postulaci\u00f3n de Medina no est\u00e1 exenta de cr\u00edticas. Diversos sectores cuestionan su gesti\u00f3n, se\u00f1alando un pobre desempe\u00f1o en \u00e1reas clave como salud, educaci\u00f3n e infraestructura. Adem\u00e1s, se acusa a su administraci\u00f3n de llevar al municipio a una situaci\u00f3n financiera cr\u00edtica, mediante la venta de \u00e1reas de equipamiento \u2014terrenos destinados a espacios p\u00fablicos\u2014<\/p>\n<p>\u201cLos montere\u00f1os sabemos qu\u00e9 gesti\u00f3n hizo Medina. \u00bfEn qu\u00e9 ha avanzado Montero estos \u00faltimos cinco a\u00f1os?\u201d, cuestion\u00f3 El Concejal Municipal en declaraciones recientes al programa Agenda Matinal de Wara Comunicaciones. Asegura que el proyecto del anillo vial est\u00e1 siendo utilizado pol\u00edticamente como bandera de campa\u00f1a, mientras el municipio enfrenta una creciente deuda y una p\u00e9rdida sostenida de su patrimonio p\u00fablico.<\/p>\n<h3><strong><b>Un cierre de gesti\u00f3n bajo la lupa<\/b><\/strong><\/h3>\n<p>Pese a que desde la Alcald\u00eda se asegura que el proyecto del anillo vial responde a una demanda ciudadana de larga data, voces cr\u00edticas apuntan que su ejecuci\u00f3n justo antes del proceso electoral responde m\u00e1s a una estrategia de marketing pol\u00edtico que a una verdadera planificaci\u00f3n de desarrollo urbano.<\/p>\n<p>Asimismo, se comparan las pr\u00e1cticas de Medina con las de l\u00edderes pol\u00edticos nacionales como Samuel Doria Medina o Jorge \u201cTuto\u201d Quiroga, acusados en varios sectores de implementar pol\u00edticas que benefician a grandes empresarios en detrimento de la gesti\u00f3n p\u00fablica. \u201cParece que quiere seguir el mismo camino, dejando en bancarrota al municipio, con promesas grandes, pero sin resultados visibles para la gente humilde\u201d, Manifesto Valenzuela.<\/p>\n<h3><strong><b>Pr\u00f3ximo escenario electoral<\/b><\/strong><\/h3>\n<p>Con el calendario electoral avanzando, Regys Medina se posiciona como un actor clave en la carrera por la Alcald\u00eda de Montero. No obstante, el balance de su gesti\u00f3n, sumado al descontento ciudadano y las denuncias sobre el uso pol\u00edtico de obras p\u00fablicas, marcar\u00e1n sin duda el tono de la contienda.<\/p>\n<p>La ciudadan\u00eda ahora se enfrenta al desaf\u00edo de evaluar no solo promesas, sino tambi\u00e9n los resultados tangibles de quienes buscan continuar al mando del municipio. El futuro de Montero, dicen muchos vecinos, estar\u00e1 en manos de quienes propongan una gesti\u00f3n transparente, eficiente y verdaderamente comprometida con el bienestar com\u00fan.<\/p>\n<\/div><div style=\"margin-top: 0px; margin-bottom: 0px;\" class=\"sharethis-inline-reaction-buttons\" ><\/div>","protected":false},"excerpt":{"rendered":"<p>Montero,\u00a0\u2014 A cerca de 8 meses para las elecciones municipales previstas para marzo 2025, el actual alcalde de Montero, Regys Medina, se perfila como uno de los principales candidatos para la reelecci\u00f3n.<\/p>\n","protected":false},"author":1,"featured_media":82,"comment_status":"open","ping_status":"open","sticky":false,"template":"","format":"standard","meta":{"footnotes":""},"categories":[5],"tags":[19,8,20],"class_list":["post-81","post","type-post","status-publish","format-standard","has-post-thumbnail","hentry","category-local","tag-montero","tag-politica","tag-regys-medina"],"yoast_head":"<!-- This site is optimized with the Yoast SEO Premium plugin v25.5 (Yoast SEO v27.1.1) - https:\/\/yoast.com\/product\/yoast-seo-premium-wordpress\/ -->\n<title>Regys Medina se perfila como candidato a la Alcald\u00eda de Montero en medio de cuestionamientos a su gesti\u00f3n - Wara Comunicaciones<\/title>\n<meta name=\"robots\" content=\"index, follow, max-snippet:-1, max-image-preview:large, max-video-preview:-1\" \/>\n<link rel=\"canonical\" href=\"https:\/\/waracomunicaciones.com\/?p=81\" \/>\n<meta property=\"og:locale\" content=\"es_ES\" \/>\n<meta property=\"og:type\" content=\"article\" \/>\n<meta property=\"og:title\" content=\"Regys Medina se perfila como candidato a la Alcald\u00eda de Montero en medio de cuestionamientos a su gesti\u00f3n\" \/>\n<meta property=\"og:description\" content=\"Montero,\u00a0\u2014 A cerca de 8 meses para las elecciones municipales previstas para marzo 2025, el actual alcalde de Montero, Regys Medina, se perfila como uno de los principales candidatos para la reelecci\u00f3n.\" \/>\n<meta property=\"og:url\" content=\"https:\/\/waracomunicaciones.com\/?p=81\" \/>\n<meta property=\"og:site_name\" content=\"Wara Comunicaciones\" \/>\n<meta property=\"article:publisher\" content=\"https:\/\/www.facebook.com\/waracomunicaciones2017\" \/>\n<meta property=\"article:published_time\" content=\"2025-07-17T16:08:11+00:00\" \/>\n<meta property=\"article:modified_time\" content=\"2025-07-24T06:06:02+00:00\" \/>\n<meta property=\"og:image\" content=\"https:\/\/waracomunicaciones.com\/wp-content\/uploads\/2025\/07\/regys205.webp\" \/>\n\t<meta property=\"og:image:width\" content=\"750\" \/>\n\t<meta property=\"og:image:height\" content=\"500\" \/>\n\t<meta property=\"og:image:type\" content=\"image\/webp\" \/>\n<meta name=\"author\" content=\"admin\" \/>\n<meta name=\"twitter:card\" content=\"summary_large_image\" \/>\n<meta name=\"twitter:label1\" content=\"Escrito por\" \/>\n\t<meta name=\"twitter:data1\" content=\"admin\" \/>\n\t<meta name=\"twitter:label2\" content=\"Tiempo de lectura\" \/>\n\t<meta name=\"twitter:data2\" content=\"3 minutos\" \/>\n<script type=\"application\/ld+json\" class=\"yoast-schema-graph\">{\"@context\":\"https:\/\/schema.org\",\"@graph\":[{\"@type\":\"Article\",\"@id\":\"https:\/\/waracomunicaciones.com\/?p=81#article\",\"isPartOf\":{\"@id\":\"https:\/\/waracomunicaciones.com\/?p=81\"},\"author\":{\"name\":\"admin\",\"@id\":\"https:\/\/waracomunicaciones.com\/#\/schema\/person\/e9db934bc91575cc71fe584c5973244a\"},\"headline\":\"Regys Medina se perfila como candidato a la Alcald\u00eda de Montero en medio de cuestionamientos a su gesti\u00f3n\",\"datePublished\":\"2025-07-17T16:08:11+00:00\",\"dateModified\":\"2025-07-24T06:06:02+00:00\",\"mainEntityOfPage\":{\"@id\":\"https:\/\/waracomunicaciones.com\/?p=81\"},\"wordCount\":490,\"commentCount\":0,\"publisher\":{\"@id\":\"https:\/\/waracomunicaciones.com\/#organization\"},\"image\":{\"@id\":\"https:\/\/waracomunicaciones.com\/?p=81#primaryimage\"},\"thumbnailUrl\":\"https:\/\/waracomunicaciones.com\/wp-content\/uploads\/2025\/07\/regys205.webp\",\"keywords\":[\"Montero\",\"Pol\u00edtica\",\"Regys Medina\"],\"articleSection\":[\"LOCAL\"],\"inLanguage\":\"es\",\"potentialAction\":[{\"@type\":\"CommentAction\",\"name\":\"Comment\",\"target\":[\"https:\/\/waracomunicaciones.com\/?p=81#respond\"]}]},{\"@type\":\"WebPage\",\"@id\":\"https:\/\/waracomunicaciones.com\/?p=81\",\"url\":\"https:\/\/waracomunicaciones.com\/?p=81\",\"name\":\"Regys Medina se perfila como candidato a la Alcald\u00eda de Montero en medio de cuestionamientos a su gesti\u00f3n - Wara Comunicaciones\",\"isPartOf\":{\"@id\":\"https:\/\/waracomunicaciones.com\/#website\"},\"primaryImageOfPage\":{\"@id\":\"https:\/\/waracomunicaciones.com\/?p=81#primaryimage\"},\"image\":{\"@id\":\"https:\/\/waracomunicaciones.com\/?p=81#primaryimage\"},\"thumbnailUrl\":\"https:\/\/waracomunicaciones.com\/wp-content\/uploads\/2025\/07\/regys205.webp\",\"datePublished\":\"2025-07-17T16:08:11+00:00\",\"dateModified\":\"2025-07-24T06:06:02+00:00\",\"breadcrumb\":{\"@id\":\"https:\/\/waracomunicaciones.com\/?p=81#breadcrumb\"},\"inLanguage\":\"es\",\"potentialAction\":[{\"@type\":\"ReadAction\",\"target\":[\"https:\/\/waracomunicaciones.com\/?p=81\"]}]},{\"@type\":\"ImageObject\",\"inLanguage\":\"es\",\"@id\":\"https:\/\/waracomunicaciones.com\/?p=81#primaryimage\",\"url\":\"https:\/\/waracomunicaciones.com\/wp-content\/uploads\/2025\/07\/regys205.webp\",\"contentUrl\":\"https:\/\/waracomunicaciones.com\/wp-content\/uploads\/2025\/07\/regys205.webp\",\"width\":750,\"height\":500},{\"@type\":\"BreadcrumbList\",\"@id\":\"https:\/\/waracomunicaciones.com\/?p=81#breadcrumb\",\"itemListElement\":[{\"@type\":\"ListItem\",\"position\":1,\"name\":\"Portada\",\"item\":\"https:\/\/waracomunicaciones.com\/\"},{\"@type\":\"ListItem\",\"position\":2,\"name\":\"Regys Medina se perfila como candidato a la Alcald\u00eda de Montero en medio de cuestionamientos a su gesti\u00f3n\"}]},{\"@type\":\"WebSite\",\"@id\":\"https:\/\/waracomunicaciones.com\/#website\",\"url\":\"https:\/\/waracomunicaciones.com\/\",\"name\":\"Wara Comunicaciones\",\"description\":\"\",\"publisher\":{\"@id\":\"https:\/\/waracomunicaciones.com\/#organization\"},\"potentialAction\":[{\"@type\":\"SearchAction\",\"target\":{\"@type\":\"EntryPoint\",\"urlTemplate\":\"https:\/\/waracomunicaciones.com\/?s={search_term_string}\"},\"query-input\":{\"@type\":\"PropertyValueSpecification\",\"valueRequired\":true,\"valueName\":\"search_term_string\"}}],\"inLanguage\":\"es\"},{\"@type\":\"Organization\",\"@id\":\"https:\/\/waracomunicaciones.com\/#organization\",\"name\":\"Wara Comunicaciones\",\"url\":\"https:\/\/waracomunicaciones.com\/\",\"logo\":{\"@type\":\"ImageObject\",\"inLanguage\":\"es\",\"@id\":\"https:\/\/waracomunicaciones.com\/#\/schema\/logo\/image\/\",\"url\":\"https:\/\/waracomunicaciones.com\/wp-content\/uploads\/2025\/07\/logo.png\",\"contentUrl\":\"https:\/\/waracomunicaciones.com\/wp-content\/uploads\/2025\/07\/logo.png\",\"width\":400,\"height\":164,\"caption\":\"Wara Comunicaciones\"},\"image\":{\"@id\":\"https:\/\/waracomunicaciones.com\/#\/schema\/logo\/image\/\"},\"sameAs\":[\"https:\/\/www.facebook.com\/waracomunicaciones2017\"]},{\"@type\":\"Person\",\"@id\":\"https:\/\/waracomunicaciones.com\/#\/schema\/person\/e9db934bc91575cc71fe584c5973244a\",\"name\":\"admin\",\"image\":{\"@type\":\"ImageObject\",\"inLanguage\":\"es\",\"@id\":\"https:\/\/waracomunicaciones.com\/#\/schema\/person\/image\/\",\"url\":\"https:\/\/secure.gravatar.com\/avatar\/bf27e9186df568254093afa216f887fece17605302c6ff12f3980422fffa52e6?s=96&d=mm&r=g\",\"contentUrl\":\"https:\/\/secure.gravatar.com\/avatar\/bf27e9186df568254093afa216f887fece17605302c6ff12f3980422fffa52e6?s=96&d=mm&r=g\",\"caption\":\"admin\"},\"sameAs\":[\"https:\/\/waracomunicaciones.com\/wp\"],\"url\":\"https:\/\/waracomunicaciones.com\/?author=1\"}]}<\/script>\n<!-- \/ Yoast SEO Premium plugin. -->","yoast_head_json":{"title":"Regys Medina se perfila como candidato a la Alcald\u00eda de Montero en medio de cuestionamientos a su gesti\u00f3n - Wara Comunicaciones","robots":{"index":"index","follow":"follow","max-snippet":"max-snippet:-1","max-image-preview":"max-image-preview:large","max-video-preview":"max-video-preview:-1"},"canonical":"https:\/\/waracomunicaciones.com\/?p=81","og_locale":"es_ES","og_type":"article","og_title":"Regys Medina se perfila como candidato a la Alcald\u00eda de Montero en medio de cuestionamientos a su gesti\u00f3n","og_description":"Montero,\u00a0\u2014 A cerca de 8 meses para las elecciones municipales previstas para marzo 2025, el actual alcalde de Montero, Regys Medina, se perfila como uno de los principales candidatos para la reelecci\u00f3n.","og_url":"https:\/\/waracomunicaciones.com\/?p=81","og_site_name":"Wara Comunicaciones","article_publisher":"https:\/\/www.facebook.com\/waracomunicaciones2017","article_published_time":"2025-07-17T16:08:11+00:00","article_modified_time":"2025-07-24T06:06:02+00:00","og_image":[{"width":750,"height":500,"url":"https:\/\/waracomunicaciones.com\/wp-content\/uploads\/2025\/07\/regys205.webp","type":"image\/webp"}],"author":"admin","twitter_card":"summary_large_image","twitter_misc":{"Escrito por":"admin","Tiempo de lectura":"3 minutos"},"schema":{"@context":"https:\/\/schema.org","@graph":[{"@type":"Article","@id":"https:\/\/waracomunicaciones.com\/?p=81#article","isPartOf":{"@id":"https:\/\/waracomunicaciones.com\/?p=81"},"author":{"name":"admin","@id":"https:\/\/waracomunicaciones.com\/#\/schema\/person\/e9db934bc91575cc71fe584c5973244a"},"headline":"Regys Medina se perfila como candidato a la Alcald\u00eda de Montero en medio de cuestionamientos a su gesti\u00f3n","datePublished":"2025-07-17T16:08:11+00:00","dateModified":"2025-07-24T06:06:02+00:00","mainEntityOfPage":{"@id":"https:\/\/waracomunicaciones.com\/?p=81"},"wordCount":490,"commentCount":0,"publisher":{"@id":"https:\/\/waracomunicaciones.com\/#organization"},"image":{"@id":"https:\/\/waracomunicaciones.com\/?p=81#primaryimage"},"thumbnailUrl":"https:\/\/waracomunicaciones.com\/wp-content\/uploads\/2025\/07\/regys205.webp","keywords":["Montero","Pol\u00edtica","Regys Medina"],"articleSection":["LOCAL"],"inLanguage":"es","potentialAction":[{"@type":"CommentAction","name":"Comment","target":["https:\/\/waracomunicaciones.com\/?p=81#respond"]}]},{"@type":"WebPage","@id":"https:\/\/waracomunicaciones.com\/?p=81","url":"https:\/\/waracomunicaciones.com\/?p=81","name":"Regys Medina se perfila como candidato a la Alcald\u00eda de Montero en medio de cuestionamientos a su gesti\u00f3n - Wara Comunicaciones","isPartOf":{"@id":"https:\/\/waracomunicaciones.com\/#website"},"primaryImageOfPage":{"@id":"https:\/\/waracomunicaciones.com\/?p=81#primaryimage"},"image":{"@id":"https:\/\/waracomunicaciones.com\/?p=81#primaryimage"},"thumbnailUrl":"https:\/\/waracomunicaciones.com\/wp-content\/uploads\/2025\/07\/regys205.webp","datePublished":"2025-07-17T16:08:11+00:00","dateModified":"2025-07-24T06:06:02+00:00","breadcrumb":{"@id":"https:\/\/waracomunicaciones.com\/?p=81#breadcrumb"},"inLanguage":"es","potentialAction":[{"@type":"ReadAction","target":["https:\/\/waracomunicaciones.com\/?p=81"]}]},{"@type":"ImageObject","inLanguage":"es","@id":"https:\/\/waracomunicaciones.com\/?p=81#primaryimage","url":"https:\/\/waracomunicaciones.com\/wp-content\/uploads\/2025\/07\/regys205.webp","contentUrl":"https:\/\/waracomunicaciones.com\/wp-content\/uploads\/2025\/07\/regys205.webp","width":750,"height":500},{"@type":"BreadcrumbList","@id":"https:\/\/waracomunicaciones.com\/?p=81#breadcrumb","itemListElement":[{"@type":"ListItem","position":1,"name":"Portada","item":"https:\/\/waracomunicaciones.com\/"},{"@type":"ListItem","position":2,"name":"Regys Medina se perfila como candidato a la Alcald\u00eda de Montero en medio de cuestionamientos a su gesti\u00f3n"}]},{"@type":"WebSite","@id":"https:\/\/waracomunicaciones.com\/#website","url":"https:\/\/waracomunicaciones.com\/","name":"Wara Comunicaciones","description":"","publisher":{"@id":"https:\/\/waracomunicaciones.com\/#organization"},"potentialAction":[{"@type":"SearchAction","target":{"@type":"EntryPoint","urlTemplate":"https:\/\/waracomunicaciones.com\/?s={search_term_string}"},"query-input":{"@type":"PropertyValueSpecification","valueRequired":true,"valueName":"search_term_string"}}],"inLanguage":"es"},{"@type":"Organization","@id":"https:\/\/waracomunicaciones.com\/#organization","name":"Wara Comunicaciones","url":"https:\/\/waracomunicaciones.com\/","logo":{"@type":"ImageObject","inLanguage":"es","@id":"https:\/\/waracomunicaciones.com\/#\/schema\/logo\/image\/","url":"https:\/\/waracomunicaciones.com\/wp-content\/uploads\/2025\/07\/logo.png","contentUrl":"https:\/\/waracomunicaciones.com\/wp-content\/uploads\/2025\/07\/logo.png","width":400,"height":164,"caption":"Wara Comunicaciones"},"image":{"@id":"https:\/\/waracomunicaciones.com\/#\/schema\/logo\/image\/"},"sameAs":["https:\/\/www.facebook.com\/waracomunicaciones2017"]},{"@type":"Person","@id":"https:\/\/waracomunicaciones.com\/#\/schema\/person\/e9db934bc91575cc71fe584c5973244a","name":"admin","image":{"@type":"ImageObject","inLanguage":"es","@id":"https:\/\/waracomunicaciones.com\/#\/schema\/person\/image\/","url":"https:\/\/secure.gravatar.com\/avatar\/bf27e9186df568254093afa216f887fece17605302c6ff12f3980422fffa52e6?s=96&d=mm&r=g","contentUrl":"https:\/\/secure.gravatar.com\/avatar\/bf27e9186df568254093afa216f887fece17605302c6ff12f3980422fffa52e6?s=96&d=mm&r=g","caption":"admin"},"sameAs":["https:\/\/waracomunicaciones.com\/wp"],"url":"https:\/\/waracomunicaciones.com\/?author=1"}]}},"_links":{"self":[{"href":"https:\/\/waracomunicaciones.com\/index.php?rest_route=\/wp\/v2\/posts\/81","targetHints":{"allow":["GET"]}}],"collection":[{"href":"https:\/\/waracomunicaciones.com\/index.php?rest_route=\/wp\/v2\/posts"}],"about":[{"href":"https:\/\/waracomunicaciones.com\/index.php?rest_route=\/wp\/v2\/types\/post"}],"author":[{"embeddable":true,"href":"https:\/\/waracomunicaciones.com\/index.php?rest_route=\/wp\/v2\/users\/1"}],"replies":[{"embeddable":true,"href":"https:\/\/waracomunicaciones.com\/index.php?rest_route=%2Fwp%2Fv2%2Fcomments&post=81"}],"version-history":[{"count":1,"href":"https:\/\/waracomunicaciones.com\/index.php?rest_route=\/wp\/v2\/posts\/81\/revisions"}],"predecessor-version":[{"id":83,"href":"https:\/\/waracomunicaciones.com\/index.php?rest_route=\/wp\/v2\/posts\/81\/revisions\/83"}],"wp:featuredmedia":[{"embeddable":true,"href":"https:\/\/waracomunicaciones.com\/index.php?rest_route=\/wp\/v2\/media\/82"}],"wp:attachment":[{"href":"https:\/\/waracomunicaciones.com\/index.php?rest_route=%2Fwp%2Fv2%2Fmedia&parent=81"}],"wp:term":[{"taxonomy":"category","embeddable":true,"href":"https:\/\/waracomunicaciones.com\/index.php?rest_route=%2Fwp%2Fv2%2Fcategories&post=81"},{"taxonomy":"post_tag","embeddable":true,"href":"https:\/\/waracomunicaciones.com\/index.php?rest_route=%2Fwp%2Fv2%2Ftags&post=81"}],"curies":[{"name":"wp","href":"https:\/\/api.w.org\/{rel}","templated":true}]}}