{"id":808,"date":"2025-10-06T10:54:13","date_gmt":"2025-10-06T14:54:13","guid":{"rendered":"https:\/\/waracomunicaciones.com\/?p=808"},"modified":"2025-10-06T10:54:14","modified_gmt":"2025-10-06T14:54:14","slug":"avasallamientos-en-montero-entre-el-descontrol-el-oportunismo-y-la-falta-de-institucionalidad","status":"publish","type":"post","link":"https:\/\/waracomunicaciones.com\/?p=808","title":{"rendered":"Avasallamientos en Montero: entre el descontrol, el oportunismo y la falta de institucionalidad"},"content":{"rendered":"\n<figure class=\"wp-block-image size-full\"><img loading=\"lazy\" decoding=\"async\" width=\"1000\" height=\"667\" src=\"https:\/\/waracomunicaciones.com\/wp-content\/uploads\/2025\/10\/assdsf.webp\" alt=\"\" class=\"wp-image-809\" srcset=\"https:\/\/waracomunicaciones.com\/wp-content\/uploads\/2025\/10\/assdsf.webp 1000w, https:\/\/waracomunicaciones.com\/wp-content\/uploads\/2025\/10\/assdsf-300x200.webp 300w, https:\/\/waracomunicaciones.com\/wp-content\/uploads\/2025\/10\/assdsf-768x512.webp 768w\" sizes=\"auto, (max-width: 1000px) 100vw, 1000px\" \/><figcaption class=\"wp-element-caption\"><em>Avasalladores &#8211; Foto Facebook  de Ojo Ciudadano<\/em><\/figcaption><\/figure>\n\n\n<p><strong>Montero, Santa Cruz<\/strong> \u2014 La reciente toma de tierras en la zona oeste de Montero ha desatado una ola de cuestionamientos sobre la legalidad de los avasallamientos, la reacci\u00f3n de las autoridades, y la creciente sospecha sobre irregularidades en la ampliaci\u00f3n de la mancha urbana del municipio.<!--more--><\/p>\n<p>Santiago Valenzuela, en di\u00e1logo con Wara Comunicaciones, expres\u00f3 su preocupaci\u00f3n ante la toma de predios privados por parte de grupos encapuchados, se\u00f1alando que <strong>\u00abtodo avasallamiento debe ser tratado bajo el marco de la ley\u00bb<\/strong> y que la Polic\u00eda Nacional <strong>\u00abes la \u00fanica responsable de garantizar la seguridad jur\u00eddica de todos los bolivianos\u00bb<\/strong>.<\/p>\n<p>Seg\u00fan versiones recogidas, m\u00e1s de 100 personas ingresaron a un terreno supuestamente sin titularizaci\u00f3n clara. Este hecho desat\u00f3 un intento de desalojo liderado por actores c\u00edvicos, entre ellos el Gobernador <strong>Luis Fernando Camacho<\/strong>, cuya participaci\u00f3n fue calificada por Valenzuela como <strong>\u00abun exceso pol\u00edtico\u00bb<\/strong>, aunque tambi\u00e9n reconoci\u00f3 su valent\u00eda frente a la inacci\u00f3n de las instituciones.<\/p>\n<p>\u00abCamacho es un corajudo, a comparaci\u00f3n de otros que por el susto se desmayan&#8230; Pero el desalojo debi\u00f3 hacerlo la Polic\u00eda, no los civiles\u00bb, puntualiz\u00f3.<\/p>\n<p><strong>\u00bfNegocio o necesidad?<\/strong><\/p>\n<p>Valenzuela tambi\u00e9n denunci\u00f3 que detr\u00e1s de estos avasallamientos podr\u00eda existir una estructura organizada, con listas de personas que pagaban entre 100 y 300 bolivianos por un lote. Se tratar\u00eda de un esquema de <strong>negocio ilegal de tierras<\/strong>, donde supuestos \u00aboperadores\u00bb se aprovechan de la necesidad de vivienda de muchas familias.<\/p>\n<p>\u00abSon doctores en esto&#8230; saben d\u00f3nde hay predios sin titularizar y organizan tomas masivas\u00bb, afirm\u00f3.<\/p>\n<p>Adem\u00e1s, apunt\u00f3 que esta situaci\u00f3n se ve favorecida por la <strong>falta de transparencia del INRA (Instituto Nacional de Reforma Agraria)<\/strong>, al que acus\u00f3 de <strong>filtrar informaci\u00f3n sobre terrenos a\u00fan en proceso de saneamiento<\/strong>, lo que facilitar\u00eda su posterior avasallamiento.<\/p>\n<p><strong>La ampliaci\u00f3n de la mancha urbana bajo la lupa<\/strong><\/p>\n<p>Uno de los puntos m\u00e1s sensibles se\u00f1alados por Valenzuela es la reciente ampliaci\u00f3n de la mancha urbana de Montero, realizada \u2014seg\u00fan \u00e9l\u2014 <strong>\u00abentre gallos de medianoche\u00bb<\/strong> por el Ejecutivo y el Concejo Municipal. Esta ampliaci\u00f3n habr\u00eda abarcado hasta un <strong>90% m\u00e1s del territorio originalmente previsto<\/strong>, sin estudios t\u00e9cnicos ni participaci\u00f3n ciudadana.<\/p>\n<p>\u00abNi topograf\u00eda, ni estudios arquitect\u00f3nicos, ni consulta a colegios de profesionales&#8230; simplemente aprobaron la ampliaci\u00f3n y ahora vemos las consecuencias\u00bb, denunci\u00f3.<\/p>\n<p>Zonas ecol\u00f3gicamente vulnerables, como las cercanas al r\u00edo Pira\u00ed o la tranca de Puerto M\u00e9ndez, ahora estar\u00edan categorizadas como urbanas, pese a los riesgos que representa su geograf\u00eda. Esto habr\u00eda incentivado a ciertos grupos a invadir tierras con la esperanza de legalizarlas mediante presiones sociales y vac\u00edos legales.<\/p>\n<p><strong>Un llamado urgente a la institucionalidad<\/strong><\/p>\n<p>Valenzuela remarc\u00f3 que estas acciones tienen consecuencias graves para el orden social, econ\u00f3mico y jur\u00eddico del municipio, y pidi\u00f3 que se retome el respeto por la ley:<\/p>\n<p>\u201cEl derecho debe prevalecer. No podemos permitir que Montero se convierta en tierra de nadie por falta de control o complicidad institucional\u201d, concluy\u00f3.<\/p>\n<p>Mientras tanto, los terrenos avasallados siguen siendo motivo de disputa, tanto en los medios como en los tribunales, en un conflicto que parece estar lejos de resolverse y que expone las grietas de una planificaci\u00f3n urbana improvisada y politizada.<\/p><div style=\"margin-top: 0px; margin-bottom: 0px;\" class=\"sharethis-inline-reaction-buttons\" ><\/div>","protected":false},"excerpt":{"rendered":"<p>Montero, Santa Cruz \u2014 La reciente toma de tierras en la zona oeste de Montero ha desatado una ola de cuestionamientos sobre la legalidad de los avasallamientos, la reacci\u00f3n de las autoridades, y la creciente sospecha sobre irregularidades en la ampliaci\u00f3n de la mancha urbana del municipio.<\/p>\n","protected":false},"author":1,"featured_media":0,"comment_status":"open","ping_status":"open","sticky":false,"template":"","format":"standard","meta":{"footnotes":""},"categories":[43],"tags":[214,215,74],"class_list":["post-808","post","type-post","status-publish","format-standard","hentry","category-seguridad","tag-avasallamiento","tag-patuju","tag-santiago-valenzuela"],"yoast_head":"<!-- This site is optimized with the Yoast SEO Premium plugin v25.5 (Yoast SEO v27.1.1) - https:\/\/yoast.com\/product\/yoast-seo-premium-wordpress\/ -->\n<title>Avasallamientos en Montero: entre el descontrol, el oportunismo y la falta de institucionalidad - Wara Comunicaciones<\/title>\n<meta name=\"robots\" content=\"index, follow, max-snippet:-1, max-image-preview:large, max-video-preview:-1\" \/>\n<link rel=\"canonical\" href=\"https:\/\/waracomunicaciones.com\/?p=808\" \/>\n<meta property=\"og:locale\" content=\"es_ES\" \/>\n<meta property=\"og:type\" content=\"article\" \/>\n<meta property=\"og:title\" content=\"Avasallamientos en Montero: entre el descontrol, el oportunismo y la falta de institucionalidad\" \/>\n<meta property=\"og:description\" content=\"Montero, Santa Cruz \u2014 La reciente toma de tierras en la zona oeste de Montero ha desatado una ola de cuestionamientos sobre la legalidad de los avasallamientos, la reacci\u00f3n de las autoridades, y la creciente sospecha sobre irregularidades en la ampliaci\u00f3n de la mancha urbana del municipio.\" \/>\n<meta property=\"og:url\" content=\"https:\/\/waracomunicaciones.com\/?p=808\" \/>\n<meta property=\"og:site_name\" content=\"Wara Comunicaciones\" \/>\n<meta property=\"article:publisher\" content=\"https:\/\/www.facebook.com\/waracomunicaciones2017\" \/>\n<meta property=\"article:published_time\" content=\"2025-10-06T14:54:13+00:00\" \/>\n<meta property=\"article:modified_time\" content=\"2025-10-06T14:54:14+00:00\" \/>\n<meta property=\"og:image\" content=\"https:\/\/waracomunicaciones.com\/wp-content\/uploads\/2025\/10\/assdsf.webp\" \/>\n\t<meta property=\"og:image:width\" content=\"1000\" \/>\n\t<meta property=\"og:image:height\" content=\"667\" \/>\n\t<meta property=\"og:image:type\" content=\"image\/webp\" \/>\n<meta name=\"author\" content=\"admin\" \/>\n<meta name=\"twitter:card\" content=\"summary_large_image\" \/>\n<meta name=\"twitter:label1\" content=\"Escrito por\" \/>\n\t<meta name=\"twitter:data1\" content=\"admin\" \/>\n\t<meta name=\"twitter:label2\" content=\"Tiempo de lectura\" \/>\n\t<meta name=\"twitter:data2\" content=\"3 minutos\" \/>\n<script type=\"application\/ld+json\" class=\"yoast-schema-graph\">{\"@context\":\"https:\/\/schema.org\",\"@graph\":[{\"@type\":\"Article\",\"@id\":\"https:\/\/waracomunicaciones.com\/?p=808#article\",\"isPartOf\":{\"@id\":\"https:\/\/waracomunicaciones.com\/?p=808\"},\"author\":{\"name\":\"admin\",\"@id\":\"https:\/\/waracomunicaciones.com\/#\/schema\/person\/e9db934bc91575cc71fe584c5973244a\"},\"headline\":\"Avasallamientos en Montero: entre el descontrol, el oportunismo y la falta de institucionalidad\",\"datePublished\":\"2025-10-06T14:54:13+00:00\",\"dateModified\":\"2025-10-06T14:54:14+00:00\",\"mainEntityOfPage\":{\"@id\":\"https:\/\/waracomunicaciones.com\/?p=808\"},\"wordCount\":576,\"commentCount\":0,\"publisher\":{\"@id\":\"https:\/\/waracomunicaciones.com\/#organization\"},\"image\":{\"@id\":\"https:\/\/waracomunicaciones.com\/?p=808#primaryimage\"},\"thumbnailUrl\":\"https:\/\/waracomunicaciones.com\/wp-content\/uploads\/2025\/10\/assdsf.webp\",\"keywords\":[\"Avasallamiento\",\"Patuj\u00fa\",\"Santiago Valenzuela\"],\"articleSection\":[\"Seguridad\"],\"inLanguage\":\"es\",\"potentialAction\":[{\"@type\":\"CommentAction\",\"name\":\"Comment\",\"target\":[\"https:\/\/waracomunicaciones.com\/?p=808#respond\"]}]},{\"@type\":\"WebPage\",\"@id\":\"https:\/\/waracomunicaciones.com\/?p=808\",\"url\":\"https:\/\/waracomunicaciones.com\/?p=808\",\"name\":\"Avasallamientos en Montero: entre el descontrol, el oportunismo y la falta de institucionalidad - Wara Comunicaciones\",\"isPartOf\":{\"@id\":\"https:\/\/waracomunicaciones.com\/#website\"},\"primaryImageOfPage\":{\"@id\":\"https:\/\/waracomunicaciones.com\/?p=808#primaryimage\"},\"image\":{\"@id\":\"https:\/\/waracomunicaciones.com\/?p=808#primaryimage\"},\"thumbnailUrl\":\"https:\/\/waracomunicaciones.com\/wp-content\/uploads\/2025\/10\/assdsf.webp\",\"datePublished\":\"2025-10-06T14:54:13+00:00\",\"dateModified\":\"2025-10-06T14:54:14+00:00\",\"breadcrumb\":{\"@id\":\"https:\/\/waracomunicaciones.com\/?p=808#breadcrumb\"},\"inLanguage\":\"es\",\"potentialAction\":[{\"@type\":\"ReadAction\",\"target\":[\"https:\/\/waracomunicaciones.com\/?p=808\"]}]},{\"@type\":\"ImageObject\",\"inLanguage\":\"es\",\"@id\":\"https:\/\/waracomunicaciones.com\/?p=808#primaryimage\",\"url\":\"https:\/\/waracomunicaciones.com\/wp-content\/uploads\/2025\/10\/assdsf.webp\",\"contentUrl\":\"https:\/\/waracomunicaciones.com\/wp-content\/uploads\/2025\/10\/assdsf.webp\",\"width\":1000,\"height\":667},{\"@type\":\"BreadcrumbList\",\"@id\":\"https:\/\/waracomunicaciones.com\/?p=808#breadcrumb\",\"itemListElement\":[{\"@type\":\"ListItem\",\"position\":1,\"name\":\"Portada\",\"item\":\"https:\/\/waracomunicaciones.com\/\"},{\"@type\":\"ListItem\",\"position\":2,\"name\":\"Avasallamientos en Montero: entre el descontrol, el oportunismo y la falta de institucionalidad\"}]},{\"@type\":\"WebSite\",\"@id\":\"https:\/\/waracomunicaciones.com\/#website\",\"url\":\"https:\/\/waracomunicaciones.com\/\",\"name\":\"Wara Comunicaciones\",\"description\":\"\",\"publisher\":{\"@id\":\"https:\/\/waracomunicaciones.com\/#organization\"},\"potentialAction\":[{\"@type\":\"SearchAction\",\"target\":{\"@type\":\"EntryPoint\",\"urlTemplate\":\"https:\/\/waracomunicaciones.com\/?s={search_term_string}\"},\"query-input\":{\"@type\":\"PropertyValueSpecification\",\"valueRequired\":true,\"valueName\":\"search_term_string\"}}],\"inLanguage\":\"es\"},{\"@type\":\"Organization\",\"@id\":\"https:\/\/waracomunicaciones.com\/#organization\",\"name\":\"Wara Comunicaciones\",\"url\":\"https:\/\/waracomunicaciones.com\/\",\"logo\":{\"@type\":\"ImageObject\",\"inLanguage\":\"es\",\"@id\":\"https:\/\/waracomunicaciones.com\/#\/schema\/logo\/image\/\",\"url\":\"https:\/\/waracomunicaciones.com\/wp-content\/uploads\/2025\/07\/logo.png\",\"contentUrl\":\"https:\/\/waracomunicaciones.com\/wp-content\/uploads\/2025\/07\/logo.png\",\"width\":400,\"height\":164,\"caption\":\"Wara Comunicaciones\"},\"image\":{\"@id\":\"https:\/\/waracomunicaciones.com\/#\/schema\/logo\/image\/\"},\"sameAs\":[\"https:\/\/www.facebook.com\/waracomunicaciones2017\"]},{\"@type\":\"Person\",\"@id\":\"https:\/\/waracomunicaciones.com\/#\/schema\/person\/e9db934bc91575cc71fe584c5973244a\",\"name\":\"admin\",\"image\":{\"@type\":\"ImageObject\",\"inLanguage\":\"es\",\"@id\":\"https:\/\/waracomunicaciones.com\/#\/schema\/person\/image\/\",\"url\":\"https:\/\/secure.gravatar.com\/avatar\/bf27e9186df568254093afa216f887fece17605302c6ff12f3980422fffa52e6?s=96&d=mm&r=g\",\"contentUrl\":\"https:\/\/secure.gravatar.com\/avatar\/bf27e9186df568254093afa216f887fece17605302c6ff12f3980422fffa52e6?s=96&d=mm&r=g\",\"caption\":\"admin\"},\"sameAs\":[\"https:\/\/waracomunicaciones.com\/wp\"],\"url\":\"https:\/\/waracomunicaciones.com\/?author=1\"}]}<\/script>\n<!-- \/ Yoast SEO Premium plugin. -->","yoast_head_json":{"title":"Avasallamientos en Montero: entre el descontrol, el oportunismo y la falta de institucionalidad - Wara Comunicaciones","robots":{"index":"index","follow":"follow","max-snippet":"max-snippet:-1","max-image-preview":"max-image-preview:large","max-video-preview":"max-video-preview:-1"},"canonical":"https:\/\/waracomunicaciones.com\/?p=808","og_locale":"es_ES","og_type":"article","og_title":"Avasallamientos en Montero: entre el descontrol, el oportunismo y la falta de institucionalidad","og_description":"Montero, Santa Cruz \u2014 La reciente toma de tierras en la zona oeste de Montero ha desatado una ola de cuestionamientos sobre la legalidad de los avasallamientos, la reacci\u00f3n de las autoridades, y la creciente sospecha sobre irregularidades en la ampliaci\u00f3n de la mancha urbana del municipio.","og_url":"https:\/\/waracomunicaciones.com\/?p=808","og_site_name":"Wara Comunicaciones","article_publisher":"https:\/\/www.facebook.com\/waracomunicaciones2017","article_published_time":"2025-10-06T14:54:13+00:00","article_modified_time":"2025-10-06T14:54:14+00:00","og_image":[{"width":1000,"height":667,"url":"https:\/\/waracomunicaciones.com\/wp-content\/uploads\/2025\/10\/assdsf.webp","type":"image\/webp"}],"author":"admin","twitter_card":"summary_large_image","twitter_misc":{"Escrito por":"admin","Tiempo de lectura":"3 minutos"},"schema":{"@context":"https:\/\/schema.org","@graph":[{"@type":"Article","@id":"https:\/\/waracomunicaciones.com\/?p=808#article","isPartOf":{"@id":"https:\/\/waracomunicaciones.com\/?p=808"},"author":{"name":"admin","@id":"https:\/\/waracomunicaciones.com\/#\/schema\/person\/e9db934bc91575cc71fe584c5973244a"},"headline":"Avasallamientos en Montero: entre el descontrol, el oportunismo y la falta de institucionalidad","datePublished":"2025-10-06T14:54:13+00:00","dateModified":"2025-10-06T14:54:14+00:00","mainEntityOfPage":{"@id":"https:\/\/waracomunicaciones.com\/?p=808"},"wordCount":576,"commentCount":0,"publisher":{"@id":"https:\/\/waracomunicaciones.com\/#organization"},"image":{"@id":"https:\/\/waracomunicaciones.com\/?p=808#primaryimage"},"thumbnailUrl":"https:\/\/waracomunicaciones.com\/wp-content\/uploads\/2025\/10\/assdsf.webp","keywords":["Avasallamiento","Patuj\u00fa","Santiago Valenzuela"],"articleSection":["Seguridad"],"inLanguage":"es","potentialAction":[{"@type":"CommentAction","name":"Comment","target":["https:\/\/waracomunicaciones.com\/?p=808#respond"]}]},{"@type":"WebPage","@id":"https:\/\/waracomunicaciones.com\/?p=808","url":"https:\/\/waracomunicaciones.com\/?p=808","name":"Avasallamientos en Montero: entre el descontrol, el oportunismo y la falta de institucionalidad - Wara Comunicaciones","isPartOf":{"@id":"https:\/\/waracomunicaciones.com\/#website"},"primaryImageOfPage":{"@id":"https:\/\/waracomunicaciones.com\/?p=808#primaryimage"},"image":{"@id":"https:\/\/waracomunicaciones.com\/?p=808#primaryimage"},"thumbnailUrl":"https:\/\/waracomunicaciones.com\/wp-content\/uploads\/2025\/10\/assdsf.webp","datePublished":"2025-10-06T14:54:13+00:00","dateModified":"2025-10-06T14:54:14+00:00","breadcrumb":{"@id":"https:\/\/waracomunicaciones.com\/?p=808#breadcrumb"},"inLanguage":"es","potentialAction":[{"@type":"ReadAction","target":["https:\/\/waracomunicaciones.com\/?p=808"]}]},{"@type":"ImageObject","inLanguage":"es","@id":"https:\/\/waracomunicaciones.com\/?p=808#primaryimage","url":"https:\/\/waracomunicaciones.com\/wp-content\/uploads\/2025\/10\/assdsf.webp","contentUrl":"https:\/\/waracomunicaciones.com\/wp-content\/uploads\/2025\/10\/assdsf.webp","width":1000,"height":667},{"@type":"BreadcrumbList","@id":"https:\/\/waracomunicaciones.com\/?p=808#breadcrumb","itemListElement":[{"@type":"ListItem","position":1,"name":"Portada","item":"https:\/\/waracomunicaciones.com\/"},{"@type":"ListItem","position":2,"name":"Avasallamientos en Montero: entre el descontrol, el oportunismo y la falta de institucionalidad"}]},{"@type":"WebSite","@id":"https:\/\/waracomunicaciones.com\/#website","url":"https:\/\/waracomunicaciones.com\/","name":"Wara Comunicaciones","description":"","publisher":{"@id":"https:\/\/waracomunicaciones.com\/#organization"},"potentialAction":[{"@type":"SearchAction","target":{"@type":"EntryPoint","urlTemplate":"https:\/\/waracomunicaciones.com\/?s={search_term_string}"},"query-input":{"@type":"PropertyValueSpecification","valueRequired":true,"valueName":"search_term_string"}}],"inLanguage":"es"},{"@type":"Organization","@id":"https:\/\/waracomunicaciones.com\/#organization","name":"Wara Comunicaciones","url":"https:\/\/waracomunicaciones.com\/","logo":{"@type":"ImageObject","inLanguage":"es","@id":"https:\/\/waracomunicaciones.com\/#\/schema\/logo\/image\/","url":"https:\/\/waracomunicaciones.com\/wp-content\/uploads\/2025\/07\/logo.png","contentUrl":"https:\/\/waracomunicaciones.com\/wp-content\/uploads\/2025\/07\/logo.png","width":400,"height":164,"caption":"Wara Comunicaciones"},"image":{"@id":"https:\/\/waracomunicaciones.com\/#\/schema\/logo\/image\/"},"sameAs":["https:\/\/www.facebook.com\/waracomunicaciones2017"]},{"@type":"Person","@id":"https:\/\/waracomunicaciones.com\/#\/schema\/person\/e9db934bc91575cc71fe584c5973244a","name":"admin","image":{"@type":"ImageObject","inLanguage":"es","@id":"https:\/\/waracomunicaciones.com\/#\/schema\/person\/image\/","url":"https:\/\/secure.gravatar.com\/avatar\/bf27e9186df568254093afa216f887fece17605302c6ff12f3980422fffa52e6?s=96&d=mm&r=g","contentUrl":"https:\/\/secure.gravatar.com\/avatar\/bf27e9186df568254093afa216f887fece17605302c6ff12f3980422fffa52e6?s=96&d=mm&r=g","caption":"admin"},"sameAs":["https:\/\/waracomunicaciones.com\/wp"],"url":"https:\/\/waracomunicaciones.com\/?author=1"}]}},"_links":{"self":[{"href":"https:\/\/waracomunicaciones.com\/index.php?rest_route=\/wp\/v2\/posts\/808","targetHints":{"allow":["GET"]}}],"collection":[{"href":"https:\/\/waracomunicaciones.com\/index.php?rest_route=\/wp\/v2\/posts"}],"about":[{"href":"https:\/\/waracomunicaciones.com\/index.php?rest_route=\/wp\/v2\/types\/post"}],"author":[{"embeddable":true,"href":"https:\/\/waracomunicaciones.com\/index.php?rest_route=\/wp\/v2\/users\/1"}],"replies":[{"embeddable":true,"href":"https:\/\/waracomunicaciones.com\/index.php?rest_route=%2Fwp%2Fv2%2Fcomments&post=808"}],"version-history":[{"count":1,"href":"https:\/\/waracomunicaciones.com\/index.php?rest_route=\/wp\/v2\/posts\/808\/revisions"}],"predecessor-version":[{"id":810,"href":"https:\/\/waracomunicaciones.com\/index.php?rest_route=\/wp\/v2\/posts\/808\/revisions\/810"}],"wp:attachment":[{"href":"https:\/\/waracomunicaciones.com\/index.php?rest_route=%2Fwp%2Fv2%2Fmedia&parent=808"}],"wp:term":[{"taxonomy":"category","embeddable":true,"href":"https:\/\/waracomunicaciones.com\/index.php?rest_route=%2Fwp%2Fv2%2Fcategories&post=808"},{"taxonomy":"post_tag","embeddable":true,"href":"https:\/\/waracomunicaciones.com\/index.php?rest_route=%2Fwp%2Fv2%2Ftags&post=808"}],"curies":[{"name":"wp","href":"https:\/\/api.w.org\/{rel}","templated":true}]}}