{"id":786,"date":"2025-10-02T10:26:51","date_gmt":"2025-10-02T14:26:51","guid":{"rendered":"https:\/\/waracomunicaciones.com\/?p=786"},"modified":"2025-10-02T10:26:52","modified_gmt":"2025-10-02T14:26:52","slug":"aula-hospitalaria-garantiza-el-derecho-a-la-educacion-de-estudiantes-internados-en-montero","status":"publish","type":"post","link":"https:\/\/waracomunicaciones.com\/?p=786","title":{"rendered":"Aula Hospitalaria garantiza el derecho a la educaci\u00f3n de estudiantes internados en Montero"},"content":{"rendered":"\n<figure class=\"wp-block-image size-full\"><img loading=\"lazy\" decoding=\"async\" width=\"1000\" height=\"750\" src=\"https:\/\/waracomunicaciones.com\/wp-content\/uploads\/2025\/10\/ffdffff.webp\" alt=\"\" class=\"wp-image-788\" srcset=\"https:\/\/waracomunicaciones.com\/wp-content\/uploads\/2025\/10\/ffdffff.webp 1000w, https:\/\/waracomunicaciones.com\/wp-content\/uploads\/2025\/10\/ffdffff-300x225.webp 300w, https:\/\/waracomunicaciones.com\/wp-content\/uploads\/2025\/10\/ffdffff-768x576.webp 768w\" sizes=\"auto, (max-width: 1000px) 100vw, 1000px\" \/><\/figure>\n\n\n<p><strong>Montero, <\/strong>\u00a0La Lic. Julieta Muruchi Mamani, responsable del Centro de Atenci\u00f3n Integral Pedag\u00f3gico Aula Hospitalaria en el municipio de Montero, inform\u00f3 sobre el funcionamiento y alcances de este programa pionero que busca asegurar la continuidad educativa de estudiantes que, por razones de salud, deben permanecer hospitalizados.<!--more--><\/p>\n<p>El Aula Hospitalaria funciona dentro del Hospital Alfonso Gumucio Reyes, atendiendo a ni\u00f1os, ni\u00f1as y adolescentes de 4 a 18 a\u00f1os provenientes de todo el norte integrado, incluyendo tambi\u00e9n centros de salud de segundo y tercer nivel.<\/p>\n<h3>Educaci\u00f3n desde el hospital<\/h3>\n<p>\u201cEl Aula Hospitalaria es una escuela dentro del hospital\u201d, explic\u00f3 la responsable, detallando que se clasifica a los estudiantes en tres tipos de estad\u00eda: <strong>corta (hasta 7 d\u00edas)<\/strong>, <strong>media (m\u00e1s de 8 d\u00edas)<\/strong> y <strong>larga (m\u00e1s de 30 d\u00edas)<\/strong>.<\/p>\n<ul>\n<li>En los casos de estad\u00eda corta se brinda <strong>apoyo escolar<\/strong>.<\/li>\n<li>En estad\u00edas medias se trabaja el <strong>avance curricular<\/strong> en coordinaci\u00f3n con la unidad educativa de origen.<\/li>\n<li>En estad\u00edas largas, se realiza una <strong>asignaci\u00f3n de docente<\/strong>, ya sea presencial o virtual, seg\u00fan el nivel del estudiante.<\/li>\n<\/ul>\n<p>Este trabajo se realiza en estrecha coordinaci\u00f3n con la familia y la unidad educativa a la que pertenece el menor, firmando actas interinstitucionales que formalizan su incorporaci\u00f3n al programa.<\/p>\n<h3>Atenci\u00f3n a estudiantes gestantes y adolescentes<\/h3>\n<p>Uno de los aspectos m\u00e1s innovadores del programa es la atenci\u00f3n educativa a <strong>estudiantes en etapa de gestaci\u00f3n<\/strong>, especialmente aquellas internadas en la sala de maternidad del hospital. \u201cTrabajamos tambi\u00e9n con ellas, cuando por su estado no pueden asistir a sus unidades educativas\u201d, se\u00f1al\u00f3 la licenciada Muruchi.<\/p>\n<h3>Evaluaci\u00f3n y validez acad\u00e9mica<\/h3>\n<p>La responsable del Aula Hospitalaria aclar\u00f3 que los <strong>boletines de calificaciones<\/strong> emitidos por el centro tienen validez oficial, y son entregados a las unidades educativas para ser ingresados al sistema, conforme lo establece la <strong>Resoluci\u00f3n Ministerial 664<\/strong> y la <strong>Normativa 01\/2025<\/strong>, art\u00edculo 109, que regula la atenci\u00f3n educativa a estudiantes hospitalizados o en tratamiento prolongado.<\/p>\n<h3>Impacto del programa<\/h3>\n<p>Durante la gesti\u00f3n 2025 (enero a septiembre), el Aula Hospitalaria de Montero ha atendido a <strong>405 estudiantes<\/strong>, con diversas necesidades y situaciones m\u00e9dicas. La mayor\u00eda de los beneficiarios han sido mujeres, y se ha logrado una importante cobertura en nivel primario, secundario e incluso inicial, seg\u00fan detall\u00f3 Muruchi.<\/p>\n<h3>Compromiso por la educaci\u00f3n<\/h3>\n<p>Este programa representa un paso fundamental en la garant\u00eda del <strong>derecho a la educaci\u00f3n<\/strong> para todos los estudiantes, sin importar su condici\u00f3n de salud o situaci\u00f3n m\u00e9dica. \u201cNuestra finalidad es que ning\u00fan ni\u00f1o, ni\u00f1a o adolescente pierda su a\u00f1o escolar por estar hospitalizado\u201d, concluy\u00f3 la licenciada.<\/p><div style=\"margin-top: 0px; margin-bottom: 0px;\" class=\"sharethis-inline-reaction-buttons\" ><\/div>","protected":false},"excerpt":{"rendered":"<p>Montero, \u00a0La Lic. Julieta Muruchi Mamani, responsable del Centro de Atenci\u00f3n Integral Pedag\u00f3gico Aula Hospitalaria en el municipio de Montero, inform\u00f3 sobre el funcionamiento y alcances de este programa pionero que busca asegurar la continuidad educativa de estudiantes que, por razones de salud, deben permanecer hospitalizados.<\/p>\n","protected":false},"author":1,"featured_media":0,"comment_status":"open","ping_status":"open","sticky":false,"template":"","format":"standard","meta":{"footnotes":""},"categories":[44],"tags":[211,212],"class_list":["post-786","post","type-post","status-publish","format-standard","hentry","category-educacion","tag-aula-hospitalaria","tag-julieta-muruchi-mamani"],"yoast_head":"<!-- This site is optimized with the Yoast SEO Premium plugin v25.5 (Yoast SEO v27.1.1) - https:\/\/yoast.com\/product\/yoast-seo-premium-wordpress\/ -->\n<title>Aula Hospitalaria garantiza el derecho a la educaci\u00f3n de estudiantes internados en Montero - Wara Comunicaciones<\/title>\n<meta name=\"robots\" content=\"index, follow, max-snippet:-1, max-image-preview:large, max-video-preview:-1\" \/>\n<link rel=\"canonical\" href=\"https:\/\/waracomunicaciones.com\/?p=786\" \/>\n<meta property=\"og:locale\" content=\"es_ES\" \/>\n<meta property=\"og:type\" content=\"article\" \/>\n<meta property=\"og:title\" content=\"Aula Hospitalaria garantiza el derecho a la educaci\u00f3n de estudiantes internados en Montero\" \/>\n<meta property=\"og:description\" content=\"Montero, \u00a0La Lic. Julieta Muruchi Mamani, responsable del Centro de Atenci\u00f3n Integral Pedag\u00f3gico Aula Hospitalaria en el municipio de Montero, inform\u00f3 sobre el funcionamiento y alcances de este programa pionero que busca asegurar la continuidad educativa de estudiantes que, por razones de salud, deben permanecer hospitalizados.\" \/>\n<meta property=\"og:url\" content=\"https:\/\/waracomunicaciones.com\/?p=786\" \/>\n<meta property=\"og:site_name\" content=\"Wara Comunicaciones\" \/>\n<meta property=\"article:publisher\" content=\"https:\/\/www.facebook.com\/waracomunicaciones2017\" \/>\n<meta property=\"article:published_time\" content=\"2025-10-02T14:26:51+00:00\" \/>\n<meta property=\"article:modified_time\" content=\"2025-10-02T14:26:52+00:00\" \/>\n<meta property=\"og:image\" content=\"https:\/\/waracomunicaciones.com\/wp-content\/uploads\/2025\/10\/ffdffff.webp\" \/>\n\t<meta property=\"og:image:width\" content=\"1000\" \/>\n\t<meta property=\"og:image:height\" content=\"750\" \/>\n\t<meta property=\"og:image:type\" content=\"image\/webp\" \/>\n<meta name=\"author\" content=\"admin\" \/>\n<meta name=\"twitter:card\" content=\"summary_large_image\" \/>\n<meta name=\"twitter:label1\" content=\"Escrito por\" \/>\n\t<meta name=\"twitter:data1\" content=\"admin\" \/>\n\t<meta name=\"twitter:label2\" content=\"Tiempo de lectura\" \/>\n\t<meta name=\"twitter:data2\" content=\"3 minutos\" \/>\n<script type=\"application\/ld+json\" class=\"yoast-schema-graph\">{\"@context\":\"https:\/\/schema.org\",\"@graph\":[{\"@type\":\"Article\",\"@id\":\"https:\/\/waracomunicaciones.com\/?p=786#article\",\"isPartOf\":{\"@id\":\"https:\/\/waracomunicaciones.com\/?p=786\"},\"author\":{\"name\":\"admin\",\"@id\":\"https:\/\/waracomunicaciones.com\/#\/schema\/person\/e9db934bc91575cc71fe584c5973244a\"},\"headline\":\"Aula Hospitalaria garantiza el derecho a la educaci\u00f3n de estudiantes internados en Montero\",\"datePublished\":\"2025-10-02T14:26:51+00:00\",\"dateModified\":\"2025-10-02T14:26:52+00:00\",\"mainEntityOfPage\":{\"@id\":\"https:\/\/waracomunicaciones.com\/?p=786\"},\"wordCount\":463,\"commentCount\":0,\"publisher\":{\"@id\":\"https:\/\/waracomunicaciones.com\/#organization\"},\"image\":{\"@id\":\"https:\/\/waracomunicaciones.com\/?p=786#primaryimage\"},\"thumbnailUrl\":\"https:\/\/waracomunicaciones.com\/wp-content\/uploads\/2025\/10\/ffdffff.webp\",\"keywords\":[\"Aula Hospitalaria\",\"Julieta Muruchi Mamani\"],\"articleSection\":[\"Educaci\u00f3n\"],\"inLanguage\":\"es\",\"potentialAction\":[{\"@type\":\"CommentAction\",\"name\":\"Comment\",\"target\":[\"https:\/\/waracomunicaciones.com\/?p=786#respond\"]}]},{\"@type\":\"WebPage\",\"@id\":\"https:\/\/waracomunicaciones.com\/?p=786\",\"url\":\"https:\/\/waracomunicaciones.com\/?p=786\",\"name\":\"Aula Hospitalaria garantiza el derecho a la educaci\u00f3n de estudiantes internados en Montero - Wara Comunicaciones\",\"isPartOf\":{\"@id\":\"https:\/\/waracomunicaciones.com\/#website\"},\"primaryImageOfPage\":{\"@id\":\"https:\/\/waracomunicaciones.com\/?p=786#primaryimage\"},\"image\":{\"@id\":\"https:\/\/waracomunicaciones.com\/?p=786#primaryimage\"},\"thumbnailUrl\":\"https:\/\/waracomunicaciones.com\/wp-content\/uploads\/2025\/10\/ffdffff.webp\",\"datePublished\":\"2025-10-02T14:26:51+00:00\",\"dateModified\":\"2025-10-02T14:26:52+00:00\",\"breadcrumb\":{\"@id\":\"https:\/\/waracomunicaciones.com\/?p=786#breadcrumb\"},\"inLanguage\":\"es\",\"potentialAction\":[{\"@type\":\"ReadAction\",\"target\":[\"https:\/\/waracomunicaciones.com\/?p=786\"]}]},{\"@type\":\"ImageObject\",\"inLanguage\":\"es\",\"@id\":\"https:\/\/waracomunicaciones.com\/?p=786#primaryimage\",\"url\":\"https:\/\/waracomunicaciones.com\/wp-content\/uploads\/2025\/10\/ffdffff.webp\",\"contentUrl\":\"https:\/\/waracomunicaciones.com\/wp-content\/uploads\/2025\/10\/ffdffff.webp\",\"width\":1000,\"height\":750},{\"@type\":\"BreadcrumbList\",\"@id\":\"https:\/\/waracomunicaciones.com\/?p=786#breadcrumb\",\"itemListElement\":[{\"@type\":\"ListItem\",\"position\":1,\"name\":\"Portada\",\"item\":\"https:\/\/waracomunicaciones.com\/\"},{\"@type\":\"ListItem\",\"position\":2,\"name\":\"Aula Hospitalaria garantiza el derecho a la educaci\u00f3n de estudiantes internados en Montero\"}]},{\"@type\":\"WebSite\",\"@id\":\"https:\/\/waracomunicaciones.com\/#website\",\"url\":\"https:\/\/waracomunicaciones.com\/\",\"name\":\"Wara Comunicaciones\",\"description\":\"\",\"publisher\":{\"@id\":\"https:\/\/waracomunicaciones.com\/#organization\"},\"potentialAction\":[{\"@type\":\"SearchAction\",\"target\":{\"@type\":\"EntryPoint\",\"urlTemplate\":\"https:\/\/waracomunicaciones.com\/?s={search_term_string}\"},\"query-input\":{\"@type\":\"PropertyValueSpecification\",\"valueRequired\":true,\"valueName\":\"search_term_string\"}}],\"inLanguage\":\"es\"},{\"@type\":\"Organization\",\"@id\":\"https:\/\/waracomunicaciones.com\/#organization\",\"name\":\"Wara Comunicaciones\",\"url\":\"https:\/\/waracomunicaciones.com\/\",\"logo\":{\"@type\":\"ImageObject\",\"inLanguage\":\"es\",\"@id\":\"https:\/\/waracomunicaciones.com\/#\/schema\/logo\/image\/\",\"url\":\"https:\/\/waracomunicaciones.com\/wp-content\/uploads\/2025\/07\/logo.png\",\"contentUrl\":\"https:\/\/waracomunicaciones.com\/wp-content\/uploads\/2025\/07\/logo.png\",\"width\":400,\"height\":164,\"caption\":\"Wara Comunicaciones\"},\"image\":{\"@id\":\"https:\/\/waracomunicaciones.com\/#\/schema\/logo\/image\/\"},\"sameAs\":[\"https:\/\/www.facebook.com\/waracomunicaciones2017\"]},{\"@type\":\"Person\",\"@id\":\"https:\/\/waracomunicaciones.com\/#\/schema\/person\/e9db934bc91575cc71fe584c5973244a\",\"name\":\"admin\",\"image\":{\"@type\":\"ImageObject\",\"inLanguage\":\"es\",\"@id\":\"https:\/\/waracomunicaciones.com\/#\/schema\/person\/image\/\",\"url\":\"https:\/\/secure.gravatar.com\/avatar\/bf27e9186df568254093afa216f887fece17605302c6ff12f3980422fffa52e6?s=96&d=mm&r=g\",\"contentUrl\":\"https:\/\/secure.gravatar.com\/avatar\/bf27e9186df568254093afa216f887fece17605302c6ff12f3980422fffa52e6?s=96&d=mm&r=g\",\"caption\":\"admin\"},\"sameAs\":[\"https:\/\/waracomunicaciones.com\/wp\"],\"url\":\"https:\/\/waracomunicaciones.com\/?author=1\"}]}<\/script>\n<!-- \/ Yoast SEO Premium plugin. -->","yoast_head_json":{"title":"Aula Hospitalaria garantiza el derecho a la educaci\u00f3n de estudiantes internados en Montero - Wara Comunicaciones","robots":{"index":"index","follow":"follow","max-snippet":"max-snippet:-1","max-image-preview":"max-image-preview:large","max-video-preview":"max-video-preview:-1"},"canonical":"https:\/\/waracomunicaciones.com\/?p=786","og_locale":"es_ES","og_type":"article","og_title":"Aula Hospitalaria garantiza el derecho a la educaci\u00f3n de estudiantes internados en Montero","og_description":"Montero, \u00a0La Lic. Julieta Muruchi Mamani, responsable del Centro de Atenci\u00f3n Integral Pedag\u00f3gico Aula Hospitalaria en el municipio de Montero, inform\u00f3 sobre el funcionamiento y alcances de este programa pionero que busca asegurar la continuidad educativa de estudiantes que, por razones de salud, deben permanecer hospitalizados.","og_url":"https:\/\/waracomunicaciones.com\/?p=786","og_site_name":"Wara Comunicaciones","article_publisher":"https:\/\/www.facebook.com\/waracomunicaciones2017","article_published_time":"2025-10-02T14:26:51+00:00","article_modified_time":"2025-10-02T14:26:52+00:00","og_image":[{"width":1000,"height":750,"url":"https:\/\/waracomunicaciones.com\/wp-content\/uploads\/2025\/10\/ffdffff.webp","type":"image\/webp"}],"author":"admin","twitter_card":"summary_large_image","twitter_misc":{"Escrito por":"admin","Tiempo de lectura":"3 minutos"},"schema":{"@context":"https:\/\/schema.org","@graph":[{"@type":"Article","@id":"https:\/\/waracomunicaciones.com\/?p=786#article","isPartOf":{"@id":"https:\/\/waracomunicaciones.com\/?p=786"},"author":{"name":"admin","@id":"https:\/\/waracomunicaciones.com\/#\/schema\/person\/e9db934bc91575cc71fe584c5973244a"},"headline":"Aula Hospitalaria garantiza el derecho a la educaci\u00f3n de estudiantes internados en Montero","datePublished":"2025-10-02T14:26:51+00:00","dateModified":"2025-10-02T14:26:52+00:00","mainEntityOfPage":{"@id":"https:\/\/waracomunicaciones.com\/?p=786"},"wordCount":463,"commentCount":0,"publisher":{"@id":"https:\/\/waracomunicaciones.com\/#organization"},"image":{"@id":"https:\/\/waracomunicaciones.com\/?p=786#primaryimage"},"thumbnailUrl":"https:\/\/waracomunicaciones.com\/wp-content\/uploads\/2025\/10\/ffdffff.webp","keywords":["Aula Hospitalaria","Julieta Muruchi Mamani"],"articleSection":["Educaci\u00f3n"],"inLanguage":"es","potentialAction":[{"@type":"CommentAction","name":"Comment","target":["https:\/\/waracomunicaciones.com\/?p=786#respond"]}]},{"@type":"WebPage","@id":"https:\/\/waracomunicaciones.com\/?p=786","url":"https:\/\/waracomunicaciones.com\/?p=786","name":"Aula Hospitalaria garantiza el derecho a la educaci\u00f3n de estudiantes internados en Montero - Wara Comunicaciones","isPartOf":{"@id":"https:\/\/waracomunicaciones.com\/#website"},"primaryImageOfPage":{"@id":"https:\/\/waracomunicaciones.com\/?p=786#primaryimage"},"image":{"@id":"https:\/\/waracomunicaciones.com\/?p=786#primaryimage"},"thumbnailUrl":"https:\/\/waracomunicaciones.com\/wp-content\/uploads\/2025\/10\/ffdffff.webp","datePublished":"2025-10-02T14:26:51+00:00","dateModified":"2025-10-02T14:26:52+00:00","breadcrumb":{"@id":"https:\/\/waracomunicaciones.com\/?p=786#breadcrumb"},"inLanguage":"es","potentialAction":[{"@type":"ReadAction","target":["https:\/\/waracomunicaciones.com\/?p=786"]}]},{"@type":"ImageObject","inLanguage":"es","@id":"https:\/\/waracomunicaciones.com\/?p=786#primaryimage","url":"https:\/\/waracomunicaciones.com\/wp-content\/uploads\/2025\/10\/ffdffff.webp","contentUrl":"https:\/\/waracomunicaciones.com\/wp-content\/uploads\/2025\/10\/ffdffff.webp","width":1000,"height":750},{"@type":"BreadcrumbList","@id":"https:\/\/waracomunicaciones.com\/?p=786#breadcrumb","itemListElement":[{"@type":"ListItem","position":1,"name":"Portada","item":"https:\/\/waracomunicaciones.com\/"},{"@type":"ListItem","position":2,"name":"Aula Hospitalaria garantiza el derecho a la educaci\u00f3n de estudiantes internados en Montero"}]},{"@type":"WebSite","@id":"https:\/\/waracomunicaciones.com\/#website","url":"https:\/\/waracomunicaciones.com\/","name":"Wara Comunicaciones","description":"","publisher":{"@id":"https:\/\/waracomunicaciones.com\/#organization"},"potentialAction":[{"@type":"SearchAction","target":{"@type":"EntryPoint","urlTemplate":"https:\/\/waracomunicaciones.com\/?s={search_term_string}"},"query-input":{"@type":"PropertyValueSpecification","valueRequired":true,"valueName":"search_term_string"}}],"inLanguage":"es"},{"@type":"Organization","@id":"https:\/\/waracomunicaciones.com\/#organization","name":"Wara Comunicaciones","url":"https:\/\/waracomunicaciones.com\/","logo":{"@type":"ImageObject","inLanguage":"es","@id":"https:\/\/waracomunicaciones.com\/#\/schema\/logo\/image\/","url":"https:\/\/waracomunicaciones.com\/wp-content\/uploads\/2025\/07\/logo.png","contentUrl":"https:\/\/waracomunicaciones.com\/wp-content\/uploads\/2025\/07\/logo.png","width":400,"height":164,"caption":"Wara Comunicaciones"},"image":{"@id":"https:\/\/waracomunicaciones.com\/#\/schema\/logo\/image\/"},"sameAs":["https:\/\/www.facebook.com\/waracomunicaciones2017"]},{"@type":"Person","@id":"https:\/\/waracomunicaciones.com\/#\/schema\/person\/e9db934bc91575cc71fe584c5973244a","name":"admin","image":{"@type":"ImageObject","inLanguage":"es","@id":"https:\/\/waracomunicaciones.com\/#\/schema\/person\/image\/","url":"https:\/\/secure.gravatar.com\/avatar\/bf27e9186df568254093afa216f887fece17605302c6ff12f3980422fffa52e6?s=96&d=mm&r=g","contentUrl":"https:\/\/secure.gravatar.com\/avatar\/bf27e9186df568254093afa216f887fece17605302c6ff12f3980422fffa52e6?s=96&d=mm&r=g","caption":"admin"},"sameAs":["https:\/\/waracomunicaciones.com\/wp"],"url":"https:\/\/waracomunicaciones.com\/?author=1"}]}},"_links":{"self":[{"href":"https:\/\/waracomunicaciones.com\/index.php?rest_route=\/wp\/v2\/posts\/786","targetHints":{"allow":["GET"]}}],"collection":[{"href":"https:\/\/waracomunicaciones.com\/index.php?rest_route=\/wp\/v2\/posts"}],"about":[{"href":"https:\/\/waracomunicaciones.com\/index.php?rest_route=\/wp\/v2\/types\/post"}],"author":[{"embeddable":true,"href":"https:\/\/waracomunicaciones.com\/index.php?rest_route=\/wp\/v2\/users\/1"}],"replies":[{"embeddable":true,"href":"https:\/\/waracomunicaciones.com\/index.php?rest_route=%2Fwp%2Fv2%2Fcomments&post=786"}],"version-history":[{"count":1,"href":"https:\/\/waracomunicaciones.com\/index.php?rest_route=\/wp\/v2\/posts\/786\/revisions"}],"predecessor-version":[{"id":789,"href":"https:\/\/waracomunicaciones.com\/index.php?rest_route=\/wp\/v2\/posts\/786\/revisions\/789"}],"wp:attachment":[{"href":"https:\/\/waracomunicaciones.com\/index.php?rest_route=%2Fwp%2Fv2%2Fmedia&parent=786"}],"wp:term":[{"taxonomy":"category","embeddable":true,"href":"https:\/\/waracomunicaciones.com\/index.php?rest_route=%2Fwp%2Fv2%2Fcategories&post=786"},{"taxonomy":"post_tag","embeddable":true,"href":"https:\/\/waracomunicaciones.com\/index.php?rest_route=%2Fwp%2Fv2%2Ftags&post=786"}],"curies":[{"name":"wp","href":"https:\/\/api.w.org\/{rel}","templated":true}]}}