{"id":783,"date":"2025-10-02T10:01:31","date_gmt":"2025-10-02T14:01:31","guid":{"rendered":"https:\/\/waracomunicaciones.com\/?p=783"},"modified":"2025-10-02T10:01:32","modified_gmt":"2025-10-02T14:01:32","slug":"junta-distrital-de-padres-de-familia-de-montero-informa-sobre-avances-en-educacion-y-desayuno-escolar","status":"publish","type":"post","link":"https:\/\/waracomunicaciones.com\/?p=783","title":{"rendered":"Junta Distrital de Padres\u00a0 de Familia de Montero informa sobre avances en educaci\u00f3n y desayuno escolar"},"content":{"rendered":"\n<figure class=\"wp-block-image size-full\"><img loading=\"lazy\" decoding=\"async\" width=\"891\" height=\"588\" src=\"https:\/\/waracomunicaciones.com\/wp-content\/uploads\/2025\/10\/afsgdgh.webp\" alt=\"\" class=\"wp-image-784\" srcset=\"https:\/\/waracomunicaciones.com\/wp-content\/uploads\/2025\/10\/afsgdgh.webp 891w, https:\/\/waracomunicaciones.com\/wp-content\/uploads\/2025\/10\/afsgdgh-300x198.webp 300w, https:\/\/waracomunicaciones.com\/wp-content\/uploads\/2025\/10\/afsgdgh-768x507.webp 768w\" sizes=\"auto, (max-width: 891px) 100vw, 891px\" \/><figcaption class=\"wp-element-caption\"><em>Alejandra Rivero Parada representante de La Junta Distrital de Padres de Familia<\/em> &#8211; <\/figcaption><\/figure>\n\n\n<p><strong>Montero, <\/strong>\u00a0\u2013 La Junta Distrital de Padres y Madres de Familia de Montero ha compartido importantes novedades en torno a proyectos educativos y la situaci\u00f3n actual del desayuno escolar en las unidades educativas del municipio.<!--more--><\/p>\n<p><strong>Educaci\u00f3n para estudiantes hospitalizados<\/strong><\/p>\n<p>La representante distrital, se\u00f1ora Alejandra Rivero Parada, inform\u00f3 que recientemente se conoci\u00f3 sobre un proyecto implementado en el Hospital donde funciona el CAID, que permite a los estudiantes internados continuar sus estudios durante su hospitalizaci\u00f3n.<\/p>\n<p>Este programa representa un gran avance, ya que anteriormente muchos ni\u00f1os y j\u00f3venes eran retirados de sus unidades educativas debido a internaciones prolongadas por motivos de salud, lo que resultaba en la p\u00e9rdida del a\u00f1o escolar. Se resalt\u00f3 el caso de un joven que fue v\u00edctima de un apu\u00f1alamiento el a\u00f1o pasado, quien tuvo que abandonar sus estudios. Ahora, gracias a este proyecto, se busca reincorporarlo para que pueda continuar con su formaci\u00f3n acad\u00e9mica.<\/p>\n<p><strong>Problemas con el desayuno escolar<\/strong><\/p>\n<p>Asimismo, la se\u00f1ora Alejandra se refiri\u00f3 a una interrupci\u00f3n en la distribuci\u00f3n del desayuno escolar ocurrida esta ma\u00f1ana. Se recibieron reportes de varias unidades educativas \u2014entre ellas San Silvestre y General Velasco\u2014 sobre la ausencia del desayuno escolar a primeras horas del d\u00eda.<\/p>\n<p>Aunque no se recibi\u00f3 un reporte oficial del colegio Fe y Alegr\u00eda Virgen de Cotoca, se tuvo conocimiento de la situaci\u00f3n a trav\u00e9s de familiares de estudiantes. La Junta Escolar se comunic\u00f3 con la encargada del \u00e1rea, quien inform\u00f3 que el retraso se debi\u00f3 a las condiciones clim\u00e1ticas que impidieron el cargado temprano de los camiones. No obstante, se garantiz\u00f3 que la distribuci\u00f3n fue retomada a partir de las 10:20 a. m.<\/p>\n<p>La Junta se comprometi\u00f3 a comunicarse con las autoridades del colegio Fe y Alegr\u00eda para esclarecer por qu\u00e9 no se emiti\u00f3 el reporte correspondiente y reiter\u00f3 la necesidad de una comunicaci\u00f3n efectiva para cumplir con el rol fiscalizador que tienen las juntas escolares.<\/p>\n<p><strong>Presupuesto del desayuno escolar y participaci\u00f3n en POAs<\/strong><\/p>\n<p>En relaci\u00f3n con la elaboraci\u00f3n del POA (Plan Operativo Anual), la representante denunci\u00f3 la falta de inclusi\u00f3n de las Juntas Escolares en las cumbres distritales organizadas por algunas OTBs (Organizaciones Territoriales de Base). Si bien se destac\u00f3 la buena coordinaci\u00f3n con el Distrito 8, en general, muchas juntas escolares fueron excluidas del proceso de planificaci\u00f3n, lo cual afecta directamente a la toma de decisiones sobre temas educativos.<\/p>\n<p>La se\u00f1ora Alejandra enfatiz\u00f3 que el presupuesto destinado al desayuno escolar sigue estancado en <strong>11 millones de bolivianos<\/strong>, pese al incremento de precios y la inflaci\u00f3n. Por tal motivo, se est\u00e1 organizando una reuni\u00f3n con el alcalde municipal para solicitar el incremento del presupuesto y plantear propuestas elaboradas directamente por las juntas escolares.<\/p>\n<p><strong>Llamado a la acci\u00f3n<\/strong><\/p>\n<p>La Junta Distrital subray\u00f3 la importancia de que las autoridades municipales convoquen a actores clave de la educaci\u00f3n \u2014padres, maestros y directores\u2014 para participar en la elaboraci\u00f3n del presupuesto educativo, ya que muchas veces los recursos ya llegan asignados sin consultar con quienes conocen las necesidades reales del sistema educativo.<\/p>\n<p>Finalmente, se reiter\u00f3 el compromiso de la Junta Escolar de apoyar cualquier acci\u00f3n o movilizaci\u00f3n que los padres de familia consideren necesaria para garantizar el bienestar y derecho a la educaci\u00f3n de todos los estudiantes de Montero.<\/p><div style=\"margin-top: 0px; margin-bottom: 0px;\" class=\"sharethis-inline-reaction-buttons\" ><\/div>","protected":false},"excerpt":{"rendered":"<p>Montero, \u00a0\u2013 La Junta Distrital de Padres y Madres de Familia de Montero ha compartido importantes novedades en torno a proyectos educativos y la situaci\u00f3n actual del desayuno escolar en las unidades educativas del municipio.<\/p>\n","protected":false},"author":1,"featured_media":0,"comment_status":"open","ping_status":"open","sticky":false,"template":"","format":"standard","meta":{"footnotes":""},"categories":[54],"tags":[141,73,19],"class_list":["post-783","post","type-post","status-publish","format-standard","hentry","category-educacion-internacional-noticias","tag-alejandra-rivero-parra","tag-desayuno-escolar","tag-montero"],"yoast_head":"<!-- This site is optimized with the Yoast SEO Premium plugin v25.5 (Yoast SEO v27.1.1) - https:\/\/yoast.com\/product\/yoast-seo-premium-wordpress\/ -->\n<title>Junta Distrital de Padres\u00a0 de Familia de Montero informa sobre avances en educaci\u00f3n y desayuno escolar - Wara Comunicaciones<\/title>\n<meta name=\"robots\" content=\"index, follow, max-snippet:-1, max-image-preview:large, max-video-preview:-1\" \/>\n<link rel=\"canonical\" href=\"https:\/\/waracomunicaciones.com\/?p=783\" \/>\n<meta property=\"og:locale\" content=\"es_ES\" \/>\n<meta property=\"og:type\" content=\"article\" \/>\n<meta property=\"og:title\" content=\"Junta Distrital de Padres\u00a0 de Familia de Montero informa sobre avances en educaci\u00f3n y desayuno escolar\" \/>\n<meta property=\"og:description\" content=\"Montero, \u00a0\u2013 La Junta Distrital de Padres y Madres de Familia de Montero ha compartido importantes novedades en torno a proyectos educativos y la situaci\u00f3n actual del desayuno escolar en las unidades educativas del municipio.\" \/>\n<meta property=\"og:url\" content=\"https:\/\/waracomunicaciones.com\/?p=783\" \/>\n<meta property=\"og:site_name\" content=\"Wara Comunicaciones\" \/>\n<meta property=\"article:publisher\" content=\"https:\/\/www.facebook.com\/waracomunicaciones2017\" \/>\n<meta property=\"article:published_time\" content=\"2025-10-02T14:01:31+00:00\" \/>\n<meta property=\"article:modified_time\" content=\"2025-10-02T14:01:32+00:00\" \/>\n<meta property=\"og:image\" content=\"https:\/\/waracomunicaciones.com\/wp-content\/uploads\/2025\/10\/afsgdgh.webp\" \/>\n\t<meta property=\"og:image:width\" content=\"891\" \/>\n\t<meta property=\"og:image:height\" content=\"588\" \/>\n\t<meta property=\"og:image:type\" content=\"image\/webp\" \/>\n<meta name=\"author\" content=\"admin\" \/>\n<meta name=\"twitter:card\" content=\"summary_large_image\" \/>\n<meta name=\"twitter:label1\" content=\"Escrito por\" \/>\n\t<meta name=\"twitter:data1\" content=\"admin\" \/>\n\t<meta name=\"twitter:label2\" content=\"Tiempo de lectura\" \/>\n\t<meta name=\"twitter:data2\" content=\"3 minutos\" \/>\n<script type=\"application\/ld+json\" class=\"yoast-schema-graph\">{\"@context\":\"https:\/\/schema.org\",\"@graph\":[{\"@type\":\"Article\",\"@id\":\"https:\/\/waracomunicaciones.com\/?p=783#article\",\"isPartOf\":{\"@id\":\"https:\/\/waracomunicaciones.com\/?p=783\"},\"author\":{\"name\":\"admin\",\"@id\":\"https:\/\/waracomunicaciones.com\/#\/schema\/person\/e9db934bc91575cc71fe584c5973244a\"},\"headline\":\"Junta Distrital de Padres\u00a0 de Familia de Montero informa sobre avances en educaci\u00f3n y desayuno escolar\",\"datePublished\":\"2025-10-02T14:01:31+00:00\",\"dateModified\":\"2025-10-02T14:01:32+00:00\",\"mainEntityOfPage\":{\"@id\":\"https:\/\/waracomunicaciones.com\/?p=783\"},\"wordCount\":596,\"commentCount\":0,\"publisher\":{\"@id\":\"https:\/\/waracomunicaciones.com\/#organization\"},\"image\":{\"@id\":\"https:\/\/waracomunicaciones.com\/?p=783#primaryimage\"},\"thumbnailUrl\":\"https:\/\/waracomunicaciones.com\/wp-content\/uploads\/2025\/10\/afsgdgh.webp\",\"keywords\":[\"Alejandra Rivero Parra\",\"Desayuno Escolar\",\"Montero\"],\"articleSection\":[\"Educaci\u00f3n\"],\"inLanguage\":\"es\",\"potentialAction\":[{\"@type\":\"CommentAction\",\"name\":\"Comment\",\"target\":[\"https:\/\/waracomunicaciones.com\/?p=783#respond\"]}]},{\"@type\":\"WebPage\",\"@id\":\"https:\/\/waracomunicaciones.com\/?p=783\",\"url\":\"https:\/\/waracomunicaciones.com\/?p=783\",\"name\":\"Junta Distrital de Padres\u00a0 de Familia de Montero informa sobre avances en educaci\u00f3n y desayuno escolar - Wara Comunicaciones\",\"isPartOf\":{\"@id\":\"https:\/\/waracomunicaciones.com\/#website\"},\"primaryImageOfPage\":{\"@id\":\"https:\/\/waracomunicaciones.com\/?p=783#primaryimage\"},\"image\":{\"@id\":\"https:\/\/waracomunicaciones.com\/?p=783#primaryimage\"},\"thumbnailUrl\":\"https:\/\/waracomunicaciones.com\/wp-content\/uploads\/2025\/10\/afsgdgh.webp\",\"datePublished\":\"2025-10-02T14:01:31+00:00\",\"dateModified\":\"2025-10-02T14:01:32+00:00\",\"breadcrumb\":{\"@id\":\"https:\/\/waracomunicaciones.com\/?p=783#breadcrumb\"},\"inLanguage\":\"es\",\"potentialAction\":[{\"@type\":\"ReadAction\",\"target\":[\"https:\/\/waracomunicaciones.com\/?p=783\"]}]},{\"@type\":\"ImageObject\",\"inLanguage\":\"es\",\"@id\":\"https:\/\/waracomunicaciones.com\/?p=783#primaryimage\",\"url\":\"https:\/\/waracomunicaciones.com\/wp-content\/uploads\/2025\/10\/afsgdgh.webp\",\"contentUrl\":\"https:\/\/waracomunicaciones.com\/wp-content\/uploads\/2025\/10\/afsgdgh.webp\",\"width\":891,\"height\":588},{\"@type\":\"BreadcrumbList\",\"@id\":\"https:\/\/waracomunicaciones.com\/?p=783#breadcrumb\",\"itemListElement\":[{\"@type\":\"ListItem\",\"position\":1,\"name\":\"Portada\",\"item\":\"https:\/\/waracomunicaciones.com\/\"},{\"@type\":\"ListItem\",\"position\":2,\"name\":\"Junta Distrital de Padres\u00a0 de Familia de Montero informa sobre avances en educaci\u00f3n y desayuno escolar\"}]},{\"@type\":\"WebSite\",\"@id\":\"https:\/\/waracomunicaciones.com\/#website\",\"url\":\"https:\/\/waracomunicaciones.com\/\",\"name\":\"Wara Comunicaciones\",\"description\":\"\",\"publisher\":{\"@id\":\"https:\/\/waracomunicaciones.com\/#organization\"},\"potentialAction\":[{\"@type\":\"SearchAction\",\"target\":{\"@type\":\"EntryPoint\",\"urlTemplate\":\"https:\/\/waracomunicaciones.com\/?s={search_term_string}\"},\"query-input\":{\"@type\":\"PropertyValueSpecification\",\"valueRequired\":true,\"valueName\":\"search_term_string\"}}],\"inLanguage\":\"es\"},{\"@type\":\"Organization\",\"@id\":\"https:\/\/waracomunicaciones.com\/#organization\",\"name\":\"Wara Comunicaciones\",\"url\":\"https:\/\/waracomunicaciones.com\/\",\"logo\":{\"@type\":\"ImageObject\",\"inLanguage\":\"es\",\"@id\":\"https:\/\/waracomunicaciones.com\/#\/schema\/logo\/image\/\",\"url\":\"https:\/\/waracomunicaciones.com\/wp-content\/uploads\/2025\/07\/logo.png\",\"contentUrl\":\"https:\/\/waracomunicaciones.com\/wp-content\/uploads\/2025\/07\/logo.png\",\"width\":400,\"height\":164,\"caption\":\"Wara Comunicaciones\"},\"image\":{\"@id\":\"https:\/\/waracomunicaciones.com\/#\/schema\/logo\/image\/\"},\"sameAs\":[\"https:\/\/www.facebook.com\/waracomunicaciones2017\"]},{\"@type\":\"Person\",\"@id\":\"https:\/\/waracomunicaciones.com\/#\/schema\/person\/e9db934bc91575cc71fe584c5973244a\",\"name\":\"admin\",\"image\":{\"@type\":\"ImageObject\",\"inLanguage\":\"es\",\"@id\":\"https:\/\/waracomunicaciones.com\/#\/schema\/person\/image\/\",\"url\":\"https:\/\/secure.gravatar.com\/avatar\/bf27e9186df568254093afa216f887fece17605302c6ff12f3980422fffa52e6?s=96&d=mm&r=g\",\"contentUrl\":\"https:\/\/secure.gravatar.com\/avatar\/bf27e9186df568254093afa216f887fece17605302c6ff12f3980422fffa52e6?s=96&d=mm&r=g\",\"caption\":\"admin\"},\"sameAs\":[\"https:\/\/waracomunicaciones.com\/wp\"],\"url\":\"https:\/\/waracomunicaciones.com\/?author=1\"}]}<\/script>\n<!-- \/ Yoast SEO Premium plugin. -->","yoast_head_json":{"title":"Junta Distrital de Padres\u00a0 de Familia de Montero informa sobre avances en educaci\u00f3n y desayuno escolar - Wara Comunicaciones","robots":{"index":"index","follow":"follow","max-snippet":"max-snippet:-1","max-image-preview":"max-image-preview:large","max-video-preview":"max-video-preview:-1"},"canonical":"https:\/\/waracomunicaciones.com\/?p=783","og_locale":"es_ES","og_type":"article","og_title":"Junta Distrital de Padres\u00a0 de Familia de Montero informa sobre avances en educaci\u00f3n y desayuno escolar","og_description":"Montero, \u00a0\u2013 La Junta Distrital de Padres y Madres de Familia de Montero ha compartido importantes novedades en torno a proyectos educativos y la situaci\u00f3n actual del desayuno escolar en las unidades educativas del municipio.","og_url":"https:\/\/waracomunicaciones.com\/?p=783","og_site_name":"Wara Comunicaciones","article_publisher":"https:\/\/www.facebook.com\/waracomunicaciones2017","article_published_time":"2025-10-02T14:01:31+00:00","article_modified_time":"2025-10-02T14:01:32+00:00","og_image":[{"width":891,"height":588,"url":"https:\/\/waracomunicaciones.com\/wp-content\/uploads\/2025\/10\/afsgdgh.webp","type":"image\/webp"}],"author":"admin","twitter_card":"summary_large_image","twitter_misc":{"Escrito por":"admin","Tiempo de lectura":"3 minutos"},"schema":{"@context":"https:\/\/schema.org","@graph":[{"@type":"Article","@id":"https:\/\/waracomunicaciones.com\/?p=783#article","isPartOf":{"@id":"https:\/\/waracomunicaciones.com\/?p=783"},"author":{"name":"admin","@id":"https:\/\/waracomunicaciones.com\/#\/schema\/person\/e9db934bc91575cc71fe584c5973244a"},"headline":"Junta Distrital de Padres\u00a0 de Familia de Montero informa sobre avances en educaci\u00f3n y desayuno escolar","datePublished":"2025-10-02T14:01:31+00:00","dateModified":"2025-10-02T14:01:32+00:00","mainEntityOfPage":{"@id":"https:\/\/waracomunicaciones.com\/?p=783"},"wordCount":596,"commentCount":0,"publisher":{"@id":"https:\/\/waracomunicaciones.com\/#organization"},"image":{"@id":"https:\/\/waracomunicaciones.com\/?p=783#primaryimage"},"thumbnailUrl":"https:\/\/waracomunicaciones.com\/wp-content\/uploads\/2025\/10\/afsgdgh.webp","keywords":["Alejandra Rivero Parra","Desayuno Escolar","Montero"],"articleSection":["Educaci\u00f3n"],"inLanguage":"es","potentialAction":[{"@type":"CommentAction","name":"Comment","target":["https:\/\/waracomunicaciones.com\/?p=783#respond"]}]},{"@type":"WebPage","@id":"https:\/\/waracomunicaciones.com\/?p=783","url":"https:\/\/waracomunicaciones.com\/?p=783","name":"Junta Distrital de Padres\u00a0 de Familia de Montero informa sobre avances en educaci\u00f3n y desayuno escolar - Wara Comunicaciones","isPartOf":{"@id":"https:\/\/waracomunicaciones.com\/#website"},"primaryImageOfPage":{"@id":"https:\/\/waracomunicaciones.com\/?p=783#primaryimage"},"image":{"@id":"https:\/\/waracomunicaciones.com\/?p=783#primaryimage"},"thumbnailUrl":"https:\/\/waracomunicaciones.com\/wp-content\/uploads\/2025\/10\/afsgdgh.webp","datePublished":"2025-10-02T14:01:31+00:00","dateModified":"2025-10-02T14:01:32+00:00","breadcrumb":{"@id":"https:\/\/waracomunicaciones.com\/?p=783#breadcrumb"},"inLanguage":"es","potentialAction":[{"@type":"ReadAction","target":["https:\/\/waracomunicaciones.com\/?p=783"]}]},{"@type":"ImageObject","inLanguage":"es","@id":"https:\/\/waracomunicaciones.com\/?p=783#primaryimage","url":"https:\/\/waracomunicaciones.com\/wp-content\/uploads\/2025\/10\/afsgdgh.webp","contentUrl":"https:\/\/waracomunicaciones.com\/wp-content\/uploads\/2025\/10\/afsgdgh.webp","width":891,"height":588},{"@type":"BreadcrumbList","@id":"https:\/\/waracomunicaciones.com\/?p=783#breadcrumb","itemListElement":[{"@type":"ListItem","position":1,"name":"Portada","item":"https:\/\/waracomunicaciones.com\/"},{"@type":"ListItem","position":2,"name":"Junta Distrital de Padres\u00a0 de Familia de Montero informa sobre avances en educaci\u00f3n y desayuno escolar"}]},{"@type":"WebSite","@id":"https:\/\/waracomunicaciones.com\/#website","url":"https:\/\/waracomunicaciones.com\/","name":"Wara Comunicaciones","description":"","publisher":{"@id":"https:\/\/waracomunicaciones.com\/#organization"},"potentialAction":[{"@type":"SearchAction","target":{"@type":"EntryPoint","urlTemplate":"https:\/\/waracomunicaciones.com\/?s={search_term_string}"},"query-input":{"@type":"PropertyValueSpecification","valueRequired":true,"valueName":"search_term_string"}}],"inLanguage":"es"},{"@type":"Organization","@id":"https:\/\/waracomunicaciones.com\/#organization","name":"Wara Comunicaciones","url":"https:\/\/waracomunicaciones.com\/","logo":{"@type":"ImageObject","inLanguage":"es","@id":"https:\/\/waracomunicaciones.com\/#\/schema\/logo\/image\/","url":"https:\/\/waracomunicaciones.com\/wp-content\/uploads\/2025\/07\/logo.png","contentUrl":"https:\/\/waracomunicaciones.com\/wp-content\/uploads\/2025\/07\/logo.png","width":400,"height":164,"caption":"Wara Comunicaciones"},"image":{"@id":"https:\/\/waracomunicaciones.com\/#\/schema\/logo\/image\/"},"sameAs":["https:\/\/www.facebook.com\/waracomunicaciones2017"]},{"@type":"Person","@id":"https:\/\/waracomunicaciones.com\/#\/schema\/person\/e9db934bc91575cc71fe584c5973244a","name":"admin","image":{"@type":"ImageObject","inLanguage":"es","@id":"https:\/\/waracomunicaciones.com\/#\/schema\/person\/image\/","url":"https:\/\/secure.gravatar.com\/avatar\/bf27e9186df568254093afa216f887fece17605302c6ff12f3980422fffa52e6?s=96&d=mm&r=g","contentUrl":"https:\/\/secure.gravatar.com\/avatar\/bf27e9186df568254093afa216f887fece17605302c6ff12f3980422fffa52e6?s=96&d=mm&r=g","caption":"admin"},"sameAs":["https:\/\/waracomunicaciones.com\/wp"],"url":"https:\/\/waracomunicaciones.com\/?author=1"}]}},"_links":{"self":[{"href":"https:\/\/waracomunicaciones.com\/index.php?rest_route=\/wp\/v2\/posts\/783","targetHints":{"allow":["GET"]}}],"collection":[{"href":"https:\/\/waracomunicaciones.com\/index.php?rest_route=\/wp\/v2\/posts"}],"about":[{"href":"https:\/\/waracomunicaciones.com\/index.php?rest_route=\/wp\/v2\/types\/post"}],"author":[{"embeddable":true,"href":"https:\/\/waracomunicaciones.com\/index.php?rest_route=\/wp\/v2\/users\/1"}],"replies":[{"embeddable":true,"href":"https:\/\/waracomunicaciones.com\/index.php?rest_route=%2Fwp%2Fv2%2Fcomments&post=783"}],"version-history":[{"count":1,"href":"https:\/\/waracomunicaciones.com\/index.php?rest_route=\/wp\/v2\/posts\/783\/revisions"}],"predecessor-version":[{"id":785,"href":"https:\/\/waracomunicaciones.com\/index.php?rest_route=\/wp\/v2\/posts\/783\/revisions\/785"}],"wp:attachment":[{"href":"https:\/\/waracomunicaciones.com\/index.php?rest_route=%2Fwp%2Fv2%2Fmedia&parent=783"}],"wp:term":[{"taxonomy":"category","embeddable":true,"href":"https:\/\/waracomunicaciones.com\/index.php?rest_route=%2Fwp%2Fv2%2Fcategories&post=783"},{"taxonomy":"post_tag","embeddable":true,"href":"https:\/\/waracomunicaciones.com\/index.php?rest_route=%2Fwp%2Fv2%2Ftags&post=783"}],"curies":[{"name":"wp","href":"https:\/\/api.w.org\/{rel}","templated":true}]}}