{"id":78,"date":"2025-07-17T12:04:52","date_gmt":"2025-07-17T16:04:52","guid":{"rendered":"https:\/\/waracomunicaciones.com\/wp\/?p=78"},"modified":"2025-07-24T01:15:18","modified_gmt":"2025-07-24T05:15:18","slug":"encuesta-revela-estrecha-disputa-entre-unidad-y-libre-andronico-cae-y-reyes-villa-asciende","status":"publish","type":"post","link":"https:\/\/waracomunicaciones.com\/?p=78","title":{"rendered":"Encuesta revela estrecha disputa entre Unidad y Libre; Andr\u00f3nico cae y Reyes Villa asciende."},"content":{"rendered":"\n<figure class=\"wp-block-image size-full\"><img loading=\"lazy\" decoding=\"async\" width=\"656\" height=\"404\" src=\"https:\/\/waracomunicaciones.com\/wp\/wp-content\/uploads\/2025\/07\/imagen_2025-07-17_100636009.webp\" alt=\"\" class=\"wp-image-79\" srcset=\"https:\/\/waracomunicaciones.com\/wp-content\/uploads\/2025\/07\/imagen_2025-07-17_100636009.webp 656w, https:\/\/waracomunicaciones.com\/wp-content\/uploads\/2025\/07\/imagen_2025-07-17_100636009-300x185.webp 300w\" sizes=\"auto, (max-width: 656px) 100vw, 656px\" \/><figcaption class=\"wp-element-caption\">Freddy Camacho candidato a primer diputado plurinominal por Cochabamba<\/figcaption><\/figure>\n\n\n<div class=\"itemIntroText\">\n<p><strong><b>Montero,<\/b><\/strong>\u00a0\u2014 El panorama pol\u00edtico rumbo a las elecciones se torna cada vez m\u00e1s competitivo, seg\u00fan los \u00faltimos datos de una encuesta nacional. Las fuerzas pol\u00edticas Unidad y Libre se encuentran separadas por menos de dos puntos porcentuales, en una contienda re\u00f1ida que evidencia un cambio en las preferencias del electorado. En contraste, el candidato Andr\u00f3nico Rodr\u00edguez experimenta una ca\u00edda en su respaldo, mientras que Manfred Reyes Villa gana terreno, especialmente en el eje troncal.<\/p>\n<\/div>\n<p><!--more--><\/p>\n<div class=\"itemFullText\">\n<p>Freddy Camacho, candidato a primer diputado plurinominal por Cochabamba, destac\u00f3 esta tendencia en una entrevista con\u00a0<strong><b>Wara Comunicaciones<\/b><\/strong>, donde tambi\u00e9n comparti\u00f3 su visi\u00f3n cr\u00edtica sobre las encuestas publicadas. Desde La Paz, donde particip\u00f3 de los homenajes por las fiestas julianas, Camacho afirm\u00f3 que \u00abla verdadera encuesta est\u00e1 en las calles\u00bb, en alusi\u00f3n a la multitudinaria acogida que habr\u00eda recibido Reyes Villa durante su caminata por la zona sur de la sede de gobierno.<\/p>\n<p>\u201cEl recibimiento fue espectacular. Nos muestra que el pueblo reconoce el liderazgo de nuestro capit\u00e1n, Manfred Reyes Villa. Aunque las encuestas lo colocan bajo en La Paz, la respuesta de la poblaci\u00f3n dice otra cosa\u201d, asegur\u00f3 Camacho. Tambi\u00e9n se\u00f1al\u00f3 que otros candidatos intentaron participar del desfile de TEAS, pero fueron rechazados, lo que a su juicio refleja la falta de conexi\u00f3n de algunos postulantes con la ciudadan\u00eda.<\/p>\n<p>Camacho cuestion\u00f3 la credibilidad de las encuestas, calific\u00e1ndolas como \u00abtruchas\u00bb y parte de un intento por manipular la percepci\u00f3n p\u00fablica. \u201cLos encuestadores no van a poder ocultar por mucho tiempo el crecimiento de Reyes Villa. Ya lo est\u00e1n haciendo subir de a poco, porque no les queda otra\u201d, afirm\u00f3.<\/p>\n<p>Finalmente, sostuvo que mientras otros candidatos ya habr\u00edan alcanzado su techo de apoyo, Reyes Villa contin\u00faa sumando respaldo popular, posicion\u00e1ndose como una alternativa viable en el escenario nacional.<\/p>\n<p><strong><b>Contexto electoral:<\/b><\/strong><br \/>Con las elecciones a la vuelta de la esquina, los movimientos en las encuestas generan expectativa y tensiones. El avance de Reyes Villa podr\u00eda cambiar el mapa pol\u00edtico si se consolida en las pr\u00f3ximas semanas, especialmente en regiones clave como Cochabamba y La Paz.<\/p>\n<p><img decoding=\"async\" src=\"http:\/\/www.waracomunicaciones.com\/images\/NOTICIAS\/nacional\/general_1.jpg\" alt=\"\" \/><\/p>\n<\/div><div style=\"margin-top: 0px; margin-bottom: 0px;\" class=\"sharethis-inline-reaction-buttons\" ><\/div>","protected":false},"excerpt":{"rendered":"<p>Montero,\u00a0\u2014 El panorama pol\u00edtico rumbo a las elecciones se torna cada vez m\u00e1s competitivo, seg\u00fan los \u00faltimos datos de una encuesta nacional. Las fuerzas pol\u00edticas Unidad y Libre se encuentran separadas por menos de dos puntos porcentuales, en una contienda re\u00f1ida que evidencia un cambio en las preferencias del electorado. En contraste, el candidato Andr\u00f3nico [&hellip;]<\/p>\n","protected":false},"author":1,"featured_media":79,"comment_status":"open","ping_status":"open","sticky":false,"template":"","format":"standard","meta":{"footnotes":""},"categories":[47],"tags":[23,11,24],"class_list":["post-78","post","type-post","status-publish","format-standard","has-post-thumbnail","hentry","category-politica-nacional","tag-cochabamba","tag-elecciones-nacionales-2025","tag-encuestas"],"yoast_head":"<!-- This site is optimized with the Yoast SEO Premium plugin v25.5 (Yoast SEO v27.1.1) - https:\/\/yoast.com\/product\/yoast-seo-premium-wordpress\/ -->\n<title>Encuesta revela estrecha disputa entre Unidad y Libre; Andr\u00f3nico cae y Reyes Villa asciende. - Wara Comunicaciones<\/title>\n<meta name=\"robots\" content=\"index, follow, max-snippet:-1, max-image-preview:large, max-video-preview:-1\" \/>\n<link rel=\"canonical\" href=\"https:\/\/waracomunicaciones.com\/?p=78\" \/>\n<meta property=\"og:locale\" content=\"es_ES\" \/>\n<meta property=\"og:type\" content=\"article\" \/>\n<meta property=\"og:title\" content=\"Encuesta revela estrecha disputa entre Unidad y Libre; Andr\u00f3nico cae y Reyes Villa asciende.\" \/>\n<meta property=\"og:description\" content=\"Montero,\u00a0\u2014 El panorama pol\u00edtico rumbo a las elecciones se torna cada vez m\u00e1s competitivo, seg\u00fan los \u00faltimos datos de una encuesta nacional. Las fuerzas pol\u00edticas Unidad y Libre se encuentran separadas por menos de dos puntos porcentuales, en una contienda re\u00f1ida que evidencia un cambio en las preferencias del electorado. En contraste, el candidato Andr\u00f3nico [&hellip;]\" \/>\n<meta property=\"og:url\" content=\"https:\/\/waracomunicaciones.com\/?p=78\" \/>\n<meta property=\"og:site_name\" content=\"Wara Comunicaciones\" \/>\n<meta property=\"article:publisher\" content=\"https:\/\/www.facebook.com\/waracomunicaciones2017\" \/>\n<meta property=\"article:published_time\" content=\"2025-07-17T16:04:52+00:00\" \/>\n<meta property=\"article:modified_time\" content=\"2025-07-24T05:15:18+00:00\" \/>\n<meta property=\"og:image\" content=\"https:\/\/waracomunicaciones.com\/wp-content\/uploads\/2025\/07\/imagen_2025-07-17_100636009.webp\" \/>\n\t<meta property=\"og:image:width\" content=\"656\" \/>\n\t<meta property=\"og:image:height\" content=\"404\" \/>\n\t<meta property=\"og:image:type\" content=\"image\/webp\" \/>\n<meta name=\"author\" content=\"admin\" \/>\n<meta name=\"twitter:card\" content=\"summary_large_image\" \/>\n<meta name=\"twitter:label1\" content=\"Escrito por\" \/>\n\t<meta name=\"twitter:data1\" content=\"admin\" \/>\n\t<meta name=\"twitter:label2\" content=\"Tiempo de lectura\" \/>\n\t<meta name=\"twitter:data2\" content=\"2 minutos\" \/>\n<script type=\"application\/ld+json\" class=\"yoast-schema-graph\">{\"@context\":\"https:\/\/schema.org\",\"@graph\":[{\"@type\":\"Article\",\"@id\":\"https:\/\/waracomunicaciones.com\/?p=78#article\",\"isPartOf\":{\"@id\":\"https:\/\/waracomunicaciones.com\/?p=78\"},\"author\":{\"name\":\"admin\",\"@id\":\"https:\/\/waracomunicaciones.com\/#\/schema\/person\/e9db934bc91575cc71fe584c5973244a\"},\"headline\":\"Encuesta revela estrecha disputa entre Unidad y Libre; Andr\u00f3nico cae y Reyes Villa asciende.\",\"datePublished\":\"2025-07-17T16:04:52+00:00\",\"dateModified\":\"2025-07-24T05:15:18+00:00\",\"mainEntityOfPage\":{\"@id\":\"https:\/\/waracomunicaciones.com\/?p=78\"},\"wordCount\":390,\"commentCount\":0,\"publisher\":{\"@id\":\"https:\/\/waracomunicaciones.com\/#organization\"},\"image\":{\"@id\":\"https:\/\/waracomunicaciones.com\/?p=78#primaryimage\"},\"thumbnailUrl\":\"https:\/\/waracomunicaciones.com\/wp-content\/uploads\/2025\/07\/imagen_2025-07-17_100636009.webp\",\"keywords\":[\"Cochabamba\",\"Elecciones Nacionales 2025\",\"Encuestas\"],\"articleSection\":[\"Pol\u00edtica\"],\"inLanguage\":\"es\",\"potentialAction\":[{\"@type\":\"CommentAction\",\"name\":\"Comment\",\"target\":[\"https:\/\/waracomunicaciones.com\/?p=78#respond\"]}]},{\"@type\":\"WebPage\",\"@id\":\"https:\/\/waracomunicaciones.com\/?p=78\",\"url\":\"https:\/\/waracomunicaciones.com\/?p=78\",\"name\":\"Encuesta revela estrecha disputa entre Unidad y Libre; Andr\u00f3nico cae y Reyes Villa asciende. - Wara Comunicaciones\",\"isPartOf\":{\"@id\":\"https:\/\/waracomunicaciones.com\/#website\"},\"primaryImageOfPage\":{\"@id\":\"https:\/\/waracomunicaciones.com\/?p=78#primaryimage\"},\"image\":{\"@id\":\"https:\/\/waracomunicaciones.com\/?p=78#primaryimage\"},\"thumbnailUrl\":\"https:\/\/waracomunicaciones.com\/wp-content\/uploads\/2025\/07\/imagen_2025-07-17_100636009.webp\",\"datePublished\":\"2025-07-17T16:04:52+00:00\",\"dateModified\":\"2025-07-24T05:15:18+00:00\",\"breadcrumb\":{\"@id\":\"https:\/\/waracomunicaciones.com\/?p=78#breadcrumb\"},\"inLanguage\":\"es\",\"potentialAction\":[{\"@type\":\"ReadAction\",\"target\":[\"https:\/\/waracomunicaciones.com\/?p=78\"]}]},{\"@type\":\"ImageObject\",\"inLanguage\":\"es\",\"@id\":\"https:\/\/waracomunicaciones.com\/?p=78#primaryimage\",\"url\":\"https:\/\/waracomunicaciones.com\/wp-content\/uploads\/2025\/07\/imagen_2025-07-17_100636009.webp\",\"contentUrl\":\"https:\/\/waracomunicaciones.com\/wp-content\/uploads\/2025\/07\/imagen_2025-07-17_100636009.webp\",\"width\":656,\"height\":404},{\"@type\":\"BreadcrumbList\",\"@id\":\"https:\/\/waracomunicaciones.com\/?p=78#breadcrumb\",\"itemListElement\":[{\"@type\":\"ListItem\",\"position\":1,\"name\":\"Portada\",\"item\":\"https:\/\/waracomunicaciones.com\/\"},{\"@type\":\"ListItem\",\"position\":2,\"name\":\"Encuesta revela estrecha disputa entre Unidad y Libre; Andr\u00f3nico cae y Reyes Villa asciende.\"}]},{\"@type\":\"WebSite\",\"@id\":\"https:\/\/waracomunicaciones.com\/#website\",\"url\":\"https:\/\/waracomunicaciones.com\/\",\"name\":\"Wara Comunicaciones\",\"description\":\"\",\"publisher\":{\"@id\":\"https:\/\/waracomunicaciones.com\/#organization\"},\"potentialAction\":[{\"@type\":\"SearchAction\",\"target\":{\"@type\":\"EntryPoint\",\"urlTemplate\":\"https:\/\/waracomunicaciones.com\/?s={search_term_string}\"},\"query-input\":{\"@type\":\"PropertyValueSpecification\",\"valueRequired\":true,\"valueName\":\"search_term_string\"}}],\"inLanguage\":\"es\"},{\"@type\":\"Organization\",\"@id\":\"https:\/\/waracomunicaciones.com\/#organization\",\"name\":\"Wara Comunicaciones\",\"url\":\"https:\/\/waracomunicaciones.com\/\",\"logo\":{\"@type\":\"ImageObject\",\"inLanguage\":\"es\",\"@id\":\"https:\/\/waracomunicaciones.com\/#\/schema\/logo\/image\/\",\"url\":\"https:\/\/waracomunicaciones.com\/wp-content\/uploads\/2025\/07\/logo.png\",\"contentUrl\":\"https:\/\/waracomunicaciones.com\/wp-content\/uploads\/2025\/07\/logo.png\",\"width\":400,\"height\":164,\"caption\":\"Wara Comunicaciones\"},\"image\":{\"@id\":\"https:\/\/waracomunicaciones.com\/#\/schema\/logo\/image\/\"},\"sameAs\":[\"https:\/\/www.facebook.com\/waracomunicaciones2017\"]},{\"@type\":\"Person\",\"@id\":\"https:\/\/waracomunicaciones.com\/#\/schema\/person\/e9db934bc91575cc71fe584c5973244a\",\"name\":\"admin\",\"image\":{\"@type\":\"ImageObject\",\"inLanguage\":\"es\",\"@id\":\"https:\/\/waracomunicaciones.com\/#\/schema\/person\/image\/\",\"url\":\"https:\/\/secure.gravatar.com\/avatar\/bf27e9186df568254093afa216f887fece17605302c6ff12f3980422fffa52e6?s=96&d=mm&r=g\",\"contentUrl\":\"https:\/\/secure.gravatar.com\/avatar\/bf27e9186df568254093afa216f887fece17605302c6ff12f3980422fffa52e6?s=96&d=mm&r=g\",\"caption\":\"admin\"},\"sameAs\":[\"https:\/\/waracomunicaciones.com\/wp\"],\"url\":\"https:\/\/waracomunicaciones.com\/?author=1\"}]}<\/script>\n<!-- \/ Yoast SEO Premium plugin. -->","yoast_head_json":{"title":"Encuesta revela estrecha disputa entre Unidad y Libre; Andr\u00f3nico cae y Reyes Villa asciende. - Wara Comunicaciones","robots":{"index":"index","follow":"follow","max-snippet":"max-snippet:-1","max-image-preview":"max-image-preview:large","max-video-preview":"max-video-preview:-1"},"canonical":"https:\/\/waracomunicaciones.com\/?p=78","og_locale":"es_ES","og_type":"article","og_title":"Encuesta revela estrecha disputa entre Unidad y Libre; Andr\u00f3nico cae y Reyes Villa asciende.","og_description":"Montero,\u00a0\u2014 El panorama pol\u00edtico rumbo a las elecciones se torna cada vez m\u00e1s competitivo, seg\u00fan los \u00faltimos datos de una encuesta nacional. Las fuerzas pol\u00edticas Unidad y Libre se encuentran separadas por menos de dos puntos porcentuales, en una contienda re\u00f1ida que evidencia un cambio en las preferencias del electorado. En contraste, el candidato Andr\u00f3nico [&hellip;]","og_url":"https:\/\/waracomunicaciones.com\/?p=78","og_site_name":"Wara Comunicaciones","article_publisher":"https:\/\/www.facebook.com\/waracomunicaciones2017","article_published_time":"2025-07-17T16:04:52+00:00","article_modified_time":"2025-07-24T05:15:18+00:00","og_image":[{"width":656,"height":404,"url":"https:\/\/waracomunicaciones.com\/wp-content\/uploads\/2025\/07\/imagen_2025-07-17_100636009.webp","type":"image\/webp"}],"author":"admin","twitter_card":"summary_large_image","twitter_misc":{"Escrito por":"admin","Tiempo de lectura":"2 minutos"},"schema":{"@context":"https:\/\/schema.org","@graph":[{"@type":"Article","@id":"https:\/\/waracomunicaciones.com\/?p=78#article","isPartOf":{"@id":"https:\/\/waracomunicaciones.com\/?p=78"},"author":{"name":"admin","@id":"https:\/\/waracomunicaciones.com\/#\/schema\/person\/e9db934bc91575cc71fe584c5973244a"},"headline":"Encuesta revela estrecha disputa entre Unidad y Libre; Andr\u00f3nico cae y Reyes Villa asciende.","datePublished":"2025-07-17T16:04:52+00:00","dateModified":"2025-07-24T05:15:18+00:00","mainEntityOfPage":{"@id":"https:\/\/waracomunicaciones.com\/?p=78"},"wordCount":390,"commentCount":0,"publisher":{"@id":"https:\/\/waracomunicaciones.com\/#organization"},"image":{"@id":"https:\/\/waracomunicaciones.com\/?p=78#primaryimage"},"thumbnailUrl":"https:\/\/waracomunicaciones.com\/wp-content\/uploads\/2025\/07\/imagen_2025-07-17_100636009.webp","keywords":["Cochabamba","Elecciones Nacionales 2025","Encuestas"],"articleSection":["Pol\u00edtica"],"inLanguage":"es","potentialAction":[{"@type":"CommentAction","name":"Comment","target":["https:\/\/waracomunicaciones.com\/?p=78#respond"]}]},{"@type":"WebPage","@id":"https:\/\/waracomunicaciones.com\/?p=78","url":"https:\/\/waracomunicaciones.com\/?p=78","name":"Encuesta revela estrecha disputa entre Unidad y Libre; Andr\u00f3nico cae y Reyes Villa asciende. - Wara Comunicaciones","isPartOf":{"@id":"https:\/\/waracomunicaciones.com\/#website"},"primaryImageOfPage":{"@id":"https:\/\/waracomunicaciones.com\/?p=78#primaryimage"},"image":{"@id":"https:\/\/waracomunicaciones.com\/?p=78#primaryimage"},"thumbnailUrl":"https:\/\/waracomunicaciones.com\/wp-content\/uploads\/2025\/07\/imagen_2025-07-17_100636009.webp","datePublished":"2025-07-17T16:04:52+00:00","dateModified":"2025-07-24T05:15:18+00:00","breadcrumb":{"@id":"https:\/\/waracomunicaciones.com\/?p=78#breadcrumb"},"inLanguage":"es","potentialAction":[{"@type":"ReadAction","target":["https:\/\/waracomunicaciones.com\/?p=78"]}]},{"@type":"ImageObject","inLanguage":"es","@id":"https:\/\/waracomunicaciones.com\/?p=78#primaryimage","url":"https:\/\/waracomunicaciones.com\/wp-content\/uploads\/2025\/07\/imagen_2025-07-17_100636009.webp","contentUrl":"https:\/\/waracomunicaciones.com\/wp-content\/uploads\/2025\/07\/imagen_2025-07-17_100636009.webp","width":656,"height":404},{"@type":"BreadcrumbList","@id":"https:\/\/waracomunicaciones.com\/?p=78#breadcrumb","itemListElement":[{"@type":"ListItem","position":1,"name":"Portada","item":"https:\/\/waracomunicaciones.com\/"},{"@type":"ListItem","position":2,"name":"Encuesta revela estrecha disputa entre Unidad y Libre; Andr\u00f3nico cae y Reyes Villa asciende."}]},{"@type":"WebSite","@id":"https:\/\/waracomunicaciones.com\/#website","url":"https:\/\/waracomunicaciones.com\/","name":"Wara Comunicaciones","description":"","publisher":{"@id":"https:\/\/waracomunicaciones.com\/#organization"},"potentialAction":[{"@type":"SearchAction","target":{"@type":"EntryPoint","urlTemplate":"https:\/\/waracomunicaciones.com\/?s={search_term_string}"},"query-input":{"@type":"PropertyValueSpecification","valueRequired":true,"valueName":"search_term_string"}}],"inLanguage":"es"},{"@type":"Organization","@id":"https:\/\/waracomunicaciones.com\/#organization","name":"Wara Comunicaciones","url":"https:\/\/waracomunicaciones.com\/","logo":{"@type":"ImageObject","inLanguage":"es","@id":"https:\/\/waracomunicaciones.com\/#\/schema\/logo\/image\/","url":"https:\/\/waracomunicaciones.com\/wp-content\/uploads\/2025\/07\/logo.png","contentUrl":"https:\/\/waracomunicaciones.com\/wp-content\/uploads\/2025\/07\/logo.png","width":400,"height":164,"caption":"Wara Comunicaciones"},"image":{"@id":"https:\/\/waracomunicaciones.com\/#\/schema\/logo\/image\/"},"sameAs":["https:\/\/www.facebook.com\/waracomunicaciones2017"]},{"@type":"Person","@id":"https:\/\/waracomunicaciones.com\/#\/schema\/person\/e9db934bc91575cc71fe584c5973244a","name":"admin","image":{"@type":"ImageObject","inLanguage":"es","@id":"https:\/\/waracomunicaciones.com\/#\/schema\/person\/image\/","url":"https:\/\/secure.gravatar.com\/avatar\/bf27e9186df568254093afa216f887fece17605302c6ff12f3980422fffa52e6?s=96&d=mm&r=g","contentUrl":"https:\/\/secure.gravatar.com\/avatar\/bf27e9186df568254093afa216f887fece17605302c6ff12f3980422fffa52e6?s=96&d=mm&r=g","caption":"admin"},"sameAs":["https:\/\/waracomunicaciones.com\/wp"],"url":"https:\/\/waracomunicaciones.com\/?author=1"}]}},"_links":{"self":[{"href":"https:\/\/waracomunicaciones.com\/index.php?rest_route=\/wp\/v2\/posts\/78","targetHints":{"allow":["GET"]}}],"collection":[{"href":"https:\/\/waracomunicaciones.com\/index.php?rest_route=\/wp\/v2\/posts"}],"about":[{"href":"https:\/\/waracomunicaciones.com\/index.php?rest_route=\/wp\/v2\/types\/post"}],"author":[{"embeddable":true,"href":"https:\/\/waracomunicaciones.com\/index.php?rest_route=\/wp\/v2\/users\/1"}],"replies":[{"embeddable":true,"href":"https:\/\/waracomunicaciones.com\/index.php?rest_route=%2Fwp%2Fv2%2Fcomments&post=78"}],"version-history":[{"count":1,"href":"https:\/\/waracomunicaciones.com\/index.php?rest_route=\/wp\/v2\/posts\/78\/revisions"}],"predecessor-version":[{"id":80,"href":"https:\/\/waracomunicaciones.com\/index.php?rest_route=\/wp\/v2\/posts\/78\/revisions\/80"}],"wp:featuredmedia":[{"embeddable":true,"href":"https:\/\/waracomunicaciones.com\/index.php?rest_route=\/wp\/v2\/media\/79"}],"wp:attachment":[{"href":"https:\/\/waracomunicaciones.com\/index.php?rest_route=%2Fwp%2Fv2%2Fmedia&parent=78"}],"wp:term":[{"taxonomy":"category","embeddable":true,"href":"https:\/\/waracomunicaciones.com\/index.php?rest_route=%2Fwp%2Fv2%2Fcategories&post=78"},{"taxonomy":"post_tag","embeddable":true,"href":"https:\/\/waracomunicaciones.com\/index.php?rest_route=%2Fwp%2Fv2%2Ftags&post=78"}],"curies":[{"name":"wp","href":"https:\/\/api.w.org\/{rel}","templated":true}]}}