{"id":778,"date":"2025-10-01T22:35:45","date_gmt":"2025-10-02T02:35:45","guid":{"rendered":"https:\/\/waracomunicaciones.com\/?p=778"},"modified":"2025-10-01T22:35:46","modified_gmt":"2025-10-02T02:35:46","slug":"montero-se-moviliza-rumbo-al-11-de-octubre-para-recibir-a-tuto-quiroga-en-concentracion-clave-de-la-alianza-libre","status":"publish","type":"post","link":"https:\/\/waracomunicaciones.com\/?p=778","title":{"rendered":"Montero se moviliza rumbo al 11 de octubre para recibir a Tuto Quiroga en concentraci\u00f3n clave de la Alianza Libre"},"content":{"rendered":"\n<figure class=\"wp-block-image size-full\"><img loading=\"lazy\" decoding=\"async\" width=\"1000\" height=\"714\" src=\"https:\/\/waracomunicaciones.com\/wp-content\/uploads\/2025\/10\/ffdgsg.webp\" alt=\"\" class=\"wp-image-780\" srcset=\"https:\/\/waracomunicaciones.com\/wp-content\/uploads\/2025\/10\/ffdgsg.webp 1000w, https:\/\/waracomunicaciones.com\/wp-content\/uploads\/2025\/10\/ffdgsg-300x214.webp 300w, https:\/\/waracomunicaciones.com\/wp-content\/uploads\/2025\/10\/ffdgsg-768x548.webp 768w\" sizes=\"auto, (max-width: 1000px) 100vw, 1000px\" \/><figcaption class=\"wp-element-caption\"><em>Foto  Archivo Facebook<\/em><\/figcaption><\/figure>\n\n\n<p><strong>Montero, <\/strong>\u2013 A \u00a0d\u00edas de la segunda vuelta electoral del 19 de octubre, el municipio de Montero y localidades cercanas como Saavedra, Minero, Warnes y Buena Vista se preparan para recibir al candidato presidencial Jorge \u201cTuto\u201d Quiroga y su compa\u00f1ero de f\u00f3rmula Juan Pablo Velasco, en una jornada de concentraciones programada para el <strong>s\u00e1bado 11 de octubre<\/strong>.<!--more--><\/p>\n<p>Desde tempranas horas de la ma\u00f1ana, el binomio de la <strong>Alianza Libre<\/strong> iniciar\u00e1 su recorrido en Warnes, seguir\u00e1 por Buena Vista en la tarde y cerrar\u00e1 la jornada con un <strong>acto central en Montero a partir de las 19:00 horas<\/strong>, seg\u00fan confirm\u00f3 <strong>Maicol Moreno<\/strong>, responsable de campa\u00f1a de la circunscripci\u00f3n 57 (C-57).<\/p>\n<p>\u201cQueremos recibir a Tuto Quiroga como se merece. Ya estamos en plena coordinaci\u00f3n con todos los distritos para asegurar que esta concentraci\u00f3n sea un \u00e9xito\u201d, declar\u00f3 Moreno en entrevista con Wara Comunicaciones. Agreg\u00f3 adem\u00e1s que esta etapa final de la campa\u00f1a est\u00e1 marcada por una fuerte movilizaci\u00f3n y trabajo territorial: \u201cEstamos seguros de que el pueblo sabr\u00e1 votar con conciencia. Esta elecci\u00f3n no es entre candidatos, es entre modelos de pa\u00eds\u201d.<\/p>\n<p><strong>Organizaci\u00f3n local y trabajo en los distritos<\/strong><\/p>\n<p>Por su parte, <strong>El\u00edas Peredo<\/strong>, dirigente local y vocero de Alianza Libre en Montero, tambi\u00e9n confirm\u00f3 que las reuniones de planificaci\u00f3n avanzan con la participaci\u00f3n de <strong>dirigentes barriales, diputados electos y representantes de provincias como Saavedra y Minero<\/strong>.<\/p>\n<p>\u201cEstamos trabajando con orden, con planificaci\u00f3n, y eso nos distingue. Queremos que la visita de Tuto sea hist\u00f3rica. Hay mucha esperanza en la gente\u201d, afirm\u00f3 Peredo, quien tambi\u00e9n inform\u00f3 que parte del equipo est\u00e1 abocado al <strong>control electoral<\/strong>, considerado clave para garantizar la transparencia del proceso.<\/p>\n<p>La campa\u00f1a de la Alianza Libre ha estado marcada por actividades comunitarias en distintos barrios de Montero. En fechas recientes, se realizaron encuentros vecinales en zonas como el barrio 24 de Septiembre, donde se socializ\u00f3 el plan de gobierno y se reforz\u00f3 el trabajo con las bases.<\/p>\n<p>\u201cNo hacemos guerra sucia. Hablamos con propuestas, con un enfoque en el cambio real: sobre el d\u00f3lar, \u00a0el empleo, \u00a0la econom\u00eda diaria del ciudadano. Nuestro mensaje es claro: un cambio para todos\u201d, subray\u00f3 Peredo.<\/p>\n<p><strong>Catal\u00e1n: \u201cEs otra elecci\u00f3n. Hoy definimos presidente\u201d<\/strong><\/p>\n<p>En la misma l\u00ednea, el diputado electo por la circunscripci\u00f3n 52, <strong>Herlan Catal\u00e1n<\/strong>, llam\u00f3 a la ciudadan\u00eda a mantener la moral alta y votar con conciencia este 19 de octubre. Desde los estudios de Wara Comunicaciones, sostuvo que esta segunda vuelta es completamente distinta a la primera.<\/p>\n<p>\u201cAhora se define qui\u00e9n gobernar\u00e1 Bolivia. Hemos activado el Comit\u00e9 de Juventudes, que es la fuerza y esperanza de esta etapa. Con Tuto Quiroga tenemos un l\u00edder serio, con experiencia nacional e internacional para enfrentar esta crisis econ\u00f3mica\u201d, expres\u00f3.<\/p>\n<p>Catal\u00e1n tambi\u00e9n cuestion\u00f3 el avance del candidato Rodrigo Paz, indicando que su pase a segunda vuelta se habr\u00eda dado gracias al respaldo del MAS: \u201cNo nos enga\u00f1emos. Rodrigo lleg\u00f3 a esta etapa con ayuda del masismo. Si queremos un cambio verdadero, no puede ser con los mismos de siempre\u201d, declar\u00f3.<\/p>\n<p>Finalmente, insisti\u00f3 en la urgencia de un proyecto que devuelva estabilidad econ\u00f3mica al pa\u00eds: \u201cTenemos que reactivar el agro, garantizar di\u00e9sel, resolver el tema del d\u00f3lar, y acabar con la gastadera y robadera que nos dej\u00f3 endeudados\u201d, concluy\u00f3.<\/p>\n<p>\u00a0<\/p><div style=\"margin-top: 0px; margin-bottom: 0px;\" class=\"sharethis-inline-reaction-buttons\" ><\/div>","protected":false},"excerpt":{"rendered":"<p>Montero, \u2013 A \u00a0d\u00edas de la segunda vuelta electoral del 19 de octubre, el municipio de Montero y localidades cercanas como Saavedra, Minero, Warnes y Buena Vista se preparan para recibir al candidato presidencial Jorge \u201cTuto\u201d Quiroga y su compa\u00f1ero de f\u00f3rmula Juan Pablo Velasco, en una jornada de concentraciones programada para el s\u00e1bado 11 [&hellip;]<\/p>\n","protected":false},"author":1,"featured_media":0,"comment_status":"open","ping_status":"open","sticky":false,"template":"","format":"standard","meta":{"footnotes":""},"categories":[42],"tags":[166,11,33],"class_list":["post-778","post","type-post","status-publish","format-standard","hentry","category-politica","tag-balotaje","tag-elecciones-nacionales-2025","tag-jorge-tuto-quiroga"],"yoast_head":"<!-- This site is optimized with the Yoast SEO Premium plugin v25.5 (Yoast SEO v27.1.1) - https:\/\/yoast.com\/product\/yoast-seo-premium-wordpress\/ -->\n<title>Montero se moviliza rumbo al 11 de octubre para recibir a Tuto Quiroga en concentraci\u00f3n clave de la Alianza Libre - Wara Comunicaciones<\/title>\n<meta name=\"robots\" content=\"index, follow, max-snippet:-1, max-image-preview:large, max-video-preview:-1\" \/>\n<link rel=\"canonical\" href=\"https:\/\/waracomunicaciones.com\/?p=778\" \/>\n<meta property=\"og:locale\" content=\"es_ES\" \/>\n<meta property=\"og:type\" content=\"article\" \/>\n<meta property=\"og:title\" content=\"Montero se moviliza rumbo al 11 de octubre para recibir a Tuto Quiroga en concentraci\u00f3n clave de la Alianza Libre\" \/>\n<meta property=\"og:description\" content=\"Montero, \u2013 A \u00a0d\u00edas de la segunda vuelta electoral del 19 de octubre, el municipio de Montero y localidades cercanas como Saavedra, Minero, Warnes y Buena Vista se preparan para recibir al candidato presidencial Jorge \u201cTuto\u201d Quiroga y su compa\u00f1ero de f\u00f3rmula Juan Pablo Velasco, en una jornada de concentraciones programada para el s\u00e1bado 11 [&hellip;]\" \/>\n<meta property=\"og:url\" content=\"https:\/\/waracomunicaciones.com\/?p=778\" \/>\n<meta property=\"og:site_name\" content=\"Wara Comunicaciones\" \/>\n<meta property=\"article:publisher\" content=\"https:\/\/www.facebook.com\/waracomunicaciones2017\" \/>\n<meta property=\"article:published_time\" content=\"2025-10-02T02:35:45+00:00\" \/>\n<meta property=\"article:modified_time\" content=\"2025-10-02T02:35:46+00:00\" \/>\n<meta property=\"og:image\" content=\"https:\/\/waracomunicaciones.com\/wp-content\/uploads\/2025\/10\/ffdgsg.webp\" \/>\n<meta name=\"author\" content=\"admin\" \/>\n<meta name=\"twitter:card\" content=\"summary_large_image\" \/>\n<meta name=\"twitter:label1\" content=\"Escrito por\" \/>\n\t<meta name=\"twitter:data1\" content=\"admin\" \/>\n\t<meta name=\"twitter:label2\" content=\"Tiempo de lectura\" \/>\n\t<meta name=\"twitter:data2\" content=\"3 minutos\" \/>\n<script type=\"application\/ld+json\" class=\"yoast-schema-graph\">{\"@context\":\"https:\/\/schema.org\",\"@graph\":[{\"@type\":\"Article\",\"@id\":\"https:\/\/waracomunicaciones.com\/?p=778#article\",\"isPartOf\":{\"@id\":\"https:\/\/waracomunicaciones.com\/?p=778\"},\"author\":{\"name\":\"admin\",\"@id\":\"https:\/\/waracomunicaciones.com\/#\/schema\/person\/e9db934bc91575cc71fe584c5973244a\"},\"headline\":\"Montero se moviliza rumbo al 11 de octubre para recibir a Tuto Quiroga en concentraci\u00f3n clave de la Alianza Libre\",\"datePublished\":\"2025-10-02T02:35:45+00:00\",\"dateModified\":\"2025-10-02T02:35:46+00:00\",\"mainEntityOfPage\":{\"@id\":\"https:\/\/waracomunicaciones.com\/?p=778\"},\"wordCount\":591,\"commentCount\":0,\"publisher\":{\"@id\":\"https:\/\/waracomunicaciones.com\/#organization\"},\"image\":{\"@id\":\"https:\/\/waracomunicaciones.com\/?p=778#primaryimage\"},\"thumbnailUrl\":\"https:\/\/waracomunicaciones.com\/wp-content\/uploads\/2025\/10\/ffdgsg.webp\",\"keywords\":[\"Balotaje\",\"Elecciones Nacionales 2025\",\"Jorge Tuto Quiroga\"],\"articleSection\":[\"Pol\u00edtica\"],\"inLanguage\":\"es\",\"potentialAction\":[{\"@type\":\"CommentAction\",\"name\":\"Comment\",\"target\":[\"https:\/\/waracomunicaciones.com\/?p=778#respond\"]}]},{\"@type\":\"WebPage\",\"@id\":\"https:\/\/waracomunicaciones.com\/?p=778\",\"url\":\"https:\/\/waracomunicaciones.com\/?p=778\",\"name\":\"Montero se moviliza rumbo al 11 de octubre para recibir a Tuto Quiroga en concentraci\u00f3n clave de la Alianza Libre - Wara Comunicaciones\",\"isPartOf\":{\"@id\":\"https:\/\/waracomunicaciones.com\/#website\"},\"primaryImageOfPage\":{\"@id\":\"https:\/\/waracomunicaciones.com\/?p=778#primaryimage\"},\"image\":{\"@id\":\"https:\/\/waracomunicaciones.com\/?p=778#primaryimage\"},\"thumbnailUrl\":\"https:\/\/waracomunicaciones.com\/wp-content\/uploads\/2025\/10\/ffdgsg.webp\",\"datePublished\":\"2025-10-02T02:35:45+00:00\",\"dateModified\":\"2025-10-02T02:35:46+00:00\",\"breadcrumb\":{\"@id\":\"https:\/\/waracomunicaciones.com\/?p=778#breadcrumb\"},\"inLanguage\":\"es\",\"potentialAction\":[{\"@type\":\"ReadAction\",\"target\":[\"https:\/\/waracomunicaciones.com\/?p=778\"]}]},{\"@type\":\"ImageObject\",\"inLanguage\":\"es\",\"@id\":\"https:\/\/waracomunicaciones.com\/?p=778#primaryimage\",\"url\":\"https:\/\/waracomunicaciones.com\/wp-content\/uploads\/2025\/10\/ffdgsg.webp\",\"contentUrl\":\"https:\/\/waracomunicaciones.com\/wp-content\/uploads\/2025\/10\/ffdgsg.webp\",\"width\":1000,\"height\":714},{\"@type\":\"BreadcrumbList\",\"@id\":\"https:\/\/waracomunicaciones.com\/?p=778#breadcrumb\",\"itemListElement\":[{\"@type\":\"ListItem\",\"position\":1,\"name\":\"Portada\",\"item\":\"https:\/\/waracomunicaciones.com\/\"},{\"@type\":\"ListItem\",\"position\":2,\"name\":\"Montero se moviliza rumbo al 11 de octubre para recibir a Tuto Quiroga en concentraci\u00f3n clave de la Alianza Libre\"}]},{\"@type\":\"WebSite\",\"@id\":\"https:\/\/waracomunicaciones.com\/#website\",\"url\":\"https:\/\/waracomunicaciones.com\/\",\"name\":\"Wara Comunicaciones\",\"description\":\"\",\"publisher\":{\"@id\":\"https:\/\/waracomunicaciones.com\/#organization\"},\"potentialAction\":[{\"@type\":\"SearchAction\",\"target\":{\"@type\":\"EntryPoint\",\"urlTemplate\":\"https:\/\/waracomunicaciones.com\/?s={search_term_string}\"},\"query-input\":{\"@type\":\"PropertyValueSpecification\",\"valueRequired\":true,\"valueName\":\"search_term_string\"}}],\"inLanguage\":\"es\"},{\"@type\":\"Organization\",\"@id\":\"https:\/\/waracomunicaciones.com\/#organization\",\"name\":\"Wara Comunicaciones\",\"url\":\"https:\/\/waracomunicaciones.com\/\",\"logo\":{\"@type\":\"ImageObject\",\"inLanguage\":\"es\",\"@id\":\"https:\/\/waracomunicaciones.com\/#\/schema\/logo\/image\/\",\"url\":\"https:\/\/waracomunicaciones.com\/wp-content\/uploads\/2025\/07\/logo.png\",\"contentUrl\":\"https:\/\/waracomunicaciones.com\/wp-content\/uploads\/2025\/07\/logo.png\",\"width\":400,\"height\":164,\"caption\":\"Wara Comunicaciones\"},\"image\":{\"@id\":\"https:\/\/waracomunicaciones.com\/#\/schema\/logo\/image\/\"},\"sameAs\":[\"https:\/\/www.facebook.com\/waracomunicaciones2017\"]},{\"@type\":\"Person\",\"@id\":\"https:\/\/waracomunicaciones.com\/#\/schema\/person\/e9db934bc91575cc71fe584c5973244a\",\"name\":\"admin\",\"image\":{\"@type\":\"ImageObject\",\"inLanguage\":\"es\",\"@id\":\"https:\/\/waracomunicaciones.com\/#\/schema\/person\/image\/\",\"url\":\"https:\/\/secure.gravatar.com\/avatar\/bf27e9186df568254093afa216f887fece17605302c6ff12f3980422fffa52e6?s=96&d=mm&r=g\",\"contentUrl\":\"https:\/\/secure.gravatar.com\/avatar\/bf27e9186df568254093afa216f887fece17605302c6ff12f3980422fffa52e6?s=96&d=mm&r=g\",\"caption\":\"admin\"},\"sameAs\":[\"https:\/\/waracomunicaciones.com\/wp\"],\"url\":\"https:\/\/waracomunicaciones.com\/?author=1\"}]}<\/script>\n<!-- \/ Yoast SEO Premium plugin. -->","yoast_head_json":{"title":"Montero se moviliza rumbo al 11 de octubre para recibir a Tuto Quiroga en concentraci\u00f3n clave de la Alianza Libre - Wara Comunicaciones","robots":{"index":"index","follow":"follow","max-snippet":"max-snippet:-1","max-image-preview":"max-image-preview:large","max-video-preview":"max-video-preview:-1"},"canonical":"https:\/\/waracomunicaciones.com\/?p=778","og_locale":"es_ES","og_type":"article","og_title":"Montero se moviliza rumbo al 11 de octubre para recibir a Tuto Quiroga en concentraci\u00f3n clave de la Alianza Libre","og_description":"Montero, \u2013 A \u00a0d\u00edas de la segunda vuelta electoral del 19 de octubre, el municipio de Montero y localidades cercanas como Saavedra, Minero, Warnes y Buena Vista se preparan para recibir al candidato presidencial Jorge \u201cTuto\u201d Quiroga y su compa\u00f1ero de f\u00f3rmula Juan Pablo Velasco, en una jornada de concentraciones programada para el s\u00e1bado 11 [&hellip;]","og_url":"https:\/\/waracomunicaciones.com\/?p=778","og_site_name":"Wara Comunicaciones","article_publisher":"https:\/\/www.facebook.com\/waracomunicaciones2017","article_published_time":"2025-10-02T02:35:45+00:00","article_modified_time":"2025-10-02T02:35:46+00:00","og_image":[{"url":"https:\/\/waracomunicaciones.com\/wp-content\/uploads\/2025\/10\/ffdgsg.webp","type":"","width":"","height":""}],"author":"admin","twitter_card":"summary_large_image","twitter_misc":{"Escrito por":"admin","Tiempo de lectura":"3 minutos"},"schema":{"@context":"https:\/\/schema.org","@graph":[{"@type":"Article","@id":"https:\/\/waracomunicaciones.com\/?p=778#article","isPartOf":{"@id":"https:\/\/waracomunicaciones.com\/?p=778"},"author":{"name":"admin","@id":"https:\/\/waracomunicaciones.com\/#\/schema\/person\/e9db934bc91575cc71fe584c5973244a"},"headline":"Montero se moviliza rumbo al 11 de octubre para recibir a Tuto Quiroga en concentraci\u00f3n clave de la Alianza Libre","datePublished":"2025-10-02T02:35:45+00:00","dateModified":"2025-10-02T02:35:46+00:00","mainEntityOfPage":{"@id":"https:\/\/waracomunicaciones.com\/?p=778"},"wordCount":591,"commentCount":0,"publisher":{"@id":"https:\/\/waracomunicaciones.com\/#organization"},"image":{"@id":"https:\/\/waracomunicaciones.com\/?p=778#primaryimage"},"thumbnailUrl":"https:\/\/waracomunicaciones.com\/wp-content\/uploads\/2025\/10\/ffdgsg.webp","keywords":["Balotaje","Elecciones Nacionales 2025","Jorge Tuto Quiroga"],"articleSection":["Pol\u00edtica"],"inLanguage":"es","potentialAction":[{"@type":"CommentAction","name":"Comment","target":["https:\/\/waracomunicaciones.com\/?p=778#respond"]}]},{"@type":"WebPage","@id":"https:\/\/waracomunicaciones.com\/?p=778","url":"https:\/\/waracomunicaciones.com\/?p=778","name":"Montero se moviliza rumbo al 11 de octubre para recibir a Tuto Quiroga en concentraci\u00f3n clave de la Alianza Libre - Wara Comunicaciones","isPartOf":{"@id":"https:\/\/waracomunicaciones.com\/#website"},"primaryImageOfPage":{"@id":"https:\/\/waracomunicaciones.com\/?p=778#primaryimage"},"image":{"@id":"https:\/\/waracomunicaciones.com\/?p=778#primaryimage"},"thumbnailUrl":"https:\/\/waracomunicaciones.com\/wp-content\/uploads\/2025\/10\/ffdgsg.webp","datePublished":"2025-10-02T02:35:45+00:00","dateModified":"2025-10-02T02:35:46+00:00","breadcrumb":{"@id":"https:\/\/waracomunicaciones.com\/?p=778#breadcrumb"},"inLanguage":"es","potentialAction":[{"@type":"ReadAction","target":["https:\/\/waracomunicaciones.com\/?p=778"]}]},{"@type":"ImageObject","inLanguage":"es","@id":"https:\/\/waracomunicaciones.com\/?p=778#primaryimage","url":"https:\/\/waracomunicaciones.com\/wp-content\/uploads\/2025\/10\/ffdgsg.webp","contentUrl":"https:\/\/waracomunicaciones.com\/wp-content\/uploads\/2025\/10\/ffdgsg.webp","width":1000,"height":714},{"@type":"BreadcrumbList","@id":"https:\/\/waracomunicaciones.com\/?p=778#breadcrumb","itemListElement":[{"@type":"ListItem","position":1,"name":"Portada","item":"https:\/\/waracomunicaciones.com\/"},{"@type":"ListItem","position":2,"name":"Montero se moviliza rumbo al 11 de octubre para recibir a Tuto Quiroga en concentraci\u00f3n clave de la Alianza Libre"}]},{"@type":"WebSite","@id":"https:\/\/waracomunicaciones.com\/#website","url":"https:\/\/waracomunicaciones.com\/","name":"Wara Comunicaciones","description":"","publisher":{"@id":"https:\/\/waracomunicaciones.com\/#organization"},"potentialAction":[{"@type":"SearchAction","target":{"@type":"EntryPoint","urlTemplate":"https:\/\/waracomunicaciones.com\/?s={search_term_string}"},"query-input":{"@type":"PropertyValueSpecification","valueRequired":true,"valueName":"search_term_string"}}],"inLanguage":"es"},{"@type":"Organization","@id":"https:\/\/waracomunicaciones.com\/#organization","name":"Wara Comunicaciones","url":"https:\/\/waracomunicaciones.com\/","logo":{"@type":"ImageObject","inLanguage":"es","@id":"https:\/\/waracomunicaciones.com\/#\/schema\/logo\/image\/","url":"https:\/\/waracomunicaciones.com\/wp-content\/uploads\/2025\/07\/logo.png","contentUrl":"https:\/\/waracomunicaciones.com\/wp-content\/uploads\/2025\/07\/logo.png","width":400,"height":164,"caption":"Wara Comunicaciones"},"image":{"@id":"https:\/\/waracomunicaciones.com\/#\/schema\/logo\/image\/"},"sameAs":["https:\/\/www.facebook.com\/waracomunicaciones2017"]},{"@type":"Person","@id":"https:\/\/waracomunicaciones.com\/#\/schema\/person\/e9db934bc91575cc71fe584c5973244a","name":"admin","image":{"@type":"ImageObject","inLanguage":"es","@id":"https:\/\/waracomunicaciones.com\/#\/schema\/person\/image\/","url":"https:\/\/secure.gravatar.com\/avatar\/bf27e9186df568254093afa216f887fece17605302c6ff12f3980422fffa52e6?s=96&d=mm&r=g","contentUrl":"https:\/\/secure.gravatar.com\/avatar\/bf27e9186df568254093afa216f887fece17605302c6ff12f3980422fffa52e6?s=96&d=mm&r=g","caption":"admin"},"sameAs":["https:\/\/waracomunicaciones.com\/wp"],"url":"https:\/\/waracomunicaciones.com\/?author=1"}]}},"_links":{"self":[{"href":"https:\/\/waracomunicaciones.com\/index.php?rest_route=\/wp\/v2\/posts\/778","targetHints":{"allow":["GET"]}}],"collection":[{"href":"https:\/\/waracomunicaciones.com\/index.php?rest_route=\/wp\/v2\/posts"}],"about":[{"href":"https:\/\/waracomunicaciones.com\/index.php?rest_route=\/wp\/v2\/types\/post"}],"author":[{"embeddable":true,"href":"https:\/\/waracomunicaciones.com\/index.php?rest_route=\/wp\/v2\/users\/1"}],"replies":[{"embeddable":true,"href":"https:\/\/waracomunicaciones.com\/index.php?rest_route=%2Fwp%2Fv2%2Fcomments&post=778"}],"version-history":[{"count":1,"href":"https:\/\/waracomunicaciones.com\/index.php?rest_route=\/wp\/v2\/posts\/778\/revisions"}],"predecessor-version":[{"id":781,"href":"https:\/\/waracomunicaciones.com\/index.php?rest_route=\/wp\/v2\/posts\/778\/revisions\/781"}],"wp:attachment":[{"href":"https:\/\/waracomunicaciones.com\/index.php?rest_route=%2Fwp%2Fv2%2Fmedia&parent=778"}],"wp:term":[{"taxonomy":"category","embeddable":true,"href":"https:\/\/waracomunicaciones.com\/index.php?rest_route=%2Fwp%2Fv2%2Fcategories&post=778"},{"taxonomy":"post_tag","embeddable":true,"href":"https:\/\/waracomunicaciones.com\/index.php?rest_route=%2Fwp%2Fv2%2Ftags&post=778"}],"curies":[{"name":"wp","href":"https:\/\/api.w.org\/{rel}","templated":true}]}}