{"id":772,"date":"2025-09-30T16:57:49","date_gmt":"2025-09-30T20:57:49","guid":{"rendered":"https:\/\/waracomunicaciones.com\/?p=772"},"modified":"2025-09-30T16:57:50","modified_gmt":"2025-09-30T20:57:50","slug":"carlos-choque-destaca-avances-en-recaudaciones-municipales-en-yapacani-y-anuncia-nuevos-desafios-para-2026","status":"publish","type":"post","link":"https:\/\/waracomunicaciones.com\/?p=772","title":{"rendered":"Carlos Choque destaca avances en recaudaciones municipales en Yapacan\u00ed y anuncia nuevos desaf\u00edos para 2026"},"content":{"rendered":"\n<figure class=\"wp-block-image size-large\"><img loading=\"lazy\" decoding=\"async\" width=\"1024\" height=\"768\" src=\"https:\/\/waracomunicaciones.com\/wp-content\/uploads\/2025\/09\/ffdgssg-1024x768.jpg\" alt=\"\" class=\"wp-image-773\" srcset=\"https:\/\/waracomunicaciones.com\/wp-content\/uploads\/2025\/09\/ffdgssg-1024x768.jpg 1024w, https:\/\/waracomunicaciones.com\/wp-content\/uploads\/2025\/09\/ffdgssg-300x225.jpg 300w, https:\/\/waracomunicaciones.com\/wp-content\/uploads\/2025\/09\/ffdgssg-768x576.jpg 768w, https:\/\/waracomunicaciones.com\/wp-content\/uploads\/2025\/09\/ffdgssg.jpg 1280w\" sizes=\"auto, (max-width: 1024px) 100vw, 1024px\" \/><figcaption class=\"wp-element-caption\"><em>La oficina de recaudaciones de Yapacan\u00ed.<\/em><\/figcaption><\/figure>\n\n\n<p><strong>Yapacan\u00ed, &#8211;<\/strong>\u00a0El director de Recaudaciones del Gobierno Aut\u00f3nomo Municipal de Yapacan\u00ed, <strong>Carlos Choque<\/strong>, brind\u00f3 un informe detallado sobre el comportamiento de los ingresos tributarios municipales, destacando importantes avances en la gesti\u00f3n 2025 y proyectando ambiciosas metas para la gesti\u00f3n 2026.<!--more--><\/p>\n<p>En entrevista con el programa <em>Agenda Matinal<\/em>, Choque inform\u00f3 que <strong>la meta de recaudaci\u00f3n para 2025 es de Bs 11,5 millones<\/strong>, de los cuales ya se han alcanzado <strong>m\u00e1s de Bs 8,7 millones<\/strong> hasta la fecha. Este resultado positivo se atribuye a pol\u00edticas implementadas como la <strong>condonaci\u00f3n de intereses y multas<\/strong>, el <strong>empadronamiento de nuevas licencias de funcionamiento<\/strong>, as\u00ed como al crecimiento del parque automotor debido a la crisis del combustible a inicios de a\u00f1o.<\/p>\n<p>\u201cEl incentivo tributario ha sido de mucha ayuda para la poblaci\u00f3n, y a la vez para el municipio, ya que nos ha permitido superar lo planificado\u201d, indic\u00f3 el funcionario, quien asegur\u00f3 que existe optimismo para <strong>superar incluso los Bs 12 millones<\/strong> este a\u00f1o.<\/p>\n<h3>Proyecci\u00f3n 2026: Bs 17 millones y nueva Ley de Patentes<\/h3>\n<p>En coordinaci\u00f3n con la Direcci\u00f3n de Finanzas, Choque se\u00f1al\u00f3 que la meta de recaudaci\u00f3n para 2026 se fijar\u00e1 en aproximadamente <strong>Bs 17 millones<\/strong>, lo que representa un aumento considerable respecto al techo actual.<\/p>\n<p>Para alcanzar esta cifra, se trabaja en <strong>la actualizaci\u00f3n de la Ley de Patentes<\/strong>, vigente desde hace m\u00e1s de 15 a\u00f1os. \u201cExisten actividades econ\u00f3micas que no est\u00e1n contempladas en el cat\u00e1logo actual. Esta actualizaci\u00f3n nos permitir\u00e1 incorporar nuevos rubros y ajustar las tasas de las patentes m\u00e1ximas y m\u00ednimas de acuerdo con la realidad del municipio\u201d, explic\u00f3.<\/p>\n<p>Asimismo, se prev\u00e9 un mayor crecimiento en el padr\u00f3n de inmuebles y veh\u00edculos, y la incorporaci\u00f3n del nuevo mercado municipal tambi\u00e9n contribuir\u00e1 a los ingresos.<\/p>\n<h3>Recaudaciones hist\u00f3ricas<\/h3>\n<p>Choque comparti\u00f3 los datos hist\u00f3ricos de recaudaci\u00f3n del municipio:<\/p>\n<ul>\n<li><strong>2020:<\/strong> Bs 5,8 millones<\/li>\n<li><strong>2021:<\/strong> Bs 7,9 millones<\/li>\n<li><strong>2022:<\/strong> Bs 7,4 millones<\/li>\n<li><strong>2023:<\/strong> Bs 8,3 millones<\/li>\n<li><strong>2024:<\/strong> Bs 10,8 millones<\/li>\n<\/ul>\n<p>El salto significativo entre 2023 y 2024 se debi\u00f3 a pol\u00edticas como el empadronamiento masivo de licencias y el fortalecimiento del registro vehicular e inmobiliario.<\/p>\n<h3>Obst\u00e1culos: Certificaci\u00f3n de OTBs y pagos excesivos<\/h3>\n<p>Durante la entrevista, tambi\u00e9n se abord\u00f3 un tema sensible: <strong>los cobros indebidos o excesivos por parte de dirigentes vecinales (OTBs)<\/strong> a los ciudadanos que buscan regularizar sus inmuebles.<\/p>\n<p>El director reconoci\u00f3 esta problem\u00e1tica y anunci\u00f3 que se est\u00e1n realizando <strong>reuniones con presidentes de distritos y barrios<\/strong> para <strong>socializar la necesidad de flexibilizar este requisito<\/strong>, evitando as\u00ed que estas pr\u00e1cticas afecten negativamente a la recaudaci\u00f3n y al derecho de los ciudadanos a la propiedad.<\/p>\n<p>\u201cTodo lo recaudado retorna en servicios, como el mejoramiento de calles, redes de agua y electricidad. Es importante que la poblaci\u00f3n conf\u00ede en el sistema municipal y que no se enfrente a cobros abusivos de otras instancias\u201d, afirm\u00f3 Choque.<\/p>\n<h3>Pr\u00f3ximas medidas: Incentivos para regularizaci\u00f3n de transferencias<\/h3>\n<p>Finalmente, se anunci\u00f3 que para 2026 se proyecta lanzar <strong>una pol\u00edtica de incentivo tributario para el impuesto a las transferencias<\/strong>, una medida que no pudo implementarse este a\u00f1o por temas administrativos, pero que se espera sea parte del paquete normativo del pr\u00f3ximo a\u00f1o.<\/p>\n<p>\u201cLa deuda en transacciones es muy alta en algunos casos, superando incluso el valor del bien. Esta pol\u00edtica busca ayudar a regularizar esas situaciones\u201d, concluy\u00f3.<\/p><div style=\"margin-top: 0px; margin-bottom: 0px;\" class=\"sharethis-inline-reaction-buttons\" ><\/div>","protected":false},"excerpt":{"rendered":"<p>Yapacan\u00ed, &#8211;\u00a0El director de Recaudaciones del Gobierno Aut\u00f3nomo Municipal de Yapacan\u00ed, Carlos Choque, brind\u00f3 un informe detallado sobre el comportamiento de los ingresos tributarios municipales, destacando importantes avances en la gesti\u00f3n 2025 y proyectando ambiciosas metas para la gesti\u00f3n 2026.<\/p>\n","protected":false},"author":1,"featured_media":0,"comment_status":"open","ping_status":"open","sticky":false,"template":"","format":"standard","meta":{"footnotes":""},"categories":[46],"tags":[194,26,163],"class_list":["post-772","post","type-post","status-publish","format-standard","hentry","category-economia","tag-carlos-choque","tag-recaudaciones","tag-yapacani-2"],"yoast_head":"<!-- This site is optimized with the Yoast SEO Premium plugin v25.5 (Yoast SEO v27.1.1) - https:\/\/yoast.com\/product\/yoast-seo-premium-wordpress\/ -->\n<title>Carlos Choque destaca avances en recaudaciones municipales en Yapacan\u00ed y anuncia nuevos desaf\u00edos para 2026 - Wara Comunicaciones<\/title>\n<meta name=\"robots\" content=\"index, follow, max-snippet:-1, max-image-preview:large, max-video-preview:-1\" \/>\n<link rel=\"canonical\" href=\"https:\/\/waracomunicaciones.com\/?p=772\" \/>\n<meta property=\"og:locale\" content=\"es_ES\" \/>\n<meta property=\"og:type\" content=\"article\" \/>\n<meta property=\"og:title\" content=\"Carlos Choque destaca avances en recaudaciones municipales en Yapacan\u00ed y anuncia nuevos desaf\u00edos para 2026\" \/>\n<meta property=\"og:description\" content=\"Yapacan\u00ed, &#8211;\u00a0El director de Recaudaciones del Gobierno Aut\u00f3nomo Municipal de Yapacan\u00ed, Carlos Choque, brind\u00f3 un informe detallado sobre el comportamiento de los ingresos tributarios municipales, destacando importantes avances en la gesti\u00f3n 2025 y proyectando ambiciosas metas para la gesti\u00f3n 2026.\" \/>\n<meta property=\"og:url\" content=\"https:\/\/waracomunicaciones.com\/?p=772\" \/>\n<meta property=\"og:site_name\" content=\"Wara Comunicaciones\" \/>\n<meta property=\"article:publisher\" content=\"https:\/\/www.facebook.com\/waracomunicaciones2017\" \/>\n<meta property=\"article:published_time\" content=\"2025-09-30T20:57:49+00:00\" \/>\n<meta property=\"article:modified_time\" content=\"2025-09-30T20:57:50+00:00\" \/>\n<meta property=\"og:image\" content=\"https:\/\/waracomunicaciones.com\/wp-content\/uploads\/2025\/09\/ffdgssg-1024x768.jpg\" \/>\n<meta name=\"author\" content=\"admin\" \/>\n<meta name=\"twitter:card\" content=\"summary_large_image\" \/>\n<meta name=\"twitter:label1\" content=\"Escrito por\" \/>\n\t<meta name=\"twitter:data1\" content=\"admin\" \/>\n\t<meta name=\"twitter:label2\" content=\"Tiempo de lectura\" \/>\n\t<meta name=\"twitter:data2\" content=\"3 minutos\" \/>\n<script type=\"application\/ld+json\" class=\"yoast-schema-graph\">{\"@context\":\"https:\/\/schema.org\",\"@graph\":[{\"@type\":\"Article\",\"@id\":\"https:\/\/waracomunicaciones.com\/?p=772#article\",\"isPartOf\":{\"@id\":\"https:\/\/waracomunicaciones.com\/?p=772\"},\"author\":{\"name\":\"admin\",\"@id\":\"https:\/\/waracomunicaciones.com\/#\/schema\/person\/e9db934bc91575cc71fe584c5973244a\"},\"headline\":\"Carlos Choque destaca avances en recaudaciones municipales en Yapacan\u00ed y anuncia nuevos desaf\u00edos para 2026\",\"datePublished\":\"2025-09-30T20:57:49+00:00\",\"dateModified\":\"2025-09-30T20:57:50+00:00\",\"mainEntityOfPage\":{\"@id\":\"https:\/\/waracomunicaciones.com\/?p=772\"},\"wordCount\":579,\"commentCount\":0,\"publisher\":{\"@id\":\"https:\/\/waracomunicaciones.com\/#organization\"},\"image\":{\"@id\":\"https:\/\/waracomunicaciones.com\/?p=772#primaryimage\"},\"thumbnailUrl\":\"https:\/\/waracomunicaciones.com\/wp-content\/uploads\/2025\/09\/ffdgssg-1024x768.jpg\",\"keywords\":[\"Carlos Choque\",\"Recaudaciones\",\"Yapacan\u00ed\"],\"articleSection\":[\"Econom\u00eda\"],\"inLanguage\":\"es\",\"potentialAction\":[{\"@type\":\"CommentAction\",\"name\":\"Comment\",\"target\":[\"https:\/\/waracomunicaciones.com\/?p=772#respond\"]}]},{\"@type\":\"WebPage\",\"@id\":\"https:\/\/waracomunicaciones.com\/?p=772\",\"url\":\"https:\/\/waracomunicaciones.com\/?p=772\",\"name\":\"Carlos Choque destaca avances en recaudaciones municipales en Yapacan\u00ed y anuncia nuevos desaf\u00edos para 2026 - Wara Comunicaciones\",\"isPartOf\":{\"@id\":\"https:\/\/waracomunicaciones.com\/#website\"},\"primaryImageOfPage\":{\"@id\":\"https:\/\/waracomunicaciones.com\/?p=772#primaryimage\"},\"image\":{\"@id\":\"https:\/\/waracomunicaciones.com\/?p=772#primaryimage\"},\"thumbnailUrl\":\"https:\/\/waracomunicaciones.com\/wp-content\/uploads\/2025\/09\/ffdgssg-1024x768.jpg\",\"datePublished\":\"2025-09-30T20:57:49+00:00\",\"dateModified\":\"2025-09-30T20:57:50+00:00\",\"breadcrumb\":{\"@id\":\"https:\/\/waracomunicaciones.com\/?p=772#breadcrumb\"},\"inLanguage\":\"es\",\"potentialAction\":[{\"@type\":\"ReadAction\",\"target\":[\"https:\/\/waracomunicaciones.com\/?p=772\"]}]},{\"@type\":\"ImageObject\",\"inLanguage\":\"es\",\"@id\":\"https:\/\/waracomunicaciones.com\/?p=772#primaryimage\",\"url\":\"https:\/\/waracomunicaciones.com\/wp-content\/uploads\/2025\/09\/ffdgssg.jpg\",\"contentUrl\":\"https:\/\/waracomunicaciones.com\/wp-content\/uploads\/2025\/09\/ffdgssg.jpg\",\"width\":1280,\"height\":960},{\"@type\":\"BreadcrumbList\",\"@id\":\"https:\/\/waracomunicaciones.com\/?p=772#breadcrumb\",\"itemListElement\":[{\"@type\":\"ListItem\",\"position\":1,\"name\":\"Portada\",\"item\":\"https:\/\/waracomunicaciones.com\/\"},{\"@type\":\"ListItem\",\"position\":2,\"name\":\"Carlos Choque destaca avances en recaudaciones municipales en Yapacan\u00ed y anuncia nuevos desaf\u00edos para 2026\"}]},{\"@type\":\"WebSite\",\"@id\":\"https:\/\/waracomunicaciones.com\/#website\",\"url\":\"https:\/\/waracomunicaciones.com\/\",\"name\":\"Wara Comunicaciones\",\"description\":\"\",\"publisher\":{\"@id\":\"https:\/\/waracomunicaciones.com\/#organization\"},\"potentialAction\":[{\"@type\":\"SearchAction\",\"target\":{\"@type\":\"EntryPoint\",\"urlTemplate\":\"https:\/\/waracomunicaciones.com\/?s={search_term_string}\"},\"query-input\":{\"@type\":\"PropertyValueSpecification\",\"valueRequired\":true,\"valueName\":\"search_term_string\"}}],\"inLanguage\":\"es\"},{\"@type\":\"Organization\",\"@id\":\"https:\/\/waracomunicaciones.com\/#organization\",\"name\":\"Wara Comunicaciones\",\"url\":\"https:\/\/waracomunicaciones.com\/\",\"logo\":{\"@type\":\"ImageObject\",\"inLanguage\":\"es\",\"@id\":\"https:\/\/waracomunicaciones.com\/#\/schema\/logo\/image\/\",\"url\":\"https:\/\/waracomunicaciones.com\/wp-content\/uploads\/2025\/07\/logo.png\",\"contentUrl\":\"https:\/\/waracomunicaciones.com\/wp-content\/uploads\/2025\/07\/logo.png\",\"width\":400,\"height\":164,\"caption\":\"Wara Comunicaciones\"},\"image\":{\"@id\":\"https:\/\/waracomunicaciones.com\/#\/schema\/logo\/image\/\"},\"sameAs\":[\"https:\/\/www.facebook.com\/waracomunicaciones2017\"]},{\"@type\":\"Person\",\"@id\":\"https:\/\/waracomunicaciones.com\/#\/schema\/person\/e9db934bc91575cc71fe584c5973244a\",\"name\":\"admin\",\"image\":{\"@type\":\"ImageObject\",\"inLanguage\":\"es\",\"@id\":\"https:\/\/waracomunicaciones.com\/#\/schema\/person\/image\/\",\"url\":\"https:\/\/secure.gravatar.com\/avatar\/bf27e9186df568254093afa216f887fece17605302c6ff12f3980422fffa52e6?s=96&d=mm&r=g\",\"contentUrl\":\"https:\/\/secure.gravatar.com\/avatar\/bf27e9186df568254093afa216f887fece17605302c6ff12f3980422fffa52e6?s=96&d=mm&r=g\",\"caption\":\"admin\"},\"sameAs\":[\"https:\/\/waracomunicaciones.com\/wp\"],\"url\":\"https:\/\/waracomunicaciones.com\/?author=1\"}]}<\/script>\n<!-- \/ Yoast SEO Premium plugin. -->","yoast_head_json":{"title":"Carlos Choque destaca avances en recaudaciones municipales en Yapacan\u00ed y anuncia nuevos desaf\u00edos para 2026 - Wara Comunicaciones","robots":{"index":"index","follow":"follow","max-snippet":"max-snippet:-1","max-image-preview":"max-image-preview:large","max-video-preview":"max-video-preview:-1"},"canonical":"https:\/\/waracomunicaciones.com\/?p=772","og_locale":"es_ES","og_type":"article","og_title":"Carlos Choque destaca avances en recaudaciones municipales en Yapacan\u00ed y anuncia nuevos desaf\u00edos para 2026","og_description":"Yapacan\u00ed, &#8211;\u00a0El director de Recaudaciones del Gobierno Aut\u00f3nomo Municipal de Yapacan\u00ed, Carlos Choque, brind\u00f3 un informe detallado sobre el comportamiento de los ingresos tributarios municipales, destacando importantes avances en la gesti\u00f3n 2025 y proyectando ambiciosas metas para la gesti\u00f3n 2026.","og_url":"https:\/\/waracomunicaciones.com\/?p=772","og_site_name":"Wara Comunicaciones","article_publisher":"https:\/\/www.facebook.com\/waracomunicaciones2017","article_published_time":"2025-09-30T20:57:49+00:00","article_modified_time":"2025-09-30T20:57:50+00:00","og_image":[{"url":"https:\/\/waracomunicaciones.com\/wp-content\/uploads\/2025\/09\/ffdgssg-1024x768.jpg","type":"","width":"","height":""}],"author":"admin","twitter_card":"summary_large_image","twitter_misc":{"Escrito por":"admin","Tiempo de lectura":"3 minutos"},"schema":{"@context":"https:\/\/schema.org","@graph":[{"@type":"Article","@id":"https:\/\/waracomunicaciones.com\/?p=772#article","isPartOf":{"@id":"https:\/\/waracomunicaciones.com\/?p=772"},"author":{"name":"admin","@id":"https:\/\/waracomunicaciones.com\/#\/schema\/person\/e9db934bc91575cc71fe584c5973244a"},"headline":"Carlos Choque destaca avances en recaudaciones municipales en Yapacan\u00ed y anuncia nuevos desaf\u00edos para 2026","datePublished":"2025-09-30T20:57:49+00:00","dateModified":"2025-09-30T20:57:50+00:00","mainEntityOfPage":{"@id":"https:\/\/waracomunicaciones.com\/?p=772"},"wordCount":579,"commentCount":0,"publisher":{"@id":"https:\/\/waracomunicaciones.com\/#organization"},"image":{"@id":"https:\/\/waracomunicaciones.com\/?p=772#primaryimage"},"thumbnailUrl":"https:\/\/waracomunicaciones.com\/wp-content\/uploads\/2025\/09\/ffdgssg-1024x768.jpg","keywords":["Carlos Choque","Recaudaciones","Yapacan\u00ed"],"articleSection":["Econom\u00eda"],"inLanguage":"es","potentialAction":[{"@type":"CommentAction","name":"Comment","target":["https:\/\/waracomunicaciones.com\/?p=772#respond"]}]},{"@type":"WebPage","@id":"https:\/\/waracomunicaciones.com\/?p=772","url":"https:\/\/waracomunicaciones.com\/?p=772","name":"Carlos Choque destaca avances en recaudaciones municipales en Yapacan\u00ed y anuncia nuevos desaf\u00edos para 2026 - Wara Comunicaciones","isPartOf":{"@id":"https:\/\/waracomunicaciones.com\/#website"},"primaryImageOfPage":{"@id":"https:\/\/waracomunicaciones.com\/?p=772#primaryimage"},"image":{"@id":"https:\/\/waracomunicaciones.com\/?p=772#primaryimage"},"thumbnailUrl":"https:\/\/waracomunicaciones.com\/wp-content\/uploads\/2025\/09\/ffdgssg-1024x768.jpg","datePublished":"2025-09-30T20:57:49+00:00","dateModified":"2025-09-30T20:57:50+00:00","breadcrumb":{"@id":"https:\/\/waracomunicaciones.com\/?p=772#breadcrumb"},"inLanguage":"es","potentialAction":[{"@type":"ReadAction","target":["https:\/\/waracomunicaciones.com\/?p=772"]}]},{"@type":"ImageObject","inLanguage":"es","@id":"https:\/\/waracomunicaciones.com\/?p=772#primaryimage","url":"https:\/\/waracomunicaciones.com\/wp-content\/uploads\/2025\/09\/ffdgssg.jpg","contentUrl":"https:\/\/waracomunicaciones.com\/wp-content\/uploads\/2025\/09\/ffdgssg.jpg","width":1280,"height":960},{"@type":"BreadcrumbList","@id":"https:\/\/waracomunicaciones.com\/?p=772#breadcrumb","itemListElement":[{"@type":"ListItem","position":1,"name":"Portada","item":"https:\/\/waracomunicaciones.com\/"},{"@type":"ListItem","position":2,"name":"Carlos Choque destaca avances en recaudaciones municipales en Yapacan\u00ed y anuncia nuevos desaf\u00edos para 2026"}]},{"@type":"WebSite","@id":"https:\/\/waracomunicaciones.com\/#website","url":"https:\/\/waracomunicaciones.com\/","name":"Wara Comunicaciones","description":"","publisher":{"@id":"https:\/\/waracomunicaciones.com\/#organization"},"potentialAction":[{"@type":"SearchAction","target":{"@type":"EntryPoint","urlTemplate":"https:\/\/waracomunicaciones.com\/?s={search_term_string}"},"query-input":{"@type":"PropertyValueSpecification","valueRequired":true,"valueName":"search_term_string"}}],"inLanguage":"es"},{"@type":"Organization","@id":"https:\/\/waracomunicaciones.com\/#organization","name":"Wara Comunicaciones","url":"https:\/\/waracomunicaciones.com\/","logo":{"@type":"ImageObject","inLanguage":"es","@id":"https:\/\/waracomunicaciones.com\/#\/schema\/logo\/image\/","url":"https:\/\/waracomunicaciones.com\/wp-content\/uploads\/2025\/07\/logo.png","contentUrl":"https:\/\/waracomunicaciones.com\/wp-content\/uploads\/2025\/07\/logo.png","width":400,"height":164,"caption":"Wara Comunicaciones"},"image":{"@id":"https:\/\/waracomunicaciones.com\/#\/schema\/logo\/image\/"},"sameAs":["https:\/\/www.facebook.com\/waracomunicaciones2017"]},{"@type":"Person","@id":"https:\/\/waracomunicaciones.com\/#\/schema\/person\/e9db934bc91575cc71fe584c5973244a","name":"admin","image":{"@type":"ImageObject","inLanguage":"es","@id":"https:\/\/waracomunicaciones.com\/#\/schema\/person\/image\/","url":"https:\/\/secure.gravatar.com\/avatar\/bf27e9186df568254093afa216f887fece17605302c6ff12f3980422fffa52e6?s=96&d=mm&r=g","contentUrl":"https:\/\/secure.gravatar.com\/avatar\/bf27e9186df568254093afa216f887fece17605302c6ff12f3980422fffa52e6?s=96&d=mm&r=g","caption":"admin"},"sameAs":["https:\/\/waracomunicaciones.com\/wp"],"url":"https:\/\/waracomunicaciones.com\/?author=1"}]}},"_links":{"self":[{"href":"https:\/\/waracomunicaciones.com\/index.php?rest_route=\/wp\/v2\/posts\/772","targetHints":{"allow":["GET"]}}],"collection":[{"href":"https:\/\/waracomunicaciones.com\/index.php?rest_route=\/wp\/v2\/posts"}],"about":[{"href":"https:\/\/waracomunicaciones.com\/index.php?rest_route=\/wp\/v2\/types\/post"}],"author":[{"embeddable":true,"href":"https:\/\/waracomunicaciones.com\/index.php?rest_route=\/wp\/v2\/users\/1"}],"replies":[{"embeddable":true,"href":"https:\/\/waracomunicaciones.com\/index.php?rest_route=%2Fwp%2Fv2%2Fcomments&post=772"}],"version-history":[{"count":1,"href":"https:\/\/waracomunicaciones.com\/index.php?rest_route=\/wp\/v2\/posts\/772\/revisions"}],"predecessor-version":[{"id":774,"href":"https:\/\/waracomunicaciones.com\/index.php?rest_route=\/wp\/v2\/posts\/772\/revisions\/774"}],"wp:attachment":[{"href":"https:\/\/waracomunicaciones.com\/index.php?rest_route=%2Fwp%2Fv2%2Fmedia&parent=772"}],"wp:term":[{"taxonomy":"category","embeddable":true,"href":"https:\/\/waracomunicaciones.com\/index.php?rest_route=%2Fwp%2Fv2%2Fcategories&post=772"},{"taxonomy":"post_tag","embeddable":true,"href":"https:\/\/waracomunicaciones.com\/index.php?rest_route=%2Fwp%2Fv2%2Ftags&post=772"}],"curies":[{"name":"wp","href":"https:\/\/api.w.org\/{rel}","templated":true}]}}