{"id":766,"date":"2025-09-30T16:09:12","date_gmt":"2025-09-30T20:09:12","guid":{"rendered":"https:\/\/waracomunicaciones.com\/?p=766"},"modified":"2025-09-30T16:09:14","modified_gmt":"2025-09-30T20:09:14","slug":"agrovidas-2025-conocimiento-tecnologia-y-agronegocio-se-dan-cita-este-9-de-octubre","status":"publish","type":"post","link":"https:\/\/waracomunicaciones.com\/?p=766","title":{"rendered":"Agrovidas 2025: Conocimiento, Tecnolog\u00eda y Agronegocio se dan cita este 9 de octubre"},"content":{"rendered":"\n<figure class=\"wp-block-image size-full\"><img loading=\"lazy\" decoding=\"async\" width=\"1000\" height=\"667\" src=\"https:\/\/waracomunicaciones.com\/wp-content\/uploads\/2025\/09\/DSC9942.webp\" alt=\"\" class=\"wp-image-767\" srcset=\"https:\/\/waracomunicaciones.com\/wp-content\/uploads\/2025\/09\/DSC9942.webp 1000w, https:\/\/waracomunicaciones.com\/wp-content\/uploads\/2025\/09\/DSC9942-300x200.webp 300w, https:\/\/waracomunicaciones.com\/wp-content\/uploads\/2025\/09\/DSC9942-768x512.webp 768w\" sizes=\"auto, (max-width: 1000px) 100vw, 1000px\" \/><\/figure>\n\n\n<p>La Feria Agrovidas 2025 ya calienta motores para su realizaci\u00f3n los d\u00edas <strong>9, 10 y 11 de octubre<\/strong> en el tradicional predio ferial ubicado en el <strong>kil\u00f3metro 40 de la carretera al norte<\/strong>, entre Warnes y Montero. <!--more-->En esta ocasi\u00f3n se celebrar\u00e1 la <strong>17\u00aa versi\u00f3n<\/strong> de este evento que se ha consolidado como uno de los m\u00e1s importantes del pa\u00eds en el sector agr\u00edcola y pecuario.<\/p>\n<p>Conversamos con <strong>Mar\u00eda Delicia Cabero<\/strong>, responsable de comunicaci\u00f3n de la feria, quien destac\u00f3 el esfuerzo y compromiso de Fundacruz por mantener este espacio como un verdadero <strong>punto de encuentro entre productores, empresas e instituciones<\/strong>, bajo tres pilares fundamentales: <strong>conocimiento, tecnolog\u00eda y agronegocio<\/strong>.<\/p>\n<p>\u201cEstamos ultimando todos los detalles para lo que ser\u00e1 esta nueva versi\u00f3n de Agrovidas. El productor ya no depende s\u00f3lo de la suerte o del clima, hoy necesita conocimiento t\u00e9cnico, innovaci\u00f3n y herramientas para aumentar su productividad\u201d, se\u00f1al\u00f3 Cabero.<\/p>\n<p>Agrovidas no s\u00f3lo presenta parcelas demostrativas con nuevas variedades de cultivos como <strong>soya, ma\u00edz, girasol o sorgo<\/strong>, sino que tambi\u00e9n ser\u00e1 el escenario para la presentaci\u00f3n de <strong>tecnolog\u00edas de punta<\/strong>, como <strong>drones agr\u00edcolas<\/strong>, <strong>sensores para an\u00e1lisis de suelo<\/strong>, <strong>paneles solares<\/strong>, y soluciones ante desaf\u00edos estructurales como el acceso a <strong>di\u00e9sel<\/strong> y <strong>maquinaria en alquiler<\/strong> a trav\u00e9s de plataformas innovadoras como <strong>\u00abHola Tractor\u00bb<\/strong> \u2014una especie de \u00abUber del agro\u00bb.<\/p>\n<p>Mar\u00eda Delicia recalc\u00f3 que la feria es tambi\u00e9n un espacio de formaci\u00f3n:<\/p>\n<p>\u201cMuchos productores llegan con su cuadernito, con preguntas espec\u00edficas sobre sus cultivos, sus suelos. En Agrovidas encuentran a profesionales que les orientan en base a evidencia y conocimiento t\u00e9cnico\u201d.<\/p>\n<p>Adem\u00e1s, durante los tres d\u00edas se generar\u00e1n oportunidades concretas de <strong>negocios<\/strong> entre productores y empresas. Aunque no se realiza una rueda de negocios formal, la interacci\u00f3n en cada stand es constante, permitiendo el <strong>intercambio comercial directo<\/strong>, as\u00ed como alianzas en el \u00e1mbito del agronegocio.<\/p>\n<p>La feria, organizada por <strong>Fundacruz<\/strong>, se desarrollar\u00e1 en un predio de <strong>135 hect\u00e1reas<\/strong>, donde se podr\u00e1n apreciar parcelas demostrativas, maquinaria en funcionamiento, y m\u00e1s de un centenar de empresas expositores mostrando lo \u00faltimo en innovaci\u00f3n agropecuaria.<\/p>\n<p>\u201cNo tenemos nada que envidiar a nuestros vecinos. La misma tecnolog\u00eda que se usa en Brasil o Argentina est\u00e1 aqu\u00ed, disponible para nuestros productores. Solo hace falta apropiarse de ella y usarla bien\u201d, remarc\u00f3 Cabero.<\/p>\n<p>Finalmente, la responsable de comunicaci\u00f3n extendi\u00f3 una <strong>invitaci\u00f3n abierta a todo el p\u00fablico<\/strong>, incluso a quienes no est\u00e1n directamente vinculados con el agro, para que conozcan de cerca el origen de los alimentos y el esfuerzo detr\u00e1s de cada cosecha.<\/p>\n<p><strong>Agrovidas 2025 abrir\u00e1 sus puertas de 8:00 a 18:00, del 9 al 11 de octubre.<\/strong><br \/>Una cita imperdible para quienes apuestan por un campo m\u00e1s productivo, moderno y sostenible.<\/p><div style=\"margin-top: 0px; margin-bottom: 0px;\" class=\"sharethis-inline-reaction-buttons\" ><\/div>","protected":false},"excerpt":{"rendered":"<p>La Feria Agrovidas 2025 ya calienta motores para su realizaci\u00f3n los d\u00edas 9, 10 y 11 de octubre en el tradicional predio ferial ubicado en el kil\u00f3metro 40 de la carretera al norte, entre Warnes y Montero.<\/p>\n","protected":false},"author":1,"featured_media":0,"comment_status":"open","ping_status":"open","sticky":false,"template":"","format":"standard","meta":{"footnotes":""},"categories":[46],"tags":[176,167],"class_list":["post-766","post","type-post","status-publish","format-standard","hentry","category-economia","tag-agro-vidas","tag-feria"],"yoast_head":"<!-- This site is optimized with the Yoast SEO Premium plugin v25.5 (Yoast SEO v27.1.1) - https:\/\/yoast.com\/product\/yoast-seo-premium-wordpress\/ -->\n<title>Agrovidas 2025: Conocimiento, Tecnolog\u00eda y Agronegocio se dan cita este 9 de octubre - Wara Comunicaciones<\/title>\n<meta name=\"robots\" content=\"index, follow, max-snippet:-1, max-image-preview:large, max-video-preview:-1\" \/>\n<link rel=\"canonical\" href=\"https:\/\/waracomunicaciones.com\/?p=766\" \/>\n<meta property=\"og:locale\" content=\"es_ES\" \/>\n<meta property=\"og:type\" content=\"article\" \/>\n<meta property=\"og:title\" content=\"Agrovidas 2025: Conocimiento, Tecnolog\u00eda y Agronegocio se dan cita este 9 de octubre\" \/>\n<meta property=\"og:description\" content=\"La Feria Agrovidas 2025 ya calienta motores para su realizaci\u00f3n los d\u00edas 9, 10 y 11 de octubre en el tradicional predio ferial ubicado en el kil\u00f3metro 40 de la carretera al norte, entre Warnes y Montero.\" \/>\n<meta property=\"og:url\" content=\"https:\/\/waracomunicaciones.com\/?p=766\" \/>\n<meta property=\"og:site_name\" content=\"Wara Comunicaciones\" \/>\n<meta property=\"article:publisher\" content=\"https:\/\/www.facebook.com\/waracomunicaciones2017\" \/>\n<meta property=\"article:published_time\" content=\"2025-09-30T20:09:12+00:00\" \/>\n<meta property=\"article:modified_time\" content=\"2025-09-30T20:09:14+00:00\" \/>\n<meta property=\"og:image\" content=\"https:\/\/waracomunicaciones.com\/wp-content\/uploads\/2025\/09\/DSC9942.webp\" \/>\n<meta name=\"author\" content=\"admin\" \/>\n<meta name=\"twitter:card\" content=\"summary_large_image\" \/>\n<meta name=\"twitter:label1\" content=\"Escrito por\" \/>\n\t<meta name=\"twitter:data1\" content=\"admin\" \/>\n\t<meta name=\"twitter:label2\" content=\"Tiempo de lectura\" \/>\n\t<meta name=\"twitter:data2\" content=\"3 minutos\" \/>\n<script type=\"application\/ld+json\" class=\"yoast-schema-graph\">{\"@context\":\"https:\/\/schema.org\",\"@graph\":[{\"@type\":\"Article\",\"@id\":\"https:\/\/waracomunicaciones.com\/?p=766#article\",\"isPartOf\":{\"@id\":\"https:\/\/waracomunicaciones.com\/?p=766\"},\"author\":{\"name\":\"admin\",\"@id\":\"https:\/\/waracomunicaciones.com\/#\/schema\/person\/e9db934bc91575cc71fe584c5973244a\"},\"headline\":\"Agrovidas 2025: Conocimiento, Tecnolog\u00eda y Agronegocio se dan cita este 9 de octubre\",\"datePublished\":\"2025-09-30T20:09:12+00:00\",\"dateModified\":\"2025-09-30T20:09:14+00:00\",\"mainEntityOfPage\":{\"@id\":\"https:\/\/waracomunicaciones.com\/?p=766\"},\"wordCount\":486,\"commentCount\":0,\"publisher\":{\"@id\":\"https:\/\/waracomunicaciones.com\/#organization\"},\"image\":{\"@id\":\"https:\/\/waracomunicaciones.com\/?p=766#primaryimage\"},\"thumbnailUrl\":\"https:\/\/waracomunicaciones.com\/wp-content\/uploads\/2025\/09\/DSC9942.webp\",\"keywords\":[\"Agro Vidas\",\"Feria\"],\"articleSection\":[\"Econom\u00eda\"],\"inLanguage\":\"es\",\"potentialAction\":[{\"@type\":\"CommentAction\",\"name\":\"Comment\",\"target\":[\"https:\/\/waracomunicaciones.com\/?p=766#respond\"]}]},{\"@type\":\"WebPage\",\"@id\":\"https:\/\/waracomunicaciones.com\/?p=766\",\"url\":\"https:\/\/waracomunicaciones.com\/?p=766\",\"name\":\"Agrovidas 2025: Conocimiento, Tecnolog\u00eda y Agronegocio se dan cita este 9 de octubre - Wara Comunicaciones\",\"isPartOf\":{\"@id\":\"https:\/\/waracomunicaciones.com\/#website\"},\"primaryImageOfPage\":{\"@id\":\"https:\/\/waracomunicaciones.com\/?p=766#primaryimage\"},\"image\":{\"@id\":\"https:\/\/waracomunicaciones.com\/?p=766#primaryimage\"},\"thumbnailUrl\":\"https:\/\/waracomunicaciones.com\/wp-content\/uploads\/2025\/09\/DSC9942.webp\",\"datePublished\":\"2025-09-30T20:09:12+00:00\",\"dateModified\":\"2025-09-30T20:09:14+00:00\",\"breadcrumb\":{\"@id\":\"https:\/\/waracomunicaciones.com\/?p=766#breadcrumb\"},\"inLanguage\":\"es\",\"potentialAction\":[{\"@type\":\"ReadAction\",\"target\":[\"https:\/\/waracomunicaciones.com\/?p=766\"]}]},{\"@type\":\"ImageObject\",\"inLanguage\":\"es\",\"@id\":\"https:\/\/waracomunicaciones.com\/?p=766#primaryimage\",\"url\":\"https:\/\/waracomunicaciones.com\/wp-content\/uploads\/2025\/09\/DSC9942.webp\",\"contentUrl\":\"https:\/\/waracomunicaciones.com\/wp-content\/uploads\/2025\/09\/DSC9942.webp\",\"width\":1000,\"height\":667},{\"@type\":\"BreadcrumbList\",\"@id\":\"https:\/\/waracomunicaciones.com\/?p=766#breadcrumb\",\"itemListElement\":[{\"@type\":\"ListItem\",\"position\":1,\"name\":\"Portada\",\"item\":\"https:\/\/waracomunicaciones.com\/\"},{\"@type\":\"ListItem\",\"position\":2,\"name\":\"Agrovidas 2025: Conocimiento, Tecnolog\u00eda y Agronegocio se dan cita este 9 de octubre\"}]},{\"@type\":\"WebSite\",\"@id\":\"https:\/\/waracomunicaciones.com\/#website\",\"url\":\"https:\/\/waracomunicaciones.com\/\",\"name\":\"Wara Comunicaciones\",\"description\":\"\",\"publisher\":{\"@id\":\"https:\/\/waracomunicaciones.com\/#organization\"},\"potentialAction\":[{\"@type\":\"SearchAction\",\"target\":{\"@type\":\"EntryPoint\",\"urlTemplate\":\"https:\/\/waracomunicaciones.com\/?s={search_term_string}\"},\"query-input\":{\"@type\":\"PropertyValueSpecification\",\"valueRequired\":true,\"valueName\":\"search_term_string\"}}],\"inLanguage\":\"es\"},{\"@type\":\"Organization\",\"@id\":\"https:\/\/waracomunicaciones.com\/#organization\",\"name\":\"Wara Comunicaciones\",\"url\":\"https:\/\/waracomunicaciones.com\/\",\"logo\":{\"@type\":\"ImageObject\",\"inLanguage\":\"es\",\"@id\":\"https:\/\/waracomunicaciones.com\/#\/schema\/logo\/image\/\",\"url\":\"https:\/\/waracomunicaciones.com\/wp-content\/uploads\/2025\/07\/logo.png\",\"contentUrl\":\"https:\/\/waracomunicaciones.com\/wp-content\/uploads\/2025\/07\/logo.png\",\"width\":400,\"height\":164,\"caption\":\"Wara Comunicaciones\"},\"image\":{\"@id\":\"https:\/\/waracomunicaciones.com\/#\/schema\/logo\/image\/\"},\"sameAs\":[\"https:\/\/www.facebook.com\/waracomunicaciones2017\"]},{\"@type\":\"Person\",\"@id\":\"https:\/\/waracomunicaciones.com\/#\/schema\/person\/e9db934bc91575cc71fe584c5973244a\",\"name\":\"admin\",\"image\":{\"@type\":\"ImageObject\",\"inLanguage\":\"es\",\"@id\":\"https:\/\/waracomunicaciones.com\/#\/schema\/person\/image\/\",\"url\":\"https:\/\/secure.gravatar.com\/avatar\/bf27e9186df568254093afa216f887fece17605302c6ff12f3980422fffa52e6?s=96&d=mm&r=g\",\"contentUrl\":\"https:\/\/secure.gravatar.com\/avatar\/bf27e9186df568254093afa216f887fece17605302c6ff12f3980422fffa52e6?s=96&d=mm&r=g\",\"caption\":\"admin\"},\"sameAs\":[\"https:\/\/waracomunicaciones.com\/wp\"],\"url\":\"https:\/\/waracomunicaciones.com\/?author=1\"}]}<\/script>\n<!-- \/ Yoast SEO Premium plugin. -->","yoast_head_json":{"title":"Agrovidas 2025: Conocimiento, Tecnolog\u00eda y Agronegocio se dan cita este 9 de octubre - Wara Comunicaciones","robots":{"index":"index","follow":"follow","max-snippet":"max-snippet:-1","max-image-preview":"max-image-preview:large","max-video-preview":"max-video-preview:-1"},"canonical":"https:\/\/waracomunicaciones.com\/?p=766","og_locale":"es_ES","og_type":"article","og_title":"Agrovidas 2025: Conocimiento, Tecnolog\u00eda y Agronegocio se dan cita este 9 de octubre","og_description":"La Feria Agrovidas 2025 ya calienta motores para su realizaci\u00f3n los d\u00edas 9, 10 y 11 de octubre en el tradicional predio ferial ubicado en el kil\u00f3metro 40 de la carretera al norte, entre Warnes y Montero.","og_url":"https:\/\/waracomunicaciones.com\/?p=766","og_site_name":"Wara Comunicaciones","article_publisher":"https:\/\/www.facebook.com\/waracomunicaciones2017","article_published_time":"2025-09-30T20:09:12+00:00","article_modified_time":"2025-09-30T20:09:14+00:00","og_image":[{"url":"https:\/\/waracomunicaciones.com\/wp-content\/uploads\/2025\/09\/DSC9942.webp","type":"","width":"","height":""}],"author":"admin","twitter_card":"summary_large_image","twitter_misc":{"Escrito por":"admin","Tiempo de lectura":"3 minutos"},"schema":{"@context":"https:\/\/schema.org","@graph":[{"@type":"Article","@id":"https:\/\/waracomunicaciones.com\/?p=766#article","isPartOf":{"@id":"https:\/\/waracomunicaciones.com\/?p=766"},"author":{"name":"admin","@id":"https:\/\/waracomunicaciones.com\/#\/schema\/person\/e9db934bc91575cc71fe584c5973244a"},"headline":"Agrovidas 2025: Conocimiento, Tecnolog\u00eda y Agronegocio se dan cita este 9 de octubre","datePublished":"2025-09-30T20:09:12+00:00","dateModified":"2025-09-30T20:09:14+00:00","mainEntityOfPage":{"@id":"https:\/\/waracomunicaciones.com\/?p=766"},"wordCount":486,"commentCount":0,"publisher":{"@id":"https:\/\/waracomunicaciones.com\/#organization"},"image":{"@id":"https:\/\/waracomunicaciones.com\/?p=766#primaryimage"},"thumbnailUrl":"https:\/\/waracomunicaciones.com\/wp-content\/uploads\/2025\/09\/DSC9942.webp","keywords":["Agro Vidas","Feria"],"articleSection":["Econom\u00eda"],"inLanguage":"es","potentialAction":[{"@type":"CommentAction","name":"Comment","target":["https:\/\/waracomunicaciones.com\/?p=766#respond"]}]},{"@type":"WebPage","@id":"https:\/\/waracomunicaciones.com\/?p=766","url":"https:\/\/waracomunicaciones.com\/?p=766","name":"Agrovidas 2025: Conocimiento, Tecnolog\u00eda y Agronegocio se dan cita este 9 de octubre - Wara Comunicaciones","isPartOf":{"@id":"https:\/\/waracomunicaciones.com\/#website"},"primaryImageOfPage":{"@id":"https:\/\/waracomunicaciones.com\/?p=766#primaryimage"},"image":{"@id":"https:\/\/waracomunicaciones.com\/?p=766#primaryimage"},"thumbnailUrl":"https:\/\/waracomunicaciones.com\/wp-content\/uploads\/2025\/09\/DSC9942.webp","datePublished":"2025-09-30T20:09:12+00:00","dateModified":"2025-09-30T20:09:14+00:00","breadcrumb":{"@id":"https:\/\/waracomunicaciones.com\/?p=766#breadcrumb"},"inLanguage":"es","potentialAction":[{"@type":"ReadAction","target":["https:\/\/waracomunicaciones.com\/?p=766"]}]},{"@type":"ImageObject","inLanguage":"es","@id":"https:\/\/waracomunicaciones.com\/?p=766#primaryimage","url":"https:\/\/waracomunicaciones.com\/wp-content\/uploads\/2025\/09\/DSC9942.webp","contentUrl":"https:\/\/waracomunicaciones.com\/wp-content\/uploads\/2025\/09\/DSC9942.webp","width":1000,"height":667},{"@type":"BreadcrumbList","@id":"https:\/\/waracomunicaciones.com\/?p=766#breadcrumb","itemListElement":[{"@type":"ListItem","position":1,"name":"Portada","item":"https:\/\/waracomunicaciones.com\/"},{"@type":"ListItem","position":2,"name":"Agrovidas 2025: Conocimiento, Tecnolog\u00eda y Agronegocio se dan cita este 9 de octubre"}]},{"@type":"WebSite","@id":"https:\/\/waracomunicaciones.com\/#website","url":"https:\/\/waracomunicaciones.com\/","name":"Wara Comunicaciones","description":"","publisher":{"@id":"https:\/\/waracomunicaciones.com\/#organization"},"potentialAction":[{"@type":"SearchAction","target":{"@type":"EntryPoint","urlTemplate":"https:\/\/waracomunicaciones.com\/?s={search_term_string}"},"query-input":{"@type":"PropertyValueSpecification","valueRequired":true,"valueName":"search_term_string"}}],"inLanguage":"es"},{"@type":"Organization","@id":"https:\/\/waracomunicaciones.com\/#organization","name":"Wara Comunicaciones","url":"https:\/\/waracomunicaciones.com\/","logo":{"@type":"ImageObject","inLanguage":"es","@id":"https:\/\/waracomunicaciones.com\/#\/schema\/logo\/image\/","url":"https:\/\/waracomunicaciones.com\/wp-content\/uploads\/2025\/07\/logo.png","contentUrl":"https:\/\/waracomunicaciones.com\/wp-content\/uploads\/2025\/07\/logo.png","width":400,"height":164,"caption":"Wara Comunicaciones"},"image":{"@id":"https:\/\/waracomunicaciones.com\/#\/schema\/logo\/image\/"},"sameAs":["https:\/\/www.facebook.com\/waracomunicaciones2017"]},{"@type":"Person","@id":"https:\/\/waracomunicaciones.com\/#\/schema\/person\/e9db934bc91575cc71fe584c5973244a","name":"admin","image":{"@type":"ImageObject","inLanguage":"es","@id":"https:\/\/waracomunicaciones.com\/#\/schema\/person\/image\/","url":"https:\/\/secure.gravatar.com\/avatar\/bf27e9186df568254093afa216f887fece17605302c6ff12f3980422fffa52e6?s=96&d=mm&r=g","contentUrl":"https:\/\/secure.gravatar.com\/avatar\/bf27e9186df568254093afa216f887fece17605302c6ff12f3980422fffa52e6?s=96&d=mm&r=g","caption":"admin"},"sameAs":["https:\/\/waracomunicaciones.com\/wp"],"url":"https:\/\/waracomunicaciones.com\/?author=1"}]}},"_links":{"self":[{"href":"https:\/\/waracomunicaciones.com\/index.php?rest_route=\/wp\/v2\/posts\/766","targetHints":{"allow":["GET"]}}],"collection":[{"href":"https:\/\/waracomunicaciones.com\/index.php?rest_route=\/wp\/v2\/posts"}],"about":[{"href":"https:\/\/waracomunicaciones.com\/index.php?rest_route=\/wp\/v2\/types\/post"}],"author":[{"embeddable":true,"href":"https:\/\/waracomunicaciones.com\/index.php?rest_route=\/wp\/v2\/users\/1"}],"replies":[{"embeddable":true,"href":"https:\/\/waracomunicaciones.com\/index.php?rest_route=%2Fwp%2Fv2%2Fcomments&post=766"}],"version-history":[{"count":1,"href":"https:\/\/waracomunicaciones.com\/index.php?rest_route=\/wp\/v2\/posts\/766\/revisions"}],"predecessor-version":[{"id":768,"href":"https:\/\/waracomunicaciones.com\/index.php?rest_route=\/wp\/v2\/posts\/766\/revisions\/768"}],"wp:attachment":[{"href":"https:\/\/waracomunicaciones.com\/index.php?rest_route=%2Fwp%2Fv2%2Fmedia&parent=766"}],"wp:term":[{"taxonomy":"category","embeddable":true,"href":"https:\/\/waracomunicaciones.com\/index.php?rest_route=%2Fwp%2Fv2%2Fcategories&post=766"},{"taxonomy":"post_tag","embeddable":true,"href":"https:\/\/waracomunicaciones.com\/index.php?rest_route=%2Fwp%2Fv2%2Ftags&post=766"}],"curies":[{"name":"wp","href":"https:\/\/api.w.org\/{rel}","templated":true}]}}