{"id":760,"date":"2025-09-29T21:29:55","date_gmt":"2025-09-30T01:29:55","guid":{"rendered":"https:\/\/waracomunicaciones.com\/?p=760"},"modified":"2025-09-29T21:29:56","modified_gmt":"2025-09-30T01:29:56","slug":"montero-refuerza-patrullajes-preventivos-en-fines-de-semana-para-fortalecer-la-seguridad-ciudadana","status":"publish","type":"post","link":"https:\/\/waracomunicaciones.com\/?p=760","title":{"rendered":"Montero refuerza patrullajes preventivos en fines de semana para fortalecer la seguridad ciudadana"},"content":{"rendered":"\n<figure class=\"wp-block-image size-full\"><img loading=\"lazy\" decoding=\"async\" width=\"880\" height=\"692\" src=\"https:\/\/waracomunicaciones.com\/wp-content\/uploads\/2025\/09\/imagen_2025-09-29_212434503.png\" alt=\"\" class=\"wp-image-761\" srcset=\"https:\/\/waracomunicaciones.com\/wp-content\/uploads\/2025\/09\/imagen_2025-09-29_212434503.png 880w, https:\/\/waracomunicaciones.com\/wp-content\/uploads\/2025\/09\/imagen_2025-09-29_212434503-300x236.png 300w, https:\/\/waracomunicaciones.com\/wp-content\/uploads\/2025\/09\/imagen_2025-09-29_212434503-768x604.png 768w\" sizes=\"auto, (max-width: 880px) 100vw, 880px\" \/><figcaption class=\"wp-element-caption\"><em>Coronel Gonzalo Serrano responsable de Seguridad Ciudadana del municipio de Montero &#8211; Foto Captura R\u00faa TV<\/em><\/figcaption><\/figure>\n\n\n<p><strong><b>Montero, &#8211; <\/b><\/strong>El Gobierno Municipal de Montero, a trav\u00e9s de la Unidad de Seguridad Ciudadana, contin\u00faa ejecutando patrullajes preventivos los fines de semana en diferentes distritos del municipio, con el objetivo de reforzar la presencia policial y prevenir hechos delictivos en zonas estrat\u00e9gicas.<!--more--><\/p>\n<p>As\u00ed lo inform\u00f3 el coronel <strong><b>Gonzalo Serrano<\/b><\/strong>, actual responsable de Seguridad Ciudadana del municipio, quien explic\u00f3 que estas acciones se realizan en coordinaci\u00f3n con el Comando Regional de la Polic\u00eda y representantes distritales de seguridad. \u201cLos patrullajes preventivos permiten anticiparnos a situaciones de riesgo. Hasta ahora no se han registrado incidentes mayores, lo que muestra un efecto positivo de la presencia policial\u201d, se\u00f1al\u00f3.<\/p>\n<p>Durante la entrevista, el coronel Serrano tambi\u00e9n se refiri\u00f3 a la importancia de la <strong><b>coordinaci\u00f3n interinstitucional<\/b><\/strong>\u00a0para enfrentar los desaf\u00edos en materia de seguridad. \u201cLa seguridad ciudadana no es responsabilidad de una sola entidad. Necesitamos el compromiso de todos: Polic\u00eda, gobierno municipal, control social, medios de comunicaci\u00f3n y la ciudadan\u00eda\u201d, indic\u00f3.<\/p>\n<h3>Seguridad y percepci\u00f3n ciudadana<\/h3>\n<p>Consultado sobre la percepci\u00f3n de inseguridad como una causa de migraci\u00f3n, el coronel reconoci\u00f3 que es un tema sensible y complejo. \u201cNo se puede analizar la seguridad ciudadana de forma aislada. Factores como la pobreza, la exclusi\u00f3n social, el desempleo y la baja calidad educativa influyen directamente. Cada pa\u00eds y cada ciudad tiene sus propias caracter\u00edsticas\u201d, agreg\u00f3, en respuesta a comparaciones con otros pa\u00edses como Espa\u00f1a.<\/p>\n<p>En este sentido, afirm\u00f3 que se est\u00e1 dise\u00f1ando un <strong><b>plan de acci\u00f3n especial para fin de a\u00f1o<\/b><\/strong>, \u00e9poca en la que suelen incrementarse los hechos delictivos asociados al consumo de bebidas alcoh\u00f3licas. \u201cQueremos brindar a la poblaci\u00f3n un cierre de a\u00f1o tranquilo y con menos sobresaltos\u201d, asegur\u00f3.<\/p>\n\n\n<figure class=\"wp-block-gallery has-nested-images columns-default is-cropped wp-block-gallery-1 is-layout-flex wp-block-gallery-is-layout-flex\">\n<figure class=\"wp-block-image size-large\"><img loading=\"lazy\" decoding=\"async\" width=\"1000\" height=\"1000\" data-id=\"762\" src=\"https:\/\/waracomunicaciones.com\/wp-content\/uploads\/2025\/09\/ffdsdff.webp\" alt=\"\" class=\"wp-image-762\" srcset=\"https:\/\/waracomunicaciones.com\/wp-content\/uploads\/2025\/09\/ffdsdff.webp 1000w, https:\/\/waracomunicaciones.com\/wp-content\/uploads\/2025\/09\/ffdsdff-300x300.webp 300w, https:\/\/waracomunicaciones.com\/wp-content\/uploads\/2025\/09\/ffdsdff-150x150.webp 150w, https:\/\/waracomunicaciones.com\/wp-content\/uploads\/2025\/09\/ffdsdff-768x768.webp 768w\" sizes=\"auto, (max-width: 1000px) 100vw, 1000px\" \/><\/figure>\n<\/figure>\n\n\n<h3>Problemas en surtidores: el caso Monteverde<\/h3>\n<p>Por otro lado, el coronel Serrano fue consultado sobre una denuncia ciudadana relacionada con el desorden en inmediaciones del surtidor Monteverde, donde largas filas de camiones en busca de di\u00e9sel han generado caos vehicular. Se report\u00f3 que un comerciante coloc\u00f3 llantas en la v\u00eda p\u00fablica para impedir el parqueo frente a su negocio, provocando maniobras riesgosas por parte de los conductores.<\/p>\n<p>\u201cYa hemos recibido las denuncias y se ha remitido el caso a la unidad de Tr\u00e1nsito. Nadie puede adue\u00f1arse de la v\u00eda p\u00fablica. Vamos a coordinar para garantizar el orden sin perjudicar a nadie\u201d, indic\u00f3 el coronel.<\/p>\n<h3>Un compromiso con la seguridad integral<\/h3>\n<p>Finalmente, el responsable municipal reafirm\u00f3 su compromiso con la ciudadan\u00eda. \u201cSabemos que todav\u00eda hay mucho por hacer. Pero estamos trabajando todos los d\u00edas, con lo que se tiene, para seguir construyendo una Montero m\u00e1s segura para todos\u201d.<\/p>\n<p>El llamado final fue a continuar fortaleciendo el trabajo conjunto entre instituciones, vecinos y medios de comunicaci\u00f3n. \u201cLa seguridad es tarea de todos\u201d, concluy\u00f3.<\/p><div style=\"margin-top: 0px; margin-bottom: 0px;\" class=\"sharethis-inline-reaction-buttons\" ><\/div>","protected":false},"excerpt":{"rendered":"<p>Montero, &#8211; El Gobierno Municipal de Montero, a trav\u00e9s de la Unidad de Seguridad Ciudadana, contin\u00faa ejecutando patrullajes preventivos los fines de semana en diferentes distritos del municipio, con el objetivo de reforzar la presencia policial y prevenir hechos delictivos en zonas estrat\u00e9gicas.<\/p>\n","protected":false},"author":1,"featured_media":0,"comment_status":"open","ping_status":"open","sticky":false,"template":"","format":"standard","meta":{"footnotes":""},"categories":[43],"tags":[189,19],"class_list":["post-760","post","type-post","status-publish","format-standard","hentry","category-seguridad","tag-coronel-gonzalo-serrano","tag-montero"],"yoast_head":"<!-- This site is optimized with the Yoast SEO Premium plugin v25.5 (Yoast SEO v27.1.1) - https:\/\/yoast.com\/product\/yoast-seo-premium-wordpress\/ -->\n<title>Montero refuerza patrullajes preventivos en fines de semana para fortalecer la seguridad ciudadana - Wara Comunicaciones<\/title>\n<meta name=\"robots\" content=\"index, follow, max-snippet:-1, max-image-preview:large, max-video-preview:-1\" \/>\n<link rel=\"canonical\" href=\"https:\/\/waracomunicaciones.com\/?p=760\" \/>\n<meta property=\"og:locale\" content=\"es_ES\" \/>\n<meta property=\"og:type\" content=\"article\" \/>\n<meta property=\"og:title\" content=\"Montero refuerza patrullajes preventivos en fines de semana para fortalecer la seguridad ciudadana\" \/>\n<meta property=\"og:description\" content=\"Montero, &#8211; El Gobierno Municipal de Montero, a trav\u00e9s de la Unidad de Seguridad Ciudadana, contin\u00faa ejecutando patrullajes preventivos los fines de semana en diferentes distritos del municipio, con el objetivo de reforzar la presencia policial y prevenir hechos delictivos en zonas estrat\u00e9gicas.\" \/>\n<meta property=\"og:url\" content=\"https:\/\/waracomunicaciones.com\/?p=760\" \/>\n<meta property=\"og:site_name\" content=\"Wara Comunicaciones\" \/>\n<meta property=\"article:publisher\" content=\"https:\/\/www.facebook.com\/waracomunicaciones2017\" \/>\n<meta property=\"article:published_time\" content=\"2025-09-30T01:29:55+00:00\" \/>\n<meta property=\"article:modified_time\" content=\"2025-09-30T01:29:56+00:00\" \/>\n<meta property=\"og:image\" content=\"https:\/\/waracomunicaciones.com\/wp-content\/uploads\/2025\/09\/imagen_2025-09-29_212434503.png\" \/>\n<meta name=\"author\" content=\"admin\" \/>\n<meta name=\"twitter:card\" content=\"summary_large_image\" \/>\n<meta name=\"twitter:label1\" content=\"Escrito por\" \/>\n\t<meta name=\"twitter:data1\" content=\"admin\" \/>\n\t<meta name=\"twitter:label2\" content=\"Tiempo de lectura\" \/>\n\t<meta name=\"twitter:data2\" content=\"3 minutos\" \/>\n<script type=\"application\/ld+json\" class=\"yoast-schema-graph\">{\"@context\":\"https:\/\/schema.org\",\"@graph\":[{\"@type\":\"Article\",\"@id\":\"https:\/\/waracomunicaciones.com\/?p=760#article\",\"isPartOf\":{\"@id\":\"https:\/\/waracomunicaciones.com\/?p=760\"},\"author\":{\"name\":\"admin\",\"@id\":\"https:\/\/waracomunicaciones.com\/#\/schema\/person\/e9db934bc91575cc71fe584c5973244a\"},\"headline\":\"Montero refuerza patrullajes preventivos en fines de semana para fortalecer la seguridad ciudadana\",\"datePublished\":\"2025-09-30T01:29:55+00:00\",\"dateModified\":\"2025-09-30T01:29:56+00:00\",\"mainEntityOfPage\":{\"@id\":\"https:\/\/waracomunicaciones.com\/?p=760\"},\"wordCount\":513,\"commentCount\":0,\"publisher\":{\"@id\":\"https:\/\/waracomunicaciones.com\/#organization\"},\"image\":{\"@id\":\"https:\/\/waracomunicaciones.com\/?p=760#primaryimage\"},\"thumbnailUrl\":\"https:\/\/waracomunicaciones.com\/wp-content\/uploads\/2025\/09\/imagen_2025-09-29_212434503.png\",\"keywords\":[\"Coronel Gonzalo Serrano\",\"Montero\"],\"articleSection\":[\"Seguridad\"],\"inLanguage\":\"es\",\"potentialAction\":[{\"@type\":\"CommentAction\",\"name\":\"Comment\",\"target\":[\"https:\/\/waracomunicaciones.com\/?p=760#respond\"]}]},{\"@type\":\"WebPage\",\"@id\":\"https:\/\/waracomunicaciones.com\/?p=760\",\"url\":\"https:\/\/waracomunicaciones.com\/?p=760\",\"name\":\"Montero refuerza patrullajes preventivos en fines de semana para fortalecer la seguridad ciudadana - Wara Comunicaciones\",\"isPartOf\":{\"@id\":\"https:\/\/waracomunicaciones.com\/#website\"},\"primaryImageOfPage\":{\"@id\":\"https:\/\/waracomunicaciones.com\/?p=760#primaryimage\"},\"image\":{\"@id\":\"https:\/\/waracomunicaciones.com\/?p=760#primaryimage\"},\"thumbnailUrl\":\"https:\/\/waracomunicaciones.com\/wp-content\/uploads\/2025\/09\/imagen_2025-09-29_212434503.png\",\"datePublished\":\"2025-09-30T01:29:55+00:00\",\"dateModified\":\"2025-09-30T01:29:56+00:00\",\"breadcrumb\":{\"@id\":\"https:\/\/waracomunicaciones.com\/?p=760#breadcrumb\"},\"inLanguage\":\"es\",\"potentialAction\":[{\"@type\":\"ReadAction\",\"target\":[\"https:\/\/waracomunicaciones.com\/?p=760\"]}]},{\"@type\":\"ImageObject\",\"inLanguage\":\"es\",\"@id\":\"https:\/\/waracomunicaciones.com\/?p=760#primaryimage\",\"url\":\"https:\/\/waracomunicaciones.com\/wp-content\/uploads\/2025\/09\/imagen_2025-09-29_212434503.png\",\"contentUrl\":\"https:\/\/waracomunicaciones.com\/wp-content\/uploads\/2025\/09\/imagen_2025-09-29_212434503.png\",\"width\":880,\"height\":692},{\"@type\":\"BreadcrumbList\",\"@id\":\"https:\/\/waracomunicaciones.com\/?p=760#breadcrumb\",\"itemListElement\":[{\"@type\":\"ListItem\",\"position\":1,\"name\":\"Portada\",\"item\":\"https:\/\/waracomunicaciones.com\/\"},{\"@type\":\"ListItem\",\"position\":2,\"name\":\"Montero refuerza patrullajes preventivos en fines de semana para fortalecer la seguridad ciudadana\"}]},{\"@type\":\"WebSite\",\"@id\":\"https:\/\/waracomunicaciones.com\/#website\",\"url\":\"https:\/\/waracomunicaciones.com\/\",\"name\":\"Wara Comunicaciones\",\"description\":\"\",\"publisher\":{\"@id\":\"https:\/\/waracomunicaciones.com\/#organization\"},\"potentialAction\":[{\"@type\":\"SearchAction\",\"target\":{\"@type\":\"EntryPoint\",\"urlTemplate\":\"https:\/\/waracomunicaciones.com\/?s={search_term_string}\"},\"query-input\":{\"@type\":\"PropertyValueSpecification\",\"valueRequired\":true,\"valueName\":\"search_term_string\"}}],\"inLanguage\":\"es\"},{\"@type\":\"Organization\",\"@id\":\"https:\/\/waracomunicaciones.com\/#organization\",\"name\":\"Wara Comunicaciones\",\"url\":\"https:\/\/waracomunicaciones.com\/\",\"logo\":{\"@type\":\"ImageObject\",\"inLanguage\":\"es\",\"@id\":\"https:\/\/waracomunicaciones.com\/#\/schema\/logo\/image\/\",\"url\":\"https:\/\/waracomunicaciones.com\/wp-content\/uploads\/2025\/07\/logo.png\",\"contentUrl\":\"https:\/\/waracomunicaciones.com\/wp-content\/uploads\/2025\/07\/logo.png\",\"width\":400,\"height\":164,\"caption\":\"Wara Comunicaciones\"},\"image\":{\"@id\":\"https:\/\/waracomunicaciones.com\/#\/schema\/logo\/image\/\"},\"sameAs\":[\"https:\/\/www.facebook.com\/waracomunicaciones2017\"]},{\"@type\":\"Person\",\"@id\":\"https:\/\/waracomunicaciones.com\/#\/schema\/person\/e9db934bc91575cc71fe584c5973244a\",\"name\":\"admin\",\"image\":{\"@type\":\"ImageObject\",\"inLanguage\":\"es\",\"@id\":\"https:\/\/waracomunicaciones.com\/#\/schema\/person\/image\/\",\"url\":\"https:\/\/secure.gravatar.com\/avatar\/bf27e9186df568254093afa216f887fece17605302c6ff12f3980422fffa52e6?s=96&d=mm&r=g\",\"contentUrl\":\"https:\/\/secure.gravatar.com\/avatar\/bf27e9186df568254093afa216f887fece17605302c6ff12f3980422fffa52e6?s=96&d=mm&r=g\",\"caption\":\"admin\"},\"sameAs\":[\"https:\/\/waracomunicaciones.com\/wp\"],\"url\":\"https:\/\/waracomunicaciones.com\/?author=1\"}]}<\/script>\n<!-- \/ Yoast SEO Premium plugin. -->","yoast_head_json":{"title":"Montero refuerza patrullajes preventivos en fines de semana para fortalecer la seguridad ciudadana - Wara Comunicaciones","robots":{"index":"index","follow":"follow","max-snippet":"max-snippet:-1","max-image-preview":"max-image-preview:large","max-video-preview":"max-video-preview:-1"},"canonical":"https:\/\/waracomunicaciones.com\/?p=760","og_locale":"es_ES","og_type":"article","og_title":"Montero refuerza patrullajes preventivos en fines de semana para fortalecer la seguridad ciudadana","og_description":"Montero, &#8211; El Gobierno Municipal de Montero, a trav\u00e9s de la Unidad de Seguridad Ciudadana, contin\u00faa ejecutando patrullajes preventivos los fines de semana en diferentes distritos del municipio, con el objetivo de reforzar la presencia policial y prevenir hechos delictivos en zonas estrat\u00e9gicas.","og_url":"https:\/\/waracomunicaciones.com\/?p=760","og_site_name":"Wara Comunicaciones","article_publisher":"https:\/\/www.facebook.com\/waracomunicaciones2017","article_published_time":"2025-09-30T01:29:55+00:00","article_modified_time":"2025-09-30T01:29:56+00:00","og_image":[{"url":"https:\/\/waracomunicaciones.com\/wp-content\/uploads\/2025\/09\/imagen_2025-09-29_212434503.png","type":"","width":"","height":""}],"author":"admin","twitter_card":"summary_large_image","twitter_misc":{"Escrito por":"admin","Tiempo de lectura":"3 minutos"},"schema":{"@context":"https:\/\/schema.org","@graph":[{"@type":"Article","@id":"https:\/\/waracomunicaciones.com\/?p=760#article","isPartOf":{"@id":"https:\/\/waracomunicaciones.com\/?p=760"},"author":{"name":"admin","@id":"https:\/\/waracomunicaciones.com\/#\/schema\/person\/e9db934bc91575cc71fe584c5973244a"},"headline":"Montero refuerza patrullajes preventivos en fines de semana para fortalecer la seguridad ciudadana","datePublished":"2025-09-30T01:29:55+00:00","dateModified":"2025-09-30T01:29:56+00:00","mainEntityOfPage":{"@id":"https:\/\/waracomunicaciones.com\/?p=760"},"wordCount":513,"commentCount":0,"publisher":{"@id":"https:\/\/waracomunicaciones.com\/#organization"},"image":{"@id":"https:\/\/waracomunicaciones.com\/?p=760#primaryimage"},"thumbnailUrl":"https:\/\/waracomunicaciones.com\/wp-content\/uploads\/2025\/09\/imagen_2025-09-29_212434503.png","keywords":["Coronel Gonzalo Serrano","Montero"],"articleSection":["Seguridad"],"inLanguage":"es","potentialAction":[{"@type":"CommentAction","name":"Comment","target":["https:\/\/waracomunicaciones.com\/?p=760#respond"]}]},{"@type":"WebPage","@id":"https:\/\/waracomunicaciones.com\/?p=760","url":"https:\/\/waracomunicaciones.com\/?p=760","name":"Montero refuerza patrullajes preventivos en fines de semana para fortalecer la seguridad ciudadana - Wara Comunicaciones","isPartOf":{"@id":"https:\/\/waracomunicaciones.com\/#website"},"primaryImageOfPage":{"@id":"https:\/\/waracomunicaciones.com\/?p=760#primaryimage"},"image":{"@id":"https:\/\/waracomunicaciones.com\/?p=760#primaryimage"},"thumbnailUrl":"https:\/\/waracomunicaciones.com\/wp-content\/uploads\/2025\/09\/imagen_2025-09-29_212434503.png","datePublished":"2025-09-30T01:29:55+00:00","dateModified":"2025-09-30T01:29:56+00:00","breadcrumb":{"@id":"https:\/\/waracomunicaciones.com\/?p=760#breadcrumb"},"inLanguage":"es","potentialAction":[{"@type":"ReadAction","target":["https:\/\/waracomunicaciones.com\/?p=760"]}]},{"@type":"ImageObject","inLanguage":"es","@id":"https:\/\/waracomunicaciones.com\/?p=760#primaryimage","url":"https:\/\/waracomunicaciones.com\/wp-content\/uploads\/2025\/09\/imagen_2025-09-29_212434503.png","contentUrl":"https:\/\/waracomunicaciones.com\/wp-content\/uploads\/2025\/09\/imagen_2025-09-29_212434503.png","width":880,"height":692},{"@type":"BreadcrumbList","@id":"https:\/\/waracomunicaciones.com\/?p=760#breadcrumb","itemListElement":[{"@type":"ListItem","position":1,"name":"Portada","item":"https:\/\/waracomunicaciones.com\/"},{"@type":"ListItem","position":2,"name":"Montero refuerza patrullajes preventivos en fines de semana para fortalecer la seguridad ciudadana"}]},{"@type":"WebSite","@id":"https:\/\/waracomunicaciones.com\/#website","url":"https:\/\/waracomunicaciones.com\/","name":"Wara Comunicaciones","description":"","publisher":{"@id":"https:\/\/waracomunicaciones.com\/#organization"},"potentialAction":[{"@type":"SearchAction","target":{"@type":"EntryPoint","urlTemplate":"https:\/\/waracomunicaciones.com\/?s={search_term_string}"},"query-input":{"@type":"PropertyValueSpecification","valueRequired":true,"valueName":"search_term_string"}}],"inLanguage":"es"},{"@type":"Organization","@id":"https:\/\/waracomunicaciones.com\/#organization","name":"Wara Comunicaciones","url":"https:\/\/waracomunicaciones.com\/","logo":{"@type":"ImageObject","inLanguage":"es","@id":"https:\/\/waracomunicaciones.com\/#\/schema\/logo\/image\/","url":"https:\/\/waracomunicaciones.com\/wp-content\/uploads\/2025\/07\/logo.png","contentUrl":"https:\/\/waracomunicaciones.com\/wp-content\/uploads\/2025\/07\/logo.png","width":400,"height":164,"caption":"Wara Comunicaciones"},"image":{"@id":"https:\/\/waracomunicaciones.com\/#\/schema\/logo\/image\/"},"sameAs":["https:\/\/www.facebook.com\/waracomunicaciones2017"]},{"@type":"Person","@id":"https:\/\/waracomunicaciones.com\/#\/schema\/person\/e9db934bc91575cc71fe584c5973244a","name":"admin","image":{"@type":"ImageObject","inLanguage":"es","@id":"https:\/\/waracomunicaciones.com\/#\/schema\/person\/image\/","url":"https:\/\/secure.gravatar.com\/avatar\/bf27e9186df568254093afa216f887fece17605302c6ff12f3980422fffa52e6?s=96&d=mm&r=g","contentUrl":"https:\/\/secure.gravatar.com\/avatar\/bf27e9186df568254093afa216f887fece17605302c6ff12f3980422fffa52e6?s=96&d=mm&r=g","caption":"admin"},"sameAs":["https:\/\/waracomunicaciones.com\/wp"],"url":"https:\/\/waracomunicaciones.com\/?author=1"}]}},"_links":{"self":[{"href":"https:\/\/waracomunicaciones.com\/index.php?rest_route=\/wp\/v2\/posts\/760","targetHints":{"allow":["GET"]}}],"collection":[{"href":"https:\/\/waracomunicaciones.com\/index.php?rest_route=\/wp\/v2\/posts"}],"about":[{"href":"https:\/\/waracomunicaciones.com\/index.php?rest_route=\/wp\/v2\/types\/post"}],"author":[{"embeddable":true,"href":"https:\/\/waracomunicaciones.com\/index.php?rest_route=\/wp\/v2\/users\/1"}],"replies":[{"embeddable":true,"href":"https:\/\/waracomunicaciones.com\/index.php?rest_route=%2Fwp%2Fv2%2Fcomments&post=760"}],"version-history":[{"count":1,"href":"https:\/\/waracomunicaciones.com\/index.php?rest_route=\/wp\/v2\/posts\/760\/revisions"}],"predecessor-version":[{"id":763,"href":"https:\/\/waracomunicaciones.com\/index.php?rest_route=\/wp\/v2\/posts\/760\/revisions\/763"}],"wp:attachment":[{"href":"https:\/\/waracomunicaciones.com\/index.php?rest_route=%2Fwp%2Fv2%2Fmedia&parent=760"}],"wp:term":[{"taxonomy":"category","embeddable":true,"href":"https:\/\/waracomunicaciones.com\/index.php?rest_route=%2Fwp%2Fv2%2Fcategories&post=760"},{"taxonomy":"post_tag","embeddable":true,"href":"https:\/\/waracomunicaciones.com\/index.php?rest_route=%2Fwp%2Fv2%2Ftags&post=760"}],"curies":[{"name":"wp","href":"https:\/\/api.w.org\/{rel}","templated":true}]}}